{"id":11209,"date":"2013-02-11T00:00:00","date_gmt":"2006-11-06T00:00:00","guid":{"rendered":"https:\/\/intervius.com\/index.html\/?p=11209"},"modified":"2006-11-06T00:00:00","modified_gmt":"2006-11-06T00:00:00","slug":"Jose_Samano11209","status":"publish","type":"post","link":"https:\/\/intervius.com\/index.html\/Jose_Samano11209\/","title":{"rendered":"Jos\u00e9 S\u00e1mano"},"content":{"rendered":"<p>Pregunta.- Hola Sr. S\u00e1mano. Sepa que es muy dif\u00edcil encontrar en la web de El Pa\u00eds estas entrevistas digitales pasados unos d\u00edas. No salen ni siquiera usando el buscador! Mi pregunta: Por qu\u00e9 siempre que veo a Xabi Alonso tengo la impresi\u00f3n de que le perdonan amarillas? Es cosa m\u00eda o a usted tambi\u00e9n le pasa?<\/p>\n<p>Respuesta.- Hola, bienas tardes a todos. Xabi, un futbolidta grandioso, se endureci\u00f3 en Liverpool y se mourinhnizo en Madrid, pero creo que hay alguien con mucha mayor protecci\u00f3n: Arbeloa.<\/p>\n<p>P.- Se\u00f1or S\u00e1mano, \u00bfno le parece, y m\u00e1s despu\u00e9s de lo visto, que la decisi\u00f3n de prescindir de Oltra, entrenador contrastado en esta pa\u00eds, y contratar a Domingos, falto de experiencia, fue una desfachatez? <\/p>\n<p>R.- Por en\u00e9si,a vez me he equivocado. Me gust\u00f3 el Domingos de Braga&#8230; Y creo, pese al clima, que Lendoiro me perece la \u00daLTIM oportunidad En la distancia, pero le reconozco que soy un rom\u00e1ntico c\u00e1ntabro muy del Depor&#8230;<\/p>\n<p>P.- \u00bfNo te parecen un tanto exageradas las cr\u00f3nicas de Ramon Besa sobre el Barcelona? Hablo concretamente de la de ayer &#8220;Iniesta asombra al mundo&#8221;, considerando que es un partido en su propio campo contra el Getafe.<\/p>\n<p>R.- La cr\u00f3nica de Besa, y lo digo queri\u00e9ndome distanciar de lo emotivo, es magistral, sublime, pura \u00e9pica. Conmovedora, un merecido himno a Iniesta. Sin estas cr\u00f3nicas, este oficio no merecer\u00eda la pena. Es solo mi opini\u00f3n, pero me ha congratulado tanto con el oficio&#8230;.<\/p>\n<p>P.- don jose tirate al agua el madrid o el manchester el barsa o el milan<\/p>\n<p>R.- Acepto el reto, pero no haga quiniela a mi costa&#8230; Bar\u00e7a y Madrid, Madrid y Bar\u00e7a. Le rercuerdo que fue mi pron\u00f3stico para la \u00faltima final. En estas cuestiones, no se f\u00ede de m\u00ed, no soy recomendable.<\/p>\n<p>P.- Hola buenos dias, me gustar\u00eda saber su opini\u00f3n en cuanto al papel secundario que est\u00e1 teniendo Villa en el Barcelona esta temporada y si cree que existe alg\u00fan problema con \u00e9l en el staff t\u00e9cnico, ya que juegan antes Pedro y Alexis. Gracias.<\/p>\n<p>R.- Uno: Creo que el stafff t\u00e9cnico actual del Bar\u00e7a es un cuerpo formado por Messi y Xavi. Dos: No me gust\u00f3 especialmente Villa, al que el nuevo sistema azulgrana ha dejado un tanto en evidencia.<\/p>\n<p>P.- \u00bfVe a Nadal luchando por volver a ser el n\u00ba uno?<\/p>\n<p>R.- No, no le veo tan alto. Y lo digo porque en su caso me falta una respuesta esencial_ \u00bfAlguien sabe de un deportista de semejante nivel que est\u00e9 ocho meses de baja sin pasar por un quir\u00f3fano?<\/p>\n<p>P.- Buenos dias Jos\u00e9, le quisiera preguntar como ve el tema Urdangarin, su mediaci\u00f3n abuso- lucrativa, con el fin de organizar actividades deportivas y su implicaci\u00f3n en Madrid 2016 y para acabar si Vd. cree que no hara falta gastar ni un euro en los JJOO de Madrid, como dicen los organizadores.<\/p>\n<p>R.- Deportistas al deporte, los otros, a otra cosa. Me irrita mucho ver la mezcolanda, como ayer que la Federaci\u00f3n de Baloncesto diera a Wert la escena en la entrega de medallas al Madrid que gan\u00f3 la mini copa. No lo concibo, ni ahora ni nunca. \u00bfQu\u00e9 co\u00f1o hace un pol\u00edtico ah\u00ed? \u00bfPor qu\u00e9, en vez de ese peloteo, las federaciones no aprovechan para homenajear a los suyos y que \u00e9stos seduzcan a las canteras? En una final como la de la Copa de basquet o cualquier otra el protagonismo est\u00e1 en el campo\/cancha o en la memoria hist\u00f3rica. \u00bfPor qu\u00e9 co\u00f1o no entregan trofeos Epi, Itu, Sibilio, Corbal\u00e1n, Romay, Pablo Laso, Pinone, Margall, Alberto Herreros, o el que usted quiera y s\u00ed un pol\u00edtico de paso?<\/p>\n<p>P.- Hola se\u00f1or S\u00e1mano. \u00bfCree usted razonable probar a jugar en La Roja con Busquets como \u00fanico mediocentro? Parece que el se\u00f1or Del Bosque no est\u00e1 por la labor pero, \u00bfno ser\u00eda una buena alternativa para complicar a la defensa rival? Gracias.<\/p>\n<p>R.- \u00bfRealmente La Roja necesita muchas alternativas? No toquemos lo que funciona&#8230;<\/p>\n<p>P.- \u00bfCree usted, como Bad\u00eda, que una liga europea es una buena idea? Gracias.<\/p>\n<p>R.- No, kla cercan\u00eda es mejor. \u00bfSoportar\u00edamos otro Madrid-Ajax cada temporada? \u00bfY un Bar\u00e1-Milan una y otra vez? Por m\u00ed, ni hablar. El sistema como est\u00e1-<\/p>\n<p>P.- Se\u00f1or S\u00e1mano se agradece la vuelta de eduardo rodrigalvarez para las cronicas de los partidos del athletic. ojala escriba muchas mas cronicas<\/p>\n<p>R.- Gracias por recordar la mejor noticia en meses&#8230; No hay mejor necrol\u00f3gico (en las buenas o en klas malas) de San Mam\u00e9s que ER. Un lujo para m\u00ed, y creo que no me equivoco si digo que tambi\u00e9n para nuestros lectores. ER es PERIODISMO con may\u00fasculas&#8230;<\/p>\n<p>P.- Se lleva mucho tiempo hablando de messidependencia y ayer hubo un juego coral arrollador del Bar\u00e7a, con seis hombres marcando. Curiosamente en Madrid est\u00e1 pasando lo contrario. Cristiano lo es casi todo. \u00bfCu\u00e1l es su opini\u00f3n?<\/p>\n<p>R.- Mi humilde opini\u00f3nm es que esta jornada me ha impresionado mucho m\u00e1s CR que Messi- Ah\u00ed lo dejo.<\/p>\n<p>P.- Buenas tardes: El otro d\u00eda le\u00eda que Mouri\u00f1o estaba deseando irse al Chelsea, (a ver si se va de una vez), si de usted dependiera \u00bfA qui\u00e9n fichar\u00eda?<\/p>\n<p>R.- Como Florentino P\u00e9rez no hace chats, contesto yo: a Del Bosque, sin dudarlo. Ese s\u00ed que ser\u00eda un pelotazo, un &#8220;florentinazo&#8221;.<\/p>\n<p>P.- Hola Jos\u00e9, qu\u00e9 opinas de la contrataci\u00f3n de Fernando V\u00e1zquez por el deportivo? Un entrenador que lleva 5 a\u00f1os sin ejercer. Gracias<\/p>\n<p>R.- \u00bfUsted, en situaci\u00f3n cr\u00edtica, se dejar\u00eda operar porun cirujano medio retirado, pero de \u00e9xito en su tiempo, tras haberse puesto en manos que no le rehabilitan?<\/p>\n<p>P.- Interesant\u00edsima entrevista al entrenador del Borussia. Enhorabuena. Se pregunta qu\u00e9 h\u00e1r\u00eda Del Bosque entrenando a Osasuna. Yo creo que lo mismo que con el Besiktas, nada. \u00bfUsted que cree?, \u00bfY Mourinho?, \u00bfqu\u00e9 har\u00eda Osasuna con \u00e9l de entrenador? Gracias<\/p>\n<p>R.- Claro, no tengo dudas: Di St\u00e9fano no hubiera sido Di ASt\u00e9fano en el Rayo (con todo cari\u00f1o, respeto, adniraci\u00f3n y afinidad), ni Pel\u00e9 en el Malmoe o Cruyff en ekl Sabadell&#8230; Y tampoco Mou en el Mar\u00edtimo po Guardiola en el Reus.<\/p>\n<p>P.- \u00bfC\u00f3mo describir\u00eda el estilo de juego del mufc?\u00bfC\u00f3mo cree que plantear\u00e1 el partido del mi\u00e9rcoles?Por \u00faltimo, \u00bfa qui\u00e9n ve como favorito a pasar a cuartos?\u00bfPor qu\u00e9?Espero que no sean demasiadas preguntas, pero es que el inter\u00e9s&#8230;<\/p>\n<p>R.- El MAUFC que conozco con Ferguson se arruga fuera de Old Trafford. O viene a hacerlo da\u00f1o al Madrid o est\u00e1s out.<\/p>\n<p>P.- El pasado viernes vimos un partido llamado &#8220;hist\u00f3rico&#8221; de baloncesto. Personalmente al baloncesto le veo fallos enormes en su reglamentaci\u00f3n que consiguen no acabe de despertar mi inter\u00e9s.\u00bfNo considera que algo falla cuando el infractor sale beneficiado de cometer personales? \u00bfSe imagina en f\u00fatbol tirando un penalty a fallar como pas\u00f3 el otro d\u00eda?<\/p>\n<p>R.- Al baloncesto le veo otro gran problema, uno mucho mayor: que quiera parecerse al f\u00fatbol. Cuesta recitar sus alineaciones y, cundo uno ve que todo se reduce al talonario_\u00bfQu\u00e9 hubiera hecho el Baskonia con Marcelinho, Mickael y Oleson? No son Busquets y Pedrito, no?<\/p>\n<p>P.- \u00bfNo crees que determinada prensa deportiva o programas como el famoso de TV3, fomentan el odio y la violencia?<\/p>\n<p>R.- No me hizo gracia el v\u00eddeo, pero ceo que se ha desmadrado un pel\u00edn&#8230; Hay pocos libres de pecado, all\u00ed y ac\u00e1,<\/p>\n<p>P.- Buenas tardes se\u00f1or S\u00e1mano. \u00bfQu\u00e9 diferencia hay entre los entrenadores de la NBA y los europeos?. \u00bfEst\u00e1 preparado Xavi Pascual para dar el salto?. Muchas gracias<\/p>\n<p>R.- No veo a Pascual ni en Charlotte&#8230;<\/p>\n<p>P.- A proposito del video de las hienas, el Rela\u00f1o ha dicho que durante los cl\u00e0sicos de hace dos a\u00f1os: &#8220;El Madrid peg\u00f3 mucho y el Bar\u00e7a fingi\u00f3 que le daban mas&#8221;, esta Vd. de acuerdo? o vimos cosas diferentes. <\/p>\n<p>R.- No entro a fondo, pero Arbeloa peg\u00f3, peg\u00f3, peg\u00f3 y peg\u00f3. Contra el Bar\u00e7a, el Sevilla o el Tropez\u00f3n. Lo que me intriga es la permisividad arbitral. \u00bfs que bno le conocen? \u00bfVan a la \u00f6pera cuando no arbitran?<\/p>\n<p>P.- Hola Jos\u00e9 \u00bfHa vuelto Eduardo Rodrig\u00e1lvarez para quedarse o es un espejismo? Es un gran %u201Cfichaje%u201D. Un saludo.<\/p>\n<p>R.- No, no es un espejismo, es nuestra alegr\u00eda del mes, del a\u00f1o, yo qu\u00e9 s\u00e9&#8230;<\/p>\n<p>P.- Jos\u00e9, dos preguntas sobre el 4-0 de ayer. \u00bfNo est\u00e1 Bielsa un poco sobrevalorado (su equipo juega mal y est\u00e1 cerca del descenso)?. Otra, \u00bfhay un t\u00e9cnico m\u00e1s determinante que Aguirre en la Liga?. Cambio la cara a un equipo imposible. <\/p>\n<p>R.- Bielsa es un grande y le recuerdo a Aguirre en Zaragoza. Todos tienen grises<\/p>\n<p>P.- Leyendo la forma en que ve el f\u00fatbol Klopp me ha venido a la mente La Quinta del Buitre. \u00bfLe ve futurible o demasiado rom\u00e1ntico para el Madrid actual?<\/p>\n<p>R.- Grandiosa entrevista. Dicho lo cual, \u00bfantes de Mou le importaron algo al presidente los entrenadores?<\/p>\n<p>P.- Se\u00f1or samano un saludo desde colombia, le pregunto en su opinion ve a este barcelona 2013 capaz repetir el tripleta de la era de guardiola.<\/p>\n<p>R.- Lo desconozco, pero, al menos en la Copa, le veo sufriendo miucho con el Madrid<\/p>\n","protected":false},"excerpt":{"rendered":"<p>El Redactor Jefe de Deportes charla cada lunes con los lectores sobre la Liga y toda actualidad deportiva.<br \/>\n M\u00e1s entrevistas digitales<\/p>\n","protected":false},"author":1,"featured_media":0,"comment_status":"open","ping_status":"open","sticky":false,"template":"","format":"standard","meta":{"footnotes":""},"categories":[],"tags":[],"class_list":["post-11209","post","type-post","status-publish","format-standard","hentry"],"_links":{"self":[{"href":"https:\/\/intervius.com\/index.html\/wp-json\/wp\/v2\/posts\/11209","targetHints":{"allow":["GET"]}}],"collection":[{"href":"https:\/\/intervius.com\/index.html\/wp-json\/wp\/v2\/posts"}],"about":[{"href":"https:\/\/intervius.com\/index.html\/wp-json\/wp\/v2\/types\/post"}],"author":[{"embeddable":true,"href":"https:\/\/intervius.com\/index.html\/wp-json\/wp\/v2\/users\/1"}],"replies":[{"embeddable":true,"href":"https:\/\/intervius.com\/index.html\/wp-json\/wp\/v2\/comments?post=11209"}],"version-history":[{"count":0,"href":"https:\/\/intervius.com\/index.html\/wp-json\/wp\/v2\/posts\/11209\/revisions"}],"wp:attachment":[{"href":"https:\/\/intervius.com\/index.html\/wp-json\/wp\/v2\/media?parent=11209"}],"wp:term":[{"taxonomy":"category","embeddable":true,"href":"https:\/\/intervius.com\/index.html\/wp-json\/wp\/v2\/categories?post=11209"},{"taxonomy":"post_tag","embeddable":true,"href":"https:\/\/intervius.com\/index.html\/wp-json\/wp\/v2\/tags?post=11209"}],"curies":[{"name":"wp","href":"https:\/\/api.w.org\/{rel}","templated":true}]}}