{"id":11199,"date":"2013-02-06T00:00:00","date_gmt":"2006-11-06T00:00:00","guid":{"rendered":"https:\/\/intervius.com\/index.html\/?p=11199"},"modified":"2006-11-06T00:00:00","modified_gmt":"2006-11-06T00:00:00","slug":"Tomas_Roncero11199","status":"publish","type":"post","link":"https:\/\/intervius.com\/index.html\/Tomas_Roncero11199\/","title":{"rendered":"Tom\u00e1s Roncero"},"content":{"rendered":"<p>Pregunta.- hola crack!! felicidades por la entrevista a CR7, es muy buena. A proposito: yo veo que el juego de cristiano no para de crecer, pero el de messi tampoco, en particular en lo que a vision de juego se refiere&#8230;.crees q llegara algun dia nuestro Cristiano al nivel de juego del argentino? gracias crack!<\/p>\n<p>Respuesta.- Cristiano ya est\u00e1 por encima de Messi. Es mucho m\u00e1s completo. Y m\u00e1s aut\u00e9ntico. Messi es la ca\u00f1a pero tiene doble cara. Cristiano s\u00f3lo una. <\/p>\n<p>P.- Que crees que pasa con Mourihno e Iker? Cuando sento a Iker por adan ya que decia que estaba mejor en los entrenamientos nadie se lo creyo. Ahora ha venido uno nuevo y sin hacer ningun entrenamiento ya es titular!! Ojo que si yo fuera entrenador har\u00eda lo mismo ya que para mi adan no tiene nivel para ser el segundo portero del madrid y diego lopez es un porterazo. Cuando se recupere iker volver\u00e1 a la titularidad o apostar\u00e1 por Diego? Francamente creo que si Diego sale b\u00eden Iker no vuelve a jugar esta temporada.<\/p>\n<p>R.- Es evidente que entre Mourinho e Iker no existe la sinton\u00eda id\u00f3nea que deber\u00eda haber siempre entre un entrenador y el capit\u00e1n. Pero los dos son muy profesionales y sabr\u00e1n torear con esa diferencia que no ha hecho ning\u00fan bien a la imagen del club. Pero Casillas volver\u00e1 a ser titular. Diego L\u00f3pez es muy bueno, pero Iker es el mejor portero de la historia y no podemos ningunearle como si tal cosa.<\/p>\n<p>P.- Buenas Tomas, \u00bfSe le permite todo al &#8220;ni\u00f1o bonito de Espa\u00f1a\u00b4\u00b4? Si lo llega a hacer Cristiano o Pepe habria que echarlos del pais, y si llega a ser Mourinho&#8230; Si! hablo de Messi y sus insultos a Arbeloa, y a Karanka&#8230; Por no hablar de otras cosas de las que se hablo poco o nada (Pelotazo al PUBLICO del Bernabeu, escupir a rivales&#8230;.) Los madridistas estamos un poco cansados de ser los malos siempre (Se que mourinho no es el mejor ejemplo) pero mira esta semana con el atletico &#8211; betis, los centrales del levante no son santos&#8230; Reparten TODOS y solo recibe el MADRID, Gracias espero que me contestes<\/p>\n<p>R.- Juan, ya sabes que yo llevo tres a\u00f1os denunciando que los comportanientos de Messi no est\u00e1n a la altura de su fama de buen chico y ahora el tiempo me da la raz\u00f3n. Pues eso. Yo ya llevo tres a\u00f1os diciendo lo que ahora dice todo el mundo. Bienvenidos al mundo de la MESSIREALIDAD.<\/p>\n<p>P.- Hola Tom\u00e1s. Aunque sea jugador del eterno rival, aprovechando que cumple 100 partidos con la roja, creo que Puyol se merece un aplauso, \u00bfno?<\/p>\n<p>R.- Totalmente. Un caballero, un jabato y una deportista excepcional. Puyol es de los t\u00edos del Bar\u00e7a m\u00e1s \u00edntegros que conozco. Su gesto en el Bernab\u00e9u con el mechero de Piqu\u00e9 ha sido muy valorado entre los madridistas. \u00a1Felicidades, Puyi!<\/p>\n<p>P.- Hola Tom\u00e1s.- Qu\u00e9 tres jugadores destacar\u00edas en la Liga Espa\u00f1ola que m\u00e1s te est\u00e1n gustando?<\/p>\n<p>R.- Isco, Rub\u00e9n Castro y Be\u00f1at. Todos jugadores revelaci\u00f3n. De los consagrados, Cristiano por encima de Messi y Falcao.<\/p>\n<p>P.- Tom\u00e1s. Hay que denunciarlo claramente: Villar y S\u00e1nchez Arminio est\u00e1n masacrando al Castilla. \u00bf hasta d\u00f3nde vamos a llegar ? El atraco del Mini-Estadi, el partido del Almer\u00eda&#8230; son los \u00faltimos ejemplos \u00bf Cuando va a terminar esta persecuci\u00f3n a los chicos de Toril ? <\/p>\n<p>R.- El Castilla es inc\u00f3modo por lo que se ve para el r\u00e9gimen del Villarato. Llevar el escudo del Madrid ya pone nerviosos a algunos \u00e1rbitros. Pero Toril y sus chicos son muy buenos y sobrevivir\u00e1n a estos arbitrajes tan lamentables. Se mantendr\u00e1n seguro. Hala Castilla.<\/p>\n<p>P.- Analiza a la seleccion Uruguaya!!<\/p>\n<p>R.- Bicampeona del Mundo y poseedora de t\u00edos arriba como Cavani, Luis Su\u00e1rez y hasta Forl\u00e1n. Buena selecci\u00f3n.<\/p>\n<p>P.- Tom\u00e1s eres a punto pelota lo que Cristiano Ronaldo a nuestro Real Madrid, as\u00ed que no entiendo que Pedrerol no te convoque todos los d\u00edas jajaja. \u00bfCrees que de aqu\u00ed a final de temporada seguiremos viendo al gran Khedira de enero o al de a\u00f1os anteriores? Un saludo crack<\/p>\n<p>R.- Amigo, d\u00e9jalo as\u00ed que mi mujer se divorcia. Khedira es en su puesto un fen\u00f3meno. No ser\u00e1 muy est\u00e9tico, pero es clave en el equilibrio del juego t\u00e1ctico del equipo. <\/p>\n<p>P.- felicidades por la entrevista que publicais hoy con cristiano, pedazo tanto que te has apuntado con tu compa\u00f1ero Manu. \u00bfC\u00f3mo es el crack en las distancias cortas? <\/p>\n<p>R.- Gracias amigo. Cristiano s\u00ed que es un crack. Majo, sanote, sencillo y un chaval normal de su edad. No va de nada y es muy cari\u00f1oso cuando ya tienen trato personal con \u00e9l. Si la gente conociera al verdadero Cristiano, la opini\u00f3n que hay de \u00e9l cambiar\u00eda radicalmente. Es un fen\u00f3meno. <\/p>\n<p>P.- Hola Tom\u00e1s, \u00bfqu\u00e9 tal? No s\u00e9 si ganaremos algo esta temporada, pero tengo que reconocerte que el s\u00e1bado sent\u00ed verg\u00fcenza mientras ve\u00eda el partido de Granada. Fue intolerable. El Madrid puede perder, pero no dar esa imagen. \u00bfNo se dan cuenta esos jugadores (s\u00f3lo salvo a Cristiano) de la camiseta que llevan? \u00bfQu\u00e9 es eso de &#8220;tirar la liga&#8221;? El Madrid nunca ha sido as\u00ed. En mi modesta opini\u00f3n, creo que deberi\u00e1is criticar m\u00e1s a estos se\u00f1ores acomodados y no dar tanto altavoz a las justificaciones de Mourinho. Un saludo<\/p>\n<p>R.- Amigo yo tambi\u00e9n me indign\u00e9 con la pobre imagen ofrecida, aparte de que no hay que desmerecer al Granada que hizo un partidazo con el estreno de Alcaraz y sus cuatro fichajes de invierno. En mi contracr\u00f3nica de AS ya les di duro con honrosas excepciones (comparto lo que dices de Cristiano, y tambi\u00e9n Callej\u00f3n, Ramos y Varane se salvaron de la quema en mi opini\u00f3n). El Madrid nunca debe tirar la Liga. Y lo ha hecho. <\/p>\n<p>P.- Hola Tomas mi pregunta es la siguiente: \u00bfno te parece que en nuestro club falta adn madridista? Que nos vendria bien rodearnos de raul,sanchis, hierro&#8230;. Y no de pardeza, karanca y pseudomadridistas como algun jugador y staff tecnico que no saben lo que es ser madridista. Muchas gracias<\/p>\n<p>R.- No todo el mundo nace madridista y hay gente que sabe empaparse de la cultura del club, pero es evidente que gente como Ra\u00fal, Hierro, Sanch\u00eds, Pirri, Santillana o Del Bosque se conocen la Biblia del Madrid de la primeras p\u00e1gina a la \u00faltima. <\/p>\n<p>P.- hola gran tom\u00e1s!\u00bfcees que inscribir a casemiro(el nuevo keirrison) en la champions es una bofetada(la enesima) a la cantera por parte del madrid?gr\u00e1cias y salud!!<\/p>\n<p>R.- Que le inscriban no significa que vaya a jugar. De todas formas ha sido internacional con Brasil. Vamos a verle primero antes de juzgarle tan severamente compa\u00f1ero. <\/p>\n<p>P.- Tomas,soy madrdista desde que naci,mi abuelo era socio con el n\u00ba608 Este a\u00f1o veo que no hacemos nada la liga muy lejos,la copa dificilisima y la champions tambien a que nos agarramos este a\u00f1o \u00bfMou culpable?.Espero que se vaya en junio no ha estado a la altura de la institucion.un abrazo<\/p>\n<p>R.- Mourinho es el primero que sabe que si no se gana ning\u00fan t\u00edtulo habra sido un fracaso con el plantill\u00f3n que tenemos. Pero prefiero ser m\u00e1s optimista. Tu abuelo sab\u00eda que el Madrid nuca se rinde y eso es lo que le pedimos ahora al equipo y al propio Mou. Que mueran por la causa y nos den una (Champions) o dos alegr\u00edas (Copa tambi\u00e9n).<\/p>\n<p>P.- hola Tomas! un barcelonista que te aprecia, ahi va mi pregunta. Ponte en el caso de que el bar\u00e7a elimina al madrid en la eliminatoria de copa del rey. Crees que los jugadores aguantar\u00edan la presi\u00f3n contra el Manchester sabiendo que seria un cara o cruz? todo o nada? Gracias fenomeno<\/p>\n<p>R.- Se agradece tu cari\u00f1o pese a ser del gran rival. Yo creo que os vamos a eliminar, as\u00ed que no barrunto mucho esa idea. Si as\u00ed fuese, la Champions es otra historia y para el Madrid no hay presi\u00f3n que valga. <\/p>\n<p>P.- Tom\u00e1s, aunque soy cul\u00e9 y a veces me pones nervioso, debo reconocer que nadie defiende al Bar\u00e7a como t\u00fa al Madrid. Se te puede fichar? En qu\u00e9 precio est\u00e1 tu cl\u00e1usula? Crack!<\/p>\n<p>R.- Ja ja. Eres un cachondo. Yo s\u00f3lo defiendo al Madrid diciendo lo que siento. No hay truco. S\u00f3lo intentar ser honesto con lo que uno siente. No s\u00e9 hacer estrategias con cuestiones relacionadas con el coraz\u00f3n. <\/p>\n<p>P.- Tom\u00e1s \u00bfcomo ves la actualidad y futuro del m\u00e1laga? \u00bfy que te parece el comentario que pone el jeque en las redes de &#8220;monrreal y cazorla (un corazon) en qatar? . Gracias<\/p>\n<p>R.- El M\u00e1laga es mi segundo equipo, porque desde que Juanito se retir\u00f3 con esa camiseta la tengo venerada. La afici\u00f3n de La Rosaleda est\u00e1 viviendo un sue\u00f1o y yo no quiero que se despierten. Espero que lleguen muy lejos en la Champions y que en la Liga terminen en los puestos europeos, aunque la sanci\u00f3n de la UEFA ha sido una canallada. <\/p>\n<p>P.- Hola Tommy, comentaban ayer en una radio que el Madrid tiene decidido subir el a\u00f1o que viene a la primera plantilla a Jes\u00e9. Com\u00e9ntame qu\u00e9 te parece esta decisi\u00f3n y si crees que es cierto. Un saludo<\/p>\n<p>R.- Estando Mourinho es imposible porque al chaval lo tiene castigado desde el verano (\u00a1no jug\u00f3 ni el Trofeo Bernab\u00e9u!). Pero si se va Mou s\u00ed que es factible. Y tambi\u00e9n la vuelta de Carvajal. <\/p>\n<p>P.- Hola Tom\u00e1s, ante la baja casi segura de Mourinho en junio, quien crees que podr\u00eda ser un buen entrenador para el Real Madrid? Yo no veo a nadie capaz de sentar a Iker, Cristiano o Ramos y que no est\u00e9 en la calle al d\u00eda siguiente. Teniendo esto en cuenta mi propuesta es Joaqu\u00edn Caparros, pedazo de entrenador espa\u00f1ol que se ha encontrado con una plantilla pobre en Mallorca, que opinas? Un abrazo!<\/p>\n<p>R.- Respeto mucho a Caparr\u00f3s, pero creo que ahora mismo el Madrid tiene un nivel de exigencia y de presi\u00f3n tan grande que es mejor traer un primer espada mundial o, en su defecto, al gran Toril. Est\u00e1 en casa y es un pedazo de t\u00e9cnico. <\/p>\n","protected":false},"excerpt":{"rendered":"<p>Tom\u00e1s Roncero ha charlado con los internautas sobre la actualidad del Real Madrid y de la entrevista en exclusiva con Cristiano Ronaldo publicada hoy en AS con motivo del cumplea\u00f1os del crack luso.<\/p>\n<p>Tom\u00e1s Roncero en Twitter<\/p>\n","protected":false},"author":1,"featured_media":0,"comment_status":"open","ping_status":"open","sticky":false,"template":"","format":"standard","meta":{"footnotes":""},"categories":[],"tags":[],"class_list":["post-11199","post","type-post","status-publish","format-standard","hentry"],"_links":{"self":[{"href":"https:\/\/intervius.com\/index.html\/wp-json\/wp\/v2\/posts\/11199","targetHints":{"allow":["GET"]}}],"collection":[{"href":"https:\/\/intervius.com\/index.html\/wp-json\/wp\/v2\/posts"}],"about":[{"href":"https:\/\/intervius.com\/index.html\/wp-json\/wp\/v2\/types\/post"}],"author":[{"embeddable":true,"href":"https:\/\/intervius.com\/index.html\/wp-json\/wp\/v2\/users\/1"}],"replies":[{"embeddable":true,"href":"https:\/\/intervius.com\/index.html\/wp-json\/wp\/v2\/comments?post=11199"}],"version-history":[{"count":0,"href":"https:\/\/intervius.com\/index.html\/wp-json\/wp\/v2\/posts\/11199\/revisions"}],"wp:attachment":[{"href":"https:\/\/intervius.com\/index.html\/wp-json\/wp\/v2\/media?parent=11199"}],"wp:term":[{"taxonomy":"category","embeddable":true,"href":"https:\/\/intervius.com\/index.html\/wp-json\/wp\/v2\/categories?post=11199"},{"taxonomy":"post_tag","embeddable":true,"href":"https:\/\/intervius.com\/index.html\/wp-json\/wp\/v2\/tags?post=11199"}],"curies":[{"name":"wp","href":"https:\/\/api.w.org\/{rel}","templated":true}]}}