{"id":11176,"date":"2013-01-28T00:00:00","date_gmt":"2006-11-06T00:00:00","guid":{"rendered":"https:\/\/intervius.com\/index.html\/?p=11176"},"modified":"2006-11-06T00:00:00","modified_gmt":"2006-11-06T00:00:00","slug":"Jose_Samano11176","status":"publish","type":"post","link":"https:\/\/intervius.com\/index.html\/Jose_Samano11176\/","title":{"rendered":"Jos\u00e9 S\u00e1mano"},"content":{"rendered":"<p>Pregunta.- En su opini\u00f3n, \u00bfDiego L\u00f3pez o Ad\u00e1n, para los pr\u00f3ximos meses en la porter\u00eda del Real Madrid?<\/p>\n<p>Respuesta.- Hola, buenas tardes a todos y gracias por la visita. Hoy, me quedar\u00eda con Ad\u00e1n. Ya s\u00e9 que es una inc\u00f3gnita pero al menos parte con la confianza de su t\u00e9cnico, o eso parec\u00eda. Diego L\u00f3pez ha perdido fuelle en las \u00faltimas temporadas. No estuvo bien en el Villarreal y, en Sevilla, no ha podido con un veterano como Palop, ni con Michel en el banquillo ni con Unai Emery. Si Mourinho es consecuente jugar\u00e1 Ad\u00e1n. Diego es un suplente de emergencia, para ello se le ha fichado. Otra cosa es que compita bien y le quite el puesto al que le iba a quitar el puesto a Iker Casillas&#8230;<\/p>\n<p>P.- Estimado Jos\u00e9: \u00bfCu\u00e1ndo y porqu\u00e9 se di\u00f3 el salto de calidad en el fut espa\u00f1ol? Con mis saludos,<\/p>\n<p>R.- La ola de la grandiosa Quinta del Buitre la cogi\u00f3 el Bar\u00e7a de Johan Cruyff y ah\u00ed empez\u00f3 todo. El bal\u00f3n se impuso a la furia, poco a poco el f\u00fatbol espa\u00f1ol molde\u00f3 un formato y luego la federaci\u00f3n dio en la diana con Luis y, sobre todo, Del Bosque. Los \u00e9xitos crean tendencia.<\/p>\n<p>P.- Cree, como sostiene el redactor Torres, que la plantilla del Madrid ha decidido autogestionarse? Cree seriamente que eso es posible, actuar al margen del entrenador?<\/p>\n<p>R.- Anoche mismo lo coment\u00f3 Pau Gasol sobre D&#8221;Antoni y los Lakers. &#8220;\u00bfEl sistema de Da&#8221;Antoni? Creo que estamos haciendo un poco nuestro propio sistema&#8221;. Todo es posible, incluso con Mourinho por el medio. No digo que los jugadores, y mucho menos el club, le hayan desautorizado, pero s\u00ed veo mayor intervencionismo frente a \u00e9l del presidente (la resurrecci\u00f3n de los jugadores ante los medios) y los propios futbolistas.<\/p>\n<p>P.- \u00bfCu\u00e1les son las razones por las que apuntan al \u00e9xito de Espa\u00f1a en los deportes de equipo?<\/p>\n<p>R.- De equipo e individuales, dir\u00eda yo. El deportista espa\u00f1ol ya no solo es competitivo de vez en cuando, sino que ahora ha mejorado notablemente sus planes de entrenamiento, se ha modernizado. Y hay otro aspecto relevante, las bases se cuidan mucho mejor y cuando los deportistas llegan a la elite ya no se asustan, llegan acostumbrados a competir con los mejores, con potencias superiores desde que eran cr\u00edos. Habr\u00e1 otras razones que ahora se me escapan, pero estas dos me parecen evidentes.<\/p>\n<p>P.- Buenas tardes sr. S\u00e1mano, se le hechaba de menos. Que opina de Valero Rivera? Se le tilda de tirano desde algunos \u00e1mbitos pero los resultados le dan la raz\u00f3n.<\/p>\n<p>R.- Siempre he tenido a Valero por un excelente entrenador, sus resultados le avalan como a uno de los m\u00e1s grandes. No tengo elementos para juzgarle en otras facetas, como cuando dirigi\u00f3 las secciones del Barcelona. En este Mundial me ha sorprendido su naturalidad en los tiempos muertos, con ideas muy concretas y muy claras, sin flechas ni muchos enredos. Los mensajes directos son los que mejor llegan al deportista.<\/p>\n<p>P.- Buenas tardes. \u00bfA que atribuyes ese hundimiento tan r\u00e1pido, ya durante el primer tiempo, de la selecci\u00f3n danesa en la final del mundial de balonmano disputada ayer contra la selecci\u00f3n espa\u00f1ola?<\/p>\n<p>R.- Espa\u00f1a fue un vendaval desde el primer segundo. Dinamarca quiz\u00e1 pens\u00f3 en medirse a un rival atenazado por jugar en casa y ante los todopoderosos daneses. Fue tal el aplastamiento que me record\u00f3 al de Espa\u00f1a en la Eurocopa en Kiev ante Italia. Tampoco hubo final.<\/p>\n<p>P.- Buenas tardes, y gracias de antemano por su atenci\u00f3n. \u00bfcu\u00e1les son los equipos espa\u00f1oles que m\u00e1s le gusta ver este a\u00f1o y por qu\u00e9?<\/p>\n<p>R.- Supongo que se refiere a equipos de f\u00fatbol. En Espa\u00f1a, he disfrutado con el Bar\u00e7a, por supuesto, y tambi\u00e9n con muchos partidos del M\u00e1laga, Betis, Rayo, Celta y Valladolid. Creo que el nivel medio es bueno, son muchos los que intentan jugar bien. Otros, quiz\u00e1 menos seductores, pero les admiro por su consistencia en general, como el Atl\u00e9tico (aunque falle ante los grandes) y el Levante, que no afloja. A falta de un engrase colectivo, del Madrid me han cautivado algunos episodios individuales, sobre todo los de \u00d6zil -intermitente- y Cristiano -m\u00e1s siempre que casi siempre-.<\/p>\n<p>P.- Hola, Jose! Una de periodismo. \u00bfQu\u00e9 debe tener un buen titular de un art\u00edculo? Me encant\u00f3 aquel suyo de \u00abTorres toma la delantera\u00bb en la Eurocopa. Gracias<\/p>\n<p>R.- Gracias a usted. Nunca hay un titular a gusto de todos. Intento que subraye el hecho informativo con alg\u00fan gui\u00f1o. No siempre se encuentra, ni mucho menos, y la inspiraci\u00f3n tambi\u00e9n depende de que el hecho en s\u00ed tenga elementos relevantes. <\/p>\n<p>P.- Hola don Jos\u00e9 S\u00e1mano, para usted quien pasara a la final entre el Barcelona o el Real Madrid, en la Copa del Rey.<\/p>\n<p>R.- No tengo la m\u00e1s remota idea. El Bar\u00e7a llega mejor, el Madrid con bajas. Pero cuando se cruzan de nada vale todo gui\u00f3n previsto de antemano. Con varios de los mejores jugadores del mundo el pron\u00f3stico es imposible. Pero, como pista, me sumo a la inteligente apreciaci\u00f3n de Santi Solari en su art\u00edculo de hoy en EL PA\u00cdS. &#8220;Si el Madrid enfrenta su partido de ida como si fuera el de vuelta, su vida puede ser m\u00e1s f\u00e1cil&#8221;. No es una idea al vuelo, sino basada en cruces precedentes entre ambos, en los que el Madrid, obligado por sus cors\u00e9s de las idas, siempre fue mucho mejor en las vueltas.<\/p>\n<p>P.- Jos\u00e9, aprovechando que el futbol ya s\u00f3lo ocasionalmente se emite en abierto \u00bfqu\u00e9 tien que hacer el baloncesto para ganar terreno?\u00bfle parece adeucado la p\u00f3litca de retrasmisiones de la liga ACB?<\/p>\n<p>R.- La ACB me tiene totalmente despistado, no logr\u00f3 entender su calendario&#8230;<\/p>\n<p>P.- \u00bfQu\u00e9 porcentaje de responsabilidad dir\u00eda Vd. que tienen los dirigentes de la UCI en los escandalosos casos de dopaje, desde hace varios a\u00f1os. incluyendo el de Lance? Los amantes del ciclismo estamos indignados y decepcionados. Gracias<\/p>\n<p>R.- Mucha, much\u00edsima&#8230;<\/p>\n<p>P.- Hola Jos\u00e9, me parece fabuloso coincidir en una \u00e9poca donde cada semana dos jugadores grandiosos tengan y demuestren el nivel de Cristiano y de Messi, recuerdas algo parecido en el futbol o en cualquier otro deporte? saludos.<\/p>\n<p>R.- Bird\/Magic, Nadal\/Federer, Senna\/Prost&#8230;<\/p>\n<p>P.- Usted tiene m\u00e1s informaci\u00f3n que yo as\u00ed que, \u00bfd\u00f3nde cree que ir\u00e1 mourinho (equipo) despu\u00e9s del real madrid? Lo pregunto porque, adem\u00e1s de madridista, soy red devil, y no me gustar\u00eda que hiciera lo mismo con el mufc. Gracias por su respuesta. <\/p>\n<p>R.- \u00c9l, ya sabemos que adora la Premier, y como hasta ahora no ha repetido le queda el millonario City o MUFC, donde la sombra de Ferguson quiz\u00e1 sea demasiado alargada.<\/p>\n<p>P.- Hola, Jos\u00e9. Una pregunta muy directa: \u00bfa publicado El Pa\u00eds todo lo que saben sus periodistas acerca de un tema tan crucial como la Operaci\u00f3n Puerto?<\/p>\n<p>R.- Siempre publicamos todo lo que sabemos.<\/p>\n<p>P.- Seg\u00fan me han contado Urgdangarin estaba en un palco en la final de balonmano con sus hijos \u00bfes cierto?<\/p>\n<p>R.- Eso sale en la tele y en un mont\u00f3n de fotos&#8230;<\/p>\n<p>P.- Que le parece que Messi en 21 partidos lleve 33 goles, que limite le ve de goles en la liga, ademas que con 25 a\u00f1os ya es el octavo goleador de la historia de la liga con 202 goles, gracias y un saludo<\/p>\n<p>R.- Un marciano llegado del m\u00e1s all\u00e1<\/p>\n<p>P.- Hola, cortita y al pie: \u00bfes tan grave el dopaje en este pa\u00eds como parece? Un saludo \ud83d\ude09<\/p>\n<p>R.- Un cierto chovinismo que desemboca en cierta tolerancia interesada. En esto, Espa\u00f1a no es Francia, desde luego.<\/p>\n","protected":false},"excerpt":{"rendered":"<p>El Redactor Jefe de Deportes charl\u00f3 con los lectores sobre la Liga y toda actualidad deportiva.<\/p>\n","protected":false},"author":1,"featured_media":0,"comment_status":"open","ping_status":"open","sticky":false,"template":"","format":"standard","meta":{"footnotes":""},"categories":[],"tags":[],"class_list":["post-11176","post","type-post","status-publish","format-standard","hentry"],"_links":{"self":[{"href":"https:\/\/intervius.com\/index.html\/wp-json\/wp\/v2\/posts\/11176","targetHints":{"allow":["GET"]}}],"collection":[{"href":"https:\/\/intervius.com\/index.html\/wp-json\/wp\/v2\/posts"}],"about":[{"href":"https:\/\/intervius.com\/index.html\/wp-json\/wp\/v2\/types\/post"}],"author":[{"embeddable":true,"href":"https:\/\/intervius.com\/index.html\/wp-json\/wp\/v2\/users\/1"}],"replies":[{"embeddable":true,"href":"https:\/\/intervius.com\/index.html\/wp-json\/wp\/v2\/comments?post=11176"}],"version-history":[{"count":0,"href":"https:\/\/intervius.com\/index.html\/wp-json\/wp\/v2\/posts\/11176\/revisions"}],"wp:attachment":[{"href":"https:\/\/intervius.com\/index.html\/wp-json\/wp\/v2\/media?parent=11176"}],"wp:term":[{"taxonomy":"category","embeddable":true,"href":"https:\/\/intervius.com\/index.html\/wp-json\/wp\/v2\/categories?post=11176"},{"taxonomy":"post_tag","embeddable":true,"href":"https:\/\/intervius.com\/index.html\/wp-json\/wp\/v2\/tags?post=11176"}],"curies":[{"name":"wp","href":"https:\/\/api.w.org\/{rel}","templated":true}]}}