{"id":11139,"date":"2013-01-09T00:00:00","date_gmt":"2006-11-06T00:00:00","guid":{"rendered":"https:\/\/intervius.com\/index.html\/?p=11139"},"modified":"2006-11-06T00:00:00","modified_gmt":"2006-11-06T00:00:00","slug":"Rodrigo_Rey_Rosa_11139","status":"publish","type":"post","link":"https:\/\/intervius.com\/index.html\/Rodrigo_Rey_Rosa_11139\/","title":{"rendered":"Rodrigo Rey Rosa"},"content":{"rendered":"<p>Pregunta.- Hola Rodrigo, muchas de tus novelas se ambientan en ciudades donde has vivido. \u00bfEscribir\u00edas de un lugar que no conoces? \u00bfCu\u00e1les ser\u00edan tus primeras opciones?<\/p>\n<p>Respuesta.- Trat\u00e1ndose de novelas, me parece m\u00e1s sensato escribir sobre lugares que he conocido, aunque no siempre lo m\u00e1s sensato sea lo mejor, en este oficio. Desde luego, hay ejemplos memorables de lugares novelados por escritores que no los visitaron. Pienso en Los asi\u00e1ticos, de Frederick Prokosh, en Am\u00e9rica, de Kafka&#8230; <\/p>\n<p>P.- El suyo es un estilo sin adornos. \u00bfPule mucho los textos? Muchas gracias<\/p>\n<p>R.- Creo que el estilo tiene, o deber\u00eda tener que ver con la manera en que uno piensa. Pulo lo menos posible, a veces me toca hacerlo m\u00e1s que otras, desde luego. <\/p>\n<p>P.- \u00bfCuantas guatemalas hay? \u00bfHa aprendido algo sobre su pa\u00eds escribiendo Los sordos? Gracias<\/p>\n<p>R.- Creo que hay muchas Guatemalas, al menos tantas como lenguas distintas hay en el pa\u00eds. Y s\u00ed, aprend\u00ed, y quise aprender m\u00e1s, sobre el pa\u00eds durante la escritura de esa novela.<\/p>\n<p>P.- Si de pronto te quedaras sin dinero y sin propiedades en la ciudad de guatemala, \u00bfqu\u00e9 har\u00edas, a d\u00f3nde ir\u00edas? <\/p>\n<p>R.- Uf, no s\u00e9. Sin dinero, ser\u00eda dif\u00edcil elegir, no? Tal vez a Belice..<\/p>\n<p>P.- Estimado Rodrigo Rey Rosa He le\u00eddo la novela y a pesar de que me gust\u00f3 me imaginaba que como escritor nos contar\u00eda un poco m\u00e1s sobre la \u00e9lites econ\u00f3micas que son las que realmente tienen el poder en Guatemala desde su fundaci\u00f3n. Muchas gracias<\/p>\n<p>R.- Creo que estar\u00eda bien saber m\u00e1s sobre esas elites, pero no creo que sea necesariamente la novela la que mejor sirva de instrumento para ese fin. En cualquier caso, no la clase de novela que me ha sido dado escribir.<\/p>\n<p>P.- \u00bfC\u00f3mo son las bibliotecas en su pa\u00eds? <\/p>\n<p>R.- Pr\u00e1cticamente inexistentes!<\/p>\n<p>P.- \u00bfCu\u00e1ndo va a publicar Alfaguara sus cuentos? Saludos<\/p>\n<p>R.- No lo s\u00e9! Eso depende de los editores.<\/p>\n<p>P.- Los sordos se adentra en el mundo maya. \u00bfconoc\u00eda bien esa cultura? Gracias y suerte<\/p>\n<p>R.- Siempre me ha interesado mucho la cultura maya, y he le\u00eddo lo que he podido acerca de ella, incluso pas\u00e9 varios meses estudiando la lengua kekch\u00ed; pero claro, no la conozco desde el interior&#8230;<\/p>\n<p>P.- Se\u00f1or Rodrigo. Buen d\u00eda. Cuando leo sus libros termino confirmando que la historia en Latinoam\u00e9rica es la misma que lo que cambia, son los escenarios. Su curiosidad por la historia y su estilo para narrarla me conmovieron profundamente. Lo invito a Colombia. labcocina@gmail.com<\/p>\n<p>R.- S\u00ed, estoy de acuerdo en que las historias de nuestros pa\u00edses sonmuy parecidas. Muchas gracias por la invitaci\u00f3n a Colombia, un pa\u00eds que me gusta cada vez m\u00e1s!<\/p>\n<p>P.- Estimado maestro: \u00bfC\u00f3mo se siente m\u00e1s c\u00f3modo, en las distancias cortas o ahora que ha realizado una novela m\u00e1s larga? \u00bfSabe la extensi\u00f3n que tendr\u00e1 su siguiente libro?<\/p>\n<p>R.- Crteo que siento la misma incomodidad acerca de las dos formas. Ahora me interesa experimentar con las m\u00e1s extensas; la comodidad no entra en consideraci\u00f3n en este caso. Pero no s\u00e9 como ser\u00e1 elpr\u00f3ximo libro; es un experimento m\u00e1s&#8230;<\/p>\n<p>P.- \u00bfCual es el fin \u00faltimo de su obra?<\/p>\n<p>R.- Ah, el fin \u00faltimo&#8230; Hacer lo que tengo que me toca hacer<\/p>\n<p>P.- Vivi\u00f3 en Nueva York y T\u00e1nger, \u00bfporqu\u00e9 volvi\u00f3 a su pa\u00eds? \u00bfEncontr\u00f3 una Guatemala muy distinta? Gracias<\/p>\n<p>R.- Volv\u00ed por curiosidad, y como tantos otros exilados, pens\u00e9 que als cosas hab\u00edan cambiado. Ahora podr\u00eda afirmar que han cambiado, pero no necesariamente para mejor.<\/p>\n<p>P.- \u00bfpuede decirnos algo en lengua kekch\u00ed? Y traducirlo, claro. Gracias y salud<\/p>\n<p>R.- Ma sa sa a chool? Es el salido corriente, que se traducir\u00eda &#8220;C\u00f3mo est\u00e1 tu coraz\u00f3n?&#8221; Y se contesta ;&#8221;Sa, bantiox&#8221; Est\u00e1 bien, gracias<\/p>\n<p>P.- \u00bfLlevar\u00e1 Los sordos al cine? Gracias<\/p>\n<p>R.- Yo personalemente, no: pero no me opondr\u00eda a que alguien m\u00e1s lo lleve.<\/p>\n<p>P.- Se\u00f1or Rey Rosa, \u00bfQu\u00e9 recuerdos conserva de Paul Bowles? Saludos<\/p>\n<p>R.- Pues los mejores; le hecho de menos como interlocutor, sobre todo.<\/p>\n<p>P.- \u00bfMira Guatemala con ojos de extranjero? Saludos<\/p>\n<p>R.- Como me parece que hay m\u00e1s de una Guatemala, creo que es inevitable que algunas de esas guatemalas las vea como extranjero, s\u00ed.<\/p>\n<p>P.- Hola, buenas tardes. \u00bfPodr\u00eda enumerar algunos escritores espa\u00f1oles que admire? \u00bfCree que el estilo de un autor queda mermado con la toma de conciencia social? Gracias.<\/p>\n<p>R.- Adimro a varios, prefiero no enumerar as\u00ed a la carrera. No creo que la toma de conciencia social&#8211;o de cualquier otra clase de conciencia&#8211;da\u00f1e el estilo. Tal vez ocurra al contrario! Eso esperar\u00eda yo, al menos: que lo enriquezca. tal vez sea una cuesti\u00f3n de dosis, de dosificaci\u00f3n, en cuestiones de estilo. Pero estas cuestines no creo que se deban contestar deprisa, y as\u00ed es como hay qu contestarlas en esta clase de chat&#8230;<\/p>\n<p>P.- \u00bfpor qu\u00e9 no volver\u00eda al cine? Gracias por sus novelas <\/p>\n<p>R.- ss<\/p>\n","protected":false},"excerpt":{"rendered":"<p>El novelista guatemalteco charlar\u00e1 con los lectores sobre Los sordos, una novela sobre la virulenta realidad de su pa\u00eds. Su protagonista, un muchacho de campo reciclado en la ciudad como guardaespaldas, termina investigando la desaparici\u00f3n de su jefa, hija de un banquero al que ella misma considera un tirano.<br \/>\n M\u00e1s entrevistas digitales<\/p>\n","protected":false},"author":1,"featured_media":0,"comment_status":"open","ping_status":"open","sticky":false,"template":"","format":"standard","meta":{"footnotes":""},"categories":[],"tags":[],"class_list":["post-11139","post","type-post","status-publish","format-standard","hentry"],"_links":{"self":[{"href":"https:\/\/intervius.com\/index.html\/wp-json\/wp\/v2\/posts\/11139","targetHints":{"allow":["GET"]}}],"collection":[{"href":"https:\/\/intervius.com\/index.html\/wp-json\/wp\/v2\/posts"}],"about":[{"href":"https:\/\/intervius.com\/index.html\/wp-json\/wp\/v2\/types\/post"}],"author":[{"embeddable":true,"href":"https:\/\/intervius.com\/index.html\/wp-json\/wp\/v2\/users\/1"}],"replies":[{"embeddable":true,"href":"https:\/\/intervius.com\/index.html\/wp-json\/wp\/v2\/comments?post=11139"}],"version-history":[{"count":0,"href":"https:\/\/intervius.com\/index.html\/wp-json\/wp\/v2\/posts\/11139\/revisions"}],"wp:attachment":[{"href":"https:\/\/intervius.com\/index.html\/wp-json\/wp\/v2\/media?parent=11139"}],"wp:term":[{"taxonomy":"category","embeddable":true,"href":"https:\/\/intervius.com\/index.html\/wp-json\/wp\/v2\/categories?post=11139"},{"taxonomy":"post_tag","embeddable":true,"href":"https:\/\/intervius.com\/index.html\/wp-json\/wp\/v2\/tags?post=11139"}],"curies":[{"name":"wp","href":"https:\/\/api.w.org\/{rel}","templated":true}]}}