{"id":1113,"date":"2007-04-30T00:00:00","date_gmt":"2006-11-06T00:00:00","guid":{"rendered":"https:\/\/intervius.com\/index.html\/?p=1113"},"modified":"2006-11-06T00:00:00","modified_gmt":"2006-11-06T00:00:00","slug":"Patricia_Perez1113","status":"publish","type":"post","link":"https:\/\/intervius.com\/index.html\/Patricia_Perez1113\/","title":{"rendered":"Patricia P\u00e9rez"},"content":{"rendered":"<p>Pregunta.- \u00bfQu\u00e9 har\u00edas si ganaras el Premio Nobel de la Paz?<\/p>\n<p>Respuesta.- Seguir trabajando por los derechos de las mujeres viviendo con VIH y tratar de incluir la tem\u00e1tica del SIDA en las agendas pol\u00edticas. El dinero recibido s\u00f3lo facilitar\u00e1 la tarea. <\/p>\n<p>P.- Desde la agrupaci\u00f3n que usted dirige, \u00bfqu\u00e9 tipo de pol\u00edtica contra el turismo sexual impulsan? Porque sin dudas la diseminaci\u00f3n de la enfermedad tiene mucho que ver con la prostituci\u00f3n.<\/p>\n<p>R.- Hola, la diseminaci\u00f3n del VIH tiene que ver con que las personas no hacen uso de las medidas de prevenci\u00f3n en forma adecuada. Ya sea por falta de informaci\u00f3n o de acceso a los instrumentos de prevenci\u00f3n. Desde ICW impulsamos las medidas de prevenci\u00f3n. <\/p>\n<p>P.- Seg\u00fan tu opini\u00f3n &#8220;El sida no es una cuesti\u00f3n m\u00e9dica, sino social&#8221;. La investigaci\u00f3n \u00bfes una cuesti\u00f3n social? y el dinero necesario para ella (mucho dinero) \u00bfquien tiene que ponerlo? \u00bfest\u00e1 por encima de, por ejemplo, la fibrosis qu\u00edstica? \u00bfno se dedica al sida mucho m\u00e1s dinero que al resto por cuestiones publicitarias, de &#8220;glamour&#8221;?<\/p>\n<p>R.- En efecto se dedica mucho dinero, pero no siempre este dinero se transforma en acciones favorables a personas viviendo con VIH, o en tratamientos, en campa\u00f1as de prevenci\u00f3n favorables al conjunto de la sociedad. No creo que haya una enfermedad por sobre otra, sino que los Estados deben garantizar la salud de la poblaci\u00f3n. <\/p>\n<p>P.- Patricia, le\u00ed la nota que te hizo El Pa\u00eds y te felicito por tu fuerza y capacidad de trabajo. Haces una defensa del rol de la mujer y mencionas que hay pocas en los lugares de decisi\u00f3n. \u00bfHas visto el machismo que hay en Espa\u00f1a? S\u00f3lo este a\u00f1o unas 25 mujeres fueron asesinadas por sus parejas. \u00bfCu\u00e1les son los ideales que pueden movilizarnos para cambiar esta realidad?<\/p>\n<p>R.- Creo que es muy importante la visibilidad de las mujeres y que m\u00e1s de nosotras podamos trabajar en favor de los derechos de las ni\u00f1as, las mujeres y las adolescentes. <\/p>\n<p>P.- Patricia, en primer lugar mis felicitaciones por tu tarea. Mientras muchos se rinden, t\u00fa has dado un enorme ejemplo para ayudar a miles de personas. Mi pregunta tiene que ver con la realidad de los gobiernos de Am\u00e9rica Latina. \u00bfNo crees que con los pocos recursos que destinan a la seguridad social, la lucha contra el VIH es un anuncio y nada m\u00e1s? \u00bfNo te enoja mucho esta situaci\u00f3n?<\/p>\n<p>R.- Hay Gobiernos en Am\u00e9rica Latina que destinan muy pocos recursos, otros los destinan, pero los recursos est\u00e1n mal utilizados. Porque esto me enoja mucho, hace 20 a\u00f1os comenc\u00e9 a tratar de hacer cosas y a\u00fan sigo haci\u00e9ndolo. <\/p>\n<p>P.- Sra. P\u00e9rez, los portadores de VIH son discriminados en todo el mundo. En su condici\u00f3n de militante y por estar trabajando, \u00bfusted ha sufrido esa discriminaci\u00f3n? \u00bfC\u00f3mo son las cosas en Argentina en ese aspecto?<\/p>\n<p>R.- S\u00ed, he sufrido actos de discriminaci\u00f3n, a\u00fan m\u00e1s hace tiempo, cuando hace 20 a\u00f1os tuve la noticia. En Argentina existe legislaci\u00f3n, pero las personas no dejan de discriminar por ley, hay que trabajar bastante a\u00fan. <\/p>\n<p>P.- \u00bfC\u00f3mo podemos los profesores responder a las necesidades sociales de nuestros alumnos cuando nuestra formaci\u00f3n es fundamentalmente acad\u00e9mica? \u00bfQu\u00e9 tres cosas cree usted imprescindibles en la educaci\u00f3n actual para evitar las discriminaciones de todo tipo?<\/p>\n<p>R.- En primer lugar me parece que los Estados deber\u00edan proporcionar material adecuado de informaci\u00f3n para los maestros. Lo otro ser\u00eda que tendr\u00eda que estar incluido en forma real el tema en la curr\u00edcula. Tambi\u00e9n es importante trabajar con los padres de los alumnos. <\/p>\n<p>P.- Patricia, \u00bfcu\u00e1l es el mayor error en el combate al VIH en Am\u00e9rica Latina?<\/p>\n<p>R.- Que los Estados plantean una situaci\u00f3n pol\u00edticamente correcta con referencia a sus pa\u00edses y no hacen un real diagn\u00f3stico de la pandemia. En los presupuestos Nacionales no hay recursos para campa\u00f1as de prevenci\u00f3n sostenidas. <\/p>\n<p>P.- \u00bfQu\u00e9 debo hacer si yo se que tengo el VIH? \u00bfDeberia comentarlo con mis amigos, padres o familiares m\u00e1s cercanos?<\/p>\n<p>R.- Primero ten\u00e9s que pensar c\u00f3mo est\u00e1s vos, y ver si est\u00e1s fortalecida para enfrentar esta situaci\u00f3n, vos ten\u00e9s que manejar tus tiempos. Cuando lo hagas, seguramente sentir\u00e1s que te sacar\u00e1s de encima un peso muy importante. <\/p>\n<p>P.- En muchos pa\u00edses, el acceso a la medicaci\u00f3n es algo casi prohibitivo para la mayor\u00eda, y s\u00f3lo aquellos que tienen dinero acceden a una calidad de vida razonable. \u00bfC\u00f3mo trabaja su instituci\u00f3n para luchar contra estas injusticias sociales?<\/p>\n<p>R.- Desde ICW tratamos a nivel internacional, regional y de pa\u00eds de estar en los lugares donde se toman las decisiones para incluir este tema en las agendas. En lo local, trabajamos para exigirle a los Gobiernos que cumplan los acuerdos que se toman a nivel internacional. Lo mismo hacemos con los laboratorios, porque creemos que tenemos que tener medicamentos de calidad comprobada y a bajo precio. <\/p>\n<p>P.- \u00bfCu\u00e1l es la esperanza de vida para alguien diagnosticado hoy d\u00eda?<\/p>\n<p>R.- No est\u00e1 determinada, todo depende de c\u00f3mo est\u00e9 el sistema inmunol\u00f3gico de la persona, tiende a ser una enfermedad cr\u00f3nica. Claro que hay que tener en cuenta que las personas tengan una buena calidad de vida (que coman, tengan medicamentos, vivienda, necesidades b\u00e1sicas satisfechas).<\/p>\n<p>P.- Hola. Recientemente se dijo que la circuncisi\u00f3n pod\u00eda reducir la transmisi\u00f3n del VIH. \u00bfNo habr\u00eda que tener m\u00e1s cuidado a la hora de difundir estas informaciones visto el aut\u00e9ntico &#8220;genocidio&#8221; que la enfermedad est\u00e1 provocando? Muchas gracias<\/p>\n<p>R.- Como todas las noticias, hay que trabajarlas y tratar de manejarlas con prudencia, sin dejar de mencionar los m\u00e9todos de prevenci\u00f3n cient\u00edficamente comprobados hasta la fecha. <\/p>\n<p>P.- Un saludo y mi m\u00e1s sincera enhorabuena: Mi pregunta es sencilla, ya que son pocas las personas que est\u00e1n bien informadas con respecto al VIH y lo que acarrea estar enfermo, sus tratamientos, las esperanzas de vida&#8230; \u00bfCree que en Espa\u00f1a se ha tomado conciencia -desde el 85- de lo que realmente es esta enfermedad? \u00bfPor qu\u00e9 cuando hablas con alguien joven, muchos solo lo reducen al preservativo y a marginar al enfermo, desgraciadamente? \u00bfC\u00f3mo lo entiende usted?<\/p>\n<p>R.- Espa\u00f1a ha difundido ampliamente informaci\u00f3n sobre VIH\/SIDA, pero al igual que en otros lugares del mundo lo que falla es la segunda etapa que es que se lleven a la pr\u00e1ctica. <\/p>\n<p>P.- \u00bfEs dif\u00edcil en Latinoam\u00e9rica vivir con VIH, m\u00e1s siendo mujer?<\/p>\n<p>R.- S\u00ed es dificil, se suman al estigma y la discriminaci\u00f3n, toda la cuesti\u00f3n cultural. <\/p>\n<p>P.- Tengo 25 a\u00f1os, soy ingeniero, homosexual y seropositivo. Hace s\u00f3lo 2 meses que he conocido mi estado, y me pregunto muchas veces por qu\u00e9 una persona como yo ha podido estar tan desinformada y abstra\u00edda sobre el VIH\/SIDA en un pa\u00eds como Espa\u00f1a. En su opinion, \u00bfqu\u00e9 debe mejorar la Seguridad Social para la prevenci\u00f3n?<\/p>\n<p>R.- No es s\u00f3lo una cuesti\u00f3n de seguridad social, que siempre es mejorable, sino una Pol\u00edtica de Estado que implique campa\u00f1as de prevenci\u00f3n sostenidas. En cuanto a lo personal, la gente no piensa que le va a tocar a uno, esta es una de las cuestiones por las que el SIDA se sigue expandiendo. Por eso &#8220;el SIDA nos afecta a todos&#8221; y es un problema de todos los sectores. <\/p>\n<p>P.- Un grupo de m\u00e9dicos &#8220;disidentes&#8221; se oponen a la teor\u00eda del VIH como enfermedad viral &#8211; seg\u00fan ellos, por falta de pruebas cient\u00edficas &#8211; y optan m\u00e1s bien por un origen cong\u00e9nito, denunciando as\u00ed la culpa social y moral que padecen los enfermos y su familia. \u00bfQu\u00e9 nos podr\u00eda decir al respecto?<\/p>\n<p>R.- Est\u00e1 cient\u00edficamente demostrado que es un virus. <\/p>\n<p>P.- Patricia, \u00bfqu\u00e9 sentiste el d\u00eda que te informaron que estabas infectada? \u00bfY a qu\u00e9 atribuyes el hecho de haberte contagiado? Perd\u00f3n por esta pregunta, pero creo que tu testimonio es mucho m\u00e1s valioso que mil libros sobre el tema. Tengo hijos adolescentes y me da miedo que no tomen conciencia de los riesgos.<\/p>\n<p>R.- Sent\u00ed miedo, que el mundo se me ven\u00eda abajo, me paralic\u00e9 y estuve un tiempo sin pensar en el d\u00eda de ma\u00f1ana. Con referencia a los hijos adolescentes es importante que hables con ellos y les des informaci\u00f3n precisa.<\/p>\n<p>P.- Patricia: \u00bfQu\u00e9 medidas reales se deber\u00edan tomar por parte de los Estados para evitar la discriminaci\u00f3n hacia los portadores de VIH? El acceso al trabajo para ellos es muy dificultoso.<\/p>\n<p>R.- Por m\u00e1s que haya legislaci\u00f3n, lamentablemente las personas no dejan de discriminar por decreto. Hay que trabajar en la educaci\u00f3n y las \u00e1reas de trabajo tienen un papel que cumplir que hasta hoy no lo cumplen. Los Estados no garantizan el cumplimiento de la legislaci\u00f3n. <\/p>\n<p>P.- Mi pregunta puede sonar tonta, pero quisiera que usted me defina la enfermedad en el 2007. Muchos tenemos la imagen guardada de personas destruidas f\u00edsicamente, como si hubieran sido devorados por el VIH, pero eso parece m\u00e1s de los 80. \u00bfC\u00f3mo es hoy una persona con SIDA?<\/p>\n<p>R.- En los lugares en donde no hay cobertura integral de los tratamientos la imagen de los 80 sigue vigente. Si las personas tienen todas las necesidades b\u00e1sicas satisfechas y acceso universal a tratamientos de calidad se puede hacer una vida normal y la enfermedad se cronifica y no existe tal aspecto. <\/p>\n<p>P.- \u00bfPor qu\u00e9 tanta atenci\u00f3n al VIH? \u00bfNo crees que hay muchas m\u00e1s enfermedades masivas que matan m\u00e1s que esta afecci\u00f3n? Comprendo y admiro tu lucha y ejemplo, pero me parece que hay cosas que tambi\u00e9n merecen tanta o m\u00e1s atenci\u00f3n que una enfermedad contra\u00edda por falta de cuidados.<\/p>\n<p>R.- Si hay muchas enfermedades tremendas, pero la movilizaci\u00f3n social lograda desde la participaci\u00f3n activa de los que estamos afectados, ha dado una visibilidad a la pandemia inaudita. <\/p>\n<p>P.- \u00bfUstedes trabajan con pol\u00edticas espec\u00edficas para los internos de las c\u00e1rceles donde suele expandirse el virus?<\/p>\n<p>R.- Desde la secretar\u00eda de ICW LATINA, formamos parte de la Coordinadora de ONG\u00b4s de las Am\u00e9ricas sobre SIDA, c\u00e1rcel y encierro, carcelysidaenlasamericas@hotmail.com ; quienes instrumentan son los Cap\u00edtulos Nacionales de ICW en cada pa\u00eds. <\/p>\n<p>P.- \u00bfUsted cree que realmente se podr\u00e1 encontrar una vacuna o una cura real a la enfermedad? <\/p>\n<p>R.- Creo que si, pero hace falta tiempo.<\/p>\n<p>P.- En Espa\u00f1a se comenta que los j\u00f3venes han dejado de cuidarse de las enfermedades de transmisi\u00f3n sexual. La p\u00edldora del d\u00eda despu\u00e9s, el aborto libre, entre otras cosas. \u00bfQu\u00e9 consejo le puede dar a los adolescentes que hoy se niegan a cuidarse con un preservativo?<\/p>\n<p>R.- Hay que explicar la importancia de las ITS y que deber\u00edamos incluir el tema de la prevenci\u00f3n del VIH\/SIDA en la curr\u00edcula escolar desde los primeros a\u00f1os. <\/p>\n<p>P.- \u00bfPatricia, entonces el problema del VIH hoy es pol\u00edtico? T\u00fa dices que si se vive en condiciones normales y dignas, la enfermedad se cronifica. Entonces estamos ante un problema de gesti\u00f3n de gobierno en vez de una enfermedad que se propaga por contagio directo en relaciones sexuales y mediante transfusiones, etc?<\/p>\n<p>R.- Son ambas cosas, es en un plano individual no adoptar las medidas y es la falla clara de Pol\u00edticas de estado al respecto. <\/p>\n<p>P.- T\u00fa eres una madre que cuida de su hijo. \u00bfQu\u00e9 consejos podemos darle a nuestros hijos, m\u00e1s all\u00e1 del cuidado con el tema sexo con preservativo? \u00bfQu\u00e9 le digo a mis hijos para que entiendan la importancia de la prevensi\u00f3n?<\/p>\n<p>R.- Creo que lo primero es hablar libremente rompiendo atavismos y prejuicios, tom\u00e1ndolo con naturalidad, pero sabiendo que esta es una enfermedad que ya ha producido 40 millones de muertes y hoy por hoy sigue ganando la batalla, es importante que los j\u00f3venes se cuiden y puedan disfrutar de una vida sexual plena. <\/p>\n<p>P.- Hay varios pa\u00edses que ni siquiera dejan entrar a seropositivos si los detectan(USA entre ellos&#8230;). La ley de protecci\u00f3n no se cumple en la mayor\u00eda. \u00bfQu\u00e9 hacer para que eso cambie?<\/p>\n<p>R.- Esto es una cuesti\u00f3n de decisi\u00f3n pol\u00edtica de los Estados, hay algunas democracias que lo son de la boca para afuera&#8230;<\/p>\n<p>P.- Buenos dias. Gracias por cederme un minuto de su tiempo. Ah\u00ed va la pregunta: \u00bfUsted tiene miedo de contagiar la enfermedad a alg\u00fan familiar\/amigo\/compa\u00f1ero?<\/p>\n<p>R.- Te cuento que no tengo temores en mis relaciones personales, pues observo las medidas de prevenci\u00f3n. El VIH no se contagia (es decir no pasa por el contacto), se transmite por fluidos corporales. <\/p>\n<p>P.- \u00bfC\u00f3mo se puede manejar el momento en que un an\u00e1lisis de sangre confirma la presencia del virus? Tengo la impresi\u00f3n de que si me ocurriera, quisiera morirme.<\/p>\n<p>R.- A todos nos pasa igual en ese instante, lo primero que debemos hacer es el an\u00e1lisis confirmatorio. Hay que tener en cuenta que se puede vivir una vida absolutamente normal. <\/p>\n<p>P.- \u00bfSu trabajo s\u00f3lo se concentra en el tema VIH o tambi\u00e9n contempla la violencia dom\u00e9stica contra las mujeres, o el contagio de otras enfermedades igualmente peligrosas como la hepatitis B?<\/p>\n<p>R.- El centro es el VIH, pero en muchas circunstancias est\u00e1 \u00edntimamente vinculado a todo lo que se\u00f1al\u00e1s.<\/p>\n<p>P.- \u00bfPor qu\u00e9 no hay tests para saber si se es positivo que sean f\u00e1ciles de usar, baratos y al alcance de todos? Yo personalmente me he informado de c\u00f3mo hacerme los an\u00e1lisis, pero me da la sensaci\u00f3n de que no es algo f\u00e1cil de hacer por el sistema p\u00fablico. Y por lo privado suele ser car\u00edsimo. Conozco muy poco sobre el tema, pero me gustar\u00eda saber si existen tests similares al test de embarazo (f\u00e1cil de usar, barato, disponible en farmacias), y sino, por qu\u00e9.<\/p>\n<p>R.- \u00bfPor qu\u00e9 no hay tests para saber si se es positivo que sean f\u00e1ciles de usar, baratos y al alcance de todos? Yo personalmente me he informado de c\u00f3mo hacerme los an\u00e1lisis, pero me da la sensaci\u00f3n de que no es algo f\u00e1cil de hacer por el sistema p\u00fablico. Y por lo privado suele ser car\u00edsimo. Conozco muy poco sobre el tema, pero me gustar\u00eda saber si existen tests similares al test de embarazo (f\u00e1cil de usar, barato, disponible en farmacias), y sino, por qu\u00e9.<\/p>\n<p>P.- Patricia, soy un cat\u00f3lico practicante y si bien no me considero un pacato conservador, creo que las pol\u00edticas educativas que vosotros promov\u00e9is de explicar cuestiones preventivas desde muy temprana edad, pueden confundir a ni\u00f1os y pre-adolescentes. No creo que exponer preservativos y repartirlos sean una soluci\u00f3n real al VIH.<\/p>\n<p>R.- Respetando sus creencias religiosas, la OMS le dio car\u00e1cter de instrumento de prevenci\u00f3n cient\u00edficamente comprobado al preservativo. Hay que adecuar a las edades y maduraci\u00f3n de los m\u00e1s j\u00f3venes las explicaciones e introducci\u00f3n en estos temas. Tal vez a los m\u00e1s chicos se les pueda hablar sobre el estigma y la discriminaci\u00f3n, por ejemplo.<\/p>\n<p>P.- \u00bfC\u00f3mo se siente usted al ser candidata del premio Nobel de la Paz y si en el caso de conseguirlo, c\u00f3mo cree que llegar\u00eda a cambiar su vida?<\/p>\n<p>R.- Una gran emoci\u00f3n y una enorme responsabilidad desde que me hicieron el anuncio. De conseguirlo, ser\u00eda una gran oportunidad para el crecimiento de ICW y sus programas de desarrollo y sin ningua duda, mi vida ha de cambiar, se multiplicar\u00edan las acciones para detener la pandemia. <\/p>\n","protected":false},"excerpt":{"rendered":"<p>Esta argentina es la primera mujer seropositiva candidata al Premio Nobel de la Paz. Es profesora, tiene un hijo y est\u00e1 al frente de su hogar, como miles de mujeres en la regi\u00f3n. Patricia P\u00e9rez ha hablado con los lectores sobre el VIH, los nuevos tratamientos y c\u00f3mo se trata la enfermedad a nivel social.<\/p>\n","protected":false},"author":1,"featured_media":0,"comment_status":"open","ping_status":"open","sticky":false,"template":"","format":"standard","meta":{"footnotes":""},"categories":[],"tags":[],"class_list":["post-1113","post","type-post","status-publish","format-standard","hentry"],"_links":{"self":[{"href":"https:\/\/intervius.com\/index.html\/wp-json\/wp\/v2\/posts\/1113","targetHints":{"allow":["GET"]}}],"collection":[{"href":"https:\/\/intervius.com\/index.html\/wp-json\/wp\/v2\/posts"}],"about":[{"href":"https:\/\/intervius.com\/index.html\/wp-json\/wp\/v2\/types\/post"}],"author":[{"embeddable":true,"href":"https:\/\/intervius.com\/index.html\/wp-json\/wp\/v2\/users\/1"}],"replies":[{"embeddable":true,"href":"https:\/\/intervius.com\/index.html\/wp-json\/wp\/v2\/comments?post=1113"}],"version-history":[{"count":0,"href":"https:\/\/intervius.com\/index.html\/wp-json\/wp\/v2\/posts\/1113\/revisions"}],"wp:attachment":[{"href":"https:\/\/intervius.com\/index.html\/wp-json\/wp\/v2\/media?parent=1113"}],"wp:term":[{"taxonomy":"category","embeddable":true,"href":"https:\/\/intervius.com\/index.html\/wp-json\/wp\/v2\/categories?post=1113"},{"taxonomy":"post_tag","embeddable":true,"href":"https:\/\/intervius.com\/index.html\/wp-json\/wp\/v2\/tags?post=1113"}],"curies":[{"name":"wp","href":"https:\/\/api.w.org\/{rel}","templated":true}]}}