{"id":11127,"date":"2012-12-21T00:00:00","date_gmt":"2006-11-06T00:00:00","guid":{"rendered":"https:\/\/intervius.com\/index.html\/?p=11127"},"modified":"2006-11-06T00:00:00","modified_gmt":"2006-11-06T00:00:00","slug":"Rafa_Blas11127","status":"publish","type":"post","link":"https:\/\/intervius.com\/index.html\/Rafa_Blas11127\/","title":{"rendered":"Rafa Blas"},"content":{"rendered":"<p>Pregunta.- Enhorabuena Rafa!! Espero que saques un buen disco. Como pregunta: \u00bfPara cantar a ese nivel has asistido a clases o eres autodidacta?<\/p>\n<p>Respuesta.- Empiezo a dar clases a partir de los 20 a\u00f1os. Estoy 4 a\u00f1os dando clases con Jos\u00e9 Cano del grupo Centinela de Albacete. Much\u00edsimas gracias por mandar la pregunta. <\/p>\n<p>P.- Aparte de la m\u00fasica heavy, qu\u00e9 tipo de m\u00fasica sueles escuchar?<\/p>\n<p>R.- Escucho un poco de todo. Me gusta la m\u00fasica cl\u00e1sica, el pop, el tecno&#8230; pero lo que m\u00e1s me gusta es el heavy. <\/p>\n<p>P.- \u00bfPor qu\u00e9 te gusta el heavy metal?.. <\/p>\n<p>R.- Porque lo descubr\u00ed a los 12 a\u00f1os, a esa edad ya empec\u00e9 a escuchar m\u00fasica heavy. <\/p>\n<p>P.- \u00bfIncluir\u00e1s en tu disco, adem\u00e1s de temas propios, alg\u00fan cover rockero (Bon Jovi, ACDC, Aerosmith&#8230;)?<\/p>\n<p>R.- Pues puede ser que coja alguna canci\u00f3n famosa espa\u00f1ola y la transforme a mi estilo musical. <\/p>\n<p>P.- Rafa \u00a1enhorabuena! m\/ por fin Espa\u00f1a elige otro tipo de voz, \u00bfahora cu\u00e1les son tus planes?&#8230;\u00bfno crees que el &#8220;mundillo&#8221; de la televisi\u00f3n no beneficia a tu imagen? Besos!!<\/p>\n<p>R.- Los planes de ahora son seguir trabajando much\u00edsimo y sacar un buen disco con buenas canciones, que le gusten a la gente. Sobre el tema de mi imagen, la televisi\u00f3n es un gran medio de comunicaci\u00f3n, y es de agradecer todo lo que ha hecho el programa La voz para mi, porque ha sido un sue\u00f1o hecho realidad. <\/p>\n<p>P.- \u00bfQu\u00e9 va a ser de Nocturnia ahora que has firmado con Universal?<\/p>\n<p>R.- Con Nocturnia seguir\u00e9 dentro de lo que pueda, si puedo tener tiempo, intentar\u00e9 seguir<\/p>\n<p>P.- \u00bfRafa por que con tanto talento no te apuntastes al casting de nuevo vocalista de Mago De Oz?.<\/p>\n<p>R.- S\u00ed que me apunt\u00e9, de hecho lo hice pero al final no me cogieron. <\/p>\n<p>P.- Rafa, me siento identificado con tu &#8220;Porqu\u00e9&#8221;. Que uno lleve el pelo largo, cante, escuche o toque Metal en todas sus variantes, no es sin\u00f3nimo de ser una mala persona, si no en mayor\u00eda de los casos es todo lo contrario. \u00bfNos prometes que con tu m\u00fasica, seguir\u00e1s siendo quien eres y no olvidar\u00e1s nunca la raz\u00f3n por la que te eres Metalero?. Mucho \u00e1nimo y t\u00fa puedes con todas las nuevas etapas que se presenten en tu vida.<\/p>\n<p>R.- Por supuesto que s\u00ed, yo voy a seguir con mis ra\u00edces y con mi esencia, con mi personalidad.<\/p>\n<p>P.- Por qu\u00e9 no te cortas el pelo ?<\/p>\n<p>R.- Porque me gusta llevarlo largo y en principio no me apetece cort\u00e1rmelo ahora. Si m\u00e1s adelante llega un verano muy caluroso y no puedo con ello, pues me lo tendr\u00e9 que cortar. <\/p>\n<p>P.- Aqui no caben medias tintas, y tienes que mojarte: Metallica o Megadeth?<\/p>\n<p>R.- Me gustan los dos, pero me decantar\u00eda por Metallica. Jajaja! <\/p>\n<p>P.- \u00bf Te animar\u00e1s a componer algo en tu pr\u00f3ximo disco?<\/p>\n<p>R.- S\u00ed, claro que s\u00ed, de hecho soy compositor y tengo canciones propias<\/p>\n<p>P.- supongo que todo est\u00e1 siendo muy r\u00e1pido para ti, pero.. \u00bf te has pillado a ti mismo en el escenario junto a gente como Bisbal, Leona, Alejandro y flipando? Me pongo en tu piel y me preguntaria &#8221; QUE HAGO YO AQUI&#8221;???<\/p>\n<p>R.- La verdad es que es algo impresionante, algo que yo nunca pensaba que iba a lograr, porqeu son cantantes que son grandes artistas a nivel mundial. Creo que es un orgullo cantar junto a ellos. <\/p>\n<p>P.- Hola Rafa. Enorabuena y gracias por atreverte a sacar al heavy a la primera l\u00ednea de actualidad al menos por unos d\u00edas. Mi pregunta es, \u00bfQu\u00e9 te parecen los comentarios de Leo Jimenez en facebook y del resto de los Stravaganzza criticando que se diera a entender que los arreglos de &#8220;hijo de la luna&#8221; eran novedosos y creados para t\u00ed sin ninguna menci\u00f3n o reconocimiento a su versi\u00f3n? \u00bfNo hubiese estado bien por tu parte hacer esta menci\u00f3n ya que los conoces de tu etapa en Nocturnia? Un saludo.<\/p>\n<p>R.- En la rueda de prensa de ayer ya lo dije claramente, que era una versi\u00f3n de Stravaganzza. Para m\u00ed Leo Jim\u00e9nez es un gran cantante heavy que tenemos aqu\u00ed en Espa\u00f1a.<\/p>\n<p>P.- Saludos Rafa lo primero enhorabuena macho, necesitamos mas metal en este pais. Algo mas de punk tambien pero eso es otro tema. Al lio, el otro dia estaba conduciendo el coche y en la radio pusieron el temazo de Obus &#8220;vamos muy bien&#8221; y me dije, esta cancion el Rafa la peta!! Te ves cantando canciones Metaleras espanolas? Temazos como este tienen que ser rescatados para los chavales y creo que nadie como tu para hacerlo. Un saludo!<\/p>\n<p>R.- Ya se ir\u00e1 viendo, seguramente haga alguna versi\u00f3n de uno de estos grupos, para recordar antiguos tiempos. <\/p>\n<p>P.- \u00bfPor qu\u00e9 no has sido m\u00e1s fiel al aut\u00e9ntico heavy? Quiz\u00e1s no habr\u00edas ganado,pero habr\u00edas sido m\u00e1s t\u00fa mismo, creo. Al \u00e9xito llegar\u00e1s de las manos del heavy, eso seguro. Gracias por responder, Rafa<\/p>\n<p>R.- La verdad es que no he hecho ninguna canci\u00f3n heavy en el programa, pero s\u00ed que he intentado hacer heavy cada canci\u00f3n que he cantado. Pero soy consciente de que no he ehcho ninguna canci\u00f3n heavy en el programa. <\/p>\n<p>P.- Creo que tu voz es mucho m\u00e1s metalera de lo que has demostrado en la Voz. \u00bfTe habr\u00eda gustado cantar en las galas una canci\u00f3n de Iron Maiden, en lugar de Bon Jovi, por ejemplo?<\/p>\n<p>R.- Por supuesto que s\u00ed, por ejemplo The Trooper. <\/p>\n<p>P.- Enhorabuena Rafa. No estoy de co\u00f1a&#8230; pero, te atrever\u00edas con el &#8220;se nos rompi\u00f3 el amor&#8221; de Rocio Jurado? Siempre he pensado que ser\u00eda un punto hacerle una version heavy<\/p>\n<p>R.- No lo hab\u00eda pensado, pero todo es mirarlo y ver qu\u00e9 es lo que se puede hacer, jejeje<\/p>\n<p>P.- Enhorabuena Rafa!. Aparte de tu poderosa voz, a la gente le ha gustado tu humildad. \u00bfCr\u00e9es que el \u00e9xito puede cambiarte?. Saludos desde Sagunto.<\/p>\n<p>R.- No, qu\u00e9 va. El \u00e9xito no me va a cambiar para nada. Soy una persona que tengo mi personalidad y eso no lo va a cambiar nadie. <\/p>\n<p>P.- Enhorabuena Rafa. Me gustar\u00eda preguntarte si vas a crear un grupo de heavy o progresivo y a componer m\u00fasica de la buena. \u00bfQue grupos de la actualidad te gusta escuchar?<\/p>\n<p>R.- Primero tendr\u00e9 que hablar con la compa\u00f1\u00eda y dejar claro el nuevo trabajo que vamos a hacer. Me gusta escuchar Saratoga, Warcry, Centinela, Angelus Apatrida, Opera magna, Dragonfly, Nocturnia, Zenobia, Bullet for my Valentine, etc<\/p>\n<p>P.- Hola Rafa! No s\u00e9 si habr\u00e1s leido alguno de los bastantes articulos de opini\u00f3n publicados en los medios especializados en metal despu\u00e9s del revuelo por tu victoria. \u00bfCrees que aparte de a tu carrera, esto puede dar un empujoncito al menos al metal nacional?<\/p>\n<p>R.- Yo creo que s\u00ed, que le va a venir muy bien al metal en el panorama nacional. Creo que se intentar\u00e1 apostar m\u00e1s por este tipo de m\u00fasica, y a ver si sale alg\u00fan festival m\u00e1s o salen propuestas nuevas&#8230; Yo he hecho todo lo que he podido<\/p>\n<p>P.- Buenas tardes Rafa. El disco que vas a grabar con Universal, \u00bftendr\u00e1 temas propios o te centrar\u00e1s en versiones de otros grupos? \u00bfO quiz\u00e1s ambas cosas? Un saludo desde Albacete<\/p>\n<p>R.- Van a ser la mayor\u00eda temas propios. Quiero hacer temas propios y coger alguna canci\u00f3n famosa espa\u00f1ola y hacerla metalera. <\/p>\n<p>P.- Hola Rafa. Hace un a\u00f1o por estas fechas, ni por asomo pensabas estar donde est\u00e1s ahora&#8230;y por tanto yo me pregunto, te has juntado ya con tu gente para celebrarlo como lo hubieses hecho hace un a\u00f1o cuando aun no te conoc\u00edamos?? Disfruta tu momento, te lo has ganado. Un abrazo.<\/p>\n<p>R.- Todav\u00eda no estoy con mi familia, pero esperobajar ya pronto para pasar las navidades juntos<\/p>\n<p>P.- \u00bfA parte de cantar, sabes tocar alg\u00fan otro instrumento? Enhorabuena y gracias<\/p>\n<p>R.- Muchas gracias, s\u00e9 tocar la guitarra y el piano<\/p>\n<p>P.- Me haces sentirme orgulloso porque otra persona de Albacete sobresale por lo que sea en el mundo. Ya est\u00e1 bi\u00e9n de utilizar el nombre de Albacete con referencia a &#8220;provinciano&#8221; o &#8220;paleto&#8221;. Herencia del &#8220;franquismo&#8221; Gracias por tu aporte al buen nombre de Albacete y sobre todo tu pueblo Isso o Hell\u00edn<\/p>\n<p>R.- De nada<\/p>\n<p>P.- Hola Rafa.\u00bfCu\u00e1ndo saldr\u00e1 t\u00fa disco?<\/p>\n<p>R.- No tiene fecha todav\u00eda, estamos en ello<\/p>\n<p>P.- Hola Rafa.\u00bfColaborar\u00e1 David Bisbal en t\u00fa disco?<\/p>\n<p>R.- Pues si dios quiere y no pasa nada, seguramente s\u00ed<\/p>\n<p>P.- cual cres que fue el mejor bajista que tubo metallica, cliff, jason o robert?<\/p>\n<p>R.- Cliff <\/p>\n<p>P.- \u00bfTe gusta el Rock setentero?\u00bfhar\u00e1s algo parecido?<\/p>\n<p>R.- Me gusta: intentar\u00e9 hacer algo parecido pero m\u00e1s modernito<\/p>\n<p>P.- que opinas de aquellos que dicen que solo se nota que cantas en las partes altas de las canciones, medio gritando, y no en las notas bajas?<\/p>\n<p>R.- Pues que es la ooini\u00f3n de la gente, y todo es respetable<\/p>\n<p>P.- \u00a1Enhorabuena Rafa! Estoy muy alegre y un poco en estado de shoc por el hecho de que al fin un Metalero le hayan permitido ganar un concurso de m\u00fasica en este pa\u00eds. \u00bfCon qu\u00e9 objetivo te presentaste, con el de ganar como artista a nivel individual o con el de conseguir que ganase el g\u00e9nero de m\u00fasica Metal? Headbangings colega! m\/<\/p>\n<p>R.- \u00a1Enhorabuena Rafa! Estoy muy alegre y un poco en estado de shoc por el hecho de que al fin un Metalero le hayan permitido ganar un concurso de m\u00fasica en este pa\u00eds. \u00bfCon qu\u00e9 objetivo te presentaste, con el de ganar como artista a nivel individual o con el de conseguir que ganase el g\u00e9nero de m\u00fasica Metal? Headbangings colega! m\/<\/p>\n<p>P.- Hola Rafa \u00bfTe gusta el metal clasico? Maiden, Manowar, Blind Guardian&#8230;Mi grupo favorito es Manowar \u00bfQ opinas de ellos?\u00bfY cual es tu grupo favortio? Espa\u00f1a es heavy!!!!<\/p>\n<p>R.- Me gusta much\u00edsmo Manowar, pero mi grupo favorito es Iron Maiden<\/p>\n<p>P.- Rafa ganador ! Qu\u00e9 tal sienta la fama?<\/p>\n<p>R.- Todav\u00eda no soy consciente, porque ha pasado todo tan r\u00e1pido que tengo que asimilarlo todav\u00eda, pero lo que s\u00ed que estoy es muy contento<\/p>\n<p>P.- Lo que m\u00e1s me gusta de Rafa es que convierte en nuevas canciones conocidas, trasmite una energ\u00eda y una forma de sentir totalmente personal que encandila. Le deseo todo lo mejor, fue mi favorito desde que le o\u00ed cantar la primera vez y, aunque no he seguido el programa, s\u00ed he estado pendiente de los pasos de Rafa. Me gustar\u00eda preguntarle si vive la m\u00fasica con la misma intensidad que transmite, un abrazo y mucha suerte<\/p>\n<p>R.- S\u00ed, claro que lo vivo con la misma intensidad<\/p>\n<p>P.- Creo que te caer\u00eda muy bien cambiar un poco tu image, pues tu esencia seguir\u00e1 la misma. Te parece una buena idea? Mucho \u00e9xito!<\/p>\n<p>R.- Bueno, respeto tu opini\u00f3n, pero yo voy a seguir como soy, con mi imagen y mi personalidad<\/p>\n<p>P.- Rafa, \u00bfest\u00e1s dispuesto a sacar un disco del g\u00e9nero que te propongan? Yo creo que quedar\u00eda muy bien un disco tuyo de m\u00fasica latina con algunas pinceladas heavys.<\/p>\n<p>R.- Creo que la discogr\u00e1fica me va a respetar mucho, la personaldiad que tengo a la hora de hacer m\u00fasica. Tendremos que esllegar a un acuerdo mutuo, ellos expondr\u00e1n sus opiniones y yo las m\u00edas y tendremos que llegar a un acuerdo. No puedo pretender que ellos hagan todo lo que yo diga no yo hacer todo lo que ellos me pidan<\/p>\n<p>P.- \u00bfTienes un plan B por si tu carrera musical no llega a buen puerto? <\/p>\n<p>R.- No me he planteado eso, solamente pienso en que tengo que trabajar mucho y esforzarme a tope para hacer un buen trabajo que le guste a la gente. Soy consciente de que a todo el mundo no le va a gustar, pero bueno&#8230; <\/p>\n<p>P.- Hola Rafa ..soy de Per\u00fa, y debo decirte que tienes una maravillosa voz, ojala alg\u00fan d\u00eda puedas estar por Per\u00fa y lucir tu voz&#8230; estar\u00e1s en Albacete haciendo un concierto o firmando aut\u00f3grafos?<\/p>\n<p>R.- En principio no, porque voy a estar descnasando estos d\u00edas de Navidad, pero m\u00e1s adelante supongo que haremos algo por mi tierra<\/p>\n","protected":false},"excerpt":{"rendered":"<p>El ganador del concurso La Voz, que ha batido r\u00e9cords de audiencia en Telecinco, responder\u00e1 a los lectores sobre su participaci\u00f3n en el programa.<br \/>\nRafa gana la final de la primera edici\u00f3n de La Voz<br \/>\nPerfil: el heavy blandito<br \/>\nM\u00e1s entrevistas digitales<\/p>\n","protected":false},"author":1,"featured_media":0,"comment_status":"open","ping_status":"open","sticky":false,"template":"","format":"standard","meta":{"footnotes":""},"categories":[],"tags":[],"class_list":["post-11127","post","type-post","status-publish","format-standard","hentry"],"_links":{"self":[{"href":"https:\/\/intervius.com\/index.html\/wp-json\/wp\/v2\/posts\/11127","targetHints":{"allow":["GET"]}}],"collection":[{"href":"https:\/\/intervius.com\/index.html\/wp-json\/wp\/v2\/posts"}],"about":[{"href":"https:\/\/intervius.com\/index.html\/wp-json\/wp\/v2\/types\/post"}],"author":[{"embeddable":true,"href":"https:\/\/intervius.com\/index.html\/wp-json\/wp\/v2\/users\/1"}],"replies":[{"embeddable":true,"href":"https:\/\/intervius.com\/index.html\/wp-json\/wp\/v2\/comments?post=11127"}],"version-history":[{"count":0,"href":"https:\/\/intervius.com\/index.html\/wp-json\/wp\/v2\/posts\/11127\/revisions"}],"wp:attachment":[{"href":"https:\/\/intervius.com\/index.html\/wp-json\/wp\/v2\/media?parent=11127"}],"wp:term":[{"taxonomy":"category","embeddable":true,"href":"https:\/\/intervius.com\/index.html\/wp-json\/wp\/v2\/categories?post=11127"},{"taxonomy":"post_tag","embeddable":true,"href":"https:\/\/intervius.com\/index.html\/wp-json\/wp\/v2\/tags?post=11127"}],"curies":[{"name":"wp","href":"https:\/\/api.w.org\/{rel}","templated":true}]}}