{"id":11101,"date":"2012-12-17T00:00:00","date_gmt":"2006-11-06T00:00:00","guid":{"rendered":"https:\/\/intervius.com\/index.html\/?p=11101"},"modified":"2006-11-06T00:00:00","modified_gmt":"2006-11-06T00:00:00","slug":"Alfredo_Relano11101","status":"publish","type":"post","link":"https:\/\/intervius.com\/index.html\/Alfredo_Relano11101\/","title":{"rendered":"Alfredo Rela\u00f1o"},"content":{"rendered":"<p>Pregunta.- Hola se\u00f1or Rela\u00f1o, desde mexico, aparte del Arsenal conoce Ud. Mas equipos que han sido campeones sin perder, considera que este Barcelona puede lograr esa gesta\u00bf<\/p>\n<p>Respuesta.- El Real Madrid y el Athletic de Bilbao, en Espa\u00f1a, lo fueron antes de la Guerra Civil. Claro, que entonces la Liga era m\u00e1s corta, diez equipos, dieciocho partidos. Claro que el Bar\u00e7a puede serlo este a\u00f1o. Puede haber alg\u00fan descuido, sobre todo al final, cuando ya sea campe\u00f3n a falta de varias jornadas. Y tendr\u00e1 que pasar por el Bernab\u00e9u. Pero le veo capaz. Con Messi a dos goles por partido, \u00bfqui\u00e9n para eso?<\/p>\n<p>P.- Que tal Alfredo&#8230;A Juande lo largaron por perder 2-6 contra el Barsa, A Bernardo por decir q no se pod\u00eda ganar ahora mismo en el Camp Nou, etc etc&#8230;Al &#8220;se\u00f1or Mourinho&#8221; se le consiente q diga q la liga est\u00e1 imposible en &#8220;diciembre&#8221;? Ha cambiado tanto la afici\u00f3n merengue para consentir esto? Gracias&#8230;<\/p>\n<p>R.- La afici\u00f3n del Madrid se est\u00e1 dividiendo, en lo que yo veo. Quedan bastantes mourinhistas, muy radicalizados, pero menos numerosos.<\/p>\n<p>P.- Alfredo, una de balonmano: \u00bfqu\u00e9 te parece que la Liga ASOBAL est\u00e9 ya sentenciada tras la victoria del Bar\u00e7a contra el Atl\u00e9tico de Madrid, cuando a\u00fan quedan cinco meses de competici\u00f3n? \u00bfNo crees que el Atl\u00e9tico se ha debilitado mucho con las bajas del pasado verano y que el Bar\u00e7a es bastante superior a d\u00eda de hoy?<\/p>\n<p>R.- S\u00ed, se tem\u00eda de antemano. No le llega el dinero y se distancia. El Bar\u00e7a es medjor y los dem\u00e1s est\u00e1n lejos, de modo que ya vemos todo resuelto.<\/p>\n<p>P.- Me podria brindar su opinion sobre la macarrada mas propia de la camorra italiana de llevar a un compa\u00f1ero vuestro a una sala contigua y amenazarle para que diga sus fuentes. A esto hemos llegado que se permite absolutamente todo<\/p>\n<p>R.- La expres\u00e9 en mi art\u00edculo de ayer. Lo califiqu\u00e9 de bravuconer\u00eda de cuarta. El Madrid est\u00e1 en manos de unos pandilleros. <\/p>\n<p>P.- Felicidades por tus reportajes hist\u00f3ricos, el de hoy de Gorostiza, muy interesante. Respecto a la actualidad. Ahora que se habla el Madrid se volcar\u00e0 en la Champions, \u00bfA que crees que se debe la extra\u00f1a habilidad en conseguirla en a\u00f1os de bajo rendimiento liguero?. La 7a, 8a y 9a fueron en temporadas lamentables y el summum fue del 58 al 69: en 11 a\u00f1os 8 ligas y 3 Champions, \u00a1y consiguieron que no coincidera ninguna!. El Bar\u00e7a en cambio, o hace la temporada perfecta o nada. <\/p>\n<p>R.- Hay algo de l\u00f3gico. El Madrid casi siempre tiene buenos jugadores. En a\u00f1os en que por falta de continuidad o de concentraci\u00f3n (viene a ser lo mismo) se rezaga en la Liga pone m\u00e1s \u00e9nfasis en sus partidos de Champions. Es verdad que ha pasado muchas veces. Curiosamente, el Bar\u00e7a las cuatro que ha ganado las ha ganado con Liga. Es curioso. <\/p>\n<p>P.- Alfredo \u00bfcomo va la lesi\u00f3n del Pipita Higuain? desde los medios de comunicaci\u00f3n nos estas acojonando, con perd\u00f3n, diciendo que es muchisimo mas grave de lo que parece y que a lo mejor hay que ir al mercado de invierno a fichar. Necesitamos noticias!<\/p>\n<p>R.- El hermetismo del Madrid alcanza a los servicios m\u00e9dicos. No hay parte m\u00e9dico. Todo en el Madrid es oscuro y confuso y da p\u00e1bulo a cualquier teor\u00eda. Lo que s\u00ed veo desde hace tiempo es que al Madrid le duran m\u00e1s las lesiones que antes, caso m\u00e1s que a cualquier equipo. <\/p>\n<p>P.- buenos dias,Don Alfredo Rela\u00f1o,piensa usted que en el vestuario del Real Madrid esta entrando poco a poco en una Anarquia?<\/p>\n<p>R.- Est\u00e1 entrando en hartazgo de los bocinazos de un jefe que adem\u00e1s no es justo, porque tiene unas preferencias que se le notan. Un jefe que no es justo puede tener el poder, pero no la autoridad. <\/p>\n<p>P.- Hola buenos d\u00edas se\u00f1or Rela\u00f1o. No le parece que la vida tiene un ir\u00f3nico sentido del humor? Mou est\u00e1 desquiciado por alguien a quien agredi\u00f3, del que incluso minti\u00f3 diciendo que no lo conoc\u00eda, burl\u00e1ndose de su nombre. Justicia po\u00e9tica creo que lo llaman&#8230;<\/p>\n<p>R.- Justicia po\u00e9tica, s\u00ed. Recuede aquello de tu dedo se\u00f1ala nuestro camino. \u00a1Qu\u00e9 sarcasmo! Se dir\u00eda que un duende cul\u00e9 fue quien escribi\u00f3 esa pancarta. Nunca he sentido m\u00e1s verg\u00fcenza del Madrid que cuando la vi extendida en un anfiteatro del Bernab\u00e9u.<\/p>\n<p>P.- Buenos d\u00edas, Alfredo: \u00bfRealmente nos interesa tener esta liga? Tener un equipo superior a los dem\u00e1s, que cuando tiene un apuro es solucionado por unos \u00e1rbitros que trabajan para ellos, un due\u00f1o de los derechos de televisi\u00f3n que es un forofo y trabaja por y para el Barcelona&#8230; \u00bfno nos lleva al final del f\u00fatbol espa\u00f1ol? De hecho, un ejemplo: este a\u00f1o ya conozco cinco casos (incluido yo) de personas que hemos dado de baja el contrato de f\u00fatbol (golTv o C Liga) porque no nos interesa colaborar econ\u00f3micamente con esta mafia que, encima, nos ofrece un producto tremendamente aburrido.<\/p>\n<p>R.- Bueno, yo no lo veo tan mal, sinceramente. Me gusta, aunque hay cosas en las que coincido con usted. Pero los horarios ya no los pone Roures, si esa es prte de sus preocupaciones. <\/p>\n<p>P.- Hola Alfredo. \u00bfC\u00f3mo es el d\u00eda a d\u00eda del director de As?\u00bfCuales son las funciones y qu\u00e9 decisiones debe tomar? Te o\u00ed ayer pero no entend\u00ed bien \u00bfqu\u00e9 era eso de los cuadro milenarios del Mueseo del Prado?\u00bfAlgo que te dijo o ha escrito Mourinho? Pro cierto, te he le\u00eddo que comentando con Gento, pens\u00e1bais que antes se superar\u00eda su record de un jugador gananco 6 Copas de Europa que las 12 Ligas. Parec\u00eda que s\u00ed, pero si no estoy equivocado, Giggs lleva ya 12 Premiers, y cuidado este a\u00f1o&#8230;<\/p>\n<p>R.- Me levanto en torno a las nueve, leo AS y EL Pa\u00eds en la tableta, vengo al peri\u00f3dico, reviso el resto de peri\u00f3dicos, miro el correo, charlo con unos y con otros, hacemos una reuni\u00f3n a la una y media de unas quince personas para planificar el peri\u00f3dico, como con alguien relacionado con el trabajo, me ocupo de c\u00f3mo van las p\u00e1ginas principales, hago m\u00e1s llamadas, charlo con unos y ocn otros, hago la portada y me voy sobre las diez&#8230; si no ha habido partido. Si ha habido partido, pues despu\u00e9s de acabar. Los viernes no vengo; tambi\u00e9n libro s\u00e1bado o domingo, el d\u00eda de los dos que haya partidos menos importantes. S\u00e1bado o domingo venimos por la tarde, a las cuatro. Los d\u00edas que no vengo estoy atento al peri\u00f3dico y tambi\u00e9n hago mi art\u00edculo y controlo la portada. Lo de Mourinho est\u00e1 en el pr\u00f3logo escrito por \u00e9l de un libro titulado Biblia del Real Madrid. &#8220;El Prado impresiona por su colecci\u00f3n de arte milenario&#8230;&#8221; Y s\u00ed, era Gento el que dec\u00eda eso, que consideraba m\u00e1s dif\u00edcil llegar a doce Ligas que a seis Copas de Europa. Por lo visto no ha sido as\u00ed. <\/p>\n<p>P.- No crees que Casillas tiene que ver algo con los goles a balon parado, ayer por ejemplo se quedo debajo delos tres palos en el segundo gol y desisivo.<\/p>\n<p>R.- Creo que el bal\u00f3n no pas\u00f3 por su alcance antes de los rechaces. Yo del de ayer no le culpo. <\/p>\n<p>P.- Alfredo, la carrera de los dos porteros titulares de los dos mejores equipos de Espa\u00f1a no tardar\u00e1n ya demasiado en ir decayendo y sus equipos har\u00edan bien en ir buscando sustituto joven de garant\u00edas. \u00bfQu\u00e9 j\u00f3venes porteros crees que hay en el mundo que puedan ponerse en un futuro los guantes del Madrid y el Barcelona? Un abrazo.<\/p>\n<p>R.- Caray, es dif\u00edcil. Yo le veo futuro a Courtois, a\u00fan espero que De Gea termine de cuajar, aunque no le veo para arriba. (Un poco me pasa por Courtois). De los j\u00f3venes de Espa\u00f1a me gustan Andr\u00e9s y Adri\u00e1n, \u00e9ste ha superado el destrozo del Sevilla muy bien. Como esos dos no es f\u00e1cil que salgan enseguida. Son de \u00e9poca. V\u00edctor ha tenido la mala suerte de salir justo despu\u00e9s que Casillas, si no fuera por eso se habr\u00eda hartado a jugar en la Selecci\u00f3n.<\/p>\n<p>P.- Hola jefe!! Empezemos.. De Mou no comento que se me han acabao los adjetivos&#8230; Casillas est\u00e1 mal&#8230; Arbeloa no puede ser m\u00e1s que una broma de mal gusto&#8230; Xabi lleva un a\u00f1o penoso (pero tiene &#8220;bula&#8221;, ni una sola cr\u00edtica recibe)&#8230; Coentrao correcto, pero cost\u00f3 30 kilos!! A Khedira llevo 3 a\u00f1os esper\u00e1ndolo&#8230; Ozil, Modric o Di Maria juegan 1 d\u00eda bien de cada 4 (no compensa por maravilloso q sea ese dia)&#8230; Benzema es un &#8220;9&#8221; que no tiene gol&#8230; Kaka ni hablo&#8230;. Callej\u00f3n bastante hace.. As\u00ed q libro a Pepe (q vaya imagen da, pero es un pedazo Central), a Ramos y a CR7, y si quieres a Iker&#8230;. a 4 de 11&#8230;<\/p>\n<p>R.- Tomo nota, aunque me parece un poco pesimista el an\u00e1lisis.<\/p>\n<p>P.- Alfredo, el Bar\u00e7a ha superado con creces el r\u00e9cord del mejor inicio de la historia en la Liga que consigui\u00f3 el Madrid de Radomir Antic en la temporada 1991-92, con 12 victorias y 2 empates en 14 jornadas. Sin embargo, sorprendentemente, aquel equipo no gan\u00f3 la Liga y Antic fue cesado. \u00bfQu\u00e9 paso, Alfredo? \u00bfMe lo puedes recordar?<\/p>\n<p>R.- Pas\u00f3 que Mendoza se extravi\u00f3. Antic hab\u00eda entrado el curso anterior en malas condiciones para completar la Liga y Mendoza se hab\u00eda comprometido con Beenhakker para la Liga siguiente. Como Antic acab\u00f3 mejor de lo esperado, no tuvo alma para quitarlo y dej\u00f3 a Beenhakker como manager, al acecho. Antic lleg\u00f3 a tener ocho puntos de ventaja para el segundo, pero se redujeron a tres y justo al acabar la primera vuelta Mendoza le ech\u00f3 para por fin poner a Beenhakker. Se acusaba adem\u00e1s al equipo de aburrido. Hierro jugaba en la media, cosa que se discut\u00eda mucho. En la segunda vuelta, con Beenhakker, el Madrid hizo ocho puntos menos que en la primera, con Antic. Perdi\u00f3 esa Liga en \u00faltima instancia con el Dream Team. Esa fue la primera de las Ligas de Tenerife. <\/p>\n<p>P.- Alfredo, el otro d\u00eda le\u00ed en As una interesante entrevista al ex jugador del Madrid Ricardo Gallego, que dijo cosas muy interesantes, como que le echaron de mala manera del club sin que Valdano, con quien jug\u00f3, le dijera nada, y se preguntaba por qu\u00e9 no estaban trabajando en el Madrid personas como Pirri o Santillana. \u00bfQu\u00e9 opinas de estas declaraciones? \u00bfNo crees que tiene raz\u00f3n y que en el Madrid deber\u00edan estar trabajando personas como Pirri, Santillana, M\u00edchel, Mart\u00edn V\u00e1zquez, Sanch\u00eds, que dan una excelente imagen del Madrid, en vez de portugueses camorristas que est\u00e1n aqu\u00ed por dinero y por curr\u00edculum y que les importa un bledo la imagen del Madrid?<\/p>\n<p>R.- S\u00ed, me sabe mal este Madrid en el que no cabe el talento de bastantes de los que han pasado, que son buenos o muy buenos. Particularmente mal me sabe que saliera de ah\u00ed Del Bosque, que significaba para m\u00ed la armaz\u00f3n del club.<\/p>\n<p>P.- Buenos d\u00edas Alfredo, cierto que la distancia es casi insalvable, cierto que el equipo no esta ni de lejos como el a\u00f1o pasado, cierto que el Barca esta muy fuerte,es l\u00f3gico que se critique lo meramente deportivo, pero yo como seguidor y cr\u00edtico que lo soy no voy dejar de lado a este magnifico equipo y gran entrenador, ahora mi pregunta es que se persigue con tanta cr\u00edtica fuera de lo estrictamente futbolistico? lo hablo con muchos madridistas y de verdad que nos desconciertan, gracias y un saludo<\/p>\n<p>R.- No veo tanta cr\u00edtica fuera de la estrictamente futbol\u00edstico. O quiz\u00e1 s\u00ed lo haya. Mourinho tiene un toque gamberro que provoca eso. <\/p>\n<p>P.- Alfredo, el Bar\u00e7a ha superado el r\u00e9cord del mejor inicio de la historia en la Liga que consigui\u00f3 el Madrid de Radomir Antic en la temporada 1991-92, con 12 victorias y 2 empates en 14 jornadas. Sin embargo, sorprendentemente, aquel equipo no gan\u00f3 la Liga y Antic fue cesado. \u00bfQu\u00e9 paso, Alfredo? \u00bfMe lo puedes recordar? <\/p>\n<p>R.- Va dos respuestas m\u00e1s arriba.<\/p>\n<p>P.- El futbolista que ha marcado m\u00e1s goles oficiales en un a\u00f1o natural es Godfrey Chitalu, de Zambia. En 1972, marc\u00f3 107 goles en todas las competiciones que disput\u00f3, por lo que la FIFA le otorg\u00f3 un Premio de Reconocimiento. \u00c9ste es el r\u00e9cord (vigente) de goles en un a\u00f1o, no el que se dec\u00eda de Muller. <\/p>\n<p>R.- Eso es. Pero recordarlo ha sentado mal a seg\u00fan qui\u00e9n, por lo que veo. <\/p>\n<p>P.- Parece que Tito Vilanova es m\u00e1s conservador con la cantera que Guardiola. Mantiene a los que \u00e9ste sac\u00f3, pero teniendo oportunidad de poner a Montoya y Bartra entre otros, prefiere jugadores de menos brillo y m\u00e1s empaque ( Adriano, Mascherano).<\/p>\n<p>R.- Poco a poco, supongo, y seg\u00fan vayan cuajando y vayan apareciendo necesidades. De momento el equipo marcha muy bien y eso que tuvo un agujero atr\u00e1s, con Puyol y Piqu\u00e9 simult\u00e1neamente lesionados. <\/p>\n<p>P.- Hola Alfredo; Me permito une reflexion sobre CR. El hecho de que Messi lleve 23 goles, 10 mas que CR y que Falcao lleve 16, debe ser una cura de humildad para este jugador. Soy madridista pero no me gustan esos tipos prepotentes et chulos. Prefiero un Madrid mas humilde sin CR ni MOU. Los vendemos y fichamos a Falcao y Silva. Que peinsas? Gracias<\/p>\n<p>R.- LLeva 25 Messi, no 23. He visto a Puskas ganar el Pichichi con menos. Y a muchos otros. Y es verdad que del Bar\u00e7a en general se pueden aprender muchas cosas y bueno es reconocerlo. <\/p>\n<p>P.- Alfredo, buenos d\u00edas. A los tipos que promueven valores, fomentan la deportividad y hablan bien del rival se les tacha de falsos, hip\u00f3critas y mea colonias y se dice que hacen la guerra sucia, y a los que dejan plantados a la prensa, meten dedos en el ojo, esperan al \u00e1rbitro en el parking, desprecian a la cantera, generan pol\u00e9mica y dividen se les ruega que se queden y se les elogia con calificativos de mejor entrenador del mundo. \u00bfQu\u00e9 est\u00e1 pasando en el periodismo deportivo? \u00bfNos estamos volviendo locos?<\/p>\n<p>R.- No creo que sea mi caso ni el de muchos otros. Las actitudes de Mourinho se reprochan con frecuencia. <\/p>\n<p>P.- Buenos dias Don Alfredo \u00bfque recuerdos tiene de aquel Sporting que casi gana un aliga y jugo dos finales de copa? \u00bfhacia un futbol bonito? Saludos de un sportinguista mas joven que usted<\/p>\n<p>R.- Hac\u00eda un f\u00fatbol bonito, atacante y estupendo. Le falt\u00f3 un punto de serenidad en alguna ocasi\u00f3n. Pero ha sido de los equipos de verdad buenos que he visto, con Ferrero, un extremo que era un diablo, Joaqu\u00edn y Mesa que armaban la media fenomenalmente, una defensa segur\u00edsima&#8230; Lleg\u00f3 a estar repleto de internacionales. Una \u00e9poca de oro. La Liga se fue en una derrota en Salamanca con un par de expulsiones de jugadores que en el partido seiguiente no pudieron jugar ante el Madrid en El Molin\u00f3n, deonde gan\u00f3 el Madrid 0-1.<\/p>\n<p>P.- \u00bfDir\u00eda que la soluci\u00f3n Tito Vilanova para encajar exitosamnte a Cesc, en lo que fall\u00f3 Guardiola, se inspira en la Espa\u00f1a de la Eurocopa, eso de jugar sin delanteros, como hiciera tambi\u00e9n el Barcelona de Pep contra el Santos hace un a\u00f1o pero no se atreviera a repetir m\u00e1s?<\/p>\n<p>R.- Yo veo bien a Iniesta por la izquierda, aunque a \u00e9l le cueste alejarse del juego. Pero le permite brujulear un poco haca el interior. A la derecha Pedro y en el centro Messi. Con eso puede jugar Cesc. Y tambi\u00e9n est\u00e1 ya Thiago ah\u00ed empujando. <\/p>\n<p>P.- Que Mou se acuerde de Guardiola ahora que deber\u00eda preocuparse por el buen hacer del equipo s\u00f3lo quiere decir una cosa: que definitivamente es un entrenador que necesita del fuego para bailar. Bueno, en realidad quiere decir otra cosa m\u00e1s: que el Real Madrid no alcanzar\u00e1 la estabilidad mientras est\u00e9 Mou, aun con la D\u00e9cima en la vitrina. \u00bfQu\u00e9 opina, don Alfredo?<\/p>\n<p>R.- Desde luego, Mourinho y estabilidad me parecen conceptos antit\u00e9ticos. <\/p>\n<p>P.- Le confieso que me emocion\u00f3 su art\u00edculo acerca de Messi, sobre todo la \u00faltima l\u00ednea, aquella que algo dec\u00eda sobre cruzar no una calle sino un oc\u00e9ano para verle jugar. Tambi\u00e9n le confieso que cuando lo vi salir en camilla me puse triste, y sepa que el destino del Barcelona me tiene sin cuidado. Me puse triste porque pens\u00e9 (pensamos muchos) que el futbol se quedar\u00eda cojo por mucho tiempo. Ese chico es futbol en estado puro. Ojal\u00e1 juegue futbol por muchos a\u00f1os. Cu\u00e1nta cursiler\u00eda destilo, \u00bfno? Pero bueno, mientras se sienta esto, quiere decir que el futbol vale la pena. Un abrazo<\/p>\n<p>R.- Muchas gracias, amigo. El f\u00fatbol vale la pena.<\/p>\n<p>P.- \u00bfPor qu\u00e9 cree que se critica tan poco a Florentino, si es evidente que el balance de sus gestiones es malo: mucho dinero invertido, pocos t\u00edtulos, emprobrecimiento de la imagen del Real Madrid, ausencia de un modelo a largo plazo? \u00bfSer\u00e1 porque vive detr\u00e1s de una cortina, a diferencia de otros presidentes a los que les gusta figurar y acercarse a un micr\u00f3fono tan pronto tienen una oportunidad?<\/p>\n<p>R.- S\u00ed, es porque vive detr\u00e1s de una cortina y porque el estruendo de Mourinho tapa tood lo dem\u00e1s. Y porque hay cosas de su figura que agradan a los madridistas, aunque el tiempo est\u00e1 haciendo surgir dudas.<\/p>\n<p>P.- Muy buenas, sr. Rela\u00f1o. \u00bfVe usted peligro de fractura social en el actual Real Madrid? Muchas gracias.<\/p>\n<p>R.- Cuando se vaya Mourinho todo volver\u00e1 a su ser.<\/p>\n<p>P.- \u00bfNo le parece que Juanito Mata ha crecido much\u00edsimo desde que est\u00e1 en el Chelsea? Es el jefe del equipo. Decide a qu\u00e9 ritmo jugar. Y todo eso en un momento de turbulencias. Me da mucho gusto por \u00e9l, pues son de esos jugadores que irradian puro futbol: cero ret\u00f3rico y cero f\u00edsico. Saludos.<\/p>\n<p>R.- S\u00ed se\u00f1or. Nos est\u00e1 dejando muy bien all\u00ed.<\/p>\n<p>P.- buenas tardes sr. Alfredo.esta es sobre el nuevo flamante recien ganador de la liga de futbol Mexicana.\u00bfno le huele a chamusquina?un equipo con solo cinco a\u00f1os de antiguedad,y en Mexico??un fuerte abrazo<\/p>\n<p>R.- No tengo criterio sobre eso. Me interesar\u00e9. Muchas gracias. <\/p>\n<p>P.- Recientemente he le\u00eddo su art\u00edculo sobre Gerd &#8220;Torpedo&#8221; M\u00fcller, a quien yo recuerdo casi tan bien como Ud. ya desde el mundial 70, en el que apareci\u00f3 \u00bfNo le parece que Soldado, por colocaci\u00f3n, por movilidad, por colocaci\u00f3n del cuerpo, por versatilidad en el remate, recuerda mucho a M\u00faller? Evidentemente Soldado tiene bastante m\u00e1s dominio t\u00e9cnico pero el resto es muy similar \u00bfno lo cree?<\/p>\n<p>R.- Recientemente he le\u00eddo su art\u00edculo sobre Gerd &#8220;Torpedo&#8221; M\u00fcller, a quien yo recuerdo casi tan bien como Ud. ya desde el mundial 70, en el que apareci\u00f3 \u00bfNo le parece que Soldado, por colocaci\u00f3n, por movilidad, por colocaci\u00f3n del cuerpo, por versatilidad en el remate, recuerda mucho a M\u00faller? Evidentemente Soldado tiene bastante m\u00e1s dominio t\u00e9cnico pero el resto es muy similar \u00bfno lo cree?<\/p>\n<p>P.- buenos dias Sr. Rela\u00f1o: me gustar\u00eda saber su opini\u00f3n sobre Nacho, Morata y Jose Rodriguez cree que son un jugadores para la primera plantilla de Madrid en los pr\u00f3ximos a\u00f1os.Gracias y un saludo <\/p>\n<p>R.- En los que m\u00e1s creo es en Jos\u00e9 Rodr\u00edguez y, lejanamente en Jes\u00e9 como posibles titulares. Creo que Nacho y Morata pueden tener un puesto en la plantilla durante alg\u00fan tiempo (casi lo tienen ya, han dejado de jugar en el Castilla) pero me temoq ue les falte algo para instalarse como titulares&#8230; Salvo que llegue un entrenador con esa inclinaci\u00f3n, que por ahora no lo hay.<\/p>\n<p>P.- Buenas Alfredo.\u00bfPor que nunca nadie comenta que Di St\u00e9fano jug\u00f3 alg\u00fan Mundial en donde hizo el rid\u00edculo?.O que estuvo en 3 selecciones y apenas hizo nada en ninguna de ellas<\/p>\n<p>R.- Di St\u00e9fano no jug\u00f3 ning\u00fan Mundial. Fue al de 1962 con Espa\u00f1a, pero fue lesionado. Jug\u00f3 en dos Selecciones: en la Argentina, fugazmente, con la que gan\u00f3 una Copa de Am\u00e9rica como estrella (marc\u00f3 8 goles en el campeonato, creo recordar) y en la espa\u00f1ola, a partir de nacionalizarse ya con 28 a\u00f1os. Marc\u00f3 23 goles fue el m\u00e1ximo goleador de Espa\u00f1a durante bastante tiempo, por delante ed Zarra y otros anteriores. El pinchazo grande fue que no nos clasificamos para el Mundial de 1958 por un absurdo empate 2-2 en Madrid con Suiza, con una delantera compuesta por Miguel, Kubala, Di St\u00e9fano, Luis Su\u00e1rez y Gento. Eso y una derrota en Escocia nos dej\u00f3 fuera.<\/p>\n","protected":false},"excerpt":{"rendered":"<p>Alfredo Rela\u00f1o, director del diario AS, analiza con los internautas la actualidad deportiva.<\/p>\n<p>Alfredo Rela\u00f1o en Twitter<\/p>\n","protected":false},"author":1,"featured_media":0,"comment_status":"open","ping_status":"open","sticky":false,"template":"","format":"standard","meta":{"footnotes":""},"categories":[],"tags":[],"class_list":["post-11101","post","type-post","status-publish","format-standard","hentry"],"_links":{"self":[{"href":"https:\/\/intervius.com\/index.html\/wp-json\/wp\/v2\/posts\/11101","targetHints":{"allow":["GET"]}}],"collection":[{"href":"https:\/\/intervius.com\/index.html\/wp-json\/wp\/v2\/posts"}],"about":[{"href":"https:\/\/intervius.com\/index.html\/wp-json\/wp\/v2\/types\/post"}],"author":[{"embeddable":true,"href":"https:\/\/intervius.com\/index.html\/wp-json\/wp\/v2\/users\/1"}],"replies":[{"embeddable":true,"href":"https:\/\/intervius.com\/index.html\/wp-json\/wp\/v2\/comments?post=11101"}],"version-history":[{"count":0,"href":"https:\/\/intervius.com\/index.html\/wp-json\/wp\/v2\/posts\/11101\/revisions"}],"wp:attachment":[{"href":"https:\/\/intervius.com\/index.html\/wp-json\/wp\/v2\/media?parent=11101"}],"wp:term":[{"taxonomy":"category","embeddable":true,"href":"https:\/\/intervius.com\/index.html\/wp-json\/wp\/v2\/categories?post=11101"},{"taxonomy":"post_tag","embeddable":true,"href":"https:\/\/intervius.com\/index.html\/wp-json\/wp\/v2\/tags?post=11101"}],"curies":[{"name":"wp","href":"https:\/\/api.w.org\/{rel}","templated":true}]}}