{"id":11099,"date":"2012-12-07T00:00:00","date_gmt":"2006-11-06T00:00:00","guid":{"rendered":"https:\/\/intervius.com\/index.html\/?p=11099"},"modified":"2006-11-06T00:00:00","modified_gmt":"2006-11-06T00:00:00","slug":"Javier_G-_Matallanas11099","status":"publish","type":"post","link":"https:\/\/intervius.com\/index.html\/Javier_G-_Matallanas11099\/","title":{"rendered":"Javier G. Matallanas"},"content":{"rendered":"<p>Pregunta.- Mata, lo de Diego Costa se pasa de casta\u00f1o oscuro. \u00bfNo puede el Cholo cantarle las 40? <\/p>\n<p>Respuesta.- Siempre ha tenido un car\u00e1cter complicado. Le pas\u00f3 en el Albacete cuando estuvo cedido. Y alg\u00fan rifi-rafe protagoniz\u00f3 en el Rayo. Seguro que por la expulsi\u00f3n de ayer tendr\u00e1 alg\u00fan reproche del entrenador y del club. Otra cosa es que haga caso&#8230;<\/p>\n<p>P.- Hola mata,q tal,mira el tema de leo baptistao q escribio tu compa\u00f1ero picu.como esta.gracias.<\/p>\n<p>R.- El Atl\u00e9tico ha contactado con el Rayo y lo tiene apalabrado para final de temporada. Lo intent\u00f3 para enero, pero el Rayo no lo quiere soltar en enero. El problema del Atl\u00e9tico es que hay m\u00e1s equipos importantes interesados en su fichaje. Aunque el Atl\u00e9tico tiene ventaja.<\/p>\n<p>P.- Hola: Dos preguntitas si tienes poderes para contestar: 1) \u00bfRealmente crees que el atletico de Madrid, esta de actualidad? Lleva el Atletico varios meses estando arriba cerca de Barcelona con gran esfuerzo y lo unico que habeis puesto en portadas y primeras paginas de papel y digitales es al Real Madrid y el Barsa. No teneis ni obejtividad ni criterio aunque ya son a\u00f1os pasandolo con el atletico y con los demas del &#8220;monton&#8221;. Yo lo unico que digo es que vosotros movesis el futbol a vuestro antojo por el poder que os otorga informar a los amantes del futbol pero que sepais que la gente se esta empezando a cansar de este monopolio por mucho que venda, al final perdereis. 2) \u00bfno Crees?. Gracias<\/p>\n<p>R.- Cuando el Atl\u00e9tico gana se le da la portada. Y en As siempre tiene de cuatro a cinco p\u00e1ginas. Menos que el Madrid y m\u00e1s que el Bar\u00e7a y el resto de equipos. <\/p>\n<p>P.- saludos Javier G. soy fiel seguidora del Valencia cf y megustaria saver de su oponion si cre que el valencia podria avensar mas largo de octavos de final y si no cres que pueda entrar ala siguente champion esque le veo muy flojo a my valencia espero su respuesta ,y un gran saludo desde aca de honduras c.a para ty soy una hondure\u00f1a pero valencista de corazon por eso estoy preocupada,esperare tu respuesta Javier .<\/p>\n<p>R.- El Valencia tiene plantilla para avanzar en Champions, llegar lejos en la Copa y optar a la tercera o cuarta plaza en Liga. Llorente se ha precipitado en la destituci\u00f3n de Pellegrino y ha tenido la oportunidad de fichar a Luis Aragon\u00e9s, pero Braulio eligi\u00f3 a Valverde, contra el criterio de parte del consejo y la masa social valencianista. <\/p>\n<p>P.- cuando se celebra el sorteo de la champions? <\/p>\n<p>R.- El jueves 20 de diciembre a las 11:30 horas se celebra el sorteo de Champions y a las 14:00 horas, el de Europa League.<\/p>\n<p>P.- Sr Javier solo una pregunta cre usted que se va elecciones al REAL MADRID HAY CANDIDATO<\/p>\n<p>R.- Parece que hay varios socios que est\u00e1n preparando su candidatura. En marzo o abril ya informar\u00e1n si se presentan. Pero parece que s\u00ed va a haber elecciones.<\/p>\n<p>P.- HOLA MATA CRACK , EL ATLETI POR FIN TENDRA PUBLICIDAD EN LA CAMISETA Y UN NUEVO INVERSOR PARA AUMENTAR INGRESOS Y GARANTIZAR FICHAJES PARA EL EQUIPO GRACIAS???<\/p>\n<p>R.- Ese dinero servir\u00e1 para ir reduciendo la deuda que arrastra el equipo y para ir haciendo frente a los gastos corrientes.<\/p>\n<p>P.- MATA,CRACK:lo del pasado DERBY de jugar con pantalones rojos..\u00bf a qu\u00e9 obedeci\u00f3: MARKETING, MERCHANDISING, SUPERSTICI\u00d3N, UNDIANO,etc.? Me pareci\u00f3 INTOLERABLE e INADMISIBLE para la laureada HISTORIA ATL\u00c9TICA, una patada en toda regla al CORAZ\u00d3N ROJIBLANCO.\u00bf Qu\u00e9 te pareci\u00f3 a ti ?\u00bf Por qu\u00e9 desde el Club no se ha dado una opini\u00f3n oficial al respecto?La BENDITA AFICI\u00d3N ATL\u00c9TICA se encuentra INDIGNADA por ello&#8230;\u00a1 GRACIAS de antemano !<\/p>\n<p>R.- Por lo que me han dicho es &#8220;una combinaci\u00f3n que vienen utilizando este a\u00f1o y decidieron utilizarla&#8221;. Coincido contigo en que fue un erro de bulto.<\/p>\n<p>P.- Hola Mata la situaci\u00f3n del atleti en liga es para estar contentos pero a mi sinceramente la derrota con el Madrid me ha dolido mas que otros a\u00f1os por que la imagen del equipo no fu\u00e9 buena,la falta de calidad para jugar estos partidos se ha notado crees que con refuerzos como Diego podriamos aspirar a pelear el t\u00edtulo?<\/p>\n<p>R.- Ni el entrenador ni los jugadores estuvieron a la altura en el derbi. En estos 13 a\u00f1os que el Atleti lleva sin ganar al Madrid ha sido uno de los peores partidos que ha jugado el Atleti. Parec\u00eda que iba buscando el empate. No s\u00e9 si con Diego podr\u00eda aspirar al t\u00edtulo, la verdad.<\/p>\n<p>P.- Buenos d\u00edas Se\u00f1or, Hay gente que considera a Messi un chup\u00f3n (en tu peri\u00f3dico uno llega a afirmar que CR7 juega m\u00e1s en quipo y por eso no mete tantos goles), por favor dime que t\u00fa no piensas eso, igualmente te dejo una estad\u00edstica aqu\u00ed por si quieres colgarla en el corcho de la redacci\u00f3n. Un abrazo crack! Asistencias Messi \u00faltimos dos a\u00f1os; 26 Asistencias CR7 \u00faltimos dos a\u00f1os: 18<\/p>\n<p>R.- Cristiano y Messi son dos superclases, lo que est\u00e1n haciendo no tiene parang\u00f3n en la historia del f\u00fatbol. Decir que uno es un chup\u00f3n y otro no, o viceversa, es absurdo. Son buen\u00edsimos los dos.<\/p>\n<p>P.- hola Javier,crees q el atletico de madrid,aguantara el tiron,en esa segunda posicion,hasta el final de temporada<\/p>\n<p>R.- Ser\u00e1 importante llegar con 40 puntos a final de a\u00f1o para pensar en que puede aguantar el tir\u00f3n en la segunda plaza.<\/p>\n<p>P.- Como aficionado al R.Madrid esperaba un derby m\u00e1s ajustado. Ah\u00ed va mi pregunta \u00bf contraproduciente el ambiente previos al derby, con el entrenamiento y luego despu\u00e9s de las declaraciones M.A. Gil ?. Un saludo<\/p>\n<p>R.- No creo que hayan influido las declaraciones, ni el entrenamiento abierto del d\u00eda del partido (sin parang\u00f3n en la historia, porque el Madrid meti\u00f3 a 60 mil personas pero fue el d\u00eda antes de la Supercopa ante el Bar\u00e7a no el mismo d\u00eda del partido). Creo que el Atl\u00e9tico jug\u00f3 un mal partido y el Madrid le gan\u00f3 bien, principalmente por el factor Cristiano, que es determinante.<\/p>\n","protected":false},"excerpt":{"rendered":"<p>Javier G. Matallanas, adjunto a la direcci\u00f3n de AS, ha charlado con los lectores e internautas sobre la actualidad deportiva, con especial atenci\u00f3n a la actualidad del Atl\u00e9tico de Madrid.<\/p>\n<p>Matallanas en Twitter<\/p>\n","protected":false},"author":1,"featured_media":0,"comment_status":"open","ping_status":"open","sticky":false,"template":"","format":"standard","meta":{"footnotes":""},"categories":[],"tags":[],"class_list":["post-11099","post","type-post","status-publish","format-standard","hentry"],"_links":{"self":[{"href":"https:\/\/intervius.com\/index.html\/wp-json\/wp\/v2\/posts\/11099","targetHints":{"allow":["GET"]}}],"collection":[{"href":"https:\/\/intervius.com\/index.html\/wp-json\/wp\/v2\/posts"}],"about":[{"href":"https:\/\/intervius.com\/index.html\/wp-json\/wp\/v2\/types\/post"}],"author":[{"embeddable":true,"href":"https:\/\/intervius.com\/index.html\/wp-json\/wp\/v2\/users\/1"}],"replies":[{"embeddable":true,"href":"https:\/\/intervius.com\/index.html\/wp-json\/wp\/v2\/comments?post=11099"}],"version-history":[{"count":0,"href":"https:\/\/intervius.com\/index.html\/wp-json\/wp\/v2\/posts\/11099\/revisions"}],"wp:attachment":[{"href":"https:\/\/intervius.com\/index.html\/wp-json\/wp\/v2\/media?parent=11099"}],"wp:term":[{"taxonomy":"category","embeddable":true,"href":"https:\/\/intervius.com\/index.html\/wp-json\/wp\/v2\/categories?post=11099"},{"taxonomy":"post_tag","embeddable":true,"href":"https:\/\/intervius.com\/index.html\/wp-json\/wp\/v2\/tags?post=11099"}],"curies":[{"name":"wp","href":"https:\/\/api.w.org\/{rel}","templated":true}]}}