{"id":11071,"date":"2012-11-28T00:00:00","date_gmt":"2006-11-06T00:00:00","guid":{"rendered":"https:\/\/intervius.com\/index.html\/?p=11071"},"modified":"2006-11-06T00:00:00","modified_gmt":"2006-11-06T00:00:00","slug":"Alberto_Ammann11071","status":"publish","type":"post","link":"https:\/\/intervius.com\/index.html\/Alberto_Ammann11071\/","title":{"rendered":"Alberto Ammann"},"content":{"rendered":"<p>Pregunta.- Hola Alberto&#8230;. yo te descubr\u00ed en Celda211 y de ah\u00ed te sigo, quer\u00eda saber que recuerdos tienes de aquella pel\u00edcula y de su recorrido?? yo sigo enamorado de ella\u00a1\u00a1\u00a1<\/p>\n<p>Respuesta.- Tengo maravillosos recuerdos de Celda porque fue la posibilidad de realizar un sue\u00f1o. Tengo much\u00edsimas amistades de aquel proyecto y muy buenos recuerdos.<\/p>\n<p>P.- Imagina que te dan 1 minuto para que el mundo entero te escuche \u00bfqu\u00e9 dir\u00edas?<\/p>\n<p>R.- Hablar\u00eda sobre la necesidad que veo de que cada uno de nosotros nos responsabilicemos de nuestra propia vida y de nuestros actos <\/p>\n<p>P.- Imagino que en las promociones estar\u00e1s harto de que te hagan las mismas preguntas. Hazte t\u00fa una que no te hayan hecho y que te gustar\u00eda responder.<\/p>\n<p>R.- No, harto no estoy porque sigo teniendo suerte y promocionando pel\u00edculas con las que estoy contento y tocando asuntos que me interesan. De lo que estoy cansado es de lo de no tener tiempo para descansar. La verdad es que no tengo necesidad de hacerme una pregunta espec\u00edfica, porque por lo general, aunque no me pregunten en una entrevista, siempre logro llegar a decir lo que pienso.<\/p>\n<p>P.- Alberto, desm\u00f3ntanos alg\u00fan estereotipo de los argentinos.<\/p>\n<p>R.- Complicado&#8230; Es una broma. Creo que en cualquier caso la generalizaci\u00f3n (aunque caiga en otro t\u00f3pico dial\u00e9ctico) es un poco injusta. De todas formas -y me pongo lago argentino- hay cuestiones que hacen a la idiosincrasia de los pueblos que son inevitables. Dentro de Argentina tambi\u00e9n cada provincia tiene su idiosincrasia: la m\u00eda es la cordobesa. <\/p>\n<p>P.- \u00bfC\u00f3mo es el d\u00eda del estreno de la pel\u00edcula para el actor protagonista? Cu\u00e9ntanos lo que se hace antes, hasta el momento de llegar al posado para las fotos.<\/p>\n<p>R.- Es una bomba de estr\u00e9s. Desde por la ma\u00f1ana, con entrevistas, cronometradas una despu\u00e9s de otra, fotos, sentarte a comer si puedes, darle el \u00faltimo sorbo del caf\u00e9 y\u00e9ndote del restaurante&#8230; Lo que tiene en contra es el estr\u00e9s que acumulas y los nervios, y lo que tiene a favor que puedes hablar de tu pel\u00edcula, invitar a la gente a que la vea y hacerte escuchar.<\/p>\n<p>P.- \u00bfCu\u00e1l ha sido la \u00faltima pel\u00edcula que has visto? Gracias<\/p>\n<p>R.- Bronson, en DVD, con Tom Hardy. Gran interpretaci\u00f3n y gran pel\u00edcula<\/p>\n<p>P.- \u00bfTe gustar\u00eda trabajar en TV o prefieres seguir haciendo cine? Gracias.<\/p>\n<p>R.- Me gustar\u00eda trabajar en televisi\u00f3n en un proyecto que me entusiasme, y para que eso ocurra deber\u00eda estar relacionado con la realidad social que vivimos. Me gustan las series crudas realistas, como fueron en Argentina Tumberos, Okupas, El sol negro, Vulnerables&#8230;<\/p>\n<p>P.- \u00bfCuando decidiste que lo tuyo era la interpretaci\u00f3n y qu\u00e9 actores y actrices admirabas cuando eras peque\u00f1o? Gracias.<\/p>\n<p>R.- Los decid\u00ed a los 19 a\u00f1os, despu\u00e9s de haber participado en un cortometraje, y mientras estudiaba Guitarra en el Conservatorio. De ni\u00f1o me gustaba Bruce Lee, Kim Basinger&#8230; \u00a1Es que era muy peque\u00f1o! Ahora admiro a Javier Bardem y a Daniel Day-Lewis<\/p>\n<p>P.- \u00bf Cual es el mejor actor de los ultimos 20 a\u00f1os ?<\/p>\n<p>R.- Como he dicho antes, mis favoritos son Bardem y Day-Lewis. Pero la diferencia est\u00e1 en que Bardem ha hecho sus mejores trabajos en la \u00faltima d\u00e9cada y Day-Lewis podr\u00eda agrupar mejor estos 20 a\u00f1os. Me qued\u00f3 con Daniel.<\/p>\n<p>P.- En esta pel\u00edcula \u00bfhay alguna escena que te haya costado especialmente rodar? \u00bfpor qu\u00e9? Y en general, \u00bfqu\u00e9 es lo que m\u00e1s te fastidia de los rodajes? \u00bfy lo que m\u00e1s te gusta? \u00bfCon qu\u00e9 momentos, situaciones o emociones te cuesta m\u00e1s empatizar?<\/p>\n<p>R.- La confesi\u00f3n de Pablo a \u00c1ngela (Inma Cuesta). Y por otro lado el pasar tres horas metido en las r\u00edas, en A Coru\u00f1a, en invierno. En los rodajes me fastidian las prisas, la falta de tiempo. Y desde luego, lo que m\u00e1s, el rodar, investigar con los compa\u00f1eros, preparar las escenas. <\/p>\n<p>P.- \u00bfSigues fiel al Madrid m\u00e1s castizo o ya te has mudado a un tranquilo barrio residencial?<\/p>\n<p>R.- Vivo en el centro de Madrid. No me ir\u00eda a un barrio residencial, me ir\u00eda al campo.<\/p>\n<p>P.- T\u00fa que fuiste un inmigrante (no s\u00e9 si con o sin papeles) en una situaci\u00f3n algo precaria al principio \u00bfqu\u00e9 opini\u00f3n te merece la pol\u00edtica de extranjer\u00eda en Espa\u00f1a? \u00bfC\u00f3mo podr\u00eda mejorarse la situaci\u00f3n de los extranjeros?<\/p>\n<p>R.- Yo soy un inmigrante. Lo ser\u00e9 toda mi vida. Estuve sin papeles y entiendo la situaci\u00f3n l\u00edmite de estar cada d\u00eda atento a no caer en un control, etc. La pol\u00edtica de extranjer\u00eda en Espa\u00f1a en particular y en general en Europa me parece que siempre ha estado al servicio de los beneficios econ\u00f3micos que pueda sacar el gobierno. Creo que podr\u00eda mejorarse la situaci\u00f3n de los extranjeros si el gobierno los tratase como personas y no como moneda de cambio porque se utiliz\u00f3 la inmigraci\u00f3n por el boom inmobiliario y como ya no los necesitan se les descarta. Asumir responsabilidades, de eso se trata.<\/p>\n<p>P.- Como espectador, \u00bfcu\u00e1l de las pel\u00edculas que has hecho preferir\u00edas?<\/p>\n<p>R.- Invasor. B\u00e1sicamente porque creo que llega en un buen momento que de alguna manera se relaciona con lo que nos pasa como sociedad.<\/p>\n<p>P.- \u00bfAlg\u00fan proyecto de teatro a la vista? \u00bfte gustar\u00eda?<\/p>\n<p>R.- Me encantar\u00eda, de momento hacer laboratorio con compa\u00f1eros y poco a poco ir planteando en un futuro la posibilidad de una representaci\u00f3n.<\/p>\n<p>P.- Supongo que el corte de pelo fue por exigencias del gui\u00f3n \u00bfnunca m\u00e1is?<\/p>\n<p>R.- Lo fue, y no: har\u00eda lo que fuera con mi pelo para un personaje.<\/p>\n<p>P.- Despu\u00e9s de Invasor repites con el mismo director en Combusti\u00f3n , eso es que funcionast\u00e9is bien \u00bfno? \u00bfo ya estaba previsto? \u00a1Mucha suerte con las dos pel\u00edculas!<\/p>\n<p>R.- Muchas gracias. La verdad es que no estaba previsto: Combusti\u00f3n vino meses despu\u00e9s de Invasor y con Daniel me llevo fant\u00e1sticamente y me entiendo muy bien.<\/p>\n<p>P.- Hola Alberto,suerte para Invasor, ojal\u00e1 lo pet\u00e9is. Dijiste en una entrevista que ten\u00edas un bar, \u00bfcomo se llama y donde est\u00e1? Para pasarme, jajaja. Un beso y suerte para los Goya, \u00bfves Invasor en la terna?<\/p>\n<p>R.- Muchas gracias, ojal\u00e1. S\u00ed, mont\u00e9 un bar con dos amigos cordobeses. Se llama Bar Benteveo (que es el nombre de un p\u00e1jaro muy bonito sudamericano) y est\u00e1 en Santa Isabel, 15. <\/p>\n","protected":false},"excerpt":{"rendered":"<p>El actor charla con los lectores el m\u00edercoles 28 a las 17.00 sobre su pel\u00edcula Invasor, en la que interpreta a un m\u00e9dico militar que vuelve de la guerra escondiendo un oscuro secreto<br \/>\n Foto: Gorka Lejarcegi<br \/>\nM\u00e1s entrevistas digitales<\/p>\n","protected":false},"author":1,"featured_media":0,"comment_status":"open","ping_status":"open","sticky":false,"template":"","format":"standard","meta":{"footnotes":""},"categories":[],"tags":[],"class_list":["post-11071","post","type-post","status-publish","format-standard","hentry"],"_links":{"self":[{"href":"https:\/\/intervius.com\/index.html\/wp-json\/wp\/v2\/posts\/11071","targetHints":{"allow":["GET"]}}],"collection":[{"href":"https:\/\/intervius.com\/index.html\/wp-json\/wp\/v2\/posts"}],"about":[{"href":"https:\/\/intervius.com\/index.html\/wp-json\/wp\/v2\/types\/post"}],"author":[{"embeddable":true,"href":"https:\/\/intervius.com\/index.html\/wp-json\/wp\/v2\/users\/1"}],"replies":[{"embeddable":true,"href":"https:\/\/intervius.com\/index.html\/wp-json\/wp\/v2\/comments?post=11071"}],"version-history":[{"count":0,"href":"https:\/\/intervius.com\/index.html\/wp-json\/wp\/v2\/posts\/11071\/revisions"}],"wp:attachment":[{"href":"https:\/\/intervius.com\/index.html\/wp-json\/wp\/v2\/media?parent=11071"}],"wp:term":[{"taxonomy":"category","embeddable":true,"href":"https:\/\/intervius.com\/index.html\/wp-json\/wp\/v2\/categories?post=11071"},{"taxonomy":"post_tag","embeddable":true,"href":"https:\/\/intervius.com\/index.html\/wp-json\/wp\/v2\/tags?post=11071"}],"curies":[{"name":"wp","href":"https:\/\/api.w.org\/{rel}","templated":true}]}}