{"id":1105,"date":"2007-04-19T00:00:00","date_gmt":"2006-11-06T00:00:00","guid":{"rendered":"https:\/\/intervius.com\/index.html\/?p=1105"},"modified":"2006-11-06T00:00:00","modified_gmt":"2006-11-06T00:00:00","slug":"Lenin_Moreno1105","status":"publish","type":"post","link":"https:\/\/intervius.com\/index.html\/Lenin_Moreno1105\/","title":{"rendered":"Lenin Moreno"},"content":{"rendered":"<p>Pregunta.- Recientemente en Espa\u00f1a el PP acaba de manifestar su preocupaci\u00f3n por &#8220;la volatilidad&#8221; constitucional en nuestra Regi\u00f3n se\u00f1alando a Ecuador y Bolivia. Igualmente el propio diario El Pa\u00eds escribi\u00f3 preocupado por lo que pasa en Ecuador y los &#8220;plenos poderes&#8221; Aqu\u00ed, en realidad, estamos menos preocupados que lo que afuera ven. Hay una clara desinformaci\u00f3n hacia afuera \u00bfA qu\u00e9 responde esta malinformaci\u00f3n y d\u00edganos c\u00f3mo enfrentar la volatilidad constitucional? <\/p>\n<p>Respuesta.- diciendo la verdad. Decimos que hay leyes no reglamentadas que se contradicen entre si eso da paso a la discrecionalidad y que los grupos hegemonicos sean los due\u00f1os de la justicia <\/p>\n<p>P.- Cree usted que es adecuado que el futuro Embajador de Ecuador ante Espa\u00f1a sea Nicolas Issa, un se\u00f1or muy vinculado a lo que usted llama partidocracia, no solo como director nacional de la ID sino tambi\u00e9n como hombre de confianza de Abdala Bucaram. Creo que estos antecedentes, sobre todo el \u00faltimo, no son una buena muestra del cambio de direcci\u00f3n que el gobierno del que usted forma parte pretende. Gracias<\/p>\n<p>R.- entre paises hermanos, asi somos con colombia, solucionaremos en forma pacifica, pero nosotros exigiremos cumplir convenios internacionales, uno de estos determina que Colombia no hara fumigaciones, pero Colombia se olvid\u00f3 del compromiso y sigui\u00f3 fumigando, Colombia tiene que cumplir<\/p>\n<p>P.- Latinoam\u00e9rica est\u00e1 volcada hacia un socialismo marcado por el presidente Hugo Ch\u00e1vez. Desde Europa percibimos que las ideas s\u00f3lo son declamaciones anti- EE.UU., y distribucionismo de recursos p\u00fablicos con fines populistas, pero no vemos modelos de desarrollo reales que saquen a su pa\u00eds de la pobreza. \u00bfQu\u00e9 planes tienen para mejorar exportaciones e incrementar el PIB?<\/p>\n<p>R.- El presidente Correa ha manifestado que Venezuela es Venezuela y Ecuador Ecuador, lo importante es que nuestro proyecto tiene, en su fase econ\u00f3mica, la posibilidad de una reactivaci\u00f3n de la econom\u00eda ecuatoriana desde abajo. Nosotros lo hemos planteado con los bonos, los cr\u00e9ditos 5-5-5, capacitaci\u00f3n para microempresarios, campesinos, amas de casa que requieran ese dinero, eso pensamos que har\u00e1 crecer la econom\u00eda y mejorar la calidad de los productos b\u00e1sicos y para eso las grandes empresas deber\u00e1n proporcionar materia prima y maquinaria para que esas personas puedan desarrollar actividad productiva y eso favorecer\u00e1 a las grandes empresas. Mal har\u00edan las grandes empresas en no apoyar<\/p>\n<p>P.- \u00bfCuales ser\u00e1n las principales reformas que propondr\u00e1 en materia social el movimiento Alianza Pa\u00eds?<\/p>\n<p>R.- El hombre es el principio y fin de toda acci\u00f3bn pol\u00edtica y lo hemos empezado a hacer cuando declaramos las emergencias. Hay hospitales que pese a dar mal servicio cobran, cuando la Constituci\u00f3n especifica que educaci\u00f3n y salud deben ser Gratuitas. Nosotros creemos que esa pol\u00edtica debe tener cmo puntal salud y educaci\u00f3n.<\/p>\n<p>P.- Se\u00f1or Vicepresidente: En vuestra agenda, \u00bfqu\u00e9 participaci\u00f3n tenemos los inmigrantes? Al parecer, hicimos un viaje sin retorno, millones de ecuatorianos esperamos la oportunidad de regresar. Ning\u00fan Gobierno ha dise\u00f1ado un PROYECTO serio de repatriaci\u00f3n aprovechando nuestra fuerza de trabajo, lista para transmitir experiencias asimiladas en el largo autoexilio.<\/p>\n<p>R.- Precisamente la raz\u00f3n por las que se fueron es porque se les oblig\u00f3 a desarraigarse de la Patria, la idea es dejar de alentar la ausencia del pa\u00eds, todo lo contrario, alentar la residencia y la \u00fanica forma es hacerle sentir al pa\u00eds acogedor, seguro, amable y en el cual se genere trabajo, producci\u00f3n, bienestar<\/p>\n<p>P.- \u00bfSe aceptar\u00e1 que los diputados descalificados puedan ser candidatos como asamble\u00edstas?<\/p>\n<p>R.- Esa es una decision del TSE que tom\u00f3 la decisi\u00f3n de as\u00ed hacerlo, no es decisi\u00f3n nuestra<\/p>\n<p>P.- Senor Vicepresidente: \u00bfLa Asamblea Constituyente contempla entre sus puntos ineludibles la creacion del &#8220;Cuarto Poder&#8221; o Poder de Control e Investigacion Nacional? Si asi no fuera, no le parece que ese ser\u00eda un gran paso para erradicar a la corrupci\u00f3n de los Poderes del Estado Ecuatoriano?<\/p>\n<p>R.- Nosotros hemos manifestado que la unica forma de erradicar la corrupci\u00f3n es la transparencia, al momento de licitaciones, concursos, etc. desde el llamado hasta la decisi\u00f3n final es que se sepa todo y se lo coloque en la internet. La ley de transparencia existe, pero hay que aplicarla, nosotros la estamos aplicando. En la Vicepresidencia nosotros la vamos a declarar instituci\u00f3n transparente, todas las actividades estar\u00e1n en la internet<\/p>\n<p>P.- \u00bfCree usted que se podr\u00e1 llegar en un futuro no muy lejano a una integraci\u00f3n real, social, humana y econ\u00f3mica en la zona andina, con gobernantes como los se\u00f1ores Correa, Ch\u00e1vez y Morales?<\/p>\n<p>R.- Nosotros hemos planteado integrarnos en la Uni\u00f3n de Naciones del Sur y hemos propuesto como primer secretario a Rodrigo Borja, el problema es que antes hemos pensado solo en integraci\u00f3n econ\u00f3mica, cuando la primera integraci\u00f3n debe darse sobre las bases culturales, tenemos m\u00fasica, religi\u00f3n, idioma, pasado hist\u00f3rico, problemas, comunes<\/p>\n<p>P.- \u00bfHabr\u00e1 alg\u00fan cambio en la Constituci\u00f3n en lo que respecta a la educaci\u00f3n de los ecuatorianos?<\/p>\n<p>R.- Eso lo tiene que determinar los sectores. La Constituyente debe ir sin agenda, porque el ejercicio democr\u00e1tico es que la ciudadan\u00eda se obligue, sepa que es corresponsable y empiece a informarse. Este es el ejercicio para recrear una democracia, para ir a una democracia en serio, en eso van a tener responsabilidad los medios de comunicaci\u00f3n, Gobierno, ciudadan\u00eda, sectores sociales&#8230; Los ciudadanos deben hacer constituci\u00f3n<\/p>\n<p>P.- Sr. Vicepresidente, \u00bfsi usted tuviera que definir los liderazgos de Am\u00e9rica Latina, en qu\u00e9 orden ubicar\u00eda estos nombres? Hugo Ch\u00e1vez, Fidel Castro, Alvaro Uribe, N\u00e9stor Kirchner, Lula Da Silva, Evo Morales, Michel Bachelet, Tabar\u00e9 V\u00e1zquez, Alan Garc\u00eda y el Presidente Correa.<\/p>\n<p>R.- Cada uno de los presidentes mencionados tienen los m\u00e9ritos extraordinarios y merecen ser presidentes de sus pa\u00edses, en lo que a nosotros corresponde han tomado excelente decisi\u00f3n al integrar la instancia sudamericana y luego la latinoamericana<\/p>\n<p>P.- Tristemente, desde hace muchos a\u00f1os que el Ecuador no consigue sostener un mandato presidencial completo, seg\u00fan la Constituci\u00f3n. \u00bfPor qu\u00e9 cree usted que ahora la historia ser\u00e1 diferente en este pa\u00eds?<\/p>\n<p>R.- Porque este Gobierno est\u00e1 cumpliendo sus promesas de campa\u00f1a, est\u00e1 siendo sensible a lo que desea la gente, porque este gobierno est\u00e1 revalorizando la palabra y la pol\u00edtica y haciendo la voluntad popular. Por eso hemos dicho que el poder es una cosa transitoria, lo permanente es la democracia y el bienestar que genera ese comportamiento<\/p>\n<p>P.- \u00bfLa asamblea tiene como \u00fanica funci\u00f3n la elaboraci\u00f3n de la nueva Constituci\u00f3n o incidir\u00e1 sobre los poderes constituidos? <\/p>\n<p>R.- Puede hacerlo, puede mandar al Congreso a la casa o al presidente y al Vicepresidente, si asi lo decide yo acatare<\/p>\n<p>P.- \u00bfCu\u00e1les son las l\u00edneas generales del proyecto constitucional promovido por los grupos que apoyan al Presidente? \u00bfEstado Federal? \u00bfParlamento unicameral-bicameral? \u00bfRelaci\u00f3n parlamento ejecutivo?<\/p>\n<p>R.- Yo prefiero la bicamericalidad, pero es mejor que haya la propuesta de la ciudadania, por eso pido informar a la gente, los medios, las organizaciones sociales y el Gobierno que informen a la gente, que la ciudadania haga foros y se informe, y que la Constituyente transforme en leyes esas decisiones<\/p>\n<p>P.- Ecuador sigue los pasos de Venezuela. Con un discurso antisistema, el presidente Rafael Correa se ampara en una Constituyente para refundar el pa\u00eds. \u00bfQu\u00e9 garant\u00edas hay de que no se repetir\u00e1 la experiencia autoritaria y socialista de Hugo Ch\u00e1vez, que ha dividio a Venezuela y al continente en funci\u00f3n del proyecto de la Patria Grande, una confederaci\u00f3n de naciones suramericanas que so\u00f1\u00f3 Bol\u00edvar?<\/p>\n<p>R.- Yo creo que existe demasiada preocupacion de lo que pasa en Venezuela, es posible que no estemos muy informados sobre lo que pasa alla, yo pude ver muchos aciertos y cosas que pienso que son desaciertos. Nuestra obligacion no solo con la experiencia de Venezuela, sino de cualquier pais del mundo, como no copiar aquello que esta bien hecho. Pero en lo que es permanecer bastante tiempo en el puesto, yo no pido que se copie, yo soy enamorado de la alternabilidad, siempre he propendido a que me reemplacen<\/p>\n<p>P.- Sr. Lenin: Existe la impresi\u00f3n en Espa\u00f1a que este equipo de gobierno recientemente elegido ha optado por la confrontaci\u00f3n directa con los adversarios pol\u00edticos y que no viabiliza ning\u00fan pacto para emprender las reformas constitucionales y estruturales que necesita Ecuador. No se conoce pacto alguno para la reforma pol\u00edtica. \u00bfCree usted que puede ser viable la reforma pol\u00edtica sin pactos de estado con las dem\u00e1s fuerzas pol\u00edticas ecuatorianas? <\/p>\n<p>R.- Yo me temo mucho que la politica no es sino una forma de presentacion de una estructura economica y social que en este pais suelen ser bastante poderoros, hay grupos economicos que tienen sus partidos politicos, nosotros pretendemows que este goierno sea la forma co la que se anifiesta la estructura de unpoder de la sociedad toda. Nosotros podemos hacer acuerdos con los partidos politicos que tengan este criterio, respondan a lo popular no intereses hegemonicos<\/p>\n<p>P.- Se\u00f1or Lenin. Soy espa\u00f1ol y estuve en diciembre en Ecuador. Tengo que reconocer que es un pa\u00eds precioso, del cual me enamor\u00e9 sin reservas, pero me dio la impresion de ser las autoridades su peor enemigo, y creame que lo siento \u00bfCree usted que su gobierno conseguir\u00e1 estirpar ese c\u00e1ncer?<\/p>\n<p>R.- Es un cancer y eso no es facil extirpar. El cancer se defiende, ya lo vimos, las fuerzas retrogradas se oponen a un cambio. El pueblo les dijo no y dio la via para extirparlo, lo empezaremos a hacer hasta lo mas que podamos, pero lo mas importante es sentar el camino<\/p>\n<p>P.- Felicitaciones Vicepresidente por los resultados de la Consulta Popular y por la gesti\u00f3n hasta ahora realizada. Me gustar\u00eda saber, c\u00f3mo pretenden despolitizar el empleo p\u00fablico (Andinatel, Petroecuador, etc), es decir que todas las instituciones p\u00fablicas (incluido municipios y prefecturas) no sigan siendo bot\u00edn pol\u00edtico como siempre lo han sido y se escoja gente preparada a tav\u00e9s de ex\u00e1menes de oposici\u00f3n. \u00bfEs posible hacerlo con la Asamblea Constituyente? <\/p>\n<p>R.- Gracias por la felicitacion. La constituyente dejara sentado el camino, eso es lo importante, por ejemplo, en el tema de los salarios, la secretaria de remuneraciones, que es una de las funciones a mi cargo, esta preparando el proyecto de homologacion de salarios del sector publico, aprobado enla asamblea los organismos dorados ya no podran hacerlo. Eso debe reproducirse en todas las instancias, que hagan propuestas para que la asamblea las apruebe<\/p>\n<p>P.- \u00bfQu\u00e9 le parece la visi\u00f3n que se da en Espa\u00f1a y Europa por parte de los medios de comunicaci\u00f3n tachando de &#8220;totalitarios&#8221; y &#8220;populistas&#8221; los procesos de cambio social profundo que se est\u00e1n dando en Latinoam\u00e9rica?<\/p>\n<p>R.- Yo entiendo por autoritarista, dictatorial, a todo lo que se hace sin la voluntad de los involucrados. Cuando es por voluntad de los involucrados, como lo hizo el pueblo el domingo, eso es democracia. Lo que pasa es que heos entendido como totalitarismo lo que nos ha hecho pensar la clase dominante<\/p>\n<p>P.- Senor Vicepresidente, nosotros los ecuatorianos que vivimos en el exterior podemos participar de manera directa al desarrollo del pa\u00eds si es que hubiese por ejemplo un mecanismo donde nosotros ponemos nuestro dinero en manos del gobierno y que el gobierno nos de seguridad de recibir alguna ganancia justa y de manera segura.<\/p>\n<p>R.- No he pensado en esa posibilidad, nosotros lo unico que debemos hacer es garajtizar que las inversiones de los ecuatorianos caigan el terreno fertil de la democracia, la tolerancia, la proactividad<\/p>\n<p>P.- \u00bfComo piensan hacer respetar las leyes cuando aparentemente Ustedes no las han respetado hasta el momento? \u00bfConsideran que los poderes del estado deben ser independientes y respetar\u00e1n este principio? Gracias<\/p>\n<p>R.- Nosotros hemos respetado la Constitucion y tan es asi que hemos respetado las decisiones de los organismos (no estamos de acuerdo como se nombran) los hemos respetado y hecho respetar. En el Caso del TSE, por ejemplo, la ley dice que este, desde que empieze el proceso electoral tiene la capacidad de cesar en sus funciones a las autoridades, que segun su criterio, impidan en libre desarrollo del proceso. Eso hizo el Congreso y el TSE considero que debia destituirlos, el Gobierno hizo que se acate la disposicion<\/p>\n<p>P.- Sr. Moreno: \u00bfCu\u00e1l es el mayor desaf\u00edo del Ecuador en estos momentos?<\/p>\n<p>R.- erradicar la corrupcion y democratizar elpueblo, hacer que este se comprometa a ir a las urnas perfectamente informado<\/p>\n<p>P.- \u00bfC\u00f3mo es posible que los miembros de la comisi\u00f3n encargada de redactar el borrador de la Nueva Constituci\u00f3n que se compone de nueve miembros, se haya asignado unos sueldos de siete mil quienientos d\u00f3lares, cuando el presidente prometi\u00f3 que nadie cobrar\u00eda del Estado ecuatoriano m\u00e1s de cuatro mil dolares. \u00bfPiensan ustedes corregir esta situaci\u00f3n ?<\/p>\n<p>R.- Eso no es real, es una comision que esta trabajando sin sueldos<\/p>\n<p>P.- Senor Vicepresidente: \u00bfNo le parece que todo candidato a la ASAMBLEA CONSTITUYENTE debe de ostentar un t\u00edtulo de doctor en las leyes del Ecuador y no mandar a ella a cantantes, futbolistas, comentaristas o payasos? Creo que la ASAMBLEA debe de estar revestida de seriedad y sabidur\u00eda.<\/p>\n<p>R.- Completamente de acuerdo, seriedad y sabiduria independientemente del titulo o actividad que una persona lleve en la vida cotidiana<\/p>\n<p>P.- \u00bfEs verdad Sr. Vicepresidente, que si de usted dependiera, echar\u00eda abajo la dolarizaci\u00f3n?<\/p>\n<p>R.- No es verdad, ni me corresponde echarla abajo. la dolarizacion existe porque el sistema economico colapso en el gobierno de Jamil Mahuad y tuvimos que adoptar una moneda para defendernos, mientras no desarrollemos nuestras fuerzas productivas no podremos tener una moneda propia. El presidente ha calculado esto entre 10 y 15 a\u00f1os, algo que si Dios quiere no veremos<\/p>\n<p>P.- Ecuador pide derechos para sus emigrantes, pero a los extranjeros nos quita derechos y planean expulsar a los colombianos. \u00bfPiensa pedir al gobierno espa\u00f1ol que trate a los ecuatorianos de la misma forma que ustedes a los espa\u00f1oles? Por ejemplo, exigir una inversi\u00f3n de 300.000 d\u00f3lares para tener visa de trabajo POR PERSONA<\/p>\n<p>R.- Yo pienso que hay desinformacion. en primer lugar nosotros no podemos alentar el hecho de que ingresen colombianos y peruanos, pero lo han hecho y lo respetamos. Nosotros tenemos sinderesis, asi como exigimos que los paises donde estan los migrantes respeten los derechos, respetamos a los hermanos colombianos y peruanos, pediremos al registro Civil la cedulacion de quienes estan en la frontera<\/p>\n<p>P.- Buenos tardes, se\u00f1or Moreno. \u00bfApoyar\u00e1 su partido que la nueva Constituci\u00f3n institucionalice mecanismos de participaci\u00f3n directa de los ciudadanos en los gobiernos locales? Gracias <\/p>\n<p>R.- Claro que si<\/p>\n<p>P.- Se\u00f1or Vicepresidente, soy ecuatoriana, licenciada en ciencias educativas y sal\u00ed de mi pa\u00eds hace 7 a\u00f1os, con cada nuevo gobierno, he avivado mis esperanzas de saber a mi pa\u00eds libre de corrupci\u00f3n, lleno de progreso. \u00bfLa nueva Carta Magna traer\u00e1 cambios radicales o seguiremos so\u00f1ando con volver desde la distancia? Gracias<\/p>\n<p>R.- Depende de la ciudadania. Si esta se informa bien, vota bien y exige a sus constituyenes que la nueva carta magna erradique als lacras de la sociedad tendremos constituyente de la que estemos orgullosos<\/p>\n<p>P.- \u00bfCree usted Sr. Vicepresidente que habr\u00e1 un apoyo gubernamental a los emigrantes ecuatorianos regados por el mundo entero para que logren legalizar su actual status migratorio?<\/p>\n<p>R.- Ya lo hemos hecho. En campa\u00f1a ofrecimos crear la secretaria del migrante, que la ejerce William Murillo, el esta terminando la organizacion para pasar a recoger opiniones, anhelos de los migrantes y traducirlos en politicas de Gobierno<\/p>\n<p>P.- Estimado Vicepresidente, \u00bfpor qu\u00e9 una nueva Constituci\u00f3n puede ser una soluci\u00f3n a los problemas de Ecuador? Por otra parte, \u00bfun 40% de abstensi\u00f3n no es en cierto modo un voto en contra? En todo caso no es un voto a favor. Finalmente permitame feclicitarle por su bello pa\u00eds, desgraciadamente a\u00fan muy desconocido en Espa\u00f1a. <\/p>\n<p>R.- Yo pienso que esta desinformado. El ausentismo es menor al 30% eso ha sido historico en el Ecuador. Una nueva Constitucion, el marco institucional actual lleno de leyes contradictorias, sin reglamentos, con reglamentos que se contradicen, dan paso a la discrecionalidad dela justicia y de las instituciones de Gobierno. Cambiar el marco institucional no es la solucion sino el respaldo de una sociedad para desarrollarse<\/p>\n<p>P.- Considero de vital importancia para la econom\u00eda ecuatoriana, las remesas enviadas por los imigrantes de diferentes partes del mundo, en particular de Espa\u00f1a. Sobre este asunto, \u00bfel nuevo gobierno tomar\u00e1 alguna medida econ\u00f3mica, sobre beneficios fiscales para que ayude al inmigrante a confiar y dejar su dinero en la banca ecuatoriana o estatal? Gracias, saludos de Lisboa.<\/p>\n<p>R.- Considero de vital importancia para la econom\u00eda ecuatoriana, las remesas enviadas por los imigrantes de diferentes partes del mundo, en particular de Espa\u00f1a. Sobre este asunto, \u00bfel nuevo gobierno tomar\u00e1 alguna medida econ\u00f3mica, sobre beneficios fiscales para que ayude al inmigrante a confiar y dejar su dinero en la banca ecuatoriana o estatal? Gracias, saludos de Lisboa.<\/p>\n<p>P.- Soy ecuatoriano de la ciudad de Loja. Sal\u00ed de mi linda patria hace alg\u00fan tiempo; aun no he tenido el gusto de abrazar a mi hijo al cual s\u00f3lo conozco por medio de videos y fotos. Nosotros, los emigrantes que vivimos ilegalmente en un pa\u00eds que no es el nuestro, \u00bfser\u00e1 posible regresar y encontrar alg\u00fan futuro mejor al que ten\u00edamos antes?<\/p>\n<p>R.- Si mi querido amigo. Usted tendra la oportundiad de volver a abrazar a su hijo y de eso se encargar{a el gobierno, con proporcionar un pais en el cfual valga la pena vivir<\/p>\n<p>P.- Desde Estados Unidos, otro imigrante que tuvo que salir del pa\u00eds por la inseguridad pol\u00edtica y laboral del mismo. \u00bfQu\u00e9 har\u00e1n para ayudar a los jubilados del seguro social? No s\u00f3lo en lo econ\u00f3mico, tambi\u00e9n en el trato que reciben. Muchas veces son maltratados por guardias, secretarias y altos funcionario. <\/p>\n<p>R.- Unicamente exigirles que cumplan con la ley, pero les recuerdo que desde la Vicepresidencia, esta noche, en elplan social, se lanzara la camap\u00f1a de la amabilidad, gentileza, humor, tolerancia en el sector publico esto hay que rescatar<\/p>\n<p>P.- En 1998 se form\u00f3 la ultima asamblea constituyente que redact\u00f3 la vigente Constituci\u00f3n, desgraciadamente, nada ha cambiado ni mejorado desde su puesta en vigor, \u00bfpor qu\u00e9 debemos confiar en esta nueva Asamblea? En qu\u00e9 le diferenciar\u00e1 de las anteriores y en especial de la de 1998? Gracias<\/p>\n<p>R.- Porque esta va a ser una asamblea constituyente de la ciudadania, no se hara constitucion entre gallos y media noche, entre iluminados, va a ser constitucion del pueblo, en la cual el pueblo estara permanente informado de las decisiones ques e tomen, sobre lo que puede afectar a diferetnes sectores. la gran revoluc ion de esta asamblea es la informacion para abandonar la ignorancia y analfabetismo politico. El peor analfabeto es el analfabeto politico, eso es lo que solapa la corrupcion, la ineficiencia, la falta de transparencia&#8230;<\/p>\n<p>P.- Sr. Lenin (bonito nombre por cierto). \u00bfCree usted que el giro a la izquierda que est\u00e1 dando Am\u00e9rica Latina ser\u00e1 respondido por los EEUU c\u00f3mo ya hizo en el pasado?<\/p>\n<p>R.- Se le hara dificil pero pienso que intentara hacerlo, pero para eso esta la unidad latinoamericana, la voluntad de un pueblo y, recalco, la seriedad y la informacion de un pueblo<\/p>\n<p>P.- Tras el triunfo del S\u00ed en la consulta, dep\u00f3sitos e inversiones han disminuido en m\u00e1s de 300 millones. Las empresas se enfrentan a restricciones en los cr\u00e9ditos externos y est\u00e1n consumiendo sus reservas de materias primas. Esto sumado al excesivo gasto p\u00fablico, inconveniente en un esquema monetario como el que tenemos, \u00bftodo esto es una parte de la estrategia del gobierno para presionar a la econom\u00eda a salir de la dolarizaci\u00f3n? \u00bfvamos a entrar a un esquema igual al venezolano?<\/p>\n<p>R.- Todo lo contrario, esas condiciones harian menos favorable la salida de una dolarizacion. Esto no lo ha provocado el gobierno sino la desinformacion malintencionada de cierta gente, el gobierno ha dicho que garnatizara la libre empresa y le pide a esta cumplir obligaciones tributarias y laborales con sus trabajadores<\/p>\n<p>P.- Estudio en el Instituto Carlos III, y har\u00e9 mi tesis en Salud Internacional sobre el tema de Seguridad Social en Ecuador, pero hasta ahora no veo una definici\u00f3n oficial sobre una reforma sanitaria que permita cubrir al menos al 50% de la poblaci\u00f3n ecuatoriana. \u00bfQu\u00e9 tiene previsto el gobierno en la agenda de la Asamblea en lo referente al tema de la Seguridad Social?<\/p>\n<p>R.- Nosotros hemos dicho que lo social es lo fundamental para el Gobierno, aun sacrificando cualquier otro sector. En lo relativo al sistema sanitario corresponde a los gobierno locales, El gobierno los poyara para hacerlo realidad<\/p>\n<p>P.- \u00bfUsteden creen en la auto-financiaci\u00f3n de la iglesia y en el laicismo del estado? <\/p>\n<p>R.- Si. El Estado tiene que ser laico, con libertad de credos y de opiniones<\/p>\n","protected":false},"excerpt":{"rendered":"<p>El pasado domingo se celebr\u00f3 en Ecuador el refer\u00e9ndum planteado por el partido izquierdista de Rafael Correa, presidente del pa\u00eds, para una reforma del Estado. Lenin Moreno, vicepresidente de Ecuador, ha charlado con los lectores sobre el \u00e9xito de las elecciones. Una entrevista digital en colaboraci\u00f3n con el Diario Hoy de Ecuador.<\/p>\n","protected":false},"author":1,"featured_media":0,"comment_status":"open","ping_status":"open","sticky":false,"template":"","format":"standard","meta":{"footnotes":""},"categories":[],"tags":[],"class_list":["post-1105","post","type-post","status-publish","format-standard","hentry"],"_links":{"self":[{"href":"https:\/\/intervius.com\/index.html\/wp-json\/wp\/v2\/posts\/1105","targetHints":{"allow":["GET"]}}],"collection":[{"href":"https:\/\/intervius.com\/index.html\/wp-json\/wp\/v2\/posts"}],"about":[{"href":"https:\/\/intervius.com\/index.html\/wp-json\/wp\/v2\/types\/post"}],"author":[{"embeddable":true,"href":"https:\/\/intervius.com\/index.html\/wp-json\/wp\/v2\/users\/1"}],"replies":[{"embeddable":true,"href":"https:\/\/intervius.com\/index.html\/wp-json\/wp\/v2\/comments?post=1105"}],"version-history":[{"count":0,"href":"https:\/\/intervius.com\/index.html\/wp-json\/wp\/v2\/posts\/1105\/revisions"}],"wp:attachment":[{"href":"https:\/\/intervius.com\/index.html\/wp-json\/wp\/v2\/media?parent=1105"}],"wp:term":[{"taxonomy":"category","embeddable":true,"href":"https:\/\/intervius.com\/index.html\/wp-json\/wp\/v2\/categories?post=1105"},{"taxonomy":"post_tag","embeddable":true,"href":"https:\/\/intervius.com\/index.html\/wp-json\/wp\/v2\/tags?post=1105"}],"curies":[{"name":"wp","href":"https:\/\/api.w.org\/{rel}","templated":true}]}}