{"id":11042,"date":"2012-11-19T00:00:00","date_gmt":"2006-11-06T00:00:00","guid":{"rendered":"https:\/\/intervius.com\/index.html\/?p=11042"},"modified":"2006-11-06T00:00:00","modified_gmt":"2006-11-06T00:00:00","slug":"Jose_Samano11042","status":"publish","type":"post","link":"https:\/\/intervius.com\/index.html\/Jose_Samano11042\/","title":{"rendered":"Jos\u00e9 S\u00e1mano"},"content":{"rendered":"<p>Pregunta.- Hola Jos\u00e9. Eres un estupendo periodista. Una pregunta: &#8220;que pasaria en el Madrid si Cristiano se marchara&#8221;?. Gracias por tu opinion.<\/p>\n<p>Respuesta.- Hola, buenas tardes a todos y gracias por acudir a este foro. No creo que CR se marche, pero en ese hipot\u00e9tico caso no pasar\u00eda nada. Recordemos que hubo un d\u00eda en el que se fueron Di St\u00e9fano, Amancio, Pirri, Santillana, Butrague\u00f1o, Hugo, Ronaldo, Zidane, Ra\u00fal&#8230; Otro llegar\u00eda. Hay clubes, caso del Real, muy por encima de sus ef\u00edmeras estrellas.<\/p>\n<p>P.- Hola. No considera Ud. que el calvario que sufre Carlos Gurpegui,que ya cumpli\u00f3 su pena, deberia ser merecedor de alguna intervencion de la LFP o de algun Comit\u00e9 o incluso de que los arbitros detengan el partido hasta que esos canticos remitan?<\/p>\n<p>R.- La LFP solo interviene cuando est\u00e1n en juego sus propios intereses o los del sector de turno que en ese momento sustenta a sus directivos. Lo de Gurpegi me pareci\u00f3 lamentable en el Bernab\u00e9u, y no digamos el c\u00e1ntico infame a Susaeta, v\u00edctima, en mi opini\u00f3n, del manique\u00edsmo de ciertos medios. Uno de los cap\u00edtulos m\u00e1s injustos que he conocido recientemente. Un burdo caso de medios de comunicaci\u00f3n al servicio de una causa y para ello no dudan en tergiversar lo que sea, hasta que un chico se exprese con la &#8220;cosa&#8221;&#8230; Mala intenci\u00f3n, y no de Susaeta.<\/p>\n<p>P.- que caramba le pasa al Athletic de Bilbao? juegan sin Alma!!<\/p>\n<p>R.- El hartazgo acaba hasta con el alma.<\/p>\n<p>P.- Buenas tardes Jos\u00e9, sin pa\u00f1os calientes \u00bfno crees que Nico Almagro ha fracasado estrepitosamente este f\u00edn de semana? \u00bfCrees que estos dos partidos pueden influir en su carrera negativamente?<\/p>\n<p>R.- La palabra fracaso no me suele gustar asociada al deporte. Por qu\u00e9 pensar que Almagro fracas\u00f3 y no que Stepanek fue mejor? Oigo a ciertos comentaristas o leo ciertas cosas y parece que siempre que pierde un espa\u00f1ol hay que buscar una justificaci\u00f3nn\/explicaci\u00f3n en lo que sea. Fuera de estas fronteras los hay mejores, por supuesto, sin m\u00e1s. <\/p>\n<p>P.- se\u00f1or jose. falcao si es como lo pintan o es un buen jugador con mucha pero mucha suerte<\/p>\n<p>R.- Falcao es un excelente jugador, eso me parece. La suerte solo ali\u00f1a, de vez en cuando, el talento de los grandes; de paso, la suerte solo cae bajo sospecha cuando se al\u00eda epis\u00f3dicamente con quien no tiene m\u00e1s. No me parece el caso de Falcao.<\/p>\n<p>P.- Don Jos\u00e9, \u00bfTan importante fue el posible penalty de Coentrao para que se recogiese en su cr\u00f3nica en contra de su costumbre? \u00bfCree que de marcalo el Bilbao hubiese podido ganar el partido?<\/p>\n<p>R.- Cre que aunque le hubieran pitado m\u00e1s de un penalti, el Athletic hubiera perdido. Sus males nada tuvieron que ver con el arbitraje.<\/p>\n<p>P.- Hola Jos\u00e9, Gracias por tu scomentarios. \u00bfcrees que la aportaci\u00f3n de Carlos Slim puede suponer la salvaci\u00f3n econ\u00f3mica del Real Oviedo?. Gracias.<\/p>\n<p>R.- Gracias a usted. Los males de equipos como el Oviedo no creo que sean solo econ\u00f3micos. Tampoco sabemos hasta d\u00f3nde quiere llegar Slim y \u00e9l no mete goles. Eso s\u00ed, ojal\u00e1 el Oviedo respire, no sabe el cari\u00f1o, el afecto, el apego sentimental que le tengo desde los tiempos de Lombard\u00eda, Tensi, Javier, Ortuondo, Iriarte&#8230; Y despu\u00e9s: Carlos, Viti, Vili, Hicks, Gracan, Chepo, Bango, Luis Manuel&#8230; <\/p>\n<p>P.- Sr. Samano, buenos dias. Cree usted que el debate sobre el bal\u00f3n de oro tiene alguna raz\u00f3n de ser? No cree que es un fuego de artificio orquestado por la prensa madrile\u00f1a?<\/p>\n<p>R.- POr la madrile\u00f1a, la catalana y muchas m\u00e1s. De verdad, no me interesa nada qui\u00e9n gane semejante premio y ning\u00fan otro premio. Cada cual que otorgue el suyo en su interior.<\/p>\n<p>P.- buenos dias amigo JOSE,me gustaria saber , porque se le critica, a el BARCA, que tenga publicidad en su camiseta. si todos los equipo la tienen. ademas es la unica manera de mantener la calidad del equipo y del CAMP NOU.<\/p>\n<p>R.- Lea el excelente art\u00edculo de hoy de Ramon Besa, lo suscribo al mil por mil. El Bar\u00e7a sabr\u00e1 lo que hace, pero debe medir mucho de d\u00f3nde recibe para luego vender ciertos mensajes. Es complicado conjugar la supuesta singulariad con la obligada globalidad financiera.<\/p>\n<p>P.- Un saludo Jos\u00e9. \u00bfPor qu\u00e9 el Real Madrid, tercer clasificado de la liga, ocupa el mayor espacio de los deportes de El Pa\u00eds aunque coincida con equipos mejor clasificados<\/p>\n<p>R.- Porque el espacio lo decidimos los profesionales del medio, acertemos o no. Y porque el Madrid es noticia siempre, lo ser\u00eda hasta en Segunda B. Es el club con m\u00e1s eco e impacto del mundo, y por otras muchas much\u00edsimas razones. Respeto al m\u00e1ximo su opini\u00f3n, pero el inter\u00e9s no siempre tiene que ver con la clasificaci\u00f3n de turno. <\/p>\n<p>P.- Espero que a\u00fan le quede cuerda, pero\u00bftiene el Bar\u00e7a el recambio adecuado para Xavi? Un saludo<\/p>\n<p>R.- Yo pienso en el mejor Thiago que vi la pasada temporada. No obstante, los mitos se sustituyen, pero, por lo general, no admiten comparaci\u00f2n.<\/p>\n<p>P.- Gracias por este espacio de conversaci\u00f3n. Ah\u00ed va mi pregunta: \u00bfQu\u00e9 tienen que hacer Atl\u00e9tico de Madrid y Bar\u00e7a (primeros clasificados en la liga) para merecer el mismo espacio y protagonismo que ustedes dedican al Madrid? <\/p>\n<p>R.- M\u00e1s o menos ya he contestado, pero nunca llueve a gusto de todos. Dir\u00eda que el Bar\u00e7a tiene su espacio, y mucho, y el nuevo Atl\u00e9tico, tambi\u00e9n. Cada lo cual lo ve como le ve y yo, nosotros, estamos abiertos a toda cr\u00edtica.<\/p>\n<p>P.- Bienvenido Jos\u00e9. Le ech\u00e1bamos de menos en este foro. Me qued\u00e9 con ganas de preguntarle por qu\u00e9 decidi\u00f3 hace dos jornadas abrir su secci\u00f3n con el partido Madrid-Zaragoza y dejar un lugar secundario al interesante Valencia-Atl\u00e9tico o el Barcelona-Celta, donde jugaban los primeros clasificados de la liga&#8230;<\/p>\n<p>R.- La clasificaci\u00f3n no es una dictadura.<\/p>\n<p>P.- \u00bfTan superior es el Sevilla al Betis? Yo creo que no, por eso me sorprende tanto la diferencia en el marcador. \u00bfPor qu\u00e9 cree que los jugadores del Betis salieron tan desconcentrados? O, al rev\u00e9s, \u00bfpor qu\u00e9 los del Sevilla tan concentrados?<\/p>\n<p>R.- La primera media hora del Sevilla fue soberbia, espectacular, arrolladora. Me parece que a los jugadores del Betis no les dio tiempo ni a desconcertarse, fue el Sevilla el que les desconcentr\u00f3. El voltaje entre unos y otros fue sideral. De alguna manera, el Sevilla asust\u00f3 al Betis.<\/p>\n<p>P.- Muy buenas tardes Jos\u00e9! Le escribo desde Alemania. Mi pregunta es: no le parece antideportiva la medida de Ferrari de abrirle intencionalmente la caja de cambios a Massa para adelantar y posicionar mejor a Alonso? Qu\u00e9 comentario le merece est\u00e1 &#8220;medida&#8221; de Ferrari?<\/p>\n<p>R.- No me gust\u00f3, porque inmediatamente me pregunt\u00e9: qu\u00e9 hubiera dicho el &#8220;alonsismo&#8221; de haberlo hecho Red Bull? No miro el deporte con gafas con bandera ni escudo en el pecho. <\/p>\n<p>P.- Buenas Jos\u00e9.\u00bfNo piensa que si Benzema,tuviese m\u00e1s resitencia f\u00edsica,o ps\u00edquica,que lo inducen a fases de indolencia&#8230;algo va corrigiendo&#8230;,podr\u00eda competir,por el n\u00ba1,por esa clase que desparrama,para ser un delantero?.Sabemos de un tal Messi,pero tambi\u00e9n,con qui\u00e9n &#8220;se ajunta&#8221;,Xavi e Iniesta,porque sin ellos,con Argentina,hace menos de un a\u00f1o,era irrelevante,por mucho Messi que se llamara.<\/p>\n<p>R.- Lo primero, si a todo el que tiene deficiencias se las subsanaramos resultar\u00eda que estar\u00edamos desvirtuando la realidad. Benzema es lo que es, como todos, y como tal se le juzga. De maravilla si hace un partido como el del s\u00e1bado. En cuanto a Messi, claro que no tiene a Xavi e Iniesta en Argentina, pero tampoco CR, Rooney, Ibrahimovic o Benzema. Por algo el Bar\u00e7a, este Bar\u00e7a, es tan singular. <\/p>\n<p>P.- Buenas tardes sr. S\u00e1mano. Con respecto a la final de la copa Davis, no cree que no era bueno darle un partido de tanta importancia y exigencia mental a Nico Almagro? Me parece un buen jugador al que la cabeza le juega muy malas pasadas y no controla la tensi\u00f3n. Tampoco hubiera confiado en exceso en Feli pero por lo menos es m\u00e1s fr\u00edo, no cree? L\u00e1stima que no lo pudiera jugar todo Ferru&#8230;enorme!<\/p>\n<p>R.- Mi opini\u00f3n es que Stepanek t\u00e9cnica, t\u00e1ctica, f\u00edsica y mentalmente fue mejor que Almagro. Insisto, no est\u00e1 escrito en ning\u00fan lado que s\u00ed porque s\u00ed un espa\u00f1ol, solo por serlo, sea mejor al resto. Almagro no hizo ni cosquillas a su rival. Se fue del partido como lleg\u00f3: de puntillas.<\/p>\n<p>P.- No lo digo por este diario, sino por los otros. Primero se postulaba por CR como el no vas, el decisivo, y ahora se cambia de un d\u00eda para otro el discurso. Lo que vale es el juego colectivo y no depender de un solo jugador aunque se estratosf\u00e9rico.\u00bfNo es oportunita este cambio de criterio por lo ocurrido en un solo partido?<\/p>\n<p>R.- Claro que no vale depender de un \u00fanico jugador, pero los Rolling no ser\u00edan los Rolling sin Jagger. CR es un futbolista sublime, no depende de un partido, para nada.<\/p>\n<p>P.- Hola jose,crees que alonso y ferrari tienen un as en la manga para la carrera de brasil?gracias<\/p>\n<p>R.- S\u00ed, que gripe o reviente el Red Bull de Vettel. No veo otra. No la tuvieron en todo el curso, por qu\u00e9 ahora, salvo por azar?<\/p>\n<p>P.- Espa\u00f1a est\u00e1 clasificada para la futura contienda del Cl\u00e1sico de Beisbol \u00bfPiensa que ese deporte prenda en la pen\u00ednsula?<\/p>\n<p>R.- Hace a\u00f1os y a\u00f1os que no prende el be\u00edsbol, y se lo dice alguien que lo jug\u00f3 de cr\u00edo. Creo que hay una incompatibilidad cultural y no hay que darle m\u00e1s vueltas.<\/p>\n<p>P.- Hola don Jos\u00e9. \u00bfCree que M\u00edchel dejar\u00e1 huella en el Sevilla? Gracias.<\/p>\n<p>R.- Ya me gustar\u00eda, por Michel, por el Sevilla y por el f\u00fatbol espa\u00f1ol: cuantos m\u00e1s grandes, much\u00edsimo mejor.<\/p>\n<p>P.- Hola. Por qu\u00e9 El Pa\u00eds sigue una estela tan antialonsista??? Da la sensaci\u00f3n de que a veces busc\u00e1is desacreditar sus m\u00e9ritos y ensalz\u00e1is los de los rivales&#8230; <\/p>\n<p>R.- Hacemos periodismo, con mayor o mejor suerte, pero periodismo. Alonso es un cstalizador \u00fanico del inter\u00e9s espa\u00f1ol por este deporte, pero no hay por qu\u00e9 interpretar a su antojo la f\u00f3rmula uno. Son dos cosas muy diferentes. No soy un experto, pero Alonso me parece un excelente piloto al albur de un deporte en el que tambi\u00e9n hay excelencias de Vettel, Hamilton o Newey&#8230;<\/p>\n<p>P.- Qu\u00e9 te ha parecido la comparaci\u00f3n de Guardiola con Steve Jobs que ha hecho Valdano y la entrevista en general?<\/p>\n<p>R.- Y prefiero comparar a Pep Guardiola con una versi\u00f3n mejorada de Johan Cruyff. <\/p>\n<p>P.- no habeis tenido nunca una crisis de identidad, os habeis levantado pensando que ver deporte es aburrido? y temeis haber perdido mucho tiempo en \u00e9l? (esta pregunta es tanto para periodistas como para aficionados)<\/p>\n<p>R.- Crisis de identidad, s\u00ed; pero no concedo muchos minutos a lo que me aburre. Y el deporte logra tenerme en alerta casi siempre. <\/p>\n","protected":false},"excerpt":{"rendered":"<p>El Redactor Jefe de Deportes charlar\u00e1 a partir de las 17.00 sobre la actualidad deportiva<\/p>\n","protected":false},"author":1,"featured_media":0,"comment_status":"open","ping_status":"open","sticky":false,"template":"","format":"standard","meta":{"footnotes":""},"categories":[],"tags":[],"class_list":["post-11042","post","type-post","status-publish","format-standard","hentry"],"_links":{"self":[{"href":"https:\/\/intervius.com\/index.html\/wp-json\/wp\/v2\/posts\/11042","targetHints":{"allow":["GET"]}}],"collection":[{"href":"https:\/\/intervius.com\/index.html\/wp-json\/wp\/v2\/posts"}],"about":[{"href":"https:\/\/intervius.com\/index.html\/wp-json\/wp\/v2\/types\/post"}],"author":[{"embeddable":true,"href":"https:\/\/intervius.com\/index.html\/wp-json\/wp\/v2\/users\/1"}],"replies":[{"embeddable":true,"href":"https:\/\/intervius.com\/index.html\/wp-json\/wp\/v2\/comments?post=11042"}],"version-history":[{"count":0,"href":"https:\/\/intervius.com\/index.html\/wp-json\/wp\/v2\/posts\/11042\/revisions"}],"wp:attachment":[{"href":"https:\/\/intervius.com\/index.html\/wp-json\/wp\/v2\/media?parent=11042"}],"wp:term":[{"taxonomy":"category","embeddable":true,"href":"https:\/\/intervius.com\/index.html\/wp-json\/wp\/v2\/categories?post=11042"},{"taxonomy":"post_tag","embeddable":true,"href":"https:\/\/intervius.com\/index.html\/wp-json\/wp\/v2\/tags?post=11042"}],"curies":[{"name":"wp","href":"https:\/\/api.w.org\/{rel}","templated":true}]}}