{"id":11039,"date":"2012-11-17T00:00:00","date_gmt":"2006-11-06T00:00:00","guid":{"rendered":"https:\/\/intervius.com\/index.html\/?p=11039"},"modified":"2006-11-06T00:00:00","modified_gmt":"2006-11-06T00:00:00","slug":"Sergio_Olivero11039","status":"publish","type":"post","link":"https:\/\/intervius.com\/index.html\/Sergio_Olivero11039\/","title":{"rendered":"Sergio Oliver\u00f3"},"content":{"rendered":"<p>Pregunta.- \u00bfEs posible que el RCD Espanyol deje de ser una SAD?<\/p>\n<p>Respuesta.- Hola Guim: Personalmente, me gustar\u00eda que fuera un club. Y, siendo una SAD, entiendo que ning\u00fan socio deber\u00eda tener m\u00e1s de un 5 por ciento. En mi caso, estar\u00eda dispuesto a vender el uno por ciento restante. Un saludo y \u00a1a ganar en Valencia!<\/p>\n<p>P.- Buenas tardes, se\u00f1or Oliver\u00f3. Queria saber si usted seria partidario de la entrada de un jeque o grupo inversor si presentara un plan serio como los casos de City, PSG o M\u00e1laga por ejemplo. \u00bfNo cree que los espanyolistas mereceriamos el poder ser un club grande?<\/p>\n<p>R.- Hola Oriol85: No estoy en contra de un grupo inversor que quiera al Espanyol, siempre y cuando respete los 14.000 accionistas del club, y entienda que somos un club familiar y tradicional. Un abrazo<\/p>\n<p>P.- \u00bfPara cu\u00e1ndo la reducci\u00f3n del carnet a los parados?<\/p>\n<p>R.- Hola Pilar: Para el martes d\u00eda 20 de noviembre si soy elegido presidente. Muchos \u00e1nimos.<\/p>\n<p>P.- Hola Sr Oliver\u00f3, anoche vi el debate en tv3 que protagoniz\u00f3 usted junto a los otros 2 candidatos, y realmente la candidatura Cor Blanciblau me sorprendi\u00f3 gratamente, por sus ideas innovadoras y gestiones, pese a la juventud del se\u00f1or Arnau Bagu\u00e9. \u00bfSeria posible que su candidatura la cual veo mas solida y con posiblidades de salir elegida y la del se\u00f1or Bagu\u00e9 se fusionaran o trabajaran juntas? Creo que podr\u00edan hacer algo muy grande juntos. Gracias<\/p>\n<p>R.- Hola Carlos: Estoy convencido de que Arnau representa lo m\u00e1s fresco y transparente del Espanyol. Coincidimos en much\u00edsimos puntos. S\u00ed, me gustar\u00eda. Un saludo<\/p>\n<p>P.- Pongamos el siguiente escenario (considero m\u00e1s probable): Collet gana las elecciones con un 60 por ciento de las acciones, usted un 40, pero usted logra un 70 por ciento del respaldo social y \u00e9l solo un 30. \u00bfEs posible gobernar as\u00ed?<\/p>\n<p>R.- Hola Pacheta, qu\u00e9 grandes recuerdos me traes, un tipo honesto: En este escenario, lo m\u00e1s l\u00f3gico ser\u00eda que el se\u00f1or Collet diera un paso atr\u00e1s y dejara gobernar realmente a la masa social del Espanyol, representada en ese 70 por ciento. Recuerda cinco personas de su candidatura ya suman un 40 por ciento. Un saludo<\/p>\n<p>P.- \u00bfConsidera que Dani ha perdido dinero en el Espanyol? \u00bfQu\u00e9 sabe de las plusval\u00edas?<\/p>\n<p>R.- Hola Tamudo: Considero que las plusval\u00edas han compensado el valor de las acciones. Dani no ha perdido ni un euro en el Espanyol. Un fuerte abrazo Tamudo, yo soy tamudista.<\/p>\n<p>P.- \u00bfCu\u00e1ndo seremos un club serio en lo deportivo y dejaremos los personalismos directivos? Un club de f\u00fatbol que se dedique s\u00f3lo a eso -f\u00fatbol- y las Juntas directivas pasen desapercibidas? Desde ni\u00f1o soy perico -y tengo 64 a\u00f1os- y pocas veces a lo largo de ese tiempo he visto tranquilidad en mi Club. Pepe, Ciudad Real.<\/p>\n<p>R.- Apreciado Pepe: El Espanyol, para m\u00ed, s\u00f3lo es un club de f\u00fatbol, un gran club de f\u00fatbol. Mi candidatura no es de nombres sino de personas. Quiero arreglar este club en cinco a\u00f1os y luego dejar el relevo a gente que como yo quiere a muerte a nuestra entidad. Un abrazo<\/p>\n<p>P.- Hola Sergio. Soy socio del club (sector 200). Yo creo que este equipo necesita jugadores que ilusionen a los aficionados. Lo que hay es muy limitado y muy escaso de calidad. As\u00ed es imposible. \u00bfves factible que el club pueda hacer un esfuerzo en jugadores que ilusionen al aficionado? gracias y suerte. <\/p>\n<p>R.- Hola Toni: Depender\u00e1 de la capacidad de ingresos que tengamos como club y de ilusionar a prohombres del espa\u00f1olismo, como Jos\u00e9 Manuel Lara, al que quiero convencer de que reabra Planeta Deportiva. Un abrazo<\/p>\n<p>P.- Buenas tardes, se\u00f1or Sergio Oliver\u00f3. Que proyecto tiene si sale presidente. Creeis que la deuda que tiene el club, se podria subsanar con ustedes al frente? Creo que si se apostara mas por la cantera, creo que el equipo estar\u00eda mas arriba. Muchas gracias y suerte.<\/p>\n<p>R.- Hola Pakito: Estamos a muerte con la cantera. En manos de Rufete y Tamudo. La deuda del club es solucionable. No comparto la idea del se\u00f1or Morlanes de un futuro negro. Nuestro futuro es blanco y azul. Conf\u00eda. Un abrazo<\/p>\n<p>P.- Soy accionista y vivo en Madrid, por lo que no puedo ir a la junta. He enviado mi voto por correo a su candidatura, pero llega al club. \u00bfSu candidatura tiene alguna p\u00e1gina web de contacto o un tel\u00e9fono para asegurarme que el voto es para usted? \u00a1\u00a1Viva el ESPA\u00d1OL!!<\/p>\n<p>R.- Hola Jose Manuel: Nuestra web es www.olivero-apmae.com. Puede llamar al 608298262. Conf\u00edo plenamente en la profesionalidad de la gente del club a la hora de efecturar los recuentos. Muchas gracias por delegarme el voto. Un abrazo.<\/p>\n<p>P.- De todos los jugadores del juvenil campeon que se han marchado, tipo Rufo, Senent, Darder, Arroyo, \u00bfhemos sacado al menos alg\u00fan beneficio econ\u00f3mico?<\/p>\n<p>R.- Hola Carlos: Creo que se ha cometido un grave error en dejar escapar a estos jugadores. Con Rufete y Tamudo esto no va a ocurrir en el futuro. El f\u00fatbol base ser\u00e1 el futuro de nuestro gran Espanyol. No tengo constancia de que hayamos sacado nada. Un abrazo.<\/p>\n<p>P.- \u00bfPor qu\u00e9 se le prohibi\u00f3 a la familia Pozzo entrar en la ampliaci\u00f3n de capital? \u00bfUsted lo permitir\u00eda? <\/p>\n<p>R.- Hola Ignacio: En la ampliaci\u00f3n de capital la familia Pozzo pod\u00eda haber ido pefectamente. Creo que se vendi\u00f3 mal que ellos quer\u00edan copar la parcela que ahora misma ocupa nuestro f\u00fatbol base. Me entrevist\u00e9 personalmente con Gino y lo considero un hombre impecable e inteligente. Si ganamos, \u00e9l me confes\u00f3 la posibilidad de entablar relaciones. Un abrazo<\/p>\n<p>P.- Muy buenas don Sergio. \u00bfC\u00f3mo ve la situaci\u00f3n deportiva actual del Espanyol y cual cree usted que deber\u00eda ser su posici\u00f3n real? Espero que con Tamudo, Rufete y Sergio Gonz\u00e1lez volv\u00e1is a donde os merec\u00e9is. Mucha suerte y saludos desde Algeciras!<\/p>\n<p>R.- Hola Antonio: Por historia, tradici\u00f3n, n\u00famero de socios y estadio deber\u00edamos estar siempre entre los seis primeros equipos de la Liga espa\u00f1ola. No tengo ninguna duda que con Rufete al frente del f\u00fatbol base y con el apoyo del mejor jugador de la historia del Espanyol, Tamudo, s\u00f3lo podemos ir para arriba. Un abrazo.<\/p>\n<p>P.- Sr. Olivero \u00bfEchar\u00e1 al Sr. Collet como consejero delegado?<\/p>\n<p>R.- Hola Juan: No, simplemente le firmar\u00e9 el finiquito. Espero que no est\u00e9 blindado su contrato, por el bien del Espanyol. Un abrazo.<\/p>\n<p>P.- \u00bfTiene alguna negociaci\u00f3n adelantada en el tema del nombre del Estadio?<\/p>\n<p>R.- Hola A. Aguilera: S\u00ed. Tenemos en concreto una opci\u00f3n muy seria que ser\u00eda similar a lo que normalmente se llama denominaci\u00f3n de origen. La idea es buen\u00edsima y estamos trabajando en ella. Un abrazo<\/p>\n<p>P.- \u00bfLos Pozzo y Lara pueden ser futuros fuertes inversores del RCDE si su candidatura sale ganadora? \u00bfNo ha pensado en Jos\u00e9 Mar\u00eda Gay de Li\u00e9bana para el \u00e1rea econ\u00f3mica del club? Muchas gracias.<\/p>\n<p>R.- Hola Adri\u00e1n: Estoy convencido de que si nuestra candidatura es ganadora voy a poder tocar la puerta del se\u00f1or Lara y tener una entrevista con el se\u00f1or Gino Pozzo. Jos\u00e9 Mar\u00eda Gay de Li\u00e9bana es un gran perico y espero poder contar con su apoyo y saber hacer. Un abrazo.<\/p>\n<p>P.- Est\u00e1 claro que el precio de los carnets y de las entradas en los campos de f\u00fatbol de este pa\u00eds son muy elevados si los comparamos con Alemania o Inglaterra, si consigue ser presidente, \u00bfse reducir\u00e1n los precios de las entradas y de los abonos?<\/p>\n<p>R.- Hola Cesc: Depender\u00e1 mucho de los repartos de los derechos televisivos, como as\u00ed ha ocurrido en Alemania e Inglaterra. En todo caso, si el d\u00eda 20 de noviembre soy presidente, las familias numerosas tendr\u00e1n descuentos especiales, as\u00ed como en el caso de los parados descuentos todav\u00eda m\u00e1s importantes. Pero estoy de acuerdo contigo. Un abrazo.<\/p>\n<p>P.- \u00bfHacia d\u00f3nde cree que deber\u00eda ir el proyecto del Espanyol?<\/p>\n<p>R.- Hola Fran: Lo m\u00e1s similar posible a un Arsenal de la Liga inglesa. Buen rigor econ\u00f3mico, buena gesti\u00f3n deportiva y siempre estar entre los seis primeros equipos de la Liga espa\u00f1ola. Pero, esto ser\u00e1 as\u00ed, si sabemos generar lo que ya ten\u00edamos hace cinco a\u00f1os, que era uno de los mejores f\u00fatbol base de Europa. Un abrazo.<\/p>\n<p>P.- Saludos. \u00bfSi usted sale de presidente tendr\u00e9 la posibilidad de asistir en calidad de socio barcelonista a presenciar el derby tal como en m\u00e1s de una ocasi\u00f3n se me ha impedido?<\/p>\n<p>R.- Hola Gamperucci: Si soy presidente intentar\u00e9 que este tipo de situaciones, por el bien del f\u00fatbol y por el se\u00f1or\u00edo de nuestro club, queden solucionadas. El f\u00fatbol, para m\u00ed, es un sentimiento pero \u00fanicamente un deporte. Un abrazo.<\/p>\n<p>P.- \u00bfComo es su relaci\u00f3n con los jugadores de la plantilla y con el entrenador?<\/p>\n<p>R.- Hola Luis: Personalmente, con Mauricio me llevo muy bien. Y con Ramon Planes, tambi\u00e9n. De la plantilla con quien tengo m\u00e1s relaci\u00f3n es con Joan Verd\u00fa y Javi L\u00f3pez. Un abrazo.<\/p>\n<p>P.- Sr. Oliver\u00f3 \u00bfcu\u00e1l ha sido el d\u00eda m\u00e1s feliz de su vida como periquito y cu\u00e1l ha sido el m\u00e1s triste? Saludos<\/p>\n<p>R.- Hola Juan Manuel: El m\u00e1s feliz fue el 4-1 en la Copa del Rey ante el Zaragoza en el Bernab\u00e9u, en 2006. Y, el m\u00e1s triste, la final de Leverkusen. Un abrazo.<\/p>\n<p>P.- Buenas tardes Sr.Oliver\u00f3, Sin duda la mayor\u00eda de los socios pensamos que el proyecto de cantera es fundamental. No se puede repetir lo que ha pasado con el B y el f\u00fatbol base. Mi pregunta ser\u00eda la siguiente: \u00bfLa pol\u00edtica de ventas es inevitable? Y es caso afirmativo, a los socios nos gustar\u00eda una pol\u00edtica transparente. Nos gustar\u00eda conocer cifras y motivos de las ventas. No nos pueden tomar por un club de saldos<\/p>\n<p>R.- Hola Toni: La pol\u00edtica de ventas finaliza en el presupuesto de la temporada 20012-13 en cuanto a vender jugadores para equilibrar el presupuesto. Si se venden jugadores, ser\u00e1 por decisi\u00f3n t\u00e9cnica o porque la oferta es no rechazable. Mi gobierno, si tengo el honor de ser presidente del Espanyol, se basar\u00e1 siempre en la transparencia de los n\u00fameros del club. Ya que ser\u00e9 el presidente de 14.000 propietarios y 30.000 abonados. Un abrazo.<\/p>\n<p>P.- \u00bfConoce que la empresa del Sr Collet tiene la concesi\u00f3n de la impresi\u00f3n de las camisetas de la tienda del Espanyol?<\/p>\n<p>R.- Hola Mr Holmes: No ten\u00eda ni idea. Y de ser cierto me parecer\u00eda una tremenda incongruencia y error. No puedo creer que esto sea cierto. Si fuera as\u00ed, el se\u00f1or Collet deber\u00eda presentar in mediatamente su dimisi\u00f3n irrevocable, sin derecho a finiquito alguno. Un abrazo.<\/p>\n<p>P.- \u00a1Cree que Lara se arrepiente ahora de haber vendido en su d\u00eda las acciones? \u00bfDani est\u00e1 actuando ahora como en su d\u00eda lo hizo el propio Lara?<\/p>\n<p>R.- Hola Pablo: Creo que el se\u00f1or Lara es un aut\u00e9ntico espa\u00f1olista y pienso que un poquito s\u00ed se esta arrepintiendo de haberle vendido las acciones al se\u00f1or S\u00e1nchez. No, Dani no act\u00faa como el se\u00f1or Lara, ya que si actuara como el se\u00f1or Lara votar\u00eda en blanco en estas elecciones. Un abrazo.<\/p>\n<p>P.- Se han filtrado nombres interesantes para los dos candidaturas, aunque parece que su hombre de f\u00fatbol base tiene muchos argumentos y gran estima en los conjuntos en los que jug\u00f3 (Toledo, M\u00e1laga, Valencia, Espanyol&#8230;) \u00bfQu\u00e9 le puede aportar Rufete a su proyecto? \u00bfY Lard\u00edn al de Collet?<\/p>\n<p>R.- Hola Antonio: Mi consideraci\u00f3n personal respecto a Rufo es impecable. Lo considero un hombre honesto y comprometido con el Espanyol. En el caso de un gran jugador como Lard\u00edn, me gustar\u00eda que dejara muy claro que su profesi\u00f3n de representante de jugadores estar\u00eda al margen de los intereses de nuestro club. En caso contrario, ser\u00eda meter a la zorra en el gallinero. Un abrazo.<\/p>\n<p>P.- Hace unas semanas, en un partido de Copa, el se\u00f1or Collet viaj\u00f3 con el equipo a Sevilla, a ver el partido de Copa. Ese viaje, \u00bflo pag\u00f3 el de su bolsillo? \u00bfLo pag\u00f3 el club?<\/p>\n<p>R.- Hola Juan: Entiendo que lo pag\u00f3 de su bolsillo como cualquier consejero del club. En mis viajes con el Espanyol siempre me he pagado el viaje, el hotel y las comidas. El \u00fanico que viajaba con el club era el se\u00f1or Bertomeu, el encargado de acompa\u00f1ar el equipo. Entiendo que el se\u00f1or Collet se lo pag\u00f3 de su bolsillo ya que se lo puede permitir. Un abrazo.<\/p>\n<p>P.- \u00bfPor qu\u00e9 se habl\u00f3 tan poco de las plusv\u00e1luas? \u00bfQu\u00e9 hay de cierto en que Dani y Condal se han embolsado dinero en las operaciones? \u00bfLas ve l\u00edcitas?<\/p>\n<p>R.- Hola Pedro: Por el formato del programa no tuve la oportunidad de encarar claramente este tema, lo siento. He repetido una y mil veces que las plusval\u00edas pueden ser legales, pero en este momento que atraviesa el club, para m\u00ed, son inmorales. Como sabes, mi plusval\u00eda de Osvaldo la destin\u00e9 a la Fundaci\u00f3n del RCDE, a un proyecto en \u00c1frica. No me gusta que el Consejo pueda obtener plusval\u00edas por informaciones privilegiadas. Si soy presidente, mi Consejo jam\u00e1s entrar\u00e1 en estos temas ya que firmar\u00e1n un c\u00f3digo \u00e9tico de conducta. Los beneficios son para el club. Un abrazo.<\/p>\n<p>P.- Buenas tardes, se\u00f1or Oliver\u00f3. Qued\u00e9 algo decepcionado con el debate de ayer. Se notaba algo dirigido. \u00bfQu\u00e9 quiso decir que no le dejaron explicar?<\/p>\n<p>R.- Hola Juan: El formato del programa era m\u00e1s propio de una entrevista a tres candidatos que de un debate a tumba abierta. Me qued\u00e9 con ganas de explicar como un club centenario, ha sido dirigido por muy pocos en los \u00faltimos 15 a\u00f1os. Alguno de ellos no presente f\u00edsicamente en el Consejo. Conmigo, el Consejo ser\u00e1 el \u00f3rgano rector del nuevo Espanyol. Un abrazo.<\/p>\n","protected":false},"excerpt":{"rendered":"<p>Sergio oliver\u00f3, ex vicepresidente del RCD Espanyol se presenta a las elecciones a la presidencia que tendr\u00e1n lugar el pr\u00f3ximo lunes. Oliver\u00f3, socio del Espanyol desde hace 39 a\u00f1os, charlar\u00e1 con los internautas sobre su programa y el resto de la actualidad que rodea al club periquito.<\/p>\n","protected":false},"author":1,"featured_media":0,"comment_status":"open","ping_status":"open","sticky":false,"template":"","format":"standard","meta":{"footnotes":""},"categories":[],"tags":[],"class_list":["post-11039","post","type-post","status-publish","format-standard","hentry"],"_links":{"self":[{"href":"https:\/\/intervius.com\/index.html\/wp-json\/wp\/v2\/posts\/11039","targetHints":{"allow":["GET"]}}],"collection":[{"href":"https:\/\/intervius.com\/index.html\/wp-json\/wp\/v2\/posts"}],"about":[{"href":"https:\/\/intervius.com\/index.html\/wp-json\/wp\/v2\/types\/post"}],"author":[{"embeddable":true,"href":"https:\/\/intervius.com\/index.html\/wp-json\/wp\/v2\/users\/1"}],"replies":[{"embeddable":true,"href":"https:\/\/intervius.com\/index.html\/wp-json\/wp\/v2\/comments?post=11039"}],"version-history":[{"count":0,"href":"https:\/\/intervius.com\/index.html\/wp-json\/wp\/v2\/posts\/11039\/revisions"}],"wp:attachment":[{"href":"https:\/\/intervius.com\/index.html\/wp-json\/wp\/v2\/media?parent=11039"}],"wp:term":[{"taxonomy":"category","embeddable":true,"href":"https:\/\/intervius.com\/index.html\/wp-json\/wp\/v2\/categories?post=11039"},{"taxonomy":"post_tag","embeddable":true,"href":"https:\/\/intervius.com\/index.html\/wp-json\/wp\/v2\/tags?post=11039"}],"curies":[{"name":"wp","href":"https:\/\/api.w.org\/{rel}","templated":true}]}}