{"id":11036,"date":"2012-11-20T00:00:00","date_gmt":"2006-11-06T00:00:00","guid":{"rendered":"https:\/\/intervius.com\/index.html\/?p=11036"},"modified":"2006-11-06T00:00:00","modified_gmt":"2006-11-06T00:00:00","slug":"Oriol_Junqueras11036","status":"publish","type":"post","link":"https:\/\/intervius.com\/index.html\/Oriol_Junqueras11036\/","title":{"rendered":"Oriol Junqueras"},"content":{"rendered":"<p>Pregunta.- Tiene ERC alguna propuesta para solucionar los problemas de los ciudadanos de Catalu\u00f1a que no sea la independencia ?, Cu\u00e1les ser\u00edan,de haberlas las propuestas de su partido mientras esperan que esto ocurra?<\/p>\n<p>Respuesta.- Buenas tardes a todos. Empezamos la sesi\u00f3n. Primera respuesta: ERC ha votado contra la reforma laboral y la reforma fiscal impulsadas por el PP y CiU. Entre otras razones porqu\u00e9 creemos que hay un exceso de presi\u00f3n fiscal sobre la renta de las clases medias y trabajadoras y sobre el consumo. Y, por lo tanto, defendemos que hay que rebajar el IRPF y el IVA. Y trasladar la presi\u00f3n fiscal a los bancos. Otro ejemplo: las SICAV s\u00f3lo pagan un 1%, mientras que los empresarios pagan 30 veces m\u00e1s.<\/p>\n<p>P.- \u00bfPorqu\u00e9 ERC siempre se ha negado a que el parlament investigue los casos de corrupci\u00f3n de CiU? Actitud contraria a la que tiene en el Congreso de los diputados? \u00bfes eso propio de un partido que dice ser de izquierdas?<\/p>\n<p>R.- Hola. ERC nunca se ha negado a que el Parlament investigue ning\u00fan caso de corrupci\u00f3. Ni de CiU ni de nadie. Al contrario. En cualquier caso, ERC no tiene ning\u00fan cargo ni ex-cargo imputado en el ejercicio de su cargo p\u00fablico.<\/p>\n<p>P.- \u00bfPor qu\u00e9 cree usted que Urdangarin no esta en la carcel y la infanta imputada?<\/p>\n<p>R.- A menudo, la justicia espa\u00f1ola es poco justa.<\/p>\n<p>P.- No cre que contradictorio el lema electoral de su partido, un nuevo pais para todos, cuando en la actualidad ustedes estan de acuerdo con discriminar a la mitad de los catalanes, los que tenemos el castellano como de lengua<\/p>\n<p>R.- Estoy convencido que el lema &#8220;un nuevo pa\u00eds para todos&#8221; es absolutamente oportuno. De hecho, soy alcalde de una ciudad con un 80% de personas que tienen como lengua m\u00e1s habitual el castellano. Y el 70% de los votantes que me han convertido en alcalde tienen como lengua m\u00e1s habitual el castellano. As\u00ed que no entiendo su referencia al lema de campa\u00f1a.<\/p>\n<p>P.- Sr. Junqueras: \u00bfno le parece el independentismo de CiU un poco oportunista, de \u00faltima hora? <\/p>\n<p>R.- No lo s\u00e9. Estoy seguro que el de ERC, no.<\/p>\n<p>P.- \u00bfFirman ustedes la independencia de s\u00f3lo Catalunya? \u00bfo no se conforman con eso, y creen que el nuevo estado deber\u00eda contar con Val\u00e8ncia y Les Illes?<\/p>\n<p>R.- Esto, como todo lo dem\u00e1s, deben decidirlo democr\u00e1ticamente los ciudadanos. En esto consiste la democracia. <\/p>\n<p>P.- \u00bf Una Catalu\u00f1a soberana ser\u00eda capaz entrar en la Uni\u00f3n Europea ?<\/p>\n<p>R.- Por supuesto. Yo he sido diputado en el Parlamento europeo. Y mis colegas parlamentarios siempre han dejado claro que la \u00fanica condici\u00f3n es un mandato democr\u00e1tico: &#8220;You need a democratic mandate&#8221;. Y, precisamente, esto es lo que le ofreceremos a Europa y al mundo.<\/p>\n<p>P.- Si compro un piso en Barcelona, \u00bfme dar\u00edas la ciudadan\u00eda catalana?<\/p>\n<p>R.- El permiso de residencia no es algo que deber\u00eda comprarse y venderse en funci\u00f3n de la adquisici\u00f3n de un piso de un determinado precio. La propuesta del PP en este sentido es vergonzosa. <\/p>\n<p>P.- Cual es su idea sobre los peajes en las autopistas catalanas?? Deberemos seguir pagando a pesar de que est\u00e1n mas que amortizadas y que son una fuente de expoliaci\u00f3n de los ciuddanos, y todas en manos de amiguetes de CIU&#8230;??<\/p>\n<p>R.- Depende de si est\u00e1n amortizadas o no.<\/p>\n<p>P.- una simple pregunta \u00bfporque ERC se mete tanto con el Rey? no lo entiendo, si a lo que aspira es a tener una Republica Catalana, no entiendo porque el hablar del Rey y la monarquia Espa\u00f1ola.<\/p>\n<p>R.- No me consta en absoluto que ERC sea poco respetuosa con ning\u00fan jefe de estado democr\u00e1tico.<\/p>\n<p>P.- Hola Oriol. Si Catalu\u00f1a va a ser independiente, \u00bfpor qu\u00e9 he de comprar productos que vengan de ah\u00ed? \u00bfNo es mejor comprar productos espa\u00f1oles (si es que hay alternativa) y fomentar la industria de m\u00ed pa\u00eds, que bastante maltrecha se quedar\u00e1 si los catalanes nos abandon\u00e1is? Un saludo<\/p>\n<p>R.- En general, los consumidores compran los productos m\u00e1s buenos y m\u00e1s baratos que encuentran. No es habitual que compren productos malos y caros. Verdad? En cualquier caso, las decisiones de compra son responsabilidad de cada consumidor. Y, obviamente, usted puede hacer lo que considere m\u00e1s oportuno.<\/p>\n<p>P.- \u00bfYa tienen pensado que van a hacer con ciudadanos, como quien respetuosamente le escribe, que se sienten igual de espa\u00f1oles que catalanes? \u00bfDe verdad cree que la tremenda divisi\u00f3n entre catalanes que sus planes de independencia est\u00e1 ya empezando a crear vale por todo? Atte., <\/p>\n<p>R.- Es perfectamente compatible sentirse emocionalmente catal\u00e1n, espa\u00f1ol, franc\u00e9s&#8230; o cualquier otra opci\u00f3n o combinaci\u00f3n. Y, al mismo tiempo, decidir racionalmente que a todos los que vivimos en Catalunya nos conviene vivir en unestado independiente. <\/p>\n<p>P.- Bona tarda, Han hecho c\u00e1lculos de c\u00f3mo quedar\u00eda el PIB catal\u00e1n (recaudaci\u00f3n de impuestos, muchas empresas tendr\u00eda, por Ley, que tributar fuera de CAT) con la indep. y los gastos de estructuras del &#8220;nuevo estado&#8221;&#8230;Gracias<\/p>\n<p>R.- Por su puesto.<\/p>\n<p>P.- Buenas tardes: Ustedes siempre han sido partidarios de la independencia, sin embargo CIU ha tenido una postura bastante ambigua al respecto, eligiendo siempre lo que m\u00e1s conven\u00eda a sus intereses partidistas \u00bfse f\u00edan UD de ellols ahora ? \u00bfNo piensan que podr\u00edan dejarles en la estacada n el \u00fatimo momento como siempre? Un saludo<\/p>\n<p>R.- Sin duda, el socio m\u00e1s fiable para los ciudadanos catalanes es ERC. Tanto para construir un nuevo estado independiente, como para canviar el modelo econ\u00f3mico y social de CiU y del PP.<\/p>\n<p>P.- Como se imagina una Catalunya independiente?<\/p>\n<p>R.- Como dicen muchos de los vecino de mi pueblo, &#8220;mucho m\u00e1s guapa&#8221;.<\/p>\n<p>P.- Buenas tardes! \u00bfHasta que punto cree que es posible cambiar algo en la sociedad, no me refiero s\u00f3lo a la independencia catalana si no m\u00e1s bien a la pol\u00edtica socioecon\u00f3mica? Desde la ciudadan\u00eda se tiene la impresi\u00f3n de que los pol\u00edticos har\u00e1n totalmente lo que dicten bancos y grandes empresarios, \u00bfhay alguna independencia en este sentido?\u00bfpodemos confiar realmente el pueblo en alg\u00fan grupo? gracias<\/p>\n<p>R.- Nosotros, por ejemplo, defendemos la necesidad de rebajar el IRPF y el IVA. Y aumentar la presi\u00f3n fiscal sobre los bancos. Por ejemplo, con un impuesto sobre transacciones financieras entre los bancos, seg\u00fan un borrador ya aprobado por el Parlamento europeo.<\/p>\n<p>P.- Hola Oriol. Soy votante de ERC y quiero que sea segunda fuerza, pero como puedo convencer a mi pareja que apoye a ERC y no a CiU?<\/p>\n<p>R.- ERC ofrece una alternativa econ\u00f3mica y social diferente y mucho mejor que la que hasta este momento han representado CiU y el PP. <\/p>\n<p>P.- Qu\u00e9 le viene a la memoria cuando le dicen &#8220;informe Crespo&#8221;?<\/p>\n<p>R.- Que la transparencia siempre es buena. Y, en este sentido, quiero recordar que ERC no tiene ning\u00fan cargo ni excargo imputado en el ejercicio de su cargo p\u00fablico. <\/p>\n<p>P.- \u00bfCuales cree que han sido los errores de ERC para que pasase de ostentar mayor\u00edas y tener la presidencia de la Generalitat durante la malograda II Rep\u00fablica a estar ahora enormemente menguada respecto a CiU? Entiendo que CiU no exist\u00eda durante la Rep\u00fablica, pero s\u00ed existian part\u00eddos pol\u00edticos del mismo \u00e1mbito: la derecha catalanista.<\/p>\n<p>R.- Supongo que usted coincidir\u00e1 conmigo que, probablemente, la larga dictadura franquista debe tener algo que ver en ello. \u00bfNo es as\u00ed? <\/p>\n<p>P.- \u00bfCiU con mayor\u00eda absoluta seguir\u00e1 adelante con el proceso de secesi\u00f3n?<\/p>\n<p>R.- Probablemente, no. La experiencia as\u00ed lo demuestra.<\/p>\n<p>P.- Usted dijo entre catalu\u00f1a y la izquierda elegimos catalu\u00f1a. \u00bfNo cree que esa actitud inhabilita a su partido para llevar la palabra izquierda en las siglas de su partido?<\/p>\n<p>R.- En absoluto. O acaso \u00bfel SPD alem\u00e1n renuncia a Alemania? O \u00bfel PSF a Francia? O \u00bfel Labour al Reino Unido?<\/p>\n<p>P.- Me pregunto si la nueva direcci\u00f3n de Esquerra se parece o no a la del Tripartito, que fu\u00e9 decisiva en la elecci\u00f3n del Sr. Montilla como President de la Generalitat. <\/p>\n<p>R.- Tal vez, lo mejor es que lo juzgue usted mismo.<\/p>\n<p>P.- Hola Oriol. Yo apoyo que querais ser independientes. No lo comparto pero lo apoyo. Es el juego democr\u00e1tico. Pero muchas veces hablais de Espa\u00f1a en t\u00e9rminos casi siempre despectivos, como que todos los problemas os son ajenos. \u00bfPod\u00edas decirme algo bueno de Espa\u00f1a? Soy asturiano y vivo en Asturias.<\/p>\n<p>R.- Jam\u00e1s hablamos de Espa\u00f1a en t\u00e9rminos despectivos. Si acaso, somos cr\u00edticos con el estado espa\u00f1ol. Creo que la diferencia es substancial. No?<\/p>\n<p>P.- Hola buenas tardes \u00bfNo considera que estamos antes las elecciones catalanas m\u00e1s importantes de los \u00faltimos a\u00f1os?\u00bfRealmente la indepencia es la panacea de todos los males de Catalu\u00f1a? Un saludo y mucha suerte el domingo.<\/p>\n<p>R.- Las herramientas de un estado son muy \u00fatiles para intentar resolver los problemas de los ciudadanos. Y, por lo tanto, no renunciaremos a ellas.<\/p>\n","protected":false},"excerpt":{"rendered":"<p>La independencia debe servir para hacer borr\u00f3n y cuenta nueva. El candidato a la presidencia de la Generalitat por Esquerra Republicana de Catalu\u00f1a (ERC), Oriol Junqueras, no quiere un status quo socioecon\u00f3mico, sino que apuesta por una refundaci\u00f3n de Catalu\u00f1a en base a unos par\u00e1metros de justicia social. Junqueras (Barcelona, 1969) es presidente de ERC y alcalde de Sant Vicen\u00e7 dels Horts.<\/p>\n","protected":false},"author":1,"featured_media":0,"comment_status":"open","ping_status":"open","sticky":false,"template":"","format":"standard","meta":{"footnotes":""},"categories":[],"tags":[],"class_list":["post-11036","post","type-post","status-publish","format-standard","hentry"],"_links":{"self":[{"href":"https:\/\/intervius.com\/index.html\/wp-json\/wp\/v2\/posts\/11036","targetHints":{"allow":["GET"]}}],"collection":[{"href":"https:\/\/intervius.com\/index.html\/wp-json\/wp\/v2\/posts"}],"about":[{"href":"https:\/\/intervius.com\/index.html\/wp-json\/wp\/v2\/types\/post"}],"author":[{"embeddable":true,"href":"https:\/\/intervius.com\/index.html\/wp-json\/wp\/v2\/users\/1"}],"replies":[{"embeddable":true,"href":"https:\/\/intervius.com\/index.html\/wp-json\/wp\/v2\/comments?post=11036"}],"version-history":[{"count":0,"href":"https:\/\/intervius.com\/index.html\/wp-json\/wp\/v2\/posts\/11036\/revisions"}],"wp:attachment":[{"href":"https:\/\/intervius.com\/index.html\/wp-json\/wp\/v2\/media?parent=11036"}],"wp:term":[{"taxonomy":"category","embeddable":true,"href":"https:\/\/intervius.com\/index.html\/wp-json\/wp\/v2\/categories?post=11036"},{"taxonomy":"post_tag","embeddable":true,"href":"https:\/\/intervius.com\/index.html\/wp-json\/wp\/v2\/tags?post=11036"}],"curies":[{"name":"wp","href":"https:\/\/api.w.org\/{rel}","templated":true}]}}