{"id":1103,"date":"2007-04-20T00:00:00","date_gmt":"2006-11-06T00:00:00","guid":{"rendered":"https:\/\/intervius.com\/index.html\/?p=1103"},"modified":"2006-11-06T00:00:00","modified_gmt":"2006-11-06T00:00:00","slug":"Nicolas_Sartorius1103","status":"publish","type":"post","link":"https:\/\/intervius.com\/index.html\/Nicolas_Sartorius1103\/","title":{"rendered":"Nicol\u00e1s Sartorius"},"content":{"rendered":"<p>Pregunta.- \u00bfPor qu\u00e9 ha tenido tan poca repercusion una iniciativa tan loable? <\/p>\n<p>Respuesta.- Si se refiere a la iniciativa del Manifiesto por la Convivencia y Frente a la Crispaci\u00f3n, creo que ha tenido una repercusi\u00f3n notable por cuanto tenemos en este momento m\u00e1s de 8.000 adhesiones y la presentaci\u00f3n del mismo en el C\u00edrculo de Bellas Artes fue reflejada en multitud de medios de comunicaci\u00f3n.<\/p>\n<p>P.- los que teniamos 16 a\u00f1os en los a\u00f1os 60 y estubimos peleando con huelgas y manifestaciones primero desde la escuela de aprendices y despues desde las fabricas contra aquellos gobernantes (NO MILITARES) \u00bfdebemos plantearnos volver a la lucha contra los herederos de aquellos?<\/p>\n<p>R.- En las condiciones de la democracia, la manera m\u00e1s eficaz de &#8220;luchar&#8221; creo que es participando en la vida social y pol\u00edtica, defendiendo nuestros derechos y, especialmente, votando con inteligencia cuando llega el momento de las elecciones. Igualmente, se participa a trav\u00e9s de los sindicatos, de los partidos pol\u00edticos o de otras organizaciones sociales y ejerciendo cuando procede los derechos que la Constituci\u00f3n nos reconoce. Como usted sabe, entre estos derechos est\u00e1 el de Huelga o Manifestaci\u00f3n, que se pueden utilizar pac\u00edficamente cuando hay razones para ello.<\/p>\n<p>P.- Buenas tardes, encantado de hablar con usted, \u00bfno considera lamentable que el PP tenga su argumentario de ciertas tetulias matinales, y peri\u00f3dicos?<\/p>\n<p>R.- Como usted conoce, yo no comparto los planteamientos del Partido Popular y su forma de hacer oposici\u00f3n pero en Espa\u00f1a est\u00e1 reconocido el derecho de expresi\u00f3n como fundamental en una democracia y si hay medios de comunicaci\u00f3n y tertulias que quieren manifestar lo que el PP piensa est\u00e1n en su derecho y hay que respetarlo.<\/p>\n<p>P.- \u00bfComo se compatibiliza la firma de la escritora Almudena Grandes en un manifiesto &#8220;por la convivencia y frente a la crispaci\u00f3n&#8221; con sus recientes declaraciones en las que afirmaba que &#8220;cada ma\u00f1ana fusilar\u00eda a dos o tres voces de la derecha espa\u00f1ola&#8221;?.<\/p>\n<p>R.- Se trata de una pregunta que deber\u00eda usted hac\u00e9rsela a la interesada, pero conociendo como conozco a Almudena Grandes estoy convencido de que no lo dijo en serio, pues en ese caso ser\u00eda inaceptable. Pero insisto, me consta que lo dijo como una salida de tono no en serio.<\/p>\n<p>P.- \u00bfDicen crsipaci\u00f3n cuando se refieren al ejercicio de oposici\u00f3n?.Hab\u00eda tambi\u00e9n mucha crispaci\u00f3n tras el caso &#8220;Prestige&#8221;(insultos, etc), o cuando el env\u00edo de tropas a Irak. Tambi\u00e9n si no recuerdo mal el PP fue acosado en plenas elecciones,literalmente, tras los atentados del 11-M(insultado, amenazado,etc).Entonces no sali\u00f3 nadie a defenderles. Desde entonces el gobierno ha dejado de tener la culpa de todo, como era tradici\u00f3n, ahora la culpa la tiene la oposici\u00f3n.\u00a1Ole!<\/p>\n<p>R.- Creo sinceramente que la situaci\u00f3n no es la misma. En la \u00e9poca en que gobernaba el Partido Popular no se produjo un acoso sistem\u00e1tico por parte de los dirigentes de otros partidos. Es cierto que se discrep\u00f3 de su pol\u00edtica, que se le critic\u00f3 en actuaciones, como fue el caso del Prestige o en el grav\u00edsimo tema de la guerra de Irak (\u00bfqu\u00e9 estar\u00eda ocurriendo ahora si Espa\u00f1a estuviese metida en esa guerra?) pero en cambio siempre se le apoy\u00f3 en la lucha contra el terrorismo hiciese lo que hiciese. La crispaci\u00f3n actual obedece a que desde la direcci\u00f3n del Partido Popular se descalifica sistem\u00e1ticamente al Presidente del Gobierno, se utiliza el tema del terrorismo para hacer oposici\u00f3n, cosa que nunca se hab\u00eda hecho en el pasado y, se ha intentado manipular a base de mentiras lo que sucedi\u00f3 en el terrible atentado del 11-M. Se ha llegado a afirmar, en s\u00edntesis, que Espa\u00f1a se rompe y Espa\u00f1a se rinde, y todo el mundo sabe que esto es incierto.<\/p>\n<p>P.- Hola: \u00bfNo es luchar por la conviviencia y contra la crispaci\u00f3n tambi\u00e9n que las personas gananen algo m\u00e1s de 300 euros al mes?, \u00bffirmar\u00edan un manifiesto por ello? Muchas gracias<\/p>\n<p>R.- Me parece lamentable que haya personas que tengan que vivir con 300 euros al mes. Por supuesto que estar\u00eda dispuesto a firmar un manifiesto por ese motivo e incluso no s\u00f3lo a firmar manifiestos, sino tambi\u00e9n a presionar para que esa situaci\u00f3n se remedie. De todas maneras, hay que reconocer que en estos \u00faltimos a\u00f1os las pensiones m\u00e1s bajas han crecido muy por encima del aumento de los precios, lo que ocurre es que se parte de bases muy bajas, y es necesario sobre todo desde los sindicatos y desde los partidos de izquierda se tomen en serio la lucha por unas pensiones decentes que, en mi opini\u00f3n, en ning\u00fan caso deber\u00edan estar por debajo del salario m\u00ednimo interprofesional. Salario que el Gobierno ha prometido que ser\u00e1 de 600 euros al mes al final de la legislatura, es decir, dentro de un a\u00f1o.<\/p>\n<p>P.- Buenas tardes,Sr.Sartorius.Querr\u00eda preguntarle su opini\u00f3n sobre las palabras de Rajoy en el programa de anoche.Ante diversas preguntas,se reiter\u00f3 en la idea de que la ciudadan\u00eda no siente crispaci\u00f3n.\u00bfCree Ud.que lo piensa en serio? Un saludo.Gracias.<\/p>\n<p>R.- Yo creo que esa respuesta del se\u00f1or Rajoy obedece probablemente a que en el fondo se siente culpable de esa crispaci\u00f3n y desea quitarle importancia. Es como aquel que tira la piedra y esconde la mano. Yo creo que la crispaci\u00f3n est\u00e1 sobre todo en la vida pol\u00edtica y en algunos medios de comunicaci\u00f3n, pero mi percepci\u00f3n es que empezaba a llegar tambi\u00e9n a los ciudadanos en general y eso es un peligro que hay que cortar, pues en Espa\u00f1a no existen motivos reales para el enfrentamiento, ya que el pa\u00eds va razonablemente bien en t\u00e9rminos econ\u00f3micos, en el reconocimientos de nuevos derechos.<\/p>\n<p>P.- Hola, millt\u00e9 en el PCE desde 1973 hasta 1983 y siempre tuve claro que era un partido que luchaba por la democracia, aunque a veces discrepara de algunas de sus posisiciones. Ahora se descalifica al comunismo en su conjunto como idea pol\u00edtica a causa de los cr\u00edmenes cometidos en los pa\u00edses del Este. \u00bfCree usted que se puede reivindicar una tradici\u00f3n comunista democr\u00e1tica frente al comunismo estalinista? \u00bfConsidera honesto acusar a los comunistas espa\u00f1oles de totalitarios?<\/p>\n<p>R.- A mi me parece injusto que se descalifique al comunismo en su conjunto. Estoy convencido de que se puede reivindicar una tradici\u00f3n comunista democr\u00e1tica como fue la del PCE en la que usted y yo militamos frente a la dictadura. El PCE, en mi opini\u00f3n, a partir de los a\u00f1os en que empezamos a militar no fue estalinista, fue el que m\u00e1s luch\u00f3 por la democracia en Espa\u00f1a. Es cierto que hay que condenar los cr\u00edmenes del estalinismo, as\u00ed como las dictaduras que se establecieron en los pa\u00edses del Este, lo mismo que se ha hecho con el nazismo o el fascismo e igualmente como hay que hacer con los cr\u00edmenes del colonialismo, del que siempre se olvidan pues eso hay que ponerlo en el debe de los pa\u00edses occidentales. Yo creo que condenando estos tres fen\u00f3menos terribles del siglo XX podemos ser m\u00e1s ecu\u00e1nimes.<\/p>\n<p>P.- Me gustan mucho sus an\u00e1lisis pol\u00edticos y sociales &#8220;tan realistas&#8221;. \u00bfCree Ud que ante determinados personajes p\u00fablicos y sus actuaciones, los periodistas deber\u00edan ser m\u00e1s incisivos y h\u00e1biles formulando preguntas o haciendo entrevistas?. \u00bfNo ser\u00eda conveniente, intentar con m\u00e1s frecuencia, poner en evidencia algunas de sus mal intencionadas actuaciones?.<\/p>\n<p>R.- Creo que es conveniente que los periodistas sean siempre m\u00e1s incisivos y m\u00e1s h\u00e1biles pero esto depende de la capacidad de cada uno y los dem\u00e1s poco podemos hacer para que esto sea as\u00ed. No obstante, creo que en Espa\u00f1a hay periodistas que hacen preguntas y entrevistas que son francamente incisivas y h\u00e1biles. Creo de todas maneras que las malintencionadas actuaciones de los pol\u00edticos a los que usted hace referencia son bastante conocidas por el p\u00fablico, pues en este pa\u00eds, aunque algunos no lo crean, hasta los m\u00e1s tontos hacen relojes.<\/p>\n<p>P.- \u00bfSe han perdido las formas definitivamente en el panorama pol\u00edtico espa\u00f1ol? \u00bfNo cree que en parte es una cuesti\u00f3n de educaci\u00f3n y respeto?<\/p>\n<p>R.- No creo que algo se pueda perder definitivamente en el terreno de la pol\u00edtica, pues en general, las circunstancias mandan y estas se modifican con bastante rapidez. Le puedo asegurar que los pol\u00edticos que a veces se dicen de todo al poco tiempo pueden ser aliados. En cualquier caso, siempre pienso que perder la educaci\u00f3n y el respeto es muy negativo para la acci\u00f3n pol\u00edtica, pues la gente rechaza el enfrentamiento o el insulto sin argumentos. En todo caso, todo lo que sea aumentar la educaci\u00f3n y el respeto me parece fundamental, empezando desde la infancia.<\/p>\n<p>P.- Ustedes, que llaman a la convivencia frente a la crispaci\u00f3n actual con gran acierto, \u00bfqu\u00e9 opinan de la Ley de Memoria Hist\u00f3rica, es acertada o fomenta el enfrentamiento?<\/p>\n<p>R.- Creo que es una ley equilibrada y positiva para la convivencia de los espa\u00f1oles. No entiendo como una ley que tiende a reparar el da\u00f1o que se hizo a tantos espa\u00f1oles por una dictadura que negaba todos los derechos humanos pueda fomentar el enfrentamiento. Tenemos que ser conscientes que vivimos en una democracia que la inmensa mayor\u00eda de los espa\u00f1oles por no decir la totalidad, quiere vivir en democracia, y eso supone condenar lo que signific\u00f3 la dictadura y reparar el da\u00f1o que \u00e9sta hizo. No entiendo c\u00f3mo un dem\u00f3crata puede estar en contra de que el Parlamento espa\u00f1ol repudie a esa dictadura, declare ileg\u00edtimos los tribunales y las sentencias que reprimieron a miles de espa\u00f1oles, al igual que se ha hecho en otros pa\u00edses de Europa. Cuando se repite una y otra vez que hay que mirar hacia el futuro no se entiende que para poder mirar al futuro con claridad es necesario arreglar las cuentas, morales y pol\u00edticas, con ese pasado dictatorial. He repetido muchas veces que si queremos que las j\u00f3venes generaciones de espa\u00f1oles adquieran una cultura democr\u00e1tica profunda, tienen que conocer lo que signific\u00f3 la dictadura y lo nefasta que \u00e9sta fue para Espa\u00f1a.<\/p>\n<p>P.- \u00bfQu\u00e9 papel real pueden jugar los pol\u00edticos en un contexto tan mediatizado por el valor de la imagen?<\/p>\n<p>R.- Pienso que a pesar del papel que juega la imagen, los pol\u00edticos tienen un papel important\u00edsimo que jugar, pues son los que hacen las leyes en el Parlamento, los que gobiernan en las Comunidades Aut\u00f3nomas y en los Ayuntamientos, los que forman el Gobierno de Espa\u00f1a, los que dirijen los partidos pol\u00edticos. Esta misma ma\u00f1ana, en la Cadena Ser, y refiri\u00e9ndome a la comparecencia del se\u00f1or Rajoy ayer en televisi\u00f3n, he manifestado que a m\u00ed por lo menos me importaba mucho m\u00e1s en contenido de lo que dec\u00eda que la imagen que daba, aunque comprendo que en una sociedad de la imagen esta hay que cuidarla. Pero estoy convencido de que la gente inteligente se fija m\u00e1s y tiene m\u00e1s en cuenta el contenido de los planteamientos de los l\u00edderes pol\u00edticos y si ofrece o no soluciones a los problemas del pa\u00eds que al hecho de que lleve una corbata de un color o de otro, que maneje un bol\u00edgrafo en la mano, que sonr\u00eda m\u00e1s o menos o que le d\u00e9 la razon siempre a quien le pregunta.<\/p>\n<p>P.- por que se siguen dando tantas concesiones a la iglesia,al final se salen con la suya y me refiero que en semana santa todas las cadenas y la primera que es p\u00fablica emitieron paliculas trasnochadas como Barrab\u00e1s y otras.<\/p>\n<p>R.- Yo comparto la idea de que a veces se hacen demasiadas concesiones, pero no hay que olvidar que mientras no se demuestre lo contrario, parece que la religi\u00f3n cat\u00f3lica es la mayoritaria entre el pueblo espa\u00f1ol, y hay costumbres en los pueblos y en las ciudades que van m\u00e1s all\u00e1 del fen\u00f3meno religioso y se convierten en aut\u00e9nticos espect\u00e1culos. De todas maneras, no siempre se salen con la suya si pensamos, por ejemplo, en el reconocimiento del matrimonio de los homosexuales o en tema de la ense\u00f1anza de la religi\u00f3n, etc.<\/p>\n<p>P.- Se\u00f1or Sartorius, \u00bfqu\u00e9 opini\u00f3n le merece el programa de TVE Tengo una pregunta para usted?<\/p>\n<p>R.- Me parece bien que se hagan este tipo de programas con los l\u00edderes pol\u00edticos y la audiencia demuestra que ha sido un \u00e9xito. De todas maneras, tampoco hay que tomarlo como la culminaci\u00f3n de la participaci\u00f3n ciudadana o de la relaci\u00f3n de estos con los pol\u00edticos, pues en realidad muchas veces las preguntas obedecen a casos particulares, en otras el preguntado se escabulle y no responde nada. En mi opini\u00f3n es un instrumento m\u00e1s que debe tener continuidad pero no puede sustituir al debate pol\u00edtico en otros \u00e1mbitos.<\/p>\n<p>P.- \u00bfEn qu\u00e9 se basan para afirmar en su manifiesto que existe un ambiente de crispaci\u00f3n en nuestro pa\u00eds? Muchos pensamos que la crispaci\u00f3n solo afecta a una minoria y que no &#8220;entrar al trapo&#8221; y votar en consecuencia cuando llegue el momento. Gracias.<\/p>\n<p>R.- Ya he dicho con anterioridad que la crispaci\u00f3n est\u00e1 sobre todo en la vida pol\u00edtica y en algunos medios de comunicaci\u00f3n. Estoy de acuerdo con usted en que probablemente afecta a una minor\u00eda, pero estaba detectando \u00faltimamente que esa crispaci\u00f3n en forma incluso de agresividad estaba penetrando algo en la sociedad y esas tendencias son muy peligrosas y hay que corregirlas en cuanto nacen. Por eso tomamos la iniciativa de sacar un manifiesto que llamara la atenci\u00f3n sobre este fen\u00f3meno y que contribuyera a dar argumentos y colocar las cosas en su sitio.<\/p>\n<p>P.- \u00bfQu\u00e9 nota le pondr\u00eda a la calidad de la democracia espa\u00f1ola de cero a diez?<\/p>\n<p>R.- Me es dif\u00edcil poner notas porque no soy ning\u00fan profesor. Mi impresi\u00f3n es que la democracia espa\u00f1ola goza de buena salud, est\u00e1 muy consolidada pero a veces pasa por turbulencias a las que hace frente sin mayores da\u00f1os, aunque para evitar que las cosas empeoren hay que llamar la atenci\u00f3n de los riesgos que supondr\u00eda llevar las cosas demasiado lejos, pero como me pregunta por poner una nota, le pondr\u00eda un notable.<\/p>\n<p>P.- \u00bfEs JUSTO que una persona de a pie, por cometer un delito pague por ello y sin embrgo por ser diputado, senador, etc, tengan vara ancha y se est\u00e9n riendo de todos los espa\u00f1oles, robando, estafando, manipulando, . . . ? \u00bfPor qu\u00e9 ning\u00fan partido pol\u00edtico ni persona defiende la transparencia total en la poitica desapareciendo las prebendas, y penalizando m\u00e1s incluso, por lo que representan, a los pol\u00edticos imputados en toda clase de delitos? \u00bfCu\u00e1ndo habr\u00e1 jueces independientes en Espa\u00f1a?<\/p>\n<p>R.- Mi opini\u00f3n es que en Espa\u00f1a los jueces son independientes a la hora de dictar las resoluciones judiciales. En nuestro pa\u00eds, todo ciudadano ya sea pol\u00edtico o no est\u00e1 sometido a la ley y debe pagar si comete delito. No creo que los pol\u00edticos se dediquen a robar o estafar, lo que no quiere decir que no puedan darse excepciones. Los pol\u00edticos que se dedicaban a robar, a estafar sistem\u00e1ticamente eran los de la dictadura. Lo \u00fanico que diferencia a los pol\u00edticos, si son diputados o senadores, con respecto a los dem\u00e1s ciudadanos es que para ser procesados, el Senado o el Congreso debe autorizarlo pero puede usted estar seguro de que si estos pol\u00edticos cometen delitos ser\u00e1n procesos y encarcelados igual que los dem\u00e1s ciudadanos.<\/p>\n<p>P.- Obsceno quere decir, estrictamente, lo que debe hacerse &#8220;fuera de la escena&#8221;. El comportamiento pel\u00edtico de Zapatero y de Rajoy, y de un pu\u00f1adito de pol\u00edticos m\u00e1s de ambos bandos ejemplifica a la perfecci\u00f3n lo obsceno; adem\u00e1s de poner bien por delante sus intereses personales a los de Espa\u00f1a entera. \u00bfCree usted que hay alguna posibilidad de que estos &#8220;responsablesa&#8221; de la pol\u00edtica nacional rectifiquen?. En caso afirmativo \u00bfcual es el camino, o los caminos?<\/p>\n<p>R.- Yo no creo que el se\u00f1or Zapatero y el se\u00f1or Rajoy pongan sus intereses personales por encima de los de Espa\u00f1a. La prueba de que la inmensa mayor\u00eda de los gobernantes durante el periodo democr\u00e1tica han sido honestos es que nuestro pa\u00eds ha dado un salto espectacular en estos \u00faltimos 30 a\u00f1os en todos los sentidos. En cualquier caso, si usted desea que estos pol\u00edticos rectifiquen tiene un arma en la mano que es el voto y en ese sentido puede usted votar a cualquiera de ellos o a ninguno, o a otros que le parezcan mejor. Pero en democracia no hay m\u00e1s camino que las urnas para hacer cambiar la direcci\u00f3n del pa\u00eds.<\/p>\n<p>P.- \u00bf Cree necesario y urgente que haya un partido de centro para que haga de arbito y consenso entre las dos visiones tan distintas del PP y el PSOE?<\/p>\n<p>R.- Esta es una cuesti\u00f3n que deben plantearse las personas que se sit\u00faan en el centro, que no es mi caso. De todas maneras, en Espa\u00f1a existi\u00f3 un partido de centro que era la UCD, que jug\u00f3 un gran papel. A m\u00ed no me preocupar\u00eda que naciese un partido de centro o que el Partido Popular no fuese tan de derechas como ahora y girase hacia el centro, pero en todo caso es un problema de los centristas o del Partido Popular.<\/p>\n<p>P.- ya que nos quieren vender lo de las energias renovables; \u00bf por que alemania tiene la friolera de tres veces mas paneles solares que espa\u00f1a teniendo muchas menos horas de sol que nosotros ? \u00bfpor que los dirigentes politicos no se ponen las pilas ?<\/p>\n<p>R.- Soy muy partidario de las energ\u00edas renovables y creo que Espa\u00f1a debe liderar este tipo de energ\u00edas. Mi impresi\u00f3n es que fuentes de energ\u00eda como la e\u00f3lica, la solar, el etanol, la biomasa, o el hidr\u00f3geno son energ\u00edas que deben desarrollarse mucho m\u00e1s en el futuro o la humanidad lo pasar\u00e1 mal. No podemos seguir emitiendo las cantidades de CO2 como en la actualidad, sobre todo si tenemos en cuenta que pa\u00edses como China, La India, que se est\u00e1n desarrollando a gran velocidad consumen cada vez m\u00e1s \u00e9nerg\u00eda, aunque siempre por debajo de EE UU o de Europa Occidental. Este es el gran problema del siglo XX y en el que la humanidad se juega su futuro.<\/p>\n<p>P.- Por qu\u00e9 las autoridades se empe\u00f1an en recordar siempre a los j\u00f3venes cu\u00e1les son sus derechos y nunca sus deberes: folletos, hojas informativas, campa\u00f1as institucionales van dirigidas a recordar los derechos, pero se ignoran cu\u00e1les son sus deberes. \u00bf es esto seudodemocracia ?<\/p>\n<p>R.- No concibo la democracia s\u00f3lo de derechos, sino tambi\u00e9n de deberes, que deben ir unidos. Debo reconocer que me preocupa la situaci\u00f3n de una parte de la juventud espa\u00f1ola, pues aunque creo que est\u00e1 mejor preparada que en otras \u00e9pocas de nuestra historia, mi impresi\u00f3n es que estamos retrasados con respecto a los pa\u00edses m\u00e1s avanzados de Europa. Observo con cierta preocupaci\u00f3n fen\u00f3menos como el llamado del botell\u00f3n, e incluso el gamberrismo creciente, sobre todo los fines de semana, que denotan en mi opini\u00f3n una insuficiente educaci\u00f3n ciudadana que convendr\u00eda corregir. Por eso, me escandaliza que desde sectores de la izquierda o la derecha pol\u00edtica se est\u00e9 en contra de la asignatura de Educaci\u00f3n para la Ciudadan\u00eda, pues esta educaci\u00f3n es muy necesaria y en ella hay que ense\u00f1ar el uso de los derechos, pero tambi\u00e9n de los deberes.<\/p>\n","protected":false},"excerpt":{"rendered":"<p>El abogado ha firmado recientemente, junto con otros intelectuales como Fernando Schwartz, un manifiesto &#8220;por la convivencia y frente a la crispaci\u00f3n&#8221;. El texto presentado por Nicol\u00e1s Sartorius, que ha logrado m\u00e1s de 3.000 firmas, critica las manipulaciones y llama a participar para frenar el mal ambiente pol\u00edtico que se est\u00e1 generando. El tertuliano del programa Hoy por hoy de la Cadena SER ha hablado con los lectores sobre la iniciativa adoptada.<\/p>\n","protected":false},"author":1,"featured_media":0,"comment_status":"open","ping_status":"open","sticky":false,"template":"","format":"standard","meta":{"footnotes":""},"categories":[],"tags":[],"class_list":["post-1103","post","type-post","status-publish","format-standard","hentry"],"_links":{"self":[{"href":"https:\/\/intervius.com\/index.html\/wp-json\/wp\/v2\/posts\/1103","targetHints":{"allow":["GET"]}}],"collection":[{"href":"https:\/\/intervius.com\/index.html\/wp-json\/wp\/v2\/posts"}],"about":[{"href":"https:\/\/intervius.com\/index.html\/wp-json\/wp\/v2\/types\/post"}],"author":[{"embeddable":true,"href":"https:\/\/intervius.com\/index.html\/wp-json\/wp\/v2\/users\/1"}],"replies":[{"embeddable":true,"href":"https:\/\/intervius.com\/index.html\/wp-json\/wp\/v2\/comments?post=1103"}],"version-history":[{"count":0,"href":"https:\/\/intervius.com\/index.html\/wp-json\/wp\/v2\/posts\/1103\/revisions"}],"wp:attachment":[{"href":"https:\/\/intervius.com\/index.html\/wp-json\/wp\/v2\/media?parent=1103"}],"wp:term":[{"taxonomy":"category","embeddable":true,"href":"https:\/\/intervius.com\/index.html\/wp-json\/wp\/v2\/categories?post=1103"},{"taxonomy":"post_tag","embeddable":true,"href":"https:\/\/intervius.com\/index.html\/wp-json\/wp\/v2\/tags?post=1103"}],"curies":[{"name":"wp","href":"https:\/\/api.w.org\/{rel}","templated":true}]}}