{"id":11026,"date":"2012-11-13T00:00:00","date_gmt":"2006-11-06T00:00:00","guid":{"rendered":"https:\/\/intervius.com\/index.html\/?p=11026"},"modified":"2006-11-06T00:00:00","modified_gmt":"2006-11-06T00:00:00","slug":"Luis_Benguerel11026","status":"publish","type":"post","link":"https:\/\/intervius.com\/index.html\/Luis_Benguerel11026\/","title":{"rendered":"Luis Benguerel"},"content":{"rendered":"<p>Pregunta.- hola luis, cree vd. que es buen momento para invertir y mantener oro y plata, a largo plazo. un saludo y muchas gracias<\/p>\n<p>Respuesta.- Seg\u00fan que entendamos por largo plazo , la plata se dice que es una de las materias primas mas manipulada dentro de los mercados as\u00ed que seria muy prudente en el caso del oro , que es el valor refugio por naturaleza a mi me sigue gustando pero es cierto que en el ultimo a\u00f1o se ha instalado una cierta volatilidad entre los 1800$-1500$ si vamos a corto plazo tendr\u00eda un stop de protecci\u00f3n a 1685$<\/p>\n<p>P.- Buenos d\u00edas,Luis:Ante las perspectivas del acanatilado fiscal estadounidense,qu\u00e9 crees que `puede ocurrir con su renta variable y ,ver\u00edas interesante entrar en un fondo o acciones de ese pa\u00eds por las expectativas de dividendo m\u00e1s importante?gracias<\/p>\n<p>R.- Dif\u00edcil primero si entras un fondo americano protege la divisa ya que el a\u00f1o que viene creo que ser\u00e1 movido con las divisas por todo el tema fiscal y de deuda del pa\u00eds , y eso puede afectar a la renta variable , luego se habla que podr\u00edan entrar de nuevo en recesion y eso tambi\u00e9n afectar\u00eda a las empresas y r\u00e1pidamente ver\u00edamos reducir eso dividendos , como hemos visto aqu\u00ed , por lo tanto en estas citaciones no se f\u00ede del dividendo como hace unos a\u00f1os , ya que despu\u00e9s vemos como las empresas lo reducen y lo dejan de pagar <\/p>\n<p>P.- Buenos d\u00edas Luis, como ves la bolsa de aqui a finales de a\u00f1o??? Muchas gracias, un saludo.<\/p>\n<p>R.- El mercado con la ayuda de los bancos Centrales esta intervenido y por ello si todo sigue as\u00ed aun que estamos en una correcci\u00f3n lo veremos seguir subiendo mientras sigue las ayudas y gusten de los bancos centrales llamase fed ,bce etc . la pregunta seria que pasar\u00eda si esto no fuera as\u00ed y entonces es cuando podr\u00edamos ver fuertes ca\u00eddas <\/p>\n<p>P.- Cree que el primer semestre del a\u00f1o proximo ser\u00e1 muy convulso y puede ser el segundo semestre, cuando las bolsas reaccionen con cierta euforia, sobre todo en Europa.<\/p>\n<p>R.- En el caso de Europa a principios de a\u00f1o tenemos elecciones en Alemania una vez se sepa veremos como se lo toma el mercado y entonces es cuando podr\u00edamos ver cambios importantes en Europa de unificaci\u00f3n eso significa menor soberan\u00eda para los pa\u00edses y es muy posible que eso a el mercado le guste .. el problema ser\u00e1 ver como reducen la deuda de usa y eso podr\u00eda afectar negativamente .. as\u00ed que toca seguir siendo muy prudentes <\/p>\n<p>P.- buenos dias sr Benguerel mi pregunta es sobre grifols las tengo en cartera a27 que opina de este valor gracias <\/p>\n<p>R.- Es de la pocas compa\u00f1\u00edas que cotizan que est\u00e1n haciendo bien su trabajo, por el momento se mantiene dentro del canal alcista, aun que por el precio que me dice usted entro muy cerca de m\u00e1ximo , yo tendr\u00eda un stop de protecci\u00f3n , en el mas corto plazo a niveles de 24.5\u20ac si quiere un mas lejano los 21.5\u20ac <\/p>\n<p>P.- Buenos d\u00edas Sr.Benguerel. Mapfre, a pesar del descenso de sus benefcios, sigue presentando unos buenos resultados. \u00bf Cu\u00e1l es la raz\u00f3n de su constante ca\u00edda, si siguen recomendando mantener ?. Los pocos analistas que siguen a Tubos Reunidos recomiendan comprar. Parece que la realidad no les deja en buen lugar. Qu\u00e9 opini\u00f3n le merece. Muy agradecido por su respuesta.<\/p>\n<p>R.- Es de la pocas compa\u00f1\u00edas que cotizan que est\u00e1n haciendo bien su trabajo, por el momento se mantiene dentro del canal alcista, aun que por el precio que me dice usted entro muy cerca de m\u00e1ximo , yo tendr\u00eda un stop de protecci\u00f3n , en el mas corto plazo a niveles de 24.5\u20ac si quiere un mas lejano los 21.5\u20ac El problema de Tubos Reunidos es la falta de liquidez si los inversores en general ya no quieren saber nada de grandes compa\u00f1\u00edas en las peque\u00f1as ni se las miran <\/p>\n<p>P.- Hola Luis, estoy posicionado en 7 valores del ibex, pienso que mejor que nunca, ahora es momento de seguir aumentando las posiciones, aunque sea para promediar el precio, \u00bfopinas c\u00f3mo yo?. Gracias<\/p>\n<p>R.- Creo que nunca es bueno promediar y menos a la baja si lo tienes comprados con ibex a niveles de 6000 promediar a la alza aun te la puedes jugar sino es as\u00ed creo que es un error al menos yo no lo aconsejo a mis clientes <\/p>\n<p>P.- Sr. Benguerel, \u00bfqu\u00e9 le parece Abertis? Muchas gracias<\/p>\n<p>R.- Esta en un gran paralelo por arriba las resistencia entorno los 12.5\u20ac por abajo el soporte en los 9\u20ac y as\u00ed vamos desde mediados del 2009 . ahora en el cp todo apunta que volver\u00e1 a la zona de soporte <\/p>\n<p>P.- Acciones de, bancos si o no\u00bf<\/p>\n<p>R.- A medio y largo plazo NO a corto plazo seg\u00fan podemos ir entrando y saliendo de forma de Trading semanal pero nunca como posici\u00f3n a medio plazo <\/p>\n<p>P.- hola, mi pregunta es sobre sacyr, ves buen momento para entra ahora que tiene adjudicados varios contratos importantes y sobre que precio seria una buena entrada? gracias<\/p>\n<p>R.- Sacyr tiene el mismo problema que el pa\u00eds se llama deuda y comprar sin tener el dinero como hizo con Repsol por lo tanto su situaci\u00f3n sigue siendo preocupante, t\u00e9cnicamente a corto si pierde los 1.3\u20ac se podr\u00eda ir de nuevo a m\u00ednimos de 1\u20ac <\/p>\n<p>P.- hola luis , buenos diasno entiendo de bolsa pero herede unas acciones del popular y me gustaria saber su evolucion para de aqui a a\u00f1o y medio , gracias anticipadas<\/p>\n<p>R.- Ahora esta de lleno en una ampliaci\u00f3n de capital que yo no acudir\u00eda .y todo apunta que es dif\u00edcil que las cosas mejoren mucho en el pr\u00f3ximo a\u00f1o es una vlor que lo hizo muy mal los \u00faltimos a\u00f1os y dif\u00edcil ver a corto plazo un cambio de giro <\/p>\n<p>P.- Buenos d\u00edas Sr. Benguerel , soy accionista de VUELING ( las tengo en 9 euros ) y quisiera recomendaci\u00f3n acerca de la OPA de IAG .Gracias<\/p>\n<p>R.- Pues de cara a IAG un chollo ya que compra ahora que el resto del sector estaba empezando a subir y si se espera le hubiese tocado pagar entre 10 y 12 \u20ac , de cara a los accionistas yo me esperar\u00eda ya que ayer salio en Blomberg que el segundo mayor accionista que posee mas de un 3% de la compa\u00f1\u00eda no esta de acuerdo con el precio y creo que no es el \u00fanico <\/p>\n","protected":false},"excerpt":{"rendered":"<p>Luis Benguerel, analista de Interbrokers, responde a las dudas de los inversores el MARTES a las 10:30 horas. <\/p>\n","protected":false},"author":1,"featured_media":0,"comment_status":"open","ping_status":"open","sticky":false,"template":"","format":"standard","meta":{"footnotes":""},"categories":[],"tags":[],"class_list":["post-11026","post","type-post","status-publish","format-standard","hentry"],"_links":{"self":[{"href":"https:\/\/intervius.com\/index.html\/wp-json\/wp\/v2\/posts\/11026","targetHints":{"allow":["GET"]}}],"collection":[{"href":"https:\/\/intervius.com\/index.html\/wp-json\/wp\/v2\/posts"}],"about":[{"href":"https:\/\/intervius.com\/index.html\/wp-json\/wp\/v2\/types\/post"}],"author":[{"embeddable":true,"href":"https:\/\/intervius.com\/index.html\/wp-json\/wp\/v2\/users\/1"}],"replies":[{"embeddable":true,"href":"https:\/\/intervius.com\/index.html\/wp-json\/wp\/v2\/comments?post=11026"}],"version-history":[{"count":0,"href":"https:\/\/intervius.com\/index.html\/wp-json\/wp\/v2\/posts\/11026\/revisions"}],"wp:attachment":[{"href":"https:\/\/intervius.com\/index.html\/wp-json\/wp\/v2\/media?parent=11026"}],"wp:term":[{"taxonomy":"category","embeddable":true,"href":"https:\/\/intervius.com\/index.html\/wp-json\/wp\/v2\/categories?post=11026"},{"taxonomy":"post_tag","embeddable":true,"href":"https:\/\/intervius.com\/index.html\/wp-json\/wp\/v2\/tags?post=11026"}],"curies":[{"name":"wp","href":"https:\/\/api.w.org\/{rel}","templated":true}]}}