{"id":10997,"date":"2012-10-29T00:00:00","date_gmt":"2006-11-06T00:00:00","guid":{"rendered":"https:\/\/intervius.com\/index.html\/?p=10997"},"modified":"2006-11-06T00:00:00","modified_gmt":"2006-11-06T00:00:00","slug":"Jose_Samano10997","status":"publish","type":"post","link":"https:\/\/intervius.com\/index.html\/Jose_Samano10997\/","title":{"rendered":"Jos\u00e9 S\u00e1mano"},"content":{"rendered":"<p>Pregunta.- Buen d\u00eda se\u00f1or S\u00e1mano, el lunes pasado enumer\u00f3 ante una pregunta una serie de libros relacionados con el f\u00fatbol como sus favoritos. Me tomo el atrevimiento de recomendarle &#8220;ESPER\u00c1NDOLO A TITO y otros cuentos de f\u00fatbol&#8221; de Eduardo Sacheri, s\u00f3lo por si no lo conoce, as\u00ed como la curiosa historia de su publicaci\u00f3n. En mi opini\u00f3n, es un libro que no deber\u00eda faltar entre los m\u00e1s ilustres de la literatura futbolera. Un abrazo desde una Argentina que vuelve a acoger espa\u00f1oles, como otrora hiciera.<\/p>\n<p>Respuesta.- Hola, muy buenas tardes a todos y gracias un lunes m\u00e1s. Tiene usted toda la raz\u00f3n, la memoria a veces falla. Me sumo a su recomendaci\u00f3n, gracias por el recuerdo.<\/p>\n<p>P.- Buenas tardes. Le remito de nuevo la pregunta que le hice la semana pasada. La calidad de los diarios deportivos espa\u00f1oles es \u00ednfima, tambi\u00e9n de sus editoriales (ve\u00e1se el editorial de Rela\u00f1o sobre las supuestas malas pr\u00e1cticas de Guardiola). Los lectores de EP tenemos la opci\u00f3n de no comprarlos, pero EP nos limita esta libertad al ponerlo su web. Entiendo que es responsabilidad del diario para con sus lectores.<\/p>\n<p>R.- Respeto su opini\u00f3n, pero no la comparto. Primero, porque tengo mucho mejor concepto de los diarios deprtivos; segundo, porque Alfredo Rela\u00f1o me parece un referente de primer\u00edsima; y, lo que es m\u00e1s importante, no creo que nada limite la libertad de los lectores. El enlace a las opiniones de Rela\u00f1o es una oferta m\u00e1s, y yo dir\u00eda que de Primera, pero a nadie obliga.<\/p>\n<p>P.- Enhorabuena, Pepe, eres el mejor periodista deportivo. Me gustar\u00eda hacerte una pregunta como Jefe de Deportes de El Pais: \u00bfcu\u00e1ndo un reportaje sobre el infame trato econ\u00f3mico que dispensa la RFEF a los equipos de segunda B? muchas gracias.<\/p>\n<p>R.- Gracias por su generosidad. El reportaje llegar\u00e1, pero deber\u00eda ser un debate sobre c\u00f3mo cambiar el modelo de la Segunda B. Tambi\u00e9n le recordar\u00e9 que las categor\u00edas modestas, como todo en la vida, siempre, desde que las recuerdo, estuvieron sometidas a constantes zozobras econ\u00f3micas. No creo que el modelo de la RFEF sea el adecuado, pero tambi\u00e9n cabe apelar a la responsabilidad de los clubes, muchos no ahorran en dispendios innecesarios al amparo de una subvenci\u00f3n municipal. En Segunda A ocurre lo mismo y se reproducen los casos de equipos en alza, que hasta llegan a Primera, con presupuestos m\u00e1s bien ajustados.<\/p>\n<p>P.- Me sorprendi\u00f3 que EP se hiciera eco de una denuncia contra el jugador Montoya (FCB) porque muchos diarios generalistas la eludieron sospechando que no ten\u00eda base (nada que objetar si EP la considera de inter\u00e9s), pero m\u00e1s me sorprendi\u00f3 que no hayan publicado que ha sido archivada \u00bfPor qu\u00e9 se publica aquello que puede perjudicar a una persona y no lo que puede beneficiarle, referido a los mismos hechos? \u00bfNo se contrae una obligaci\u00f3n con los lectores y con el perjudicado y hay la oblig<\/p>\n<p>R.- Desconozco si se ha archivado. De ser as\u00ed, debimos publicarlo. Como tantas veces, la culpa, en ese caso, ser\u00eda m\u00eda. Agradezco sinceramente su correcci\u00f3n.<\/p>\n<p>P.- Buenos dias Sr.S\u00e1mano, me parece que el Sr.Mouri\u00f1o esta molesto con ciertos periodistas o publicaciones, no le parece a usted que alab\u00e1ndolo se pierde ese rigor period\u00edstico ? o el periodismo es solo alabanzas.<\/p>\n<p>R.- Dentro de los cauces normales del respeto, Mourinho tiene todo el derecho del mundo a molestarse con el medio que quiera, como el medio tiene todo el derecho a opinar sobre \u00e9l. Insisto, desde el respeto y la tolerancia. No creo en las verdades absolutas, todo tiene sus grises. <\/p>\n<p>P.- Hola, Jose desde hace varios dias, leo y escucho a algunos periodistas, igualando a Messi y a Ronaldo con Falcao. es un tema que me molesta, porque pienso que el colombiano, es bueno pero compararlos con estos CRACH, es faltarles respeto<\/p>\n<p>R.- No debiera molestarle opiniones contrarias a la suya. Todo es respetable y, en ocasiones enriquecedor. Tambi\u00e9n creo, como usted, que a\u00fan no se puede comparar a Falcao con Messi y CR, pero ello no es faltar el respeto a nadie. <\/p>\n<p>P.- Hola Jos\u00e9. El Athetlic ay, ay, ay. \u00bfNo? \u00bfC\u00f3mo explicas esta descomposici\u00f3n a ojos vista? \u00bfCrees que puede acabar con Bielsa fuera, por decisi\u00f3n propia, y con el equipo peleando por la salvaci\u00f3n?<\/p>\n<p>R.- Desde la distancia y con toda prudencia, intuyo a un vestuario mentalmente agotado. Pero Bielsa es un gran t\u00e9cnico y desde que lleg\u00f3 a Bilbaoha intentado (con \u00e9xito el curso pasado), que el equipo eleve sus miras. Merodear por la cumbre siempre es exigente; dejarse llevar por determinada pol\u00edtica o tal presupuesto solo conduce a la mediocridad. La historia est\u00e1 de lado del Athletic m\u00e1s ambicioso, Bielsa lo entendi\u00f3 a la primera.<\/p>\n<p>P.- Hola Jos\u00e9, el jueves al leer tu cr\u00f3nica, eche de menos alguna menci\u00f3n sobre el papel que tuvo, en mi opini\u00f3n, tanto la falta de un lateral izquierdo en el Real Madrid como la falta de ayuda al que jugo \u00bfno te pareci\u00f3 determinante? \u00bfC\u00f3mo no lo vio el entrenador? Igual con cambiar a Di Mar\u00eda y a Cristiano de banda hubiera sido suficiente y se hubiera parado la sangr\u00eda. Un saludo.<\/p>\n<p>R.- Seguro que tiene usted toda la raz\u00f3n, pero honestamente no lo percib\u00ed as\u00ed en directo. Dicho lo cual, no soy quien para contradecir a Casillas, testigo de lujo que as\u00ed lo vio. Por tanto, una laguna en la cr\u00f3nica. Solo un eximente: no se puede forzar lo que uno no contempla.<\/p>\n<p>P.- Tal y como va la liga \u00bfCree que los puestos de champions est\u00e1n ya decididos entre los 4 primeros?\u00bfVe al M\u00e1laga m\u00e1s s\u00f3lido este a\u00f1o?\u00bfPiensa que ser el equipo menos goleado suele ser un aval de buena clasificaci\u00f3n?<\/p>\n<p>R.- El M\u00e1laga est\u00e1 siendo una grata e inesperada sorpresa. De la penuria ha hecho virtud, encomiable. Y s\u00ed, le veo en Champions, en la zona alta toda la temporada. Vi\u00e9ndole en Europa no he podido evitar la comparaci\u00f3n con aquel Villarreal de Pellegrini al que solo el infortunio en una semifinal con el Arsenal le apart\u00f3 de una final con el Bar\u00e7a&#8230;<\/p>\n<p>P.- \u00bfCree que el pleno de derrotas de los Lakers en la pretemporada con semejantes fichajes reafirma que juntar egos sin mezclarlos con modestos es algo que no funciona?<\/p>\n<p>R.- A Miami le cost\u00f3 alguna temporada. En el deporte el dinero es mucho, pero no todo, y menos a la primera. Tengo a los Lakers como candidatos, no tanto como principales favoritos y, adem\u00e1s, tengo la enorme curiosidad de ver c\u00f3mo se comportar\u00e1 Kobe con tanta estrella alrededor, c\u00f3mo ser\u00e1n los roles. De \u00e9l depender\u00e1n mucho m\u00e1s que de Mike Brown.<\/p>\n<p>P.- Buenas S\u00e1mano. Quer\u00eda preguntarte por los \u00e1rbitros. \u00bfC\u00f3mo podr\u00edan ser mejores? No estoy hablando ya de que tiendan a favorecer al grande, si no de que se ve que son malos en general, no ven cosas obvias y, por c\u00f3mo pitan, que muchos de ellos no han jugado al f\u00fatbol en su vida&#8230; \u00bftiene soluci\u00f3n esto? Aparte, me gustar\u00eda saber c\u00f3mo afecta el famoso ERE a su secci\u00f3n, si es que puede comentar algo. Gracias, un saludo<\/p>\n<p>R.- Me gusta el \u00e1rbitro que no se siente protagonista, que, haya jugado o no, se pone en el papel de los futbolistas. Me iiritan sobremanera los que quieren ser portada, los intolerantes con el modesto que compadrean lo suyo con las figuras. Pero, en este campo, no soy nada optimista.<\/p>\n<p>P.- Buenas tardes. El otro dia, hablando sobre Mourinho con un viejo amigo ingl\u00e9s, me decia que el problema era que en Espa\u00f1a le dabamos excesiva trascendencia a lo que hac\u00eda\/dec\u00eda el portugu\u00e9s. En su \u00e9poca inglesa,se le tomaba casi a chirigota por parte de las aficiones y la prensa. \u00bf Est\u00e1 usted de acuerdo? Gracias.<\/p>\n<p>R.- Es probable, pero Mourinho representa a una sociedad que cultiva millones y millones de seguidores y, por tanto, tiene una responsabilidad social. Es un personaje p\u00fablico de extraordinaria trascendencia y como tal debe comportarse.<\/p>\n<p>P.- Qu\u00e9 opina del malague\u00f1o Isco?<\/p>\n<p>R.- Que la selecci\u00f3n espa\u00f1ola tiene un fondo magn\u00edfico. Su \u00fanico problema es que siendo tan bueno, en su posici\u00f3n hay toda una colecci\u00f3n de jugadores de museo. Isco es, junto a Thiago, lo mejor que llega del muestrario que afortunadamente se ha impuesto en Espa\u00f1a. Futbolustas de chistera.<\/p>\n<p>P.- Saludos. G\u00f3nzalo Su\u00e1rez, en una entrevista, concedida hace poco a Enric Gonz\u00e1lez, hablaba de que dej\u00f3 su columna (que a m\u00ed me encantaba) en El Pa\u00eds porque se hab\u00eda aburrido. \u00bfA usted le ha pasado alguna vez, aburrirse?<\/p>\n<p>R.- Desde luego, de Mart\u00edn Girard jam\u00e1s. De otras muchas cosas s\u00ed que me he aburrido, como todos. Espero y deseo que Girard sepa convencer a Su\u00e1rez.<\/p>\n<p>P.- a Pedro le a costado un a\u00f1o volver a coger la forma pero madre como esta&#8230;la forma de presionar de Pedro( que hace su trabajo y el de Messi muchas veces) a este Barcelona le viene genial para poder desarrollar su futbol<\/p>\n<p>R.- Pedro es un agitador de primera para el Bar\u00e7a y la selecci\u00f3n. Es punzante, tiene gol, se lo trabaja, estira al equipo, se desmarca como pocos. Un jugador muy, pero que muy fiable.<\/p>\n<p>P.- \u00bfQu\u00e9 opina de que Odriozola vuelva a presentarse a las elecciones a presidente de la RFEA?\u00bfY de la candidatura de Ferm\u00edn Cacho? \u00bfCree que mejorar\u00e1 la situaci\u00f3n actual? Gracias.<\/p>\n<p>R.- Una retirada a tiempo dicen que es una victoria, y a destiempo incluso. Aire, aire, aire.<\/p>\n<p>P.- Para usted, \u00bfqu\u00e9 es el periodismo?<\/p>\n<p>R.- Bucear en la realidad, contar lo que uno ve e intentar interpretarlo con honestidad.<\/p>\n<p>P.- \u00bfOpina usted como Caparr\u00f3s? \u00bfSe pueden producir &#8220;Cristianos&#8221; pero los &#8220;Messis&#8221; surgen de otro modo m\u00e1s natural e imprevisible?<\/p>\n<p>R.- La entrevista del compa\u00f1ero Ladislao Mo\u00f1ino era estupenda y la definici\u00f3n sobre Messi y CR me pareci\u00f3 acertad\u00edsima. Messi se me aparece como el \u00faltimo gran futbolista del recreo.<\/p>\n<p>P.- Buenas tardes , no cree usted que la imagen dada ayer por el Mallorca ante un Madrid desganado invita a la refleccion sobre la Liga y sobre cualquier competici\u00f3n nacional.<\/p>\n<p>R.- Se vino abajo pronto, es verdad, pero no es f\u00e1cil resistir ante el quinto de caballer\u00eda. Un mal partido, sin m\u00e1s, porque el Mallorca, tradicionalmente, ha sabido competir muy bien. Caparr\u00f3s reconoci\u00f3 el exceso de ternura, como debe ser, autocr\u00edtica. Nada de apelar a eso de que &#8220;somos de otra Liga&#8221; etc, etc&#8230;<\/p>\n<p>P.- Dir\u00eda que Messi sobrepas\u00f3 ya a Cruyff, a Maradona y a Di Stefano, y que le quedan tres o cuatro regates para superar a Pel\u00e9, \u00bfno?<\/p>\n<p>R.- Jam\u00e1s he sabido c\u00f3mo se mide al mejor, solo s\u00e9 qui\u00e9n es el que a m\u00ed m\u00e1s me seduce. Y de todos, Messi. Es una cuesti\u00f3n de mero gusto, porque las estad\u00edsticas sin contenxto nada me dicen. Se habla hoy de la Bota de Oro, el premio m\u00e1s concreto, porque no deja lugar a las subjetividades. Pero hay alguien capaz de saber cu\u00e1ntos goles hubieran marcado Di St\u00e9fano o Puskas en una Liga de 20 equipos o en una Europa de liguillas&#8230; \u00bfY Pel\u00e9 en Mundiales de 32 selecciones??? <\/p>\n<p>P.- soy un lector mexicano y me encantan sus cronicas \u00bfqu\u00e9 le gustra leer? \u00bfpor alg\u00fan g\u00e9nero tiene preferencia? \u00bfcu\u00e1les son autores favoritos?<\/p>\n<p>R.- Gracias por su generosidad. Me gusta casi todo salvo la ciencia ficci\u00f3n. Soy un lector que se enfrenta a todo sin temor a guardarlo bajo llave para siempre en la tercera p\u00e1gina. Pero le confieso que tengo especial debilidad por los autores suramericanos.<\/p>\n<p>P.- Hola Jos\u00e9. \u00bfNo crees que en el caso Armstrong se est\u00e1 obviando, tal y como dijo Contador, el valor e impacto en la vida de muchas personas su lucha contra el c\u00e1ncer a trav\u00e9s de Livestrong? Es decir, entiendo su condena moral como deportista, pero no como persona. Incluso como deportista, parece que no hac\u00eda las cosas muy diferentes a como las hac\u00edan los dem\u00e1s. Simplemente creo que su dimensi\u00f3n humana, tan compleja, merec\u00eda otro trato period\u00edstico.<\/p>\n<p>R.- A Armstrong se le ha juzgado como deportista y el mal de muchos no es consuelo. Quien hizo trampas, seg\u00fan nos dicen los organismos competentes en la materia, fue el Armstrong ciclista.<\/p>\n","protected":false},"excerpt":{"rendered":"<p>El Redactor Jefe de Deportes charlar\u00e1 HOY a partir de las 17.00 sobre la actualidad deportiva<\/p>\n","protected":false},"author":1,"featured_media":0,"comment_status":"open","ping_status":"open","sticky":false,"template":"","format":"standard","meta":{"footnotes":""},"categories":[],"tags":[],"class_list":["post-10997","post","type-post","status-publish","format-standard","hentry"],"_links":{"self":[{"href":"https:\/\/intervius.com\/index.html\/wp-json\/wp\/v2\/posts\/10997","targetHints":{"allow":["GET"]}}],"collection":[{"href":"https:\/\/intervius.com\/index.html\/wp-json\/wp\/v2\/posts"}],"about":[{"href":"https:\/\/intervius.com\/index.html\/wp-json\/wp\/v2\/types\/post"}],"author":[{"embeddable":true,"href":"https:\/\/intervius.com\/index.html\/wp-json\/wp\/v2\/users\/1"}],"replies":[{"embeddable":true,"href":"https:\/\/intervius.com\/index.html\/wp-json\/wp\/v2\/comments?post=10997"}],"version-history":[{"count":0,"href":"https:\/\/intervius.com\/index.html\/wp-json\/wp\/v2\/posts\/10997\/revisions"}],"wp:attachment":[{"href":"https:\/\/intervius.com\/index.html\/wp-json\/wp\/v2\/media?parent=10997"}],"wp:term":[{"taxonomy":"category","embeddable":true,"href":"https:\/\/intervius.com\/index.html\/wp-json\/wp\/v2\/categories?post=10997"},{"taxonomy":"post_tag","embeddable":true,"href":"https:\/\/intervius.com\/index.html\/wp-json\/wp\/v2\/tags?post=10997"}],"curies":[{"name":"wp","href":"https:\/\/api.w.org\/{rel}","templated":true}]}}