{"id":10994,"date":"2012-10-30T00:00:00","date_gmt":"2006-11-06T00:00:00","guid":{"rendered":"https:\/\/intervius.com\/index.html\/?p=10994"},"modified":"2006-11-06T00:00:00","modified_gmt":"2006-11-06T00:00:00","slug":"Duquende10994","status":"publish","type":"post","link":"https:\/\/intervius.com\/index.html\/Duquende10994\/","title":{"rendered":"Duquende"},"content":{"rendered":"<p>Pregunta.- Buenos d\u00edas; Duquende, \u00bfPor qu\u00e9 Rompecabezas?, Aparecen los guitarristas m\u00e1s improtantes, \u00bfc\u00f3mo surgi\u00f3?.<\/p>\n<p>Respuesta.- Porque ha costado much\u00edsimo trabajo juntar a toda la gente, el tiempo, y los lugares donde les hemos reunido ha llevado muchas horas de esfuerzo. Surgi\u00f3 a trav\u00e9s de la amistad que tengo con esta gente de tantos a\u00f1os. EL disco merece la pena, y creo que por eso ellos tambi\u00e9n han querido participar.<\/p>\n<p>P.- \u00bfQu\u00e9 opinas de los artistas que dicen que existe un flamenco propio en Catalunya? \u00bfPueden m\u00e1s las ganas que la realidad?<\/p>\n<p>R.- Creo que el flamenco existe en cualquier sitio de Espa\u00f1a y del mundo. Yo soy catal\u00e1n, mi madre cantaba, mi abuelo cantaba. Vengo de una estirpe de aficionados al flamenco. Hay gente que dice &#8220;Sabadell es flamenco&#8221;, pero yo creo que lo que es flamenco es Duquende y su casa. Luego, cada uno se dedica a lo que se dedica.<\/p>\n<p>P.- Buenas fen\u00f3meno, \u00bfpa cu\u00e1ndo un d\u00fao con la Pastori? Sois dos de los mejores de hoy en el flamenco. \u00bfOs conoc\u00e9is? \u00bfQu\u00e9 pens\u00e1is el uno del otro?<\/p>\n<p>R.- Conozco mucho a la Ni\u00f1a Pastori. Respeto mucho su trabajo, pero creo que lo que yo hago es flamenco, flamenco. Tengo bastantes colaboraciones, pero s\u00ed me gustar\u00eda hacer un d\u00fao con otros artistas como Camar\u00f3n.<\/p>\n<p>P.- Has colaborado con musicos de la talla de Carles Benavent, que procede del jazz, entre otros. Como te sientes en este tipo de experiencias y que aporta al flamenco la incorporacion de instrumentos mas propios de otras musicas?<\/p>\n<p>R.- Cuando el cantaor es puro nada se mezcla. Todo sigue siendo el cante flamenco con la participaci\u00f3n de, en este caso Carles Benavent, o Leonard Cohen, con quien tambi\u00e9n he participado. Todo lo dem\u00e1s que aportan los intrumentos es riqueza para el flamenco, siempre y cuando este sea puro.<\/p>\n<p>P.- \u00bfQu\u00e9 opinas del cantaor onubense Pitingo?<\/p>\n<p>R.- Hace una m\u00fasica de fusi\u00f3n que no veo para m\u00ed, pero s\u00ed en Pitingo.<\/p>\n<p>P.- \u00bfCon qu\u00e9 guistarrista te sientes m\u00e1s c\u00f3modo acompa\u00f1\u00e1ndote al cante? \u00bfChicuelo? \u00bfMorao?&#8230;\u00bfPaco?<\/p>\n<p>R.- Con Paco de Luc\u00eda<\/p>\n<p>P.- con que voz del panorama actual del flamenco te quedarias?<\/p>\n<p>R.- Con Pepe de Luc\u00eda. Para m\u00ed Pepe es un maestro del cante, entendiendo m\u00e1s que nadie en el cante del flamenco, seg\u00fan mi corto saber. Y aparte es un &#8220;peazo&#8221; de artista y una &#8220;peazo&#8221; de persona como la copa de un pino.<\/p>\n<p>P.- \u00bfQu\u00e9 te parecen los progamas como La Voz, Operaci\u00f3n Triunfo y esos reallities que se est\u00e1n convirtiendo en una factor\u00eda de talentos?<\/p>\n<p>R.- No me meto mucho en ese tema, esos programas se los dejo a la juventud y a la gente que piensa de otra forma. Yo soy m\u00e1s bien una persona que me encierro en un cuarto con mis discos de flamenco. <\/p>\n<p>P.- \u00bfQu\u00e9 significa para ti que el productor de este disco sea Pepe de Luc\u00eda?<\/p>\n<p>R.- Desde muy peque\u00f1o so\u00f1\u00e9 con hacer un disco y que Pepe fuese mi productor. Ahora me ha venido como anillo al dedo, claro.<\/p>\n<p>P.- \u00bf Cual es la cantaora que actualmente te &#8220;llega&#8221; m\u00e1s ?<\/p>\n<p>R.- Me llegan La Tana, Montse, Remedios Amaya&#8230;<\/p>\n<p>P.- cual es la influencia en tu cante del maestro morente?<\/p>\n<p>R.- A Morente siempre lo vi como un genio, un creador del flamenco y de la m\u00fasica flamenca. Y as\u00ed lo veo todav\u00eda.<\/p>\n<p>P.- El a\u00f1o pasado te vi en un concierto en Amberes. Estuviste espectacular! Cu\u00e1ndo tienes pensado volver a B\u00e9lgica?<\/p>\n<p>R.- Muchas gracias, \u00a1Qu\u00e9 bueno!. Espero que podamos volver para presentar este bonito disco por all\u00ed. <\/p>\n<p>P.- duquende una frase que te inspire en el dia a dia y plasme tu filosofia de vida?<\/p>\n<p>R.- Yo soy flamenco desde que me levanto hasta que me acuesto.<\/p>\n<p>P.- Hola Duquende,dime un par de discos de guitarra flamenca que te hayan gustado ultimamente y de otro estilo que no sea el flamenco tambien un par de ellos, gracias me comprar\u00e9 tu disco.<\/p>\n<p>R.- Luc\u00eda, de Paco de Luc\u00eda, y el \u00faltimo disco de Ni\u00f1o de Morao tambi\u00e9n est\u00e1 bonito. Colabora con La Pastori. Y los que no son de flamenco, te dir\u00e9 que todos los discos de Leonard Cohen me encantan, y Jos\u00e9 Alfredo Jim\u00e9nez.<\/p>\n<p>P.- vendras a valencia a presentar el disco?<\/p>\n<p>R.- Yo creo que s\u00ed Marcos. Te enterar\u00e1s en un par de semanas (y yo tambi\u00e9n).<\/p>\n<p>P.- Hola maestro, c\u00f3mo ves la evoluci\u00f3n del flamenco desde los tiempos en que comenzaste?<\/p>\n<p>R.- Las personas nacen flamencas, y otras se hacen. La \u00e9poca de cuando yo era ni\u00f1o, que escuchaba a Camar\u00f3n, Pansequito, La Paquera, Rancapino, Terremoto y muchos otros no se volver\u00e1 a repetir. Pero hoy es otra cosa, la juventud deber\u00eda preocuparse por escuchar el flamenco viejo, antiguo, que es lo que al cantaor le hace ser cantaor.<\/p>\n<p>P.- Hola Juan.Que piensas de que casi nadie en el mundo del flamenco se manifieste publicamente para hablar sobre la terrible crisis economica,politica y social que atravesamos en este momento? Gracias.<\/p>\n<p>R.- El artista debe de vivir en la alegr\u00eda para tener inspiraci\u00f3n, y no pensar en lo malo. Hay que tomar las cosas de Dios y superar los malos momentos con el mayor optimismo posible.<\/p>\n<p>P.- Hola Rafael, \u00bfcompones la m\u00fasica de tus temas o te ci\u00f1es m\u00e1s a temas tradicionales?<\/p>\n<p>R.- Empec\u00e9 haciendo mis temas, con mis primero discos, pero fue un impulso para que me escucharan los fen\u00f3menos como Pepe de Luc\u00eda, Camar\u00f3n, Tomatito, y poder hacer temas con ellos. Eso ya eran buenos temas, y no como los m\u00edos que eran muy malos (risas).<\/p>\n<p>P.- \u00bfPodr\u00edas definir qu\u00e9 es el cante? y de la manera mas po\u00e9tica y sent\u00eda \u00bfqu\u00e9 es la fusi\u00f3n de la voz con la guitarra para ti? Much\u00edsimas gracias por Rompecabezas, el flamenco se lo merece.<\/p>\n<p>R.- Para m\u00ed el flamenco es una manera de vivir, un pulm\u00f3n, un coraz\u00f3n que vive. Y la voz sin fiesta no transmite. Con la guitarra, tiene que haber una fusi\u00f3n y un afinamiento para que todo eso se haga grande.<\/p>\n<p>P.- \u00bfNo cree que tanta fusi\u00f3n est\u00e1 acabando con el flamenco? Gracias maestro<\/p>\n<p>R.- No, cada uno se dedica a lo que le va mejor. El flamenco, flamenco solo, es muy muy dif\u00edcil. <\/p>\n<p>P.- Genio, hablando de tu casa&#8230; \u00bfgrabas en casa? \u00bfEres amigo de las nuevas tecnolog\u00edas o no te llevas bien con ellas? Que sepas que Samaruco es una de las canciones de la vida de mi mujer y m\u00eda desde el primer d\u00eda juntos&#8230; respeto y un abrazo desde Galicia <\/p>\n<p>R.- En casa tengo un multipista, pero nada muy moderno. No soy muy espabilado para las nuevas tecnolog\u00edas, la verdad. Samaruco fue una \u00e9poca muy importante de mi vida y me alegro mucho de que sea tan especial para ti y tu mujer. \u00a1Un saludo!<\/p>\n<p>P.- Hola maestro, \u00bfCu\u00e1l crees que es el mejor flamenco actual? \u00bfY de la historia? Un fuerte abrazo<\/p>\n<p>R.- Camar\u00f3n, sin duda. Camar\u00f3n fue el flamenco perfecto, como la tormenta perfecta. Y el actual yo, claro (risas).<\/p>\n<p>P.- Me gusta mucho tu disco quizas el que mas pone los pelos de punta en la malague\u00f1a homenaje a Enrique Morente. \u00bfC\u00f3mo surgi\u00f3?<\/p>\n<p>R.- Recordando el cante de este hombre, fue un placer porque La Grana\u00edna, La Malague\u00f1a, me los ense\u00f1\u00f3 mi madre cuando era un cr\u00edo. Y fue un honor poder dedicarle ese disco al gran Morente. \u00a1Gracias!<\/p>\n<p>P.- La primera vez que escuch\u00e9 &#8220;devu\u00e9lveme el rosario&#8230;.&#8221; interpretado por t\u00ed, me emocion\u00e9 de veras. \u00bfDe d\u00f3nde bebe el duende del flamenco, para seguir siendo?<\/p>\n<p>R.- El flamenco bebe primero de la barriga de su madre, y luego de las cosas que escucha, de la experiencia de la vida, de las fiestas, de escuchar a los dem\u00e1s, de todo un poquito.<\/p>\n<p>P.- En la producci\u00f3n participa Pepe de Luc\u00eda, \u00bfqu\u00e9 aporta en el disco una figura tan relevante, pero al mismo tiempo algo desconocida para los ajenos al mundillo de la m\u00fasica?<\/p>\n<p>R.- Yo no creo que Pepe de Luc\u00eda sea una persona desconocida. Lleva much\u00edsimos a\u00f1os en el mundo del flamenco, haciendo los discos con Camar\u00f3n. Pepe fue un fen\u00f3meno, es un fen\u00f3meno y ser\u00e1 un fen\u00f3meno. Es una persona que tiene algo muy especial, como todos los Luc\u00eda.<\/p>\n<p>P.- Buenos d\u00edas Duquende, mi admiraci\u00f3n desde tu disco con Manzanita hasta tu espectacular actuaci\u00f3n en el homenaje a Morao en Madrid. Acabo de empezar a escuchar el disco y lo primero que me ha llamado la atenci\u00f3n es el sonido como de los 90, con mucha reverb, parece que est\u00e1 en directo, lejano, \u00bfest\u00e1 buscado as\u00ed a cosa hecha? Un saludo.<\/p>\n<p>R.- En el flamenco venimos y vivimos de la reverb, es un sonido que te envuelve, que lo hace todo m\u00e1s bonito. As\u00ed que sugi\u00f3 as\u00ed. Muchas gracias Sanpaco, te espero en alguno de los conciertos de mi gira.<\/p>\n","protected":false},"excerpt":{"rendered":"<p>Juan Rafael Cort\u00e9s Santiago, Duquende, lanza el disco Rompecabezas y charla con los lectores de EL PA\u00cdS. Foto: Eva Tom\u00e9<\/p>\n","protected":false},"author":1,"featured_media":0,"comment_status":"open","ping_status":"open","sticky":false,"template":"","format":"standard","meta":{"footnotes":""},"categories":[],"tags":[],"class_list":["post-10994","post","type-post","status-publish","format-standard","hentry"],"_links":{"self":[{"href":"https:\/\/intervius.com\/index.html\/wp-json\/wp\/v2\/posts\/10994","targetHints":{"allow":["GET"]}}],"collection":[{"href":"https:\/\/intervius.com\/index.html\/wp-json\/wp\/v2\/posts"}],"about":[{"href":"https:\/\/intervius.com\/index.html\/wp-json\/wp\/v2\/types\/post"}],"author":[{"embeddable":true,"href":"https:\/\/intervius.com\/index.html\/wp-json\/wp\/v2\/users\/1"}],"replies":[{"embeddable":true,"href":"https:\/\/intervius.com\/index.html\/wp-json\/wp\/v2\/comments?post=10994"}],"version-history":[{"count":0,"href":"https:\/\/intervius.com\/index.html\/wp-json\/wp\/v2\/posts\/10994\/revisions"}],"wp:attachment":[{"href":"https:\/\/intervius.com\/index.html\/wp-json\/wp\/v2\/media?parent=10994"}],"wp:term":[{"taxonomy":"category","embeddable":true,"href":"https:\/\/intervius.com\/index.html\/wp-json\/wp\/v2\/categories?post=10994"},{"taxonomy":"post_tag","embeddable":true,"href":"https:\/\/intervius.com\/index.html\/wp-json\/wp\/v2\/tags?post=10994"}],"curies":[{"name":"wp","href":"https:\/\/api.w.org\/{rel}","templated":true}]}}