{"id":10960,"date":"2012-10-17T00:00:00","date_gmt":"2006-11-06T00:00:00","guid":{"rendered":"https:\/\/intervius.com\/index.html\/?p=10960"},"modified":"2006-11-06T00:00:00","modified_gmt":"2006-11-06T00:00:00","slug":"Juanma_Trueba10960","status":"publish","type":"post","link":"https:\/\/intervius.com\/index.html\/Juanma_Trueba10960\/","title":{"rendered":"Juanma Trueba"},"content":{"rendered":"<p>Pregunta.- Hola Juanma. \u00bfCu\u00e1l de los proyectos para remodelar el Bernabeu te gusta mas? Gracias y un saludo.<\/p>\n<p>Respuesta.- El de las capas de hojaldre. Creo que encajan perfectamente con el merengue interior.<\/p>\n<p>P.- Conoce la nueva revista L\u00edbero? Ven\u00eda en ella un art\u00edculo bastante interesante que consigui\u00f3 algo que pocas veces consigue un art\u00edculo: hacerte cambiar de opini\u00f3n sobre algo. Yo siempre he considerado que era un error mezclar el deporte y la pol\u00edtica, y dec\u00eda el autor del art\u00edculo, con raz\u00f3n a mi juicio, que por qu\u00e9 no va a poder mezclar el deporte con la pol\u00edtica, igual que se mezcla el cine, o la literatura, o el humor, o el teatro. \u00bfQu\u00e9 opinas de todo esto?<\/p>\n<p>R.- La conozco, naturalmente. Admirable trabajo. Y me gusta el asunto que propones. Creo que a ese respecto podr\u00eda defender una cosa y la contraria. De momento, y referido al panorama que nos toca vivir, me inclino por la contraria. Que un club se convierta en instrumento pol\u00edtico excluyendo a una parte significativa de sus aficionados me parece un error. Un triste error. <\/p>\n<p>P.- A ver si usted puede contestarme \u00bfQue cara cree que pusieron los internacionales catalanes, Xavi, Cesc, Busquets, Iniesta, Jordi Alba, cuando en las gradas del Calder\u00f3n se cant\u00f3 lo de &#8220;Es polaco el que no bote&#8230;&#8221; mediada la segunda parte? \u00bfEst\u00e1 politizado el f\u00fatbol y el deporte en general, o solo el Bar\u00e7a? Un abrazo desde Matar\u00f3<\/p>\n<p>R.- Estoy convencido de que los futbolistas se evaden de los c\u00e1nticos de la grada, especialmente cuando son c\u00e1nticos est\u00fapidos. Es una l\u00e1stima la facilidad que tienen los tontos para retroalimentarse y encontrar razones para su propia tonter\u00eda. Meterse con los catalanes o con los naturales de cualquier lugar de Espa\u00f1a es una becerrada siempre, pero cuando juega la Selecci\u00f3n resulta, adem\u00e1s, una incoherencia. Mal vamos. Bastante politizada est\u00e1 la actualidad como para que la pol\u00e9mica se traslade a los campos de f\u00fatbol. Y se trasladar\u00e1.<\/p>\n<p>P.- Juanma creo q ya t lo he preguntado alguna vez.. aunq no obtuve respuesta.Porque a messi se le exige para ser el mejor q rinda con la seleccion cuando cr7 no hace nada con portugal?<\/p>\n<p>R.- Tienes raz\u00f3n. Imagino que existen varias razones. Por un lado est\u00e1 la permanente comparaci\u00f3n con Maradona, cuya mayor gloria lleg\u00f3 con la albiceleste. Por otro, la consideraci\u00f3n de Argentina como una primera potencia mundial, a diferencia de la selecci\u00f3n portuguesa. Si a Cristiano se le disculpan m\u00e1s los errores es porque se entiende que acompa\u00f1amiento no est\u00e1 tan cualificado, cosa que ser\u00eda discutible, pues hablamos de un semifinalista de la Euro. Buena reflexi\u00f3n, en cualquier caso.<\/p>\n<p>P.- Juanma, y yo pensando: Ojal\u00e1 Mou eche de menos a Carvajal, un equipo con un Filial en segunda es una gran ventaja en caso de lexiones, y va el Madridista One, y a las primeras de cambio lo desmantela. \u00bfEstas conmigo?<\/p>\n<p>R.- A m\u00ed tambi\u00e9n me extra\u00f1\u00f3 mucho lo de Carvajal, m\u00e1s a\u00fan cuando Arbeloa es el \u00fanico lateral diestro de la plantilla. Doctores tiene la iglesia, incluso Papas. Lo que no se puede negar es el problema que afronta ahora el Madrid, obligado a un remiendo de resultado incierto.<\/p>\n<p>P.- Viendo el otro d\u00eda jugar a Cazorla con el Arsenal me result\u00f3 inevitable la comparaci\u00f3n con Modric. Se me ocurrieron cuatro posible conclusiones (marque la que proceda): a) Modric es much\u00edsimo mejor y su precio &#8211; m\u00e1s del doble &#8211; est\u00e1 justificado, aunque algunos todav\u00eda no sepamos por qu\u00e9; b) Cazorla es mucho mejor, pero Mou no querr\u00eda a otro de la selecci\u00f3n ni en pintura; c) da igual qui\u00e9n sea mejor, a Florentino le importan m\u00e1s otros aspectos (glamour, cuota de mercado&#8230;); d) el Madrid tiene demasiado dinero y deber\u00eda poner Unicef en la camiseta y de paso renunciar a los Coentraos\/Modrics de turno, y apostar m\u00e1s por cantera y Cazorlas. <\/p>\n<p>R.- Me quedo con la b) y la c). En mi opini\u00f3n (y recuerdo que los gustos son personales y subjetivos), Cazorla es mejor futbolista que Modric. Resulta evidente, por otra parte, que el Real Madrid (l\u00e9ase Florentino) se siente m\u00e1s motivado (y generoso) a la hora de fichar jugadores extranjeros que espa\u00f1oles.<\/p>\n<p>P.- Primero decirle que en su fiesta de disfraces del lunes en twitter quise saltar a su trinchera para apoyarle, me tom\u00f3 usted por el enemigo y me dispar\u00f3 en un pie. No volver\u00e9 a meterme donde no me llaman. 3 cosas: 1. \u00bfNo le parece oportunista que se reivindique hoy el doble pivote y a Arbeloa? 2. Desde la eurocopa, he decidido darle el beneficio de la duda a Khedira, casi erigirme en su palad\u00edn, por que creo que quiz\u00e1s lo \u00fanico que le falte para ser el jugador que a todos nos gustar\u00eda ser\u00eda atreverse a serlo, o que le suelten la correa. \u00bfqu\u00e9 opina? y 3. Qu\u00e9 defensa sacar\u00eda Ud contra el Celta? y \u00bfCu\u00e1l cree que saldr\u00e1? Saludos.<\/p>\n<p>R.- Vaya, siento realmente no haberle distinguido de quienes me atacaban con tanto entusiasmo. Espero que acepte mis disculpas y me considere un fuego amigo. Le rogar\u00eda, adem\u00e1s, que volviera a meterse donde no le llaman. Vayamos al tajo. 1. Sin duda. Oportunista e inevitable. Incluso l\u00f3gico. El analista siempre juega con ventaja. Por eso cobra poco. 2. Opino que viaja con retraso. Esta temporada le noto algo mejor, pero no tengo claro que le alcance para jugar en el Real Madrid. 3. Yo devolver\u00eda a Ramos al lateral derecho y pondr\u00eda en el lateral zurdo a Albiol. Mourinho apostar\u00e1 por Essien a la derecha y no descarto que cuente con Alex para la banda izquierda.<\/p>\n<p>P.- Juanma, tengo dos lecturas del segundo tiempo, haber con cual te quedas, primer partido serio sin doble pivote, Espa\u00f1a parec\u00eda rota, primer partido sin Busquets en el medio, Espa\u00f1a parec\u00eda rota. Sin desmerecer a Xabi, a Espa\u00f1a le viene mejor Busquets, que aunque vea el pase en una contra, si tu equipo est\u00e1 descompuesto y vas ganando, templa el partido y a tocar, \u00bfno te parece? <\/p>\n<p>R.- Absolutamente de acuerdo. Aunque no s\u00e9 si la teor\u00eda nos vale para generalidad de rivales. No todos los adversarios son tan fuertes como Francia.<\/p>\n<p>P.- Juanma: Se habla de cantadas de Cazorla y Juanfran en el gol, pero lo de Ramos, habilitando el pase por defender a un jugador que luego deja suelto, es para hacerselo mirar. \u00bfNo crees?<\/p>\n<p>R.- Yo dir\u00eda que el error de Juanfran es lo que enloquece la jugada y a los jugadores. Ah\u00ed est\u00e1 el quid de la cuesti\u00f3n. Lo dem\u00e1s es accesorio.<\/p>\n<p>P.- Oye Juanma que le paso a ha Espa\u00f1a anoche desajustes defensivos&#8230;\u00bfC\u00f3mo crees tu que se puede evitar eso para que no pase otra vez? GRACIAS JUANMA!<\/p>\n<p>R.- Espa\u00f1a juega mejor bajo presi\u00f3n y anoche no sinti\u00f3 demasiada, s\u00f3lo sofoc\u00f3n. Estoy seguro de que el equipo mejorar\u00e1 a partir de este tropiezo, porque se concentrar\u00e1 m\u00e1s en los partidos y en los rivales. Tambi\u00e9n ayudar\u00e1 Villa, que estar\u00e1 mejor seg\u00fan pase el tiempo. No creo que se trate de un problema t\u00e1ctico.<\/p>\n<p>P.- hola juanma,para mi del bosque es un entrenador sobrevalorado,los exitos de la seleccion se deben en mayor medida a luis aragones quien fue el que puso los cimientos para que la seleccion sea lo que hoy es,para mi lo repito el merito es de d. luis aragones,un saludo.<\/p>\n<p>R.- Disiento. Luis hizo mucho, desde luego, pero Del Bosque lo ha completado. Aragon\u00e9s tuvo la idea y abri\u00f3 el camino; don Vicente ha tenido el valor de respetar lo anterior, de a\u00f1adir algo nuevo y de ganar as\u00ed un Mundial y una Eurocopa. No dramaticemos por un empate.<\/p>\n<p>P.- HOLA JUANMA, UN PAR DE PREGUNTAS RAPIDAS: 1\/ \u00bfQUE DEFENSA PONDRIAS TU CONTRA EL CELTA Y CUAL CREES QUE PONDRA MOU? (YO PONDRIA RAMOS PEPE VARANE Y CASADO, NO CREO QUE SEA UNA HECATOMBE QUE UN CHAVAL DEL FILIAL JUEGUE UN PARTIDO, GANAMOS UNA LIGA CON DIARRA Y EMERSON DE ORGANIZADORES, Y UNA CHAMPION CON I. CAMPO DE CENTRAL, SI SOBREVIVIMOS A ESO&#8230;.PERO CREO QUE MOU RIZARA EL RIZO CON TAL DE NO DARLE EL GUSTO AL BERNABEU Y PONDRA A ESSIEN PEPE VARANE Y RAMOS POR LA IZDA) 2)PQ ANTES PEP Y AHORA TITO ESTAN TAN PROTEGIDOS POR LA PRENSA? UN EJEMPLO, ESTA TEMPORADA, NO UNA SI NO 2 VECES! TITO DIJO &#8220;SI NO RECUPERAMOS A LOS CENTRALES LESIONADOS JUGAREMOS CON EL FILIAL, COMO SIEMPRE HEMOS HECHO EN ESTA CASA&#8221; EN UNA ALUSI\u00d3N CLARISIMA AL REAL MADRID. LA PRIMERA VEZ JUG\u00d3 SONG (NACIDO EN EL PRAT DE LLOBREGAT) Y LA SEGUNDA JUG\u00d3 ADRIANO (ORIUNDO DE SABADELL). OJO, CADA UNO ES LIBRE DE PONER A QUIEN QUIERA, PERO ME PARECE QUE SOBRA ESA SOBERBIA SI LUEGO TE AUTORRETRATAS TU MISMO CON LA ALINEACI\u00d3N. QUE OPINAS?<\/p>\n<p>R.- 1. Ya hab\u00edamos hablado de las posibilidades para la defensa en una pregunta anterior. Y ahora que te leo no descarto que aciertes el presunto plan Mourinho, con Essien, Pepe, Varane y Ramos. No obstante, estoy contigo: no pasar\u00eda nada por usar el sentido com\u00fan y que jugara un canterano. 2. Mmm. Supongo que no han dado motivos para lo contrario. Aunque acepto que la prensa catalana est\u00e1 \u00faltimamente muy cari\u00f1osa con los t\u00e9cnicos del Bar\u00e7a, sean fieles o no a sus declaraciones. <\/p>\n<p>P.- cree que el tan nombrado virus fifa pasara factura al real madrid o sera una manera de escudarse en ello<\/p>\n<p>R.- Pasar\u00e1 factura. Quiz\u00e1 no en el pr\u00f3ximo partido, pero tal vez en los siguientes. Hablamos de futbolistas (Arbeloa y Marcelo, prioritariamente) que estaban muy acoplados al equipo y al entrenador.<\/p>\n<p>P.- hola juanma nose si sigues la segunda division, \u00bf pero como ves este a\u00f1o al real Murcia soy murciano y tu opinion me encantaria saberla gracias un saludo desde MURcia<\/p>\n<p>R.- Lo siento, pero no la sigo mucho. Eso s\u00ed: conf\u00edo en que Matilla crezca y ayude al Murcia a estar entre los mejores. Campo hay. Y afici\u00f3n tambi\u00e9n.<\/p>\n<p>P.- Trueba, a esta hora en Colombia llueve muy duro, estoy en clases de derecho minero y me escap\u00e9 para charlar contigo. No te lo pierdas! Pregunto seg\u00fan tu opini\u00f3n como debe manejar Del Bosque este experimento del 9 mentiroso. Si uno lee la entrevista hecha al seleccionador de Brasil, lo ve como una gran apuesta, que ellos no est\u00e1n en condiciones de arriesgar. Si nos detenemos en el partido de Ayer, Frabregas y circuito fue un fracaso. Pregunto cual es u visi\u00f3n sobre ventajas y desventajas de lo del 9 mentiroso. Un besote !<\/p>\n<p>R.- Colombia, me pones los dientes largos. A pesar de la lluvia. Y a pesar del derecho minero. Bien, veamos. El nueve mentiroso es un recurso para cubrir la ausencia de un delantero en forma. Torres no acaba de arrancar y Villa todav\u00eda no ha llegado al nivel f\u00edsico exigido. Entretanto, la posibilidad de jugar con F\u00e1bregas favorece el control de la pelota y la circulaci\u00f3n, aunque el equipo pierda remate. Si tenemos en cuenta su efecto sobre el control del juego, podemos decir que es una apuesta ofensiva y defensiva, ambas cosas al mismo tiempo. Mi apuesta es que Villa acabar\u00e1 muy pronto con el debate.<\/p>\n<p>P.- Juanma! Una pregunta, hace algunos a\u00f1os dec\u00eda Rela\u00f1o que jugadores como Messi aparec\u00edan cada 10 o 20 a\u00f1os&#8230; Qu\u00e9 dir\u00edas t\u00fa ahora?<\/p>\n<p>R.- Yo ampliar\u00eda el periodo de cultivo: brotan cada 40 o 50 a\u00f1os. Si acaso.<\/p>\n<p>P.- Truebitaaaa hola. C\u00f3mo est\u00e1s? Disfrazado? Tengo varias preguntas de actualidad. con la mira puesta en el proceso de clasificaci\u00f3n de Colombia al Mundial Brasil 2014 y otros temas: Preguntas: 1. Con el resultado de esta primera fase, crees que sea probable la clasificaci\u00f3n directa de Colombia. 2. Como ves a la selecci\u00f3n de Argentina? Juega muy parecido al estilo del Barca? 3. Que har\u00e1 Mou ante las bajas de Marcelo, Coentrao y Arbeloa. Hay riesgos? <\/p>\n<p>R.- 1. Pasan cuatro y todo apunta a que Colombia estar\u00e1 entre ellos. Falcao es una garant\u00eda. Y la inercia positiva tambi\u00e9n ayudar\u00e1 a completar el camino. 2. Sospecho que Argentina, con Messi inspirado, ha grabado su nombre en el primer puesto. Y no, no siento que juegue parecido al Bar\u00e7a. Se trata de un equipo much\u00edsimo m\u00e1s vertical. 3. Har\u00e1 trucos de los que tanto le gustan. Y s\u00ed, habr\u00e1 riesgos. Especialmente contra equipos competitivos.<\/p>\n<p>P.- quien ganara la liga<\/p>\n<p>R.- Supongo que el Barcelona. En re\u00f1ida lucha con los equipos de Madrid (de momento excluyo al Rayo).<\/p>\n<p>P.- Hola,como ve la actual plantilla del R.Betis y la gesti\u00f3n de la nueva junta directiva?<\/p>\n<p>R.- Conf\u00edo m\u00e1s en Pepe Mel que en los directivos. La plantilla es aseada, pero sufrir\u00e1 un duro golpe si Be\u00f1at abandona el equipo en el mercado de invierno. Y ya comienzan a barajar esa posibilidad&#8230;<\/p>\n","protected":false},"excerpt":{"rendered":"<p>El subdirector de Diario AS analizar\u00e1 con los internautas la actualidad futbol\u00edstica y del resto del panorama deportivo.<\/p>\n<p>Juanma Trueba en Twitter<\/p>\n","protected":false},"author":1,"featured_media":0,"comment_status":"open","ping_status":"open","sticky":false,"template":"","format":"standard","meta":{"footnotes":""},"categories":[],"tags":[],"class_list":["post-10960","post","type-post","status-publish","format-standard","hentry"],"_links":{"self":[{"href":"https:\/\/intervius.com\/index.html\/wp-json\/wp\/v2\/posts\/10960","targetHints":{"allow":["GET"]}}],"collection":[{"href":"https:\/\/intervius.com\/index.html\/wp-json\/wp\/v2\/posts"}],"about":[{"href":"https:\/\/intervius.com\/index.html\/wp-json\/wp\/v2\/types\/post"}],"author":[{"embeddable":true,"href":"https:\/\/intervius.com\/index.html\/wp-json\/wp\/v2\/users\/1"}],"replies":[{"embeddable":true,"href":"https:\/\/intervius.com\/index.html\/wp-json\/wp\/v2\/comments?post=10960"}],"version-history":[{"count":0,"href":"https:\/\/intervius.com\/index.html\/wp-json\/wp\/v2\/posts\/10960\/revisions"}],"wp:attachment":[{"href":"https:\/\/intervius.com\/index.html\/wp-json\/wp\/v2\/media?parent=10960"}],"wp:term":[{"taxonomy":"category","embeddable":true,"href":"https:\/\/intervius.com\/index.html\/wp-json\/wp\/v2\/categories?post=10960"},{"taxonomy":"post_tag","embeddable":true,"href":"https:\/\/intervius.com\/index.html\/wp-json\/wp\/v2\/tags?post=10960"}],"curies":[{"name":"wp","href":"https:\/\/api.w.org\/{rel}","templated":true}]}}