{"id":1096,"date":"2007-04-18T00:00:00","date_gmt":"2006-11-06T00:00:00","guid":{"rendered":"https:\/\/intervius.com\/index.html\/?p=1096"},"modified":"2006-11-06T00:00:00","modified_gmt":"2006-11-06T00:00:00","slug":"J-M-_Marti_Font1096","status":"publish","type":"post","link":"https:\/\/intervius.com\/index.html\/J-M-_Marti_Font1096\/","title":{"rendered":"J.M. Mart\u00ed Font"},"content":{"rendered":"<p>Pregunta.- \u00bfUsted cree que la posible victoria de Sarkozy puede desencadenar una ola de violencia en la periferia de Paris?<\/p>\n<p>Respuesta.- Probablemente no una rebeli\u00f3n en toda regla como la del oto\u00f1o de 2005, pero s\u00ed que podr\u00eda haber incidentes en los lugares m\u00e1s sensibles. <\/p>\n<p>P.- Los pisos en Espa\u00f1a son muy caros, pero a\u00fan no hemos llegado a montar tiendas de campa\u00f1a a lo largo del Manzanares, por ejemplo. \u00bfCu\u00e1l es el problema real de la vivienda en lugares como Toulouse o Par\u00eds?<\/p>\n<p>R.- La proporci\u00f3n de franceses que son propietarios de su vivienda es mucho m\u00e1s baja que en espa\u00f1a. Los cr\u00e9ditos e hipotecas son m\u00e1s dif\u00edciles de conseguir. Los alquileres son caros. Esto explica en parte este fen\u00f3meno de gente sin vivienda. En Par\u00eds hay una ley que prohibe a los propietarios desalojar a los inquilinos que no pagan durante los meses de invierno. <\/p>\n<p>P.- \u00bfA qu\u00e9 candidato ve m\u00e1s volcado en el tema social e involucrado con asociaciones como Los Hijos de Don Quijote?<\/p>\n<p>R.- Royal es la que ha presentado el programa de vivienda social m\u00e1s ambicioso. Aparte de los candidatos de extrema izquierda, claro. En general, salvo Le Pen, que sugiere que las viviendas sociales se entreguen solo a los franceses &#8220;de souche&#8221;, todos los candidatos tienen medidas en este sentido. <\/p>\n<p>P.- El problema de la inmigraci\u00f3n en ciudades como Par\u00eds fue a peor cuando los disturbios en los que se quemaron coches, \u00bfcree que eso hace que no puedan conseguir trabajo muchos inmigrantes, que en realidad han nacido en Francia, pero que son rechazados por apellido o barrio en el que viven?\u00bfo tal vez, los disturbios fueron una respuesta al problema que ya exist\u00eda?<\/p>\n<p>R.- Por supuesto. Esto fue lo primero que se puso en evidencia cuando se apagaron los fuegos. Hay discriminaci\u00f3n, no s\u00f3lo racial y econ\u00f3mica, sino incluso en funci\u00f3n del apellido o de la direcci\u00f3n postal que pone en su ficha cualquier persona que busca trabajo. <\/p>\n<p>P.- No se descarta una alianza entre Fran\u00e7ois Bayrou y Segol\u00e8ne Royal para la segunda vuelta de las elecciones. En este caso, qu\u00e9 cambios supondr\u00eda la nueva coalici\u00f3n para el programa de Segol\u00e8ne Royal? <\/p>\n<p>R.- Un viaje hacia el centro.<\/p>\n<p>P.- Estoy siguiendo las elecciones francesas y Bayrou es el candidato m\u00e1s europeista. Pero en caso de ganar, \u00bfser\u00eda capaz de tener protagonismo en Europa? \u00bfTendr\u00eda fuerza y ser\u00eda respetado?<\/p>\n<p>R.- Europa es un problema para los franceses. Francia es un problema para Europa. Bayrou es el m\u00e1s europe\u00edsta de los tres, pero tampoco tiene claro como salir del callej\u00f3n del no a la Constituci\u00f3n europea. La sociedad francesa tiene que reconciliarse con el hecho de que la Europa a 27 ya no es la Europa francesa &#8211;o francoalemana- que existi\u00f3 hasta hace bien poco. <\/p>\n<p>P.- Segu\u00ed con avidez sus cr\u00f3nicas sobre la revuelta de los suburbios en el oto\u00f1o de 2005. Un a\u00f1o y medio despu\u00e9s, los habitantes de las cit\u00e9s son llamados a las urnas donde se presenta, entre otros, el mismo que les llam\u00f3 &#8220;racaille&#8221; y provoc\u00f3 el inicio de los disturbios. Me gustar\u00eda saber la actitud ante las urnas de los habitantes de las cit\u00e9s, as\u00ed como en qu\u00e9 sentido se puede decantar su posible voto. \u00a1Muchas gracias!<\/p>\n<p>R.- Esta es una de las grandes inc\u00f3gnitas. Ha habido una importante movilizaci\u00f3n en los suburbios. Muchos grupos se han dedicado a convencer a la gente para que se inscribiera en las listas para poder votar (en Francia es necesario). &#8220;Si no votas, no existes&#8221;, dec\u00edan. Es un electorado nuevo, que probablemente no cuenta en los muestreos de los institutos de opini\u00f3n que hacen los sondeos. Puede cambiarlo todo. <\/p>\n<p>P.- \u00bfC\u00f3mo es posible que en un pa\u00eds tan avanzado como Francia se acabe discutiendo en una campa\u00f1a electoral sobre la identidad y el patriotismo en vez de debatir lo que realmente importa a la sociedad? Francia me parece un pa\u00eds con mucha personalidad.Un saludo.<\/p>\n<p>R.- Esto es lo que llaman la lepenizaci\u00f3n de la campa\u00f1a. Los grandes temas de fondo con que arranc\u00f3, los debates sobre los modelos de sociedad, han acabado solapados por el populismo m\u00e1s banal. Es, en cierto modo, el triunfo de Le Pen. <\/p>\n<p>P.- \u00bfCu\u00e1l es la principal diferencia entre S\u00e9gol\u00e8ne Royal y Zapatero, a pesar de pertenecer al mismo partido pol\u00edtico con una misma ideolog\u00eda y de haber mostrado su apoyo mutuo? <\/p>\n<p>R.- La principal diferencia entre el socialismo franc\u00e9s y el espa\u00f1ol, o entre el socialismo franc\u00e9s y todos los dem\u00e1s socialismos europeos, consiste en que en Francia todav\u00eda discuten sobre si hay o no que acabar con la econom\u00eda de mercado. Es una especificidad francesa. Por esta raz\u00f3n hay tambi\u00e9n tres candidatos trotskistas, una comunista, una verde y un altermundialista. La paradoja es que, globalmente, en la sociedad francesa tiene mayor\u00eda la derecha, casi en un 60%-40%. <\/p>\n<p>P.- Se que no tiene nada que ver con las elecciones pero, \u00bfque tiene que hacer o que tener un periodista para llegar a ser corresponsal en un pais tan importante como Francia? Gracias y enhorabuena<\/p>\n<p>R.- Ni idea<\/p>\n<p>P.- Hola, \u00bfsigue la izquierda francesa con su irresponsabilidad e inconciencia frente a los temas de la imigraci\u00f3n y la inseguridad, mirando para el otro lado, permitiendo de este modo que el monstruo FN siga creciendo cada vez m\u00e1s, o ya s\u00f3lo es cosa de la extrema izquierda? Esta \u00faltima, \u00bfqu\u00e9 busca, tener al FN con 35% y que explote una guerra civil en Francia dentro de 10 a\u00f1os?\u00bfPoliticos responsables, con conciencia de lo que ocurre en su pa\u00eds es lo que necesita Francia?<\/p>\n<p>R.- Los socialistas hace ya tiempo que cambiaron su discurso sobre este asunto despu\u00e9s del fiasco de 2002. Royal ha intentado introducir un cierto grado de responsabilidad en el viejo PS, sin que muchos la hayan seguido. El Frente Nacional no necesita crecer porque para ello ya est\u00e1 Nicolas Sarkozy asumiendo una parte de sus temas. <\/p>\n<p>P.- \u00bfCree que Le Pen dar\u00e0 el campanazo?\u00bfQu\u00e8 otros candidatos se pueden rese\u00f1ar aparte de los 4 principales? \u00bfDa por hecho que Royal y Sarkozy pasar\u00e0n a la segunda vuelta o no est\u00e0 tan claro? Gracias.<\/p>\n<p>R.- Todo es posible. Pero no me parece probable. Aparte de los cuatro, el que m\u00e1s parece destacar es Olivier Besan\u00e7enot, uno de los tres trostskistas, aunque no creo que supere el 5%. Ser\u00eda una sorpresa que Royal o sarkozy se quedaran fuera, pero todo puede pasar. <\/p>\n<p>P.- \u00bf Por qu\u00e9 habiendo la crisis que hay en Francia parece probable que Sarkozy se imponga en las elecciones?<\/p>\n<p>R.- Sarkozy es el \u00fanico candidato que abiertamente ha hablado de ruptura, de cambio radical, aunque luego se haya disfrazado de continuista para no asustar. En un momento de crisis es precisamente esto lo que muchos votantes quieren oir, aunque sepan que ser\u00e1 doloroso. <\/p>\n<p>P.- Hola. \u00bfNo cree que la victoria de Le Pen podr\u00eda suponer el fin del &#8220;santurario etarra&#8221; del sur de Francia y que, por tanto, nuestro pa\u00eds se podr\u00eda ver beneficiado de alg\u00fan modo?<\/p>\n<p>R.- No hay santuario etarra en el sur de Francia desde hace mucho tiempo. Le Pen, que es un nacionalista puro y duro, probablemente estar\u00eda encantado de tener un elemento como ETA a su disposici\u00f3n para sacarle partido frente a un pais vecino. <\/p>\n<p>P.- Lo del chauvinismo franc\u00e9s \u00bfes una exageraci\u00f3n o una realidad que usted ha podido constatar?<\/p>\n<p>R.- El chauvinismo franc\u00e9s no es muy diferente de cualquier otro sentimiento de orgullo nacionalista de los que Europa est\u00e1 llena. Adem\u00e1s, ahora los franceses est\u00e1n deprimidos. <\/p>\n<p>P.- hola, buenos d\u00edas. Hace una semana he estado en Par\u00eds y he podido observar que aparentemente la gente est\u00e1 en contra de Sarkozy. Sin embargo, en todas las encuestas parte como favorito. \u00bfSe debe esto a que la izquierda esta mas dividida que la derecha? y por \u00faltimo. \u00bfqu\u00e9 supondr\u00eda para Francia que Sarkozy fuese presidente?. Muchas gracias por su tiempo.<\/p>\n<p>R.- Sarkozy despierta filias y fobias extremas. O se le ama o se le odia. En mi opini\u00f3n, no es tanto su programa lo que provoca rechazo, sino su personalidad. Francia no tiene un sistema parlamentario cl\u00e1sico en el que la soberan\u00eda popular reside en el parlamento. El presidente es elegido por sufragio universal y no tiene que someterse a ning\u00fan tipo de control. Un tipo como Sarkozy, con fama de autoritario, de extremadamente ambicioso, ocupar\u00eda un Ejecutivo hipertrofiado, casi de corte mon\u00e1rquico. La tentaci\u00f3n cesarista existe. <\/p>\n<p>P.- Bonjour, \u00bfQu\u00e9 sentido tiene el voto centrista encarnado en la candidatura de Fran\u00e7ois BAYROU? \u00bfCree que podr\u00eda ser un movimiento pol\u00edtico exportable a Espa\u00f1a? \u00bfQuien lo encarnar\u00eda mejor seg\u00fan usted? Gracias. <\/p>\n<p>R.- Espa\u00f1a tiene un modelo parlamentario. El centro es el espacio que los partidos deben conquistar para ganar unas elecciones. El hundimiento de la UCD y despues del CDS e incluso de la Operaci\u00f3n reformista de Roca, muestra que con el modelo actual en espa\u00f1a no es viable que surja una fuerza de centro. En Francia es posible que emrja un Bayrou porque se vota el presidente por sufragio universal.<\/p>\n<p>P.- Hola! Me ha sorprendido mucho su articulo publicado el 15\/04: Sus argumentos podr\u00edan ser los de Sarkozy en cuanto a Estado \u201cHipertrofiado\u201d y presenta a los sres Rocard, Kouchner y Allegre, a favor de la Bayrou-Royal, como \u201cpesos pesados\u201d del PS. Ser\u00edan m\u00e1s bien personas alejadas de la direcci\u00f3n desde ya muchos a\u00f1os. No? Rocard, el \u00fanico con cargo electo de los 3, promueve desde a\u00f1os la Gran Alianza en el Parlamento Europeo. Cree Ud que Royal puede ganar sin Bayrou pero con la Izquierda? Gracias<\/p>\n<p>R.- No s\u00f3lo Sarkozy dice que Francia tiene un Estado &#8220;hipertrofiado&#8221;. Tambi\u00f1en lo piensan Royal y Bayrou. En el art\u00edculo que usted cita doy una serie de datos que explican claramente que el peso del sector p\u00fablico es una de las principales causas de los problemas estructurales del pa\u00eds, desde la deuda hasta el desempleo. Rocard, Kouchner y Allegre no se parecen en nada, excepto que los tres han sido ministro varias veces, y uno incluso primer ministro. Allegre, un tipo peculiar donde los haya que ahora hace campa\u00f1a contra quienes quieren reducir las emisiones de CO2, detesta a Royal por razones personales. Compartieron el ministerio de Educaci\u00f3n y se pelearon a gusto. En realidad el mensaje que lanzaron, el pacto con Bayrou, forma parte de la estrategia de la segunda vuelta. Porque, evidentemente, sin al menos una buena parte de los votos de Bayrou, Royal no podr\u00e1 nunca ganar. <\/p>\n<p>P.- Sr. Mart\u00ed. \u00bfPiensa que las Juntas Electorales nacionales son suficientes para controlar el &#8220;posible&#8221; fraude electoral? Gracias<\/p>\n<p>R.- Deber\u00edan serlo.<\/p>\n<p>P.- Buenos d\u00edas, \u00bfPodr\u00eda aventurar que futuro tendr\u00eda, en su opini\u00f3n, el Tratado Constitucional de la UE en funci\u00f3n de cada canditato y que margen de influencia tendr\u00e1 en cualquier caso el estado franc\u00e9s en la escena europea despu\u00e9s de estas elecciones? Muchas gracias por su respuesta<\/p>\n<p>R.- Si gana Sarkozy todo se pondr\u00e1 de nuevo en marcha antes de fin de a\u00f1o. Ha prometido que har\u00eda votar por v\u00eda parlamentaria un tratado constitucional &#8220;reducido&#8221;, es decir, sin el cap\u00edtulo III, sin someterlo a refer\u00e9ndum. Probablemente habr\u00eda todo tipo de protestas, pero aprovechar\u00eda el impulso de los primeros meses y despu\u00e9s ya ser\u00eda imposible dar marcha atr\u00e1s. Royal y Bayrou, con sus peculiaridades, pretenden volver a poner sobre la mesa en TCE, retocarlo aqu\u00ed y all\u00ed, abrir un debate y volverlo a someter a refer\u00e9ndum, abriendo otro largu\u00edsimo debate, am\u00e9n de que los pa\u00edses que ya lo han ratificado, la mayor\u00eda, tendr\u00edan tambi\u00e9n algo que decir y revisar sus propios textos. La historia de nunca acabar. Lo cierto es que el tema europeo es tab\u00fa en estas elecciones, solo se toca de refil\u00f3n y nadie sereclama de todo heredero del no. El no tuvo muchos padres. Entre otras cosas fue la primera vez en la que el Frente Nacional, Le Pen, vot\u00f3 con la mayor\u00eda. <\/p>\n","protected":false},"excerpt":{"rendered":"<p>Se acercan las elecciones francesas y entre los candidatos principales se encuentran Nicolas Sarkozy, S\u00e9gol\u00e8ne Royal y Fran\u00e7ois Bayrou. El corresponsal de EL PA\u00cdS en Par\u00eds ha charlado con los lectores sobre todos los candidatos y todo lo que rodea a las elecciones en Francia.<br \/>\nAccede AQU\u00cd a su p\u00e1gina de EL PA\u00cdS.<\/p>\n","protected":false},"author":1,"featured_media":0,"comment_status":"open","ping_status":"open","sticky":false,"template":"","format":"standard","meta":{"footnotes":""},"categories":[],"tags":[],"class_list":["post-1096","post","type-post","status-publish","format-standard","hentry"],"_links":{"self":[{"href":"https:\/\/intervius.com\/index.html\/wp-json\/wp\/v2\/posts\/1096","targetHints":{"allow":["GET"]}}],"collection":[{"href":"https:\/\/intervius.com\/index.html\/wp-json\/wp\/v2\/posts"}],"about":[{"href":"https:\/\/intervius.com\/index.html\/wp-json\/wp\/v2\/types\/post"}],"author":[{"embeddable":true,"href":"https:\/\/intervius.com\/index.html\/wp-json\/wp\/v2\/users\/1"}],"replies":[{"embeddable":true,"href":"https:\/\/intervius.com\/index.html\/wp-json\/wp\/v2\/comments?post=1096"}],"version-history":[{"count":0,"href":"https:\/\/intervius.com\/index.html\/wp-json\/wp\/v2\/posts\/1096\/revisions"}],"wp:attachment":[{"href":"https:\/\/intervius.com\/index.html\/wp-json\/wp\/v2\/media?parent=1096"}],"wp:term":[{"taxonomy":"category","embeddable":true,"href":"https:\/\/intervius.com\/index.html\/wp-json\/wp\/v2\/categories?post=1096"},{"taxonomy":"post_tag","embeddable":true,"href":"https:\/\/intervius.com\/index.html\/wp-json\/wp\/v2\/tags?post=1096"}],"curies":[{"name":"wp","href":"https:\/\/api.w.org\/{rel}","templated":true}]}}