{"id":10933,"date":"2012-10-07T00:00:00","date_gmt":"2006-11-06T00:00:00","guid":{"rendered":"https:\/\/intervius.com\/index.html\/?p=10933"},"modified":"2006-11-06T00:00:00","modified_gmt":"2006-11-06T00:00:00","slug":"Tomas_Roncero10933","status":"publish","type":"post","link":"https:\/\/intervius.com\/index.html\/Tomas_Roncero10933\/","title":{"rendered":"Tom\u00e1s Roncero"},"content":{"rendered":"<p>Pregunta.- Calentando motores antes del cl\u00e1sico,soy Madridista y tengo buenas sensaciones para el partido. Personalmente si el camp nou despliega el mosaico de la senyera,yo como madridista si ganasemos, al finalizar el encuentro, lo que haria ser\u00eda sacar la bandera de Espa\u00f1a al terreno de juego.\u00bfQue esperas de este encuentro?\u00bfCrees que cristiano ser\u00e1 decisivo en el partido?,\u00bfTe atreverias a dar un resultado?. Un Saludo Crac<\/p>\n<p>Respuesta.- Lo importante es que hoy gane el f\u00fatbol. El Madrid ha sido m\u00e1s listo porque durante la semana no ha politizado el partido, algo que s\u00ed ha hecho la c\u00fapula del Bar\u00e7a. Como dir\u00eda Luis Aragon\u00e9s, a ganar, a ganar y a volver a ganar.<\/p>\n<p>P.- Hola Tomas. Te parece bien que la gente quiera a Kaka contra el Barca, o como yo piensas que los experimentos con soda!&#8230;&#8230;para otro dia!. Saludos<\/p>\n<p>R.- Yo he sido muy cr\u00edtico con Kak\u00e1. Pero con su magn\u00edfica actitud en las dos \u00faltimas semanas se ha hecho acreedor a esa fe en \u00e9l. Yo le sacaba de titular. Le veo motivado y con ganas de recordar al mundo entero qui\u00e9n fue hace unos a\u00f1os. <\/p>\n<p>P.- Hola Tomas, De perder hoy tu crees que se le perderia todo el credito a Mou ?<\/p>\n<p>R.- No. Ser\u00eda un varapalo y Mou deberia explicar c\u00f3mo pudimos llegar a este extremo, pero Mou tiene cr\u00e9dito de sobra y m\u00e1s despu\u00e9s de la Liga de los 100 puntos y los 121 goles.<\/p>\n<p>P.- \u00bfCree usted que Modric jugar\u00e1 de titular ante el bar\u00e7a?<\/p>\n<p>R.- No lo descarto. Todo el mundo apunta a \u00d6zil, pero me da que va a dejar en el banquillo al alem\u00e1n por la temporada tan irregular que lleva. Modric podr\u00eda estar por delante de \u00d6zil. <\/p>\n<p>P.- Hola Tom\u00e1s \u00bfsi pudieras hacer 2 fichajes para el madrid sin ser ninguno del bar\u00e7a (s\u00e9 q elegir\u00edas al gran iniesta como yo jejeje) quienes ser\u00edan y por qu\u00e9?<\/p>\n<p>R.- Silva, por su calidad excepcional y su impresionante visi\u00f3n de juego, y Falcao. <\/p>\n<p>P.- Hola Tomas, yo soy de los que cree que \u00e9ste partido es uno m\u00e1s teniendo en cuenta que la liga acaba de empezar por tanto queda much\u00edsima tela que cortar, pero si que pienso qu el balon de oro se lo est\u00e1n jugando dada la repercusi\u00f3n mundial que tiene el partido y teniendo en cuenta que sobre el cesped habr\u00e1n los 5 mejores jugadores del mundo, Messi, Iniesta, Xavi, Ronaldo y Casillas. \u00bfQu\u00e9 piensas?, Gracias Maestro.<\/p>\n<p>R.- Estoy de acuerdo en que hoy ser\u00e1 el \u00faltimo gran escaparate para ganar el Bal\u00f3 de Or de 2012. Yo creo que al final los que votan el premio van a ir a lo seguro y volcar\u00e1n los votos en Cristiano y Messi. Est\u00e1 entre uno de los dos. Varemos a ver qu\u00e9 dicen los se\u00f1ores de France Football, los capitanes y los seleccionadores nacionales.<\/p>\n<p>P.- que crees tu de coentrao en la alineacion titular el domingo? he visto muchos comentarios sobre esa posibilidad deberian echarlo ya del madrid, no sirve, marcelo es el mejor del mundo hala madrid<\/p>\n<p>R.- Marcelo ser\u00e1 titular. No hay debate. <\/p>\n<p>P.- \u00bfNo crees que Kak\u00e1 necesita el doble o el triple de minutos de los que le da Mou? Tanta calidad que tenia en el Milan no se han podido ir de repente.<\/p>\n<p>R.- Kak\u00e1 no est\u00e1 muerto deportivamente y lo dej\u00f3 claro en Amsterdam. Yo le espero. Un Bal\u00f3n de Oro no es por capricho.<\/p>\n<p>P.- Hola Tom\u00e1s, soy un madridista de Terrasa, a ver si te vienes alguna vez a nuestra pe\u00f1a. Que opinas de xavi hernandez , mi paisano, que se ha convertido en el jugador con mas clasicos jugados de la historia con 35 partidos?<\/p>\n<p>R.- Cuando me invit\u00e9is ah\u00ed estar\u00e9 encantado amigo. En cuanto a Xavi creo que es un chaval estupendo, que juega muy bien al f\u00fatbol y al que s\u00f3lo le pierde a veces querer contentar con sus palabras a la parte m\u00e1s antimadridista de la afici\u00f3n cul\u00e9. Pero s\u00e9 que es buen chaval y con Espa\u00f1a es una delicia verle jugar.<\/p>\n<p>P.- Tom\u00e1s, si t\u00fa sabes que la parte mas d\u00e9bil del Madrid es la defensa en pelota parada,\u00bf Como lo solucionar\u00edas?. Y no me digas que la culpa es de Mou ya que la defensa es la misma de la temporada pasada. <\/p>\n<p>R.- Hay errores de concentraci\u00f3n y de colocaci\u00f3n. El mi\u00e9rcoles ante el Ajax fallan Casillas y Essien, pero Iker no tiene la culpa de que no hubiera nadie en el primer palo. <\/p>\n<p>P.- podreis meterles tres al bar\u00e7a y hacerme la catalana mas feliz de barcelona?<\/p>\n<p>R.- Pues te lo digo. Hoy vamos a ganar 1-3. \u00a1Hala Madrid y viva la Catalu\u00f1a blanca!<\/p>\n<p>P.- \u00bfCu\u00e1l es tu opini\u00f3n sobre el rendimiento de Essien en estos primeros partidos de Temporada?<\/p>\n<p>R.- Aprobado alto. Buen manejador en la medular, pasa en corto con correcci\u00f3n y en largo se las apa\u00f1a para demostrar que es un buen refuerzo para el equipo de Mou.<\/p>\n<p>P.- Buenas tardes Tom\u00e1s, \u00bfqu\u00e9 tal? Mira, mi pregunta es, \u00bfqu\u00e9 te parecer\u00eda la l\u00ednea defensiva Sergio Rammos, Varane, Pepe, Arbeloa?. Yo ahora mismo apostar\u00eda por esa defensa titular. Cordiales saludos desde Canarias y te invito a que veas mi avatar de twitter. \u00a1HALA MADRID!<\/p>\n<p>R.- Como defensa no est\u00e1 mal y ser\u00eda un cuarteto de garant\u00edas, pero yo soy un enamorado de Marcelo y prefiero ver a Sergio de central antes que de lateral. Y como yo piensa mucha gente. <\/p>\n<p>P.- Buenas tardes Sr Roncero. \u00bfno deberia el REAL MADRID &#8220;sugerir&#8221; a sus ,nuestros, jugadores un poco de simpatia, simple educacion para con la aficion, su aficion?. Somos muchos los Madridistas que vivimos lejos del BERNABEU y una sonrisa a nuestros hijos una o dos veces al a\u00f1o a los jugadores no les supone ningun coste y a los txabales les llena. Muchas gracias Sr Roncero.AUPA MADRID. UN 0 2 hoy.<\/p>\n<p>R.- Totalmente de acuerdo. No se puede ir con cara de triste o esconderse bajo unos walkman gigantes para no detenerse ante la afici\u00f3n. Ellos son los que les dan de comer. Hay que hacerse fotos y firmar aut\u00f3grafos sin historietas.<\/p>\n","protected":false},"excerpt":{"rendered":"<p>Ya est\u00e1 aqu\u00ed el primer Cl\u00e1sico de la Liga 2012-13. A pocas horas del pitido inicial, Tom\u00e1s Roncero, redactor jefe de la secci\u00f3n del Real Madrid en AS, ha charlado con los internautas sobre el partido.<\/p>\n","protected":false},"author":1,"featured_media":0,"comment_status":"open","ping_status":"open","sticky":false,"template":"","format":"standard","meta":{"footnotes":""},"categories":[],"tags":[],"class_list":["post-10933","post","type-post","status-publish","format-standard","hentry"],"_links":{"self":[{"href":"https:\/\/intervius.com\/index.html\/wp-json\/wp\/v2\/posts\/10933","targetHints":{"allow":["GET"]}}],"collection":[{"href":"https:\/\/intervius.com\/index.html\/wp-json\/wp\/v2\/posts"}],"about":[{"href":"https:\/\/intervius.com\/index.html\/wp-json\/wp\/v2\/types\/post"}],"author":[{"embeddable":true,"href":"https:\/\/intervius.com\/index.html\/wp-json\/wp\/v2\/users\/1"}],"replies":[{"embeddable":true,"href":"https:\/\/intervius.com\/index.html\/wp-json\/wp\/v2\/comments?post=10933"}],"version-history":[{"count":0,"href":"https:\/\/intervius.com\/index.html\/wp-json\/wp\/v2\/posts\/10933\/revisions"}],"wp:attachment":[{"href":"https:\/\/intervius.com\/index.html\/wp-json\/wp\/v2\/media?parent=10933"}],"wp:term":[{"taxonomy":"category","embeddable":true,"href":"https:\/\/intervius.com\/index.html\/wp-json\/wp\/v2\/categories?post=10933"},{"taxonomy":"post_tag","embeddable":true,"href":"https:\/\/intervius.com\/index.html\/wp-json\/wp\/v2\/tags?post=10933"}],"curies":[{"name":"wp","href":"https:\/\/api.w.org\/{rel}","templated":true}]}}