{"id":10915,"date":"2012-10-02T00:00:00","date_gmt":"2006-11-06T00:00:00","guid":{"rendered":"https:\/\/intervius.com\/index.html\/?p=10915"},"modified":"2006-11-06T00:00:00","modified_gmt":"2006-11-06T00:00:00","slug":"Tomas_Roncero10915","status":"publish","type":"post","link":"https:\/\/intervius.com\/index.html\/Tomas_Roncero10915\/","title":{"rendered":"Tom\u00e1s Roncero"},"content":{"rendered":"<p>Pregunta.- Buenos dias Tom\u00e1s, mi pregunta es en relacion a lo q pasa con Sergio Ramos? Si piensas q hay problemas a final de temporada quien deberia irse Mou o Ramos? Yo soy partidario de Ramos un vikingo de pro. Un saludo Roncero <\/p>\n<p>Respuesta.- Ramos y Mourinho son dos l\u00edderes de vestuario. Seguro que lo arreglar\u00e1n porque los dos quieren lo mejor para el Madrid.<\/p>\n<p>P.- Estimado Tom\u00e1s, mucho gusto desde Colombia. Entiendo y respeto tu madridismo, pero no estoy de acuerdo con algo. Veo que tienes una cruzada contra Messi y entiendo que es una especie de venganza por todo lo que la prensa habla de Cristiano. Puedo entender que Messi este un poco blindado en Barcelona, pero en general se lo quiere en muchos lados (sobre todo por su humildad) aunque tenga algunas salidas que desconciertan (pero a quien no le pasa). espero que me puedas responder las preguntas \u00bfno te encantar\u00eda ver vestido a Messi de blanco? \u00bfNo te gustar\u00eda que Ronaldo sea un poco menos Chulo (no se c\u00f3mo decirlo m\u00e1s suave, no quiero faltar al respeto? Un abrazo grande Tom\u00e1s<\/p>\n<p>R.- Amigo no tengo nada personal contra Messi, pero me molesta la doble vara de medir que hay con \u00e9l y con Cristiano. El portugu\u00e9s es un chico estupendo y buena persona, y estoy hasta el gorro de que se le demonice para ensalzar a Messi. Cristiano nunca agredi\u00f3 a un espectador con un pelotazo, ni escupi\u00f3 a la cara a un rival ni mont\u00f3 un numerito con un compa\u00f1ero como hizo Messi con Villa. El malo, no es tan malo. Ni el bueno, es tan bueno&#8230;<\/p>\n<p>P.- Hola Tomas,\u00bf a quien le dar\u00edas el Oscar? \u00bfa Cesc, a alves..a Busquets?\u00bfporque se intenta tapar el robo del otro dia, con las invenciones de los problemas jugadores-mou? el madridista ya est\u00e1 harto de que la prensa manipule todo. Gracias crack, hoy veo Punto Pelota\u00a1<\/p>\n<p>R.- Alves es el number one en la Escuela de Teatro del Bar\u00e7a, pero reconozco que Cesc, Alexis y Busquets son alumnos aventajados en la materia. Compra el AS de hoy y lee mi p\u00e1gina 7. Ah\u00ed quedar\u00e1n resueltas tus dudas sobre la Prensa. <\/p>\n<p>P.- Hola Tom\u00e1s. No sab\u00eda lo de Freixa en la Federaci\u00f3n. Me he enterado hoy al leerte. \u00bfRecuerdas el que m\u00e1s quiere que te d\u00e9? Pues ah\u00ed tienes la respuesta. Lo dicho, este Barsa-Madrid va a pasar a la historia por muchas cosas. Entre ellas por el expolio que le van a hacer al equipo blanco. De verdad Roncero, \u00bfno ves que somos un ternero que va al matadero? Nos van a descuartizar en Barcelona. Pero no lo digo por el ambiente que est\u00e1 creando el Barsa (\u00bfdonde est\u00e1 antiviolencia?), sino por lo que nos va a robar Delgado Ferreiro. Ser\u00e1 de traca. Ya lo sabemos. Ante el primer atropello, deber\u00edamos retirar al equipo de ese c\u00e9sped. Como hicimos el d\u00eda del cochinillo. Busquets va a repartir hasta en el carn\u00e9 de identidad, a Pepe se lo van a cargar por toser, a Cristiano lo van a martillear, veremos si Di Mar\u00eda sale por sus pies. Sabemos lo que va a ocurrir. De verdad Tom\u00e1s, Freixa en la Federaci\u00f3n Espa\u00f1ola? \u00bfDonde est\u00e1n los principios de esta gente? <\/p>\n<p>R.- Pues s\u00ed amigo. El tal Freixa se ha metido de vocal en la Federaci\u00f3n. Vaya a\u00f1ito que nos espera. Ahora entendr\u00e1s todo mejor. <\/p>\n<p>P.- se\u00f1or Roncero, tengo dos preguntas para usted \u00bfporque se queja tanto? y \u00bfa su real madrid nunca le han ayudado? porque yo le puedo decir unas cuantas ayudaditas que le han dado y que usted no ha dicho nada. Deberia hablar con mas imparcialidad <\/p>\n<p>R.- Amigo, la imparcialidad no existe y mira que la Humanidad lleva siglos busc\u00e1ndola. Lo de mis quejas es porque este asunto de las ayudas arbitrales al Bar\u00e7a se viene repitiendo desde 2004, cuando las Elecciones a la Federaci\u00f3n. Los hechos demuestran mis denuncias. <\/p>\n<p>P.- Tomas responde breve a estas preguntas 1-\u00bfxabi alonso o guti? 2- \u00bfreal madrid o seleccion espa\u00f1ola? 3- \u00bfbalon de oro para iker o iniesta? 4-\u00bfmadridista o anticule? 5-\u00bfsport o mundo deportivo?<\/p>\n<p>R.- 1.- Los dos. 2.- Los dos. 3.- Iker. 4.- Madridista. 5.- Ninguno.<\/p>\n<p>P.- Un reto, yo que soy muy muy cul\u00e9 te digo 3 cosas del Madrid que me gustan y luego tu me dices 3 del Barcelona que me gusten. Vale? Creo que Casillas es mejor portero que Vald\u00e9s, me gusta la capacidad de reacci\u00f3n del Madrid cuando se ve con el agua al cuello (remontada con el City por ejemplo) y creo que Raul fu\u00e9 un fant\u00e1stico jugador y gran deportista. Tu turno sr. Roncero.<\/p>\n<p>R.- Uno, Kubala fue buen\u00edsimo aunque peor que Di St\u00e9fano. 2.- Urruti era un t\u00edo excepcional y Asensi me cae de cine. Y 3.- Puyol, Piqu\u00e9 o Xavi me emocionan cuando cantan con tanto orgullo los goles de Espa\u00f1a. <\/p>\n<p>P.- Hola tomas roncero quiero que hagamos un ejercicio que conformes un equipo de solamente jugadores de espa\u00f1oles en tu real Madrid, vale pues en barca si se puede y criollos de la masia gracias <\/p>\n<p>R.- Casillas, Arbeloa, Ramos, Albiol, Nacho, Xabi Alonso, Juanfran, Callej\u00f3n, Jes\u00e9, Cherysehev y Morata.<\/p>\n<p>P.- Tom\u00e1s, no ser\u00eda bueno un trofeo Pichichi para el m\u00e1ximo goleador en buena ley, ..y otro para el m\u00e1ximo anotador a pelota parada (penaltis, libre directo, corner, etc)? Considero injusto que gane el trofeo alguien que marca la mitad de sus goles de penalti. Un saludo<\/p>\n<p>R.- Los penaltis hay que meterlos. Que se lo digan a Messi o a Cristiano con lo sucedido en la Champions. No me parece mal que se les d\u00e9 en el formato actual. <\/p>\n<p>P.- Tom\u00e1s, entre tristezas de Cristiano, los &#8220;no tengo equipo&#8221; de Mou, el pulso de Ramos y otros asuntos, nos hemos encajado en Octubre, con seis partidos de liga. Y resulta que en esos escasos partidos, al Barsa ya le han regalado 8 puntos que valen una liga. Y al Madrid en ese per\u00edodo le han birlado un punto (en Getafe). \u00bfTe puedes hacer una idea de lo que dir\u00edan los &#8220;\u00fanico pensadores&#8221; catalanes si Tito pierde contra Osasuna, Sevilla, y empata ante Valencia? Y todo eso con un juego insulso, aburrido y sin chispa. Es que eso marca todo un campeonato. Podr\u00edamos estar empatados a puntos ante el Can Nou, y de perder o ganar no pasar\u00eda nada. O llegar por los \u00e1rbitros como llegamos, y de perder, adi\u00f3s liga a primeros de Octubre. Repito, es m\u00e1s fuerte de lo que parece y la situaci\u00f3n parece dif\u00edcil de reconducir en liga. Espero D\u00e9cima y Copa del Rey para compensar. Tom\u00e1s, los madridistas somos muy de Copas de Europa, pero son 13 partidos repartidos en 10 meses. La liga es la alegr\u00eda de cada semana, y aqu\u00ed nos la niegan los \u00e1rbitros.<\/p>\n<p>R.- Ya sabes lo que pienso al respecto y por eso lo denuncio hoy en la p\u00e1gina 7 del AS. Hala Madrid siempre.<\/p>\n<p>P.- \u00bfNo se da cuenta que algunos jugadores le quieren echar un pulso al entrenador para ver si flaquea? Esto no es la primera vez que pasa en el Madrid. \u00bfQu\u00e9 es eso de me &#8220;se\u00f1ala&#8221;? El entrenador es el que manda. \u00bfNadie vio el lamentable partido que Sergio Ramos hizo en Sevilla? \u00bfPor qu\u00e9 el entrenador no lo puede quitar en el partido que quiera y poner a otro? \u00bfQu\u00e9 es eso de que la prensa diga que Ramos se va o no se va? Esto es de co\u00f1a&#8230;.<\/p>\n<p>R.- Respeto tus opiniones aunque algunas no las comparto. Siempre desde el respeto, me parece bien que cuando se discrepa del jefe se le diga a la cara. Si el jefe se equivoca y todos callan, nos vamos al hoyo. Hierro tambi\u00e9n era un l\u00edder y levantaba la voz cuando lo ve\u00eda necesario. O Ra\u00fal, o antes Camacho, Santillana, Stielike, Juanito, Amancio, Pach\u00edn, Di St\u00e9fano&#8230;<\/p>\n<p>P.- hola, tomas, soy cule y te digo que no me gusto lo de Cesc, espero que le quitan la amarilla a Medel. Te quer\u00eda preguntar que te parecio esa imagen del rondo el dia de la suspension del Rayo-Real Madrid (por un lado, portugueses y por el otro espa\u00f1oles)? No da eso una imagen de division, de clanes por decirlo as\u00ed? Y por \u00faltimo que te parece que cuando juegan el Madrid o el Barcelona fuera no se esten llenando tantos los estadios, que por primera vez no se ponga el no hay billetes? Que hasta en el Bernabeu contra el Manchester City sobrara entradas es significativo&#8230; Esto de los horarios va a terminar echando a la gente. O si no mira la gente ayer que hab\u00eda en el Getafe-Mallorca&#8230;Saludos desde Pamplona<\/p>\n<p>R.- Es de alabar tu objetividad con lo de Medel y Cesc. Se agradece. Lo del rondo lo veo con m\u00e1s normalidad. T\u00fa en el curro sueles ponerte cerca de la gente con la que tienes mejor rollo. Y en lo de los horarios y el precio de las entradas tienes raz\u00f3n. Los clubes se han olvidado de la crisis y vamos a acabar como en Italia, con los campos medio vac\u00edos. <\/p>\n<p>P.- Su discurso de que al Barcelona siempre le benefician los \u00e1rbitros y al Madrid siempre le perjudican, \u00bfno resulta ya un poco pesado? \u00bfPorqu\u00e9 no habla de f\u00fatbol m\u00e1s a menudo?<\/p>\n<p>R.- Hablo de f\u00fatbol cuando los \u00e1rbitros me dejan. Pero si Osasuna y Sevilla merecen ganar un partido por su mejor juego y dos \u00e1rbitros de c\u00e1mara del R\u00e9gimen lo evitan para beneficiar al Bar\u00e7a todopoderoso, es inevitable que hable de eso y deje el f\u00fatbol en segundo plano. Mateu y Mu\u00f1iz no quieren que yo hable de f\u00fatbol. La culpa no es m\u00eda. Es de ellos. <\/p>\n<p>P.- Crees que ya se erradico en su totalidad la tristeza de cristiano ronaldo. explica<\/p>\n<p>R.- Por completo. Cristiano sabe que se equivoc\u00f3 en la manera de escenificar su malestar interno con el club y como gran profesional que es, est\u00e1 a tope y celebrando los goles con sus compa\u00f1eros y con su gente. Cristiano es el n\u00famero 1. No se puede dudar de \u00e9l. <\/p>\n<p>P.- Tomas en que lugar del escalafon pones a el gran raul en la historia del real madrid? Saludos dem cartagena colombia<\/p>\n<p>R.- Entre los cinco m\u00e1s grandes jugadores de sus 110 a\u00f1os de historia. Ah\u00ed entrar\u00edan Di St\u00e9fano, Gento, Cristiano y Juanito.<\/p>\n<p>P.- Buenas Tom\u00e1s. Una pregunta. Sabes si es cierto que Ginola estuvo a punto, pero que muy a punto de fichar por el Madrid? Si es cierto, porqu\u00e9 se torci\u00f3? A mi me parece uno de los jugadores m\u00e1s elegantes que ha dado el f\u00fatbol europeo pero sin embargo no jug\u00f3 en &#8220;grandes&#8221;. Gracias<\/p>\n<p>R.- No s\u00e9 bien esa historia amigo, pero desde luego era un genio y no me extra\u00f1a que el Madrid lo qusiese fichar.<\/p>\n<p>P.- Muy buenas crack!!Somos muchos los aficionados madridistas al basket que opinamos que nos merecemos un entrenador de verdad..Laso no se entera de nada en muchos lances del juego..Carroll no puede jugar tan poco ni Pocius&#8230;Felipe no puede jugar el ultimo cuarto siempre ya que le corta progresion a Mirotic, sin hablar de la diferencia de talento entre ambos..tu como lo ves?Gracias!!<\/p>\n<p>R.- Respeto tus opiniones pero sinceramente yo creo que Laso es el mejor entrenador que pod\u00eda tener el Madrid. Ha rescatado la identidad de su juego hist\u00f3rico de defensa y contraataque, es muy divertido en su desarrollo y ha recuperado el orgullo de la camiseta. Y ha espa\u00f1olizado la plantilla. S\u00f3lo puedo hablar bien de \u00e9l. <\/p>\n<p>P.- Muy buenas Tomas!! Viendo el muy buen arranque de mi M\u00e1laga, ves posible que Del Bosque convoque para los pr\u00f3ximos partidos a Isco?? Yo cuando lo veo jugar se me cae la baba y el chaval s\u00f3lo tiene 20 a\u00f1os!! Tiene una t\u00e9cnica impresionante y si sigue progresando as\u00ed le veo dentro de pocos a\u00f1os al nivel de Iniesta Silva o Xavi, no crees? Un abrazo de un malaguista de coraz\u00f3n!!<\/p>\n<p>R.- Amigo estoy contigo en todo lo que has expuesto. Isco es la guinda del delicioso pastel del M\u00e1laga, que est\u00e1 jugando como los \u00e1ngeles. Isco es joven, atrevido y con un talento natura especial. Isco es perfecto para el juego de la Selecci\u00f3n. No me extra\u00f1ar\u00eda que Del Bosque le convoque. Se lo merecen el chaval y el M\u00e1laga. \u00a1Y ma\u00f1ana a ganar al Anderlecht!<\/p>\n","protected":false},"excerpt":{"rendered":"<p>Tom\u00e1s Roncero ha contestado las preguntas de los internautas relacionadas con el Real Madrid, con especial atenci\u00f3n a la goleada lograda ante el Deportivo o el inminente Cl\u00e1sico del Camp Nou.<\/p>\n","protected":false},"author":1,"featured_media":0,"comment_status":"open","ping_status":"open","sticky":false,"template":"","format":"standard","meta":{"footnotes":""},"categories":[],"tags":[],"class_list":["post-10915","post","type-post","status-publish","format-standard","hentry"],"_links":{"self":[{"href":"https:\/\/intervius.com\/index.html\/wp-json\/wp\/v2\/posts\/10915","targetHints":{"allow":["GET"]}}],"collection":[{"href":"https:\/\/intervius.com\/index.html\/wp-json\/wp\/v2\/posts"}],"about":[{"href":"https:\/\/intervius.com\/index.html\/wp-json\/wp\/v2\/types\/post"}],"author":[{"embeddable":true,"href":"https:\/\/intervius.com\/index.html\/wp-json\/wp\/v2\/users\/1"}],"replies":[{"embeddable":true,"href":"https:\/\/intervius.com\/index.html\/wp-json\/wp\/v2\/comments?post=10915"}],"version-history":[{"count":0,"href":"https:\/\/intervius.com\/index.html\/wp-json\/wp\/v2\/posts\/10915\/revisions"}],"wp:attachment":[{"href":"https:\/\/intervius.com\/index.html\/wp-json\/wp\/v2\/media?parent=10915"}],"wp:term":[{"taxonomy":"category","embeddable":true,"href":"https:\/\/intervius.com\/index.html\/wp-json\/wp\/v2\/categories?post=10915"},{"taxonomy":"post_tag","embeddable":true,"href":"https:\/\/intervius.com\/index.html\/wp-json\/wp\/v2\/tags?post=10915"}],"curies":[{"name":"wp","href":"https:\/\/api.w.org\/{rel}","templated":true}]}}