{"id":10886,"date":"2012-09-26T00:00:00","date_gmt":"2006-11-06T00:00:00","guid":{"rendered":"https:\/\/intervius.com\/index.html\/?p=10886"},"modified":"2006-11-06T00:00:00","modified_gmt":"2006-11-06T00:00:00","slug":"Jose_Antonio_Ponseti10886","status":"publish","type":"post","link":"https:\/\/intervius.com\/index.html\/Jose_Antonio_Ponseti10886\/","title":{"rendered":"Jos\u00e9 Antonio Ponseti"},"content":{"rendered":"<p>Pregunta.- Solo deciros que sois el mejor programa , gran sentido del humor y conocedores de lugares y personas que ya muchos de nosotros nos gustaria tener ese bagaje. Un fuerte abrazo y seguir as\u00ed. Si no hay ONDAS no importa. Creo que ya habeis echo historia en la radio. Muchos besos.<\/p>\n<p>Respuesta.- Hola a todos y muchas gracias, pero muchas, muchas por vuestras preguntas. En el tema del Ondas ahi vamos, peleando jajaja.<\/p>\n<p>P.- \u00bfHas dejado muchos amigos en Miami? \u00bfAlguna f\u00e9mina en especial? \u00bfDe verdad el amigo Vispe existe o es un invento? jajajajajajajaj \u00a1\u00a1\u00a1\u00a1Adelante campe\u00f3n!!!!<\/p>\n<p>R.- Siii he dejado a muchas amigas y a muchos amigos, Miami es un peque\u00f1o paraiso para vivir. Vispe es real existe y est\u00e1 como las maracas de Machin jajaja<\/p>\n<p>P.- Pregunta ninguna, solo agradecerte el programa SER AVENTUREROS, que me despierto de madrugada solo por escucharos, es un programa con aire fresco, \u00a1\u00a1\u00a1ENHORABUENA Y GRACIAS!!!!<\/p>\n<p>R.- Si siguen entrando solo buenos comentarios nos lo vamos a creer, bueno eso no nunca. Estamos tan lcoos que no creo que nos pase nunca.<\/p>\n<p>P.- \u00bfCu\u00e1nto de ficci\u00f3n hay en Vispe? \u00bfEs posible estar tan colgado y llegar a colaborar en Ser Aventureros?<\/p>\n<p>R.- No hay ficci\u00f3n el tio es as\u00ed, en serio. Creo que vamos a tener que hacer algo, no se que pero algo hay que hacer, Vispe existe y no actua es como es jejeje.<\/p>\n<p>P.- Hola Ponseti, \u00bfc\u00f3mo logras controlar a estos locos aventureros que tienes en plantilla?. \u00bfHabr\u00e1 novedades esta temporada? y a ver si por fin funciona el podcast. <\/p>\n<p>R.- La novedad m\u00e1s importante llega por aqu\u00ed. Estamos mejorando la M de milagro, jejeje y arrancamos en unas semanas un blog y un videoblog con nuestras locuras, creo que os gustar\u00e1.<\/p>\n<p>P.- Diego Ballesteros, Biciclown, Carlos Soria&#8230; Muchas historias conocidas gracias a vosotros, \u00bfTe quedas con alguna en particular?<\/p>\n<p>R.- La de Carlos Soria es espectacular, me encanta transmite ganas de seguri haciendo cosas sin importar la edad, el sacrificio, un fen\u00f3meno.<\/p>\n<p>P.- Hola, \u00bfCu\u00e1ndo veremos SER AVENTUREROS en la televisi\u00f3n? Saludos. Sois geniales, no cambi\u00e9is nunca.<\/p>\n<p>R.- Este es un proyecto que esta en marcha desde hace un par de a\u00f1os. La idea est\u00e1 y nos encantar\u00eda poner imagen a muchas de las aventuras, de los viajes que hacemos. Queremos llevaros a la Ant\u00e1rtida, \u00c4frica, a cua,lquier rinc\u00f3n del mundo pero con nuestros ojos, con esa manera de mirar que tiene Ser Aventureros.<\/p>\n<p>P.- Lo que no entiendo de la Cadena Ser que para mi es una radio seria y la \u00fanica que escucho, pueda tener a este se\u00f1or que de tanto quererse hacerse el simpatico empalaga.<\/p>\n<p>R.- Bueno vamos con los palitos. Querido oyente yo no me hago el simp\u00e1tico, ni el antip\u00e1tico, ni el listo, ni el pijo, ni el progre&#8230; soy como soy, que no te gusta, lo siento, pero el planeta esta lleno de gente de todo tipo y sigo pensando que no hay que marginar, peroooo si la Ser es una radio seria solo pueden trabajar periodistas serios??? no se yo, abrazo.<\/p>\n<p>P.- \u00bfQu\u00e9 d\u00eda se realiza la grabaci\u00f3n de SER Aventureros?, Porque en directo&#8230; BAKALA, jaja. Un abrazo.<\/p>\n<p>R.- Bkala a media, hay semanas de grabaci\u00f3n y semanas en directo, las del directo son las mas duras jeje. Pero si toca semana grabaci\u00f3n lo hacemos el jueves.<\/p>\n<p>P.- \u00bfCrees que est\u00e1n masific\u00e1ndose y contamin\u00e1ndose las cumbres con el monta\u00f1ismo comercial?<\/p>\n<p>R.- Es un tema muy complicado, yo pienso que tienen que existir las expediciones comerciales, pero con un control. No puede ser que en el Manaslu se junten 30 o 40 expediciones, aumentamos exponencialmente el n\u00famero de muertos en caso de problemas. Y en la monta\u00f1a siempre pasa algo. Expediciones comerciales s\u00ed, pero con n\u00famero limitado por cumbre.<\/p>\n<p>P.- Hola Jos\u00e9 Antonio.\u00bfSer\u00eda posible asistir al programa? PD: Viva la M de Milagro <\/p>\n<p>R.- Si que se puede venir a ver el programa, lo coordinaremos con producci\u00f3n igual que en Carrusel.<\/p>\n<p>P.- \u00bfQu\u00e9 terminara antes? \u00bfLa crisis o el mal funcionamiento del Podcast? \ud83d\ude42<\/p>\n<p>R.- jajaja no tengo respuesta para ninguna de las dos preguntas. Sinceramente espero que las dos cuanto antes, viva la M de milagro.<\/p>\n<p>P.- Hola, Ponseti. Quisiera saber, en s\u00edntesis, las novedades de la nueva temporada y si vas a mantener el mismo horario de emisi\u00f3n de siempre. Gracias.<\/p>\n<p>R.- Ser Aventureros mantiene el horario de la madrugada del Viernes al S\u00e1bado de 6 a 7. Seguimos con las repeticiones en el fin de semana por la tarde, pero eso depende de cada emisora. Y estamos en Estados Unidos gracias a Caracol 1260 un peque\u00f1o lujo para nosostros.<\/p>\n<p>P.- \u00a1\u00a1Hola Ponseti!! Oye, mi Gur\u00fa, que crees que debo hacer con una factura de Iberdrola que por 2,4 \u20ac de consumo, me sale al final a 37,10 \u20ac. \u00a1Besos!<\/p>\n<p>R.- Comprate una linterna, ahorras en luz, en pilas no creo jajaja<\/p>\n<p>P.- \u00bfCu\u00e1nto tiempo libre tienes en las semanas en las que, adem\u00e1s de la liga y el SER Aventureros, tambi\u00e9n hay Champions?<\/p>\n<p>R.- Ser Aventureros puntua como tiempo libre. Nos lo pasamos tan bien que no tenemos sensaci\u00f3n de trabajo, solo imaginando las historias de cada uno de los invitados salimos fascinados del programa.<\/p>\n<p>P.- Dado el largo recorrido y aventuras incluidas las del tio san. Dejando Australia para Vispe .Te planteo nos des tu visi\u00f3n del hombre en su soledad del mundo. Saludos.<\/p>\n<p>R.- Madre m\u00eda me da que el tema de las preguntas empieza a complicarse. Esta se la voy a pasar a Vispe la pr\u00f3xima semana para que me ilumine sobre el tema de la soledad en el planeta.<\/p>\n","protected":false},"excerpt":{"rendered":"<p>Muchas novedades en el arranque de la nueva temporada de SER Aventureros. Su director y presentador, Jos\u00e9 Antonio Ponseti, ha charlado con los oyentes.<\/p>\n","protected":false},"author":1,"featured_media":0,"comment_status":"open","ping_status":"open","sticky":false,"template":"","format":"standard","meta":{"footnotes":""},"categories":[],"tags":[],"class_list":["post-10886","post","type-post","status-publish","format-standard","hentry"],"_links":{"self":[{"href":"https:\/\/intervius.com\/index.html\/wp-json\/wp\/v2\/posts\/10886","targetHints":{"allow":["GET"]}}],"collection":[{"href":"https:\/\/intervius.com\/index.html\/wp-json\/wp\/v2\/posts"}],"about":[{"href":"https:\/\/intervius.com\/index.html\/wp-json\/wp\/v2\/types\/post"}],"author":[{"embeddable":true,"href":"https:\/\/intervius.com\/index.html\/wp-json\/wp\/v2\/users\/1"}],"replies":[{"embeddable":true,"href":"https:\/\/intervius.com\/index.html\/wp-json\/wp\/v2\/comments?post=10886"}],"version-history":[{"count":0,"href":"https:\/\/intervius.com\/index.html\/wp-json\/wp\/v2\/posts\/10886\/revisions"}],"wp:attachment":[{"href":"https:\/\/intervius.com\/index.html\/wp-json\/wp\/v2\/media?parent=10886"}],"wp:term":[{"taxonomy":"category","embeddable":true,"href":"https:\/\/intervius.com\/index.html\/wp-json\/wp\/v2\/categories?post=10886"},{"taxonomy":"post_tag","embeddable":true,"href":"https:\/\/intervius.com\/index.html\/wp-json\/wp\/v2\/tags?post=10886"}],"curies":[{"name":"wp","href":"https:\/\/api.w.org\/{rel}","templated":true}]}}