{"id":10884,"date":"2012-09-26T00:00:00","date_gmt":"2006-11-06T00:00:00","guid":{"rendered":"https:\/\/intervius.com\/index.html\/?p=10884"},"modified":"2006-11-06T00:00:00","modified_gmt":"2006-11-06T00:00:00","slug":"Luis_Goytisolo10884","status":"publish","type":"post","link":"https:\/\/intervius.com\/index.html\/Luis_Goytisolo10884\/","title":{"rendered":"Luis Goytisolo"},"content":{"rendered":"<p>Pregunta.- Se\u00f1or Gytisolo, su \u00faltima novela tiene apenas 150 p\u00e1ginas. \u00bfPrefiere la condensaci\u00f3n? Mil gracias <\/p>\n<p>Respuesta.- Lo cierto es que pens\u00e9 que me iban a salir m\u00e1s p\u00e1ginas. Pero el estilo especialmente concentrado que se me ha impuesto esta vez la ha reducido.<\/p>\n<p>P.- \u00bfPor qu\u00e9 este libro y por qu\u00e9 ahora? \u00bfQu\u00e9 es &#8220;El lago en las pupilas&#8221; y qu\u00e9 aporta al panorama literario?<\/p>\n<p>R.- Porque es una confluencia de la linea de pensamiento de mis obras anteriores y del momento actual. Lo que aporte es cosa de la cr\u00edtica.<\/p>\n<p>P.- \u00bfC\u00f3mo hace se\u00f1or Goytisolo para cruzar humor y desasosiego en El lago en las pupilas? Saludos<\/p>\n<p>R.- Para m\u00ed no es una combinaci\u00f3n que tenga nada nuevo; en &#8220;Antagon\u00eda&#8221; se da a espuertas.<\/p>\n<p>P.- Buenas tardes. \u00bfSiendo de una familia de escritores no cab\u00eda ser otra cosa? Saludos<\/p>\n<p>R.- Creo sinceramente que lo nuestro es gen\u00e9tico. Para poder escribir, hab\u00eda pensado ser aviador, como Saint-Ex\u00fapery o marino, como Conrad. De chico, se entiende.<\/p>\n<p>P.- Hola Luis. Hay en su nueva novela un tema que me interesa especialmente; la b\u00fasqueda de una identidad propia. &#8220;Elogio del amor&#8221; de Jean Luc Godard trata este tema con especial atenci\u00f3n y su conclusi\u00f3n es que hemos perdido nuestra identidad europea para adoptar una mas bien norteamericana. \u00bfHasta que punto cree usted que hemos perdido nuestra identidad y que podemos hacer para recuperarla? Muchas gracias.<\/p>\n<p>R.- No he visto la pelicula de Godard. Creo que efectivamente se est\u00e1 instalando en Europa una identidad americana. No tengo la soluci\u00f3n.<\/p>\n<p>P.- \u00bfLa guerra civil no es un tema demasiado trillado en la novela? Muchas gracias <\/p>\n<p>R.- Si se refiere a mi novela, hago lo posible para que la guerra civil, en ella presente, no sea identificable con la espa\u00f1ola. Lo mismo hice en mis anteriores novelas en las que se hace referencia.<\/p>\n<p>P.- Vive en Tarragona y sit\u00faa la acci\u00f3n en Riofr\u00edo, Madrid. \u00bfPor qu\u00e9 este escenario? Gracias<\/p>\n<p>R.- Actualmente estoy en Tarragona, lo que no quiere decir que viva aqu\u00ed. El Riofr\u00edo a que se refiere (que creo est\u00e1 en Segovia) no es el de mi novela. En las anteriores, se llamaba Miralr\u00edo, Valfranca, la Pobla, etc.<\/p>\n<p>P.- En este libro aborda los foros financieros internacionales. \u00bfLa crisis que vivimos ha tenido algo que ver? <\/p>\n<p>R.- Pues, s\u00ed. Por m\u00e1s que sea un elemento secundario en la novela.<\/p>\n<p>P.- Buenas tardes don Luis. Mi pregunta es muy simple. \u00bfQu\u00e9 proceso, antes de escribir la novela o durante, lleva a cabo usted? Me refiero creaci\u00f3n personajes, lugares&#8230; Much\u00edsimas gracias y un saludo afectuoso. <\/p>\n<p>R.- Por lo general, me toma mucho m\u00e1s tiempo la planificaci\u00f3n de la novela que la redacci\u00f3n. Cuando empiezo a escribir ya s\u00e9 lo que tiene que ir en cada cap\u00edtulo. Si tarde tres a\u00f1os en esribirla, dos tercios los dedico a su planificaci\u00f3n.<\/p>\n<p>P.- \u00bfCuando habla de crisis de la novela lo dice porque las nuevas generaciones de escritores no est\u00e1n a la altura?<\/p>\n<p>R.- Yo creo que talento no falta. Lo que falla es la continuidad del g\u00e9nero en s\u00ed, de lo que hasta ahora hemos entendido por novela. Los h\u00e1bitos sociales son los que mandan en estas cosas.<\/p>\n<p>P.- \u00bfQu\u00e9 piensa cuando, desde la cr\u00edtica espa\u00f1ola, le proponen como candidato al Premio Nobel de Literatura? \u00bfCree en estos halagos? Un cordial saludo. <\/p>\n<p>R.- Que yo sepa, ning\u00fan cr\u00edtico me ha propuesto para el Nobel. Lo que hacen es reproducir los rumores que cada a\u00f1o, a partir de Estocolmo, preceden a la concesi\u00f3n del premio.<\/p>\n<p>P.- En Espa\u00f1a, existen grandes sagas de actores, cantantes y tambi\u00e9n de escritores. Las diferencias de estilo son evidentes pero,\u00bfQu\u00e9 tienen en com\u00fan literariamente?\u00bfHab\u00eda tradici\u00f3n literaria en la generaci\u00f3n anterior?<\/p>\n<p>R.- Si se refiere a mis antepasados, una hermana de mi madre era poeta; tambi\u00e9n un t\u00edo abuelo. Y novelista, una bisabuela de finales del XIX. En cuanto a mis hermanos, desde el punto de vista literario yo creo que nada hay en com\u00fan. <\/p>\n<p>P.- \u00bfQu\u00e9 autor joven le soprende gr\u00e1tamente? Un saludo<\/p>\n<p>R.- Son bastantes los que prometen. Por citar a uno, me gust\u00f3 el \u00faltimo libro de Giralt Torrente.<\/p>\n<p>P.- Buenas tardes y enhorabuena por El lago en las pupilas. Los cr\u00edticos han destacado el sentido del humor y la iron\u00eda en ella; \u00bfseg\u00fan Ud es esta una l\u00ednea que se va intensicando en su obra? Gracias. <\/p>\n<p>R.- No, ha estado presente en todas, a partir de &#8220;Antagon\u00eda&#8221;.<\/p>\n<p>P.- \u00bfExiste hoy en d\u00eda cierta censura literaria?<\/p>\n<p>R.- Que yo sepa, no.<\/p>\n<p>P.- Dice en la entrevista de El \u00b4Pa\u00eds que est\u00e1 escribiendo un ensayo. \u00bfQu\u00e9 tal va? \u00a1En qu\u00e9 g\u00e9nero se siente m\u00e1s c\u00f3modo escribiendo? Muchas gracias.<\/p>\n<p>R.- El ensayo va muy bien. Como g\u00e9nero es ya un viejo conocido. Ahora bien, yo soy ante todo novelista.<\/p>\n<p>P.- Buenas tardes, don Luis. Si tuviera que explicarle a alguien que no le conociera qui\u00e9n es usted, \u00bfqu\u00e9 le diria? Enhorabuena por esta novela.<\/p>\n<p>R.- Pues lo mejor, para hacerse una idea, es que lea una de mis novelas.<\/p>\n<p>P.- Muchas gracias por participar en esta charla. \u00bfEst\u00e1 muy implicado en la labor de la RAE? \u00bfResulta dif\u00edcil trabajar en paralelo a la actualidad? \u00bfQu\u00e9 palabra le gustar\u00eda que se incluyese en el diccionario? <\/p>\n<p>R.- En lo posible, no falto a ninguna sesi\u00f3n de la RAE. Es decir, estoy implicado. M\u00e1s que introducir nuevas palabras me interesa en especial que las diversas acepciones de cada una sean las justas.<\/p>\n<p>P.- \u00bfCree que hoy en d\u00eda tiene cabida la narrativa experimental? Me gustar\u00eda saber su opini\u00f3n sobre este &#8220;nuevo mundo global&#8221;, sobre los sellos editoriales independientes que desaparecen, historias que se clonan unas a otras para no decir nada o lo mismo, la creciente consideraci\u00f3n de la literatura como un producto de caducidad ef\u00edmera. Gracias por su obra Don Luis.<\/p>\n<p>R.- La narrativa experimental siempre tiene cabida. L\u00e1stima que, como usted apunta, lo que m\u00e1s abunda es m\u00e1s de lo mismo. En cuanto a las desaparici\u00f3n de editoriales siempre es una mala noticia.<\/p>\n<p>P.- Hola Luis, \u00bfqu\u00e9 te parece el Cervantes a Parra?<\/p>\n<p>R.- Me parece m\u00e1s acertado que alguna que otra concesi\u00f3n anterior.<\/p>\n<p>P.- \u00bfla identidad es una creacion o esta intimamente ligada al ser? Gracias<\/p>\n<p>R.- Si se refiere a la idntidad de los personajes, es una creaci\u00f3n. Una creaci\u00f3n de la que soy autor y que est\u00e1, por tanto, ligada a mi ser.<\/p>\n<p>P.- Estimado Luis, \u00bfsigue de cerca la literatura espa\u00f1ola? \u00bfHay autores que cree imprescindibles en el actual panorama narrativo de nuestras letras?<\/p>\n<p>R.- Hay autores que prometen. No me gusta dar nombres por temor a dejarme alguno en el tintero y ser injusto.<\/p>\n<p>P.- Qu\u00e9 alegr\u00eda por poder preguntarle. \u00bfQu\u00e9 ha aprendido literariamente de su hermano y su hermano de usted? <\/p>\n<p>R.- Ninguno de los tres hermanos aprendi\u00f3 nunca nada del otro. Creo que Jos\u00e9 Agust\u00edn se enter\u00f3 de que yo escrib\u00eda cuando gan\u00e9 el Premio Biblioteca Breve con &#8220;Las afueras&#8221;.<\/p>\n<p>P.- Como dec\u00eda Gbriel Celaya la poes\u00eda y la literatura en general es &#8220;un arma cargada de futuro&#8221;, \u00bfcree que en estos tiempos la literatura es &#8220;concebida como un lujo cultural por los neutrales&#8221; y que hay cierto desinter\u00e9s en recuperarla como m\u00e9todo inteligente de denuncia?<\/p>\n<p>R.- La literatura, en general, y la poes\u00eda en particular, son espectaculares construcciones del pasado, m\u00e1s del pasado que del futuro, me temo. Los nuevos g\u00e9neros que se est\u00e1n forjando tendr\u00e1n sus propias caracter\u00edsticas.<\/p>\n<p>P.- \u00bfPor qu\u00e9 quiere que la guerra civil, presente en su novela, no sea identificable con la espa\u00f1ola? \u00bfNo guarda ning\u00fan recuerdo de la guerra? Muchas gracias <\/p>\n<p>R.- De la guerra en s\u00ed no guardo ningun recuerdo. Lo que me interesa no es documentar nada sino la esencia de cualquier guerra civil, el hecho de que alguien mate a su vecino con ese pretexto.<\/p>\n<p>P.- \u00bfC\u00f3mo se plantea usted la muerte? \u00bfPiensa tratar este tema en sus pr\u00f3ximas novelas?<\/p>\n<p>R.- La muerte es un tema de fondo en, por ejemplo, &#8220;Estela del fuego que se aleja&#8221; y de una forma u otra est\u00e1 presente ya en mis primeras novelas.<\/p>\n<p>P.- \u00bfPorqu\u00e9 el t\u00edtulo de su nueva novela me recuerda a excalibur, la dama del lago?<\/p>\n<p>R.- Ser\u00e1 por lo del lago.<\/p>\n<p>P.- S\u00f3lo quiero comentarle que estoy leyendo &#8220;Antagon\u00eda&#8221;. Me resulta dif\u00edcil, pero es imprescindible y m\u00e1s en estos momentos.Luego habr\u00e1 tiempo para&#8221;El lago&#8230;&#8221;.\u00a1Suerte con el libro!<\/p>\n<p>R.- Muchas gracias.<\/p>\n<p>P.- Tengo una curiosidad. \u00bfQu\u00e9 le motiv\u00f3 a empezar a escribir libros? Muchas gracias don Luis <\/p>\n<p>R.- Me resulta dif\u00edcil remitirme al impulso inicial. Ten\u00eda entonces 11 a\u00f1os y planeaba escribir novelas de aventuras. Luego, pas\u00e9 a la poes\u00eda que abandon\u00e9 a los 15. Y empec\u00e9 a pensar en alg\u00fan tipo de historia m\u00e1s de adulto.<\/p>\n<p>P.- Se\u00f1or Goytisolo, es poco amigo de presentarse a premios. \u00bfNo cree en ellos? <\/p>\n<p>R.- Se\u00f1or Goytisolo, es poco amigo de presentarse a premios. \u00bfNo cree en ellos? <\/p>\n<p>P.- Buenas tardes&#8230; \u00bfPor que se convirti\u00f3 en escritor? \u00bfSe imagina trabajando en otra cosa?<\/p>\n<p>R.- He trabajado en otras cosas, pero siempre relacionadas con la escritura. Caso de documentales televisivos.<\/p>\n<p>P.- He le\u00eddo hace poco &#8220;Antagon\u00eda&#8221; y me ha maravillado. No puedo explicarme como permanece tan ignorada por los lectores espa\u00f1oles. \u00bfC\u00f3mo ha sido posible ese desconocimiento de una de las grandes novelas espa\u00f1olas del siglo XX? <\/p>\n<p>R.- Gracias por la opini\u00f3n, pero no me lo pregunte a m\u00ed, que no s\u00e9 mucho m\u00e1s que usted al respecto.<\/p>\n<p>P.- \u00bfNo estamos demasiado centrados en el pasado y descuidamos el futuro? Muchas gracias <\/p>\n<p>R.- Lo que me parece m\u00e1s descuidado es el presente, condicionado por un pasado de cuyas caracter\u00edsticas estamos m\u00e1s que inseguros. El futuro se impondr\u00e1 por s\u00ed mismo como consecuencia de todo ello. <\/p>\n<p>P.- Buenas tardes se\u00f1or. \u00bfcree Ud. que escribir es un acto social?. Gracias<\/p>\n<p>R.- Escribir es un acto solitario de mayor o menor repercusi\u00f3n social.<\/p>\n<p>P.- Buenas tardes: \u00bfQu\u00e9 consejo le dar\u00eda a un escritor debutante? Estoy un poco perdida. <\/p>\n<p>R.- Rehuir los modelos preexistentes, buscar una voz propia.<\/p>\n<p>P.- \u00bfSiente simpat\u00eda por los movimientos ciudadanos que, como los indignados o los manifestantes del 25S, denuncian las medidas austeras y restrictivas del Gobierno de Rajoy? <\/p>\n<p>R.- La protesta m\u00e1s afinada me parece la de los neoyorquinos que se manifestaron ante Wall Street.<\/p>\n<p>P.- \u00bfQu\u00e9 libro le hubiese gustado haber escrito? Gracias <\/p>\n<p>R.- Es algo que no me he planteado ni creo que vaya a plantearme.<\/p>\n","protected":false},"excerpt":{"rendered":"<p>El escritor y acad\u00e9mico charlar\u00e1 con los lectores sobre El lago en las pupilas (Siruela), su \u00faltima novela. Buscando el pasado de sus familiares, Gloria y Marcel coinciden en Riofr\u00edo, un peque\u00f1o pueblo de monta\u00f1a que en el pasado no escap\u00f3 a las turbulencias de la Guerra Civil.<br \/>\nM\u00e1s entrevistas digitales <\/p>\n","protected":false},"author":1,"featured_media":0,"comment_status":"open","ping_status":"open","sticky":false,"template":"","format":"standard","meta":{"footnotes":""},"categories":[],"tags":[],"class_list":["post-10884","post","type-post","status-publish","format-standard","hentry"],"_links":{"self":[{"href":"https:\/\/intervius.com\/index.html\/wp-json\/wp\/v2\/posts\/10884","targetHints":{"allow":["GET"]}}],"collection":[{"href":"https:\/\/intervius.com\/index.html\/wp-json\/wp\/v2\/posts"}],"about":[{"href":"https:\/\/intervius.com\/index.html\/wp-json\/wp\/v2\/types\/post"}],"author":[{"embeddable":true,"href":"https:\/\/intervius.com\/index.html\/wp-json\/wp\/v2\/users\/1"}],"replies":[{"embeddable":true,"href":"https:\/\/intervius.com\/index.html\/wp-json\/wp\/v2\/comments?post=10884"}],"version-history":[{"count":0,"href":"https:\/\/intervius.com\/index.html\/wp-json\/wp\/v2\/posts\/10884\/revisions"}],"wp:attachment":[{"href":"https:\/\/intervius.com\/index.html\/wp-json\/wp\/v2\/media?parent=10884"}],"wp:term":[{"taxonomy":"category","embeddable":true,"href":"https:\/\/intervius.com\/index.html\/wp-json\/wp\/v2\/categories?post=10884"},{"taxonomy":"post_tag","embeddable":true,"href":"https:\/\/intervius.com\/index.html\/wp-json\/wp\/v2\/tags?post=10884"}],"curies":[{"name":"wp","href":"https:\/\/api.w.org\/{rel}","templated":true}]}}