{"id":10868,"date":"2012-09-14T00:00:00","date_gmt":"2006-11-06T00:00:00","guid":{"rendered":"https:\/\/intervius.com\/index.html\/?p=10868"},"modified":"2006-11-06T00:00:00","modified_gmt":"2006-11-06T00:00:00","slug":"Gustavo_Garcia_Herrero10868","status":"publish","type":"post","link":"https:\/\/intervius.com\/index.html\/Gustavo_Garcia_Herrero10868\/","title":{"rendered":"Gustavo Garc\u00eda Herrero"},"content":{"rendered":"<p>Pregunta.- \u00bfCree usted que Espa\u00f1a puede mantener unos servicios sociales para todos como ustedes reclaman?<\/p>\n<p>Respuesta.- No solo es posible, como lo demuestra el gasto que realizan otros pa\u00edses de nuestro entorno con menos desarrollo que el nuestro, sino que en una situaci\u00f3n como la actual resultan imprescindibles para evitar situaciones de extrema pobreza y de quiebra de la cohesi\u00f3n social, que tendr\u00eda repercusiones muy negativas no solo para la convivencia sino tambi\u00e9n para el desarrollo, incluso el desarrollo econ\u00f3mico.<\/p>\n<p>P.- \u00bfQue estrategias tendr\u00edan que definir los Servicios Sociales en una coyuntura como la actual?<\/p>\n<p>R.- Para definir estrategias a largo plazo es necesario un escenario de cierta predecibilidad; y eso hoy no existe. Lo que hoy necesitamos son planes de emergencia con dos estrategias fundamentales: atender las situaciones m\u00e1s graves de necesidad (vivienda, alimentaci\u00f3n, ropa&#8230;) y prevenir la exclusi\u00f3n social. Pero claro, los servicios sociales no podemos hacerlo solos. Es imprescindible definir estrategias integrales a nivel global en las instituciones<\/p>\n<p>P.- \u00bfNo cree que ser\u00eda m\u00e1s racional para el Sistema centralizar su gesti\u00f3n en lugar de dejar tantas cosas en manos de los Ayuntamientos?<\/p>\n<p>R.- Quiz\u00e1s sea buen momento para &#8220;resetear&#8221; el sistema y dejar de hacer algunas de las cosas que ya no son tan necesarias como antes. Pero una de las fortalezas de los servicios sociales ha sido la proximidad: mientras otros sistemas se centralizaban, los servicios sociales desde los a\u00f1os 80 hemos llegado al m\u00e1s alejado municipio, al m\u00e1s olvidado de los barrios&#8230; En definitiva, estamos cerca de las personas, de donde viven. Y eso no es posible sin los Ayuntamientos. No podemos perder su protagonismo; ser\u00eda un retroceso muy grave. Otra cosa es la necesidad de ordenar bien sus competencias y, sobre todo, de financiarlas adecuadamente.<\/p>\n<p>P.- Actualmente, \u00bfCu\u00e1les son los principales riesgos de exclusi\u00f3n social que existen en nuestro pa\u00eds?<\/p>\n<p>R.- Es dif\u00edcil predecir como van a expresarse estos riesgos, si en la consolidaci\u00f3n y cronificaci\u00f3n de bolsas de pobreza, en la apat\u00eda y desmotivaci\u00f3n, en comportamientos violentos o asociales&#8230; Pero es seguro que el grave empobrecimiento que afecta a cientos de miles de personas, el agotamiento de las redes familiares, la falta de apoyo de las instituciones a estas personas y el consiguiente desapego y, sobre todo, la falta de expectativas, amenazan con generar n\u00facleos de exclusi\u00f3n incluso con incidencia en el entorno f\u00edsico, particularmente en grandes ciudades. Y si de la pobreza se puede salir con desarrollo econ\u00f3mico, la exclusi\u00f3n social, como forma de vida &#8220;al margen&#8221;, no es tan f\u00e1cil de superar. Quiz\u00e1s por cada a\u00f1o que se vaya consolidando estos n\u00facleos, har\u00e1n falta una d\u00e9cada para superarlo, como ya sabemos por experiencia.<\/p>\n<p>P.- Saludos Mi pregunta: \u00bfC\u00f3mo afectar\u00e1n los recortes del gobierno a la estructura b\u00e1sica de los servicios sociales comunitarios?<\/p>\n<p>R.- Ya lo estamos viendo, con el recorte del Plan Concertado por parte del Ministerio y los que a\u00f1aden algunos Gobiernos Auton\u00f3micos: se est\u00e1n desmontando servicios b\u00e1sicos, de car\u00e1cter comunitario, con reducciones de plantilla, reducciones de jornada, reducciones de recursos para atender las necesidades de las personas&#8230; Es muy, muy grave que esto ocurra, porque estos servicios son los m\u00e1s pr\u00f3ximos a las personas, a sus lugares de residencia y, por ello, acuden a a estos servicios cuando ya no saben a que acudir. Si ni siquiera tienen capacidad de atender tantas atenciones, o a tantas necesidades, estamos dejando a estas personas totalmente desamparados. Es como si en plena epidemia de salud, se redujeran los centros sanitarios m\u00e1s b\u00e1sicos.<\/p>\n<p>P.- \u00bfRealmente se est\u00e1n viviendo situaciones tan precarias como se dice? \u00bfEs verdad que est\u00e1n llegando a los comedores sociales y a los centros que prestan ayudas a los m\u00e1s necesitados, personas que hasta hace poco han tenido una vida acomodada, o se trata s\u00f3lo de casos aislados?<\/p>\n<p>R.- Si, claro que se est\u00e1n viviendo. Y de extrema gravedad. A veces los datos que hablan de millones de hogares sin ingreso alguno, de cientos de miles de hogares que no pueden llegar a final de mes&#8230;, esconden realidades de carne y hueso que, quienes las vemos, no podemos por menos de sentirnos afectados m\u00e1s all\u00e1 de lo profesional. Esta misma ma\u00f1ana de hoy, cuando aun estamos a mitad de mes, alguna jubilada de las que vienen a pasar el d\u00eda en nuestro centro, me detalla como tiene que sobrevivir lo que queda de mes con cifras inferiores a dos d\u00edgitos&#8230; Y es una persona con su jubilaci\u00f3n, una vida normalizada, pero que tiene que ayudar a varios hijos\/as y una nieta porque no tienen nada. Muchos colegas me dicen que les pasa como a mi: despu\u00e9s de tantos a\u00f1os de trabajo con los m\u00e1s desfavorecidos, es ahora cuando nos sentimos personalmente muy afectados viendo estas situaciones<\/p>\n<p>P.- Buenos d\u00edas, en primer lugar, darte la enhorabuena por todo tu trabajo. La pregunta va dirigida a los recortes en educaci\u00f3n y concretamente en las becas de comedor, \u00bfc\u00f3mo ves que est\u00e1n afectando a los m\u00e1s necesitados?<\/p>\n<p>R.- Los recortes en las becas de comedor son uno de los m\u00e1s crueles de todos los recortes que se est\u00e1n haciendo. No me explico como personas que yo considero sensibles y que ocupan cargos de responsabilidad en esta materia en algunas Comunidades, puedan dormir tranquilas sabiendo que hay cientos, quiz\u00e1s miles de ni\u00f1os y ni\u00f1as, que pasan hambre, hambre en sentido literal, no metaf\u00f3rico. Yo que conozco algunos de estos ni\u00f1os y ni\u00f1as, no puedo por menos que radicalizarme para denunciar estas situaciones: hemos pasado la l\u00ednea rojna de la dignidad humana, permitiendo que ni\u00f1os y ni\u00f1as pasen hambre en nuestra sociedad, mientras algunos de quienes nos han arruinado cobran indemizaciones millonarias. Y si alguien me dice que esto es demagocia, lo que yo le responder\u00eda te lo puedes imaginar&#8230;<\/p>\n<p>P.- Buenos d\u00edas, \u00bfC\u00f3mo valora usted la actual situaci\u00f3n de la Ley de la Dependencia, despu\u00e9s de las \u00faltimas reformas?<\/p>\n<p>R.- Pues como dice el presidente de mi Asociaci\u00f3n, Jos\u00e9 Manuel Ram\u00edrez, la han descuartizado. La supresi\u00f3n de la financiaci\u00f3n del nivel acordado, la reducci\u00f3n del 15% en las prestaciones econ\u00f3micas a los cuidadores familiares (am\u00e9n del intento de desprestigiar su labor), la crueldad de hacer esperar a una persona en situaci\u00f3n de dependencia m\u00e1s de dos a\u00f1os para recibir las prestaciones o servicios a los que tenga derecho&#8230; Es lisa y llanamente desmontar la Ley. Pero m\u00e1s grave aun es que incluso a quienes tienen derecho reconocido, se les mantenga en un &#8220;limbo&#8221;, sin hacerlo efectivo: \u00a1m\u00e1s de 300.000 personas! \u00bfCon qu\u00e9 legitimidad puede un Gobierno exigir a los ciudadanos que cumplamos las leyes, si ellos mismos no las cumplen?<\/p>\n<p>P.- \u00bfQu\u00e9 motivos hay para ir ma\u00f1ana a la manifestaci\u00f3n de Madrid desde los servicios sociales?<\/p>\n<p>R.- Necesitar\u00eda una edici\u00f3n especial de este peri\u00f3dico para responder a esta pregunta. Podr\u00eda darte motivos racionales, recorte a recorte, en una situaci\u00f3n tan dif\u00edcil para tantas personas y familias, haci\u00e9ndoles pagar m\u00e1s que a los m\u00e1s pudientes los efectos de esta crisis. Pero prefiero decirte que yo ir\u00e9 por esos jubilados que esta misma ma\u00f1ana me contaban sus dificultades para llegar a final de mes \u00a1les estamos amargando su jubilaci\u00f3n! Porque no vale que nos digan que no se tocan las pensiones \u00a1claro que se tocan!: el repago farmac\u00e9utico, el tener que ayudar a sus hijos\/as en paro, la subida del IVA&#8230; Y voy a ir pensando en las personas sin hogar con las que hablo todos los d\u00edas y veo su angustia por la falta de salidas \u00a1se ven condenados a vivir as\u00ed el resto de su vida! Y, sobre todo, voy a a ir pensando en esos ni\u00f1os y ni\u00f1as que est\u00e1n pasando hambre por la insensibilidad de nuestros gobernantes y por la avaricia de nuestras clases adineradas.<\/p>\n<p>P.- \u00bfCu\u00e1les ser\u00edan las lineas generales del Plan de recate a las personas y familias que plantea su Asociaci\u00f3n?<\/p>\n<p>R.- El plan de rescate que propusimos la Asociaci\u00f3n Estatal de Directoras y Gerentes de Servicios Sociales al Parlamento, tras el Debate sobre el Estado Social de la Naci\u00f3n que llevamos a cabo el pasado mes de julio, tiene 5 ejes: reponer la partida que financia los servicios sociales m\u00e1s b\u00e1sicos de las entidades locales (Plan Concertado), Crear una partida especial para armonizar al alza las cuant\u00edas de las rentas b\u00e1sicas de inserci\u00f3n de las Comunidades Aut\u00f3nomas; crear una partida para reforzar las ayudas de urgente necesidad que ofrecen las entidades locales; crear una partida para acabar con el limbo de la dependencia; y por \u00faltimo crear una partida para garantizar becas de comedor escolar a todos los ni\u00f1os\/as sin recursos suficientes. Aport\u00e1bamos adem\u00e1s una propuesta impositiva para financiar estas medidas.<\/p>\n<p>P.- \u00bfPor qu\u00e9 hay tanta desigualdad en Espa\u00f1a?<\/p>\n<p>R.- Seg\u00fan el Coeficiente GINI que mide las desigualdades, Espa\u00f1a alcanza un 31,7 en 2007 frente al promedio del 29,2 de la UE-15. Y seg\u00fan o los m\u00e1s recientes datos de EUROSTAT, Espa\u00f1a es el tercer pa\u00eds europeo con mayor desigualdad entre la Europa de los 27. Lo grave es que tanto en tiempos de bonanza como en estos a\u00f1os de crisis, las desigualdades siguen aumentando seg\u00fan todos los indicadores. \u00bfPorqu\u00e9? Sin duda alguna, por la fiscalidad tan regresiva que tenemos en Espa\u00f1a; en nuestro pais, el 44% de los ingresos del Estado provienen del IRPF y de ellos el 83% procede de rentas del trabajo. Y un 32%, hasta ahora, del IVA. En definitiva, ser rico en Espa\u00f1a sale muy rentable. Si tuvi\u00e9ramos la misma fiscalidad que en Suecia, tendr\u00edamos 200.000 millones de euros m\u00e1s al a\u00f1o. Se acaban los problemas de la deuda y los recortes.<\/p>\n<p>P.- \u00bfEs cierto que en materia de protecci\u00f3n social y en particular, en servicios sociales, hemos vivido por encima de nuestras posibilidades?<\/p>\n<p>R.- Ni mucho menos; esa es una de las muchas falsedades con las que nos est\u00e1n intentando &#8220;envenenar&#8221; en momentos como el actual. S\u00f3lo un par de datos para no agobiar: Mientras que nuestro PIB es el 94% del de la UE-15, nuestro gasto p\u00fablico social es del 72%. Si lo llevamos a lo que corresponde al porcentaje del PIB, tendr\u00edamos 66.000 millones de euros m\u00e1s al a\u00f1o para financiar nuestro Estado del Bienestar. M\u00e1s a\u00fan, si hubi\u00e9ramos tenido un Estado del Bienestar fuerte, quiz\u00e1s los efectos de la crisis no hubieran sido tan acusados, ya que es un potente sector econ\u00f3mico. Y, por cierto, ni los paises europeos con m\u00e1s protecci\u00f3n social son los que m\u00e1s est\u00e1n sufriendo la crisis, ni las Comunidades Aut\u00f3nomas espa\u00f1olas que m\u00e1s servicios sociales tienen son las que han generado mayor d\u00e9ficit, como demostramos con la aplicaci\u00f3n del \u00cdndice DEC<\/p>\n<p>P.- La clase pol\u00edtica carece de Conciencia Social, \u00bfqu\u00e9 nos queda? las ONGs y &#8230;. <\/p>\n<p>R.- Quedamos nosotros, los ciudadanos\/as. Y, dentro de ellos, los profesionales de los servicios sociales que tenemos que tener una especial sensibilidad. Si alguien que est\u00e1 en contacto con problemas tan graves como los que vemos nosotros a diario, no reacciona con rebeld\u00eda ante esta situaci\u00f3n, habr\u00e1 que cuestionar su calidad humana y profesional. Siento decirlo as\u00ed, pero no son tiempos de medias tintas. Estamos para muchas personas en situaciones extremas, de aut\u00e9ntica emergencia. Por eso, como ya nos toc\u00f3 vivir a algunos en las d\u00e9cadas de los 60 y los 70, es tiempo de rebeld\u00eda, no de des\u00e1nimo sino de entusiasmo. Y solos no podemos. Es tiempo de unirnos, no de diferenciarnos; de ah\u00ed el valor de las &#8220;Mareas&#8221;, en nuestro caso de la Marea Naranja.<\/p>\n<p>P.- \u00bf Nos encontramos ante un retorno a la Beneficencia como dice el compa\u00f1ero Jose Manuel Ramirez?<\/p>\n<p>R.- Sin duda; hay quien trata de substituir la responsabilidad p\u00fablica por acciones ben\u00e9ficas que son absolutamente denigrantes para las personas (y loatorias para los benefactores). Nos ha costado mucho acabar con la beneficencia, porque fuimos el \u00faltimo pa\u00eds de Europa en superarla, ya en los a\u00f1os 80. As\u00ed que ahora no vamos a permitir un retorno a la beneficencia. Otra cosa es la solidaridad, que por suerte existe. Pero para cubrir sus necesidades b\u00e1sicas, nadie deber\u00eda pasar la humillaci\u00f3n de tener que decir que es &#8220;pobre&#8221;, y agradecer nada a nadie. Es cuesti\u00f3n de dignidad.<\/p>\n<p>P.- \u00bfHay alg\u00fan motivo, -no excusa de mal pagador-, para no ir ma\u00f1ana a la manifestaci\u00f3n?<\/p>\n<p>R.- Bueno, alguna habr\u00e1: un ingreso hospitalario, una enfermedad grave de un familiar&#8230; Pero como dec\u00eda antes, en momentos como el actual cada uno se retrata con sus actitudes; no se trata de cuestiones &#8220;t\u00e9cnicas&#8221; o discrepancias pol\u00edticas en cuestiones m\u00e1s o menos importantes. Se trata de dignidad humana. Y eso es muy serio.<\/p>\n<p>P.- \u00bfPor qu\u00e9 una marcha a Madrid y no otra huelga general? \u00bfC\u00f3mo se puede apoyar la iniciativa si uno no puede desplazarse a la capital?<\/p>\n<p>R.- De much\u00edsimas maneras, como ya lo est\u00e1n haciendo muchos\/as personas y, especialmente, profesionales de los servicios sociales. S\u00f3lo una muestra de hoy mismo en mi Comunidad. m\u00e1s de 60 trabajadores\/as sociales han respondido al llamamiento de la Marea Naranja en Arag\u00f3n para ofrecer voluntariamente un servicio a las familias afectadas por los recortes de becas de comedor, para que puedan reclamar. Es solo un ejemplo, pero cuando veo colegas que se movilizan m\u00e1s all\u00e1 de protestar (que, por supuesto, tenemos que hacer y fuerte), me siento orgulloso de esta profesi\u00f3n.<\/p>\n<p>P.- Las palabras del Ministro de Econom\u00eda a su juicio en que recorte y\/o desaparici\u00f3n de prestaciones y recursos sociales \u00bfen qu\u00e9 se pueden traducir? gracias<\/p>\n<p>R.- Yo creo que se trata de una amenaza m\u00e1s para tomar decisiones muy graves. El miedo es una de sus principales armas para hacer que perdamos nuestra capacidad de respuestas: el miedo a &#8220;los mercados&#8221;, a &#8220;los socios europeos&#8221;, a &#8220;los extranjeros que vienen a quitarnos nuestro trabajo&#8230;&#8221; Hay que combatir el miedo. Y hay que denunciar esas amenazas. Dinero hay; la cuesti\u00f3n es para qu\u00e9. La mayor de las mentiras es cuando alguien nos dice que en una cuesti\u00f3n social (econ\u00f3mica, pol\u00edtica&#8230;) solo hay &#8220;una \u00fanica soluci\u00f3n&#8221;. \u00a1MENTIRA! Todo es cuesti\u00f3n de prioridades.<\/p>\n<p>P.- Buenos d\u00edas, a\u00fan sabiendo que el mantenimiento de los servicios sociales por parte del Estado es una obligaci\u00f3n del mismo, dada la situaci\u00f3n actual me gustar\u00eda saber \u00bfcu\u00e1l ser\u00eda la manera m\u00e1s adecuada de ayudar, de forma individual, a las personas que m\u00e1s lo necesitan?. Muchas gracias, ante todo, por su tabajo.<\/p>\n<p>R.- En primer lugar, aunque resulte obvio, cumplir cada uno con nuestras obligaciones como ciudadanos\/as. Si todo el mundo pagase sus impuestos -pienso sobre todo en los m\u00e1s ricos, incluso en los deportistas de \u00e9lite que se domicilian ellos o sus cuentas fuera de Espa\u00f1a- otro gallo cantar\u00eda. En segundo lugar, no dejarse enga\u00f1ar, rebelarse contra pol\u00edticas injustas. En tercer lugar, asociarse: nada se puede conseguir si no colaboramos, en lo que m\u00e1s no afecte o nos motive, o en lo que m\u00e1s estemos capacitados para hacer. Y, si usted quiere, seguro que encontrar\u00e1 muchas, muchas oportunidades para desarrollar una labor de voluntariado con las personas m\u00e1s necesitadas. Despu\u00e9s de tantos a\u00f1os, a mi me sigue conmoviendo la labor de los voluntarios\/as en el Albergue Municipal de Zaragoza con personas sin hogar, en la Casa Abierta, o acompa\u00f1ando a personas mayores sin familia en la Casa Amparo que yo dirijo. Es conmovedor.<\/p>\n<p>P.- \u00bfCu\u00e1l ser\u00eda su propuesta de soluci\u00f3n, teniendo en cuenta el escenario social y econ\u00f3mico actual? \u00bfQ\u00e9 se espera conseguir con la manifestaci\u00f3n? <\/p>\n<p>R.- Variar las prioridades de la pol\u00edtica actual. Priorizar las necesidades de las personas. Evitar que se sigan cruzando l\u00edneas rojas, como dejar que ni\u00f1os y ni\u00f1as pasen hambre&#8230; Y si hay que hacer reformas, reformemos el injusto sistema impositivo, homologu\u00e9monos con los pa\u00edses de la OCDE en la regulaci\u00f3n del sobreendeudamiento de particulares&#8230; todo eso es necesario, y no solo recortar; para recortar no hace falta tanto pol\u00edtico.<\/p>\n","protected":false},"excerpt":{"rendered":"<p>El 15 de septiembre tambi\u00e9n se manifestar\u00e1n los afectados por los recortes en servicios sociales que han tenido lugar durante los primeros meses del gobierno de Rajoy. Gustavo Garc\u00eda Herrero, director del albergue municipal y la casa de amparo de Zaragoza y miembro de la Asociaci\u00f3n Estatal de Directoras y Gerentes de Servicios Sociales, responder\u00e1 a las preguntas de los lectores sobre los motivos de esta protesta.<br \/>\nM\u00e1s entrevistas digitales<\/p>\n","protected":false},"author":1,"featured_media":0,"comment_status":"open","ping_status":"open","sticky":false,"template":"","format":"standard","meta":{"footnotes":""},"categories":[],"tags":[],"class_list":["post-10868","post","type-post","status-publish","format-standard","hentry"],"_links":{"self":[{"href":"https:\/\/intervius.com\/index.html\/wp-json\/wp\/v2\/posts\/10868","targetHints":{"allow":["GET"]}}],"collection":[{"href":"https:\/\/intervius.com\/index.html\/wp-json\/wp\/v2\/posts"}],"about":[{"href":"https:\/\/intervius.com\/index.html\/wp-json\/wp\/v2\/types\/post"}],"author":[{"embeddable":true,"href":"https:\/\/intervius.com\/index.html\/wp-json\/wp\/v2\/users\/1"}],"replies":[{"embeddable":true,"href":"https:\/\/intervius.com\/index.html\/wp-json\/wp\/v2\/comments?post=10868"}],"version-history":[{"count":0,"href":"https:\/\/intervius.com\/index.html\/wp-json\/wp\/v2\/posts\/10868\/revisions"}],"wp:attachment":[{"href":"https:\/\/intervius.com\/index.html\/wp-json\/wp\/v2\/media?parent=10868"}],"wp:term":[{"taxonomy":"category","embeddable":true,"href":"https:\/\/intervius.com\/index.html\/wp-json\/wp\/v2\/categories?post=10868"},{"taxonomy":"post_tag","embeddable":true,"href":"https:\/\/intervius.com\/index.html\/wp-json\/wp\/v2\/tags?post=10868"}],"curies":[{"name":"wp","href":"https:\/\/api.w.org\/{rel}","templated":true}]}}