{"id":10863,"date":"2012-09-14T00:00:00","date_gmt":"2006-11-06T00:00:00","guid":{"rendered":"https:\/\/intervius.com\/index.html\/?p=10863"},"modified":"2006-11-06T00:00:00","modified_gmt":"2006-11-06T00:00:00","slug":"Javier_G-_Matallanas10863","status":"publish","type":"post","link":"https:\/\/intervius.com\/index.html\/Javier_G-_Matallanas10863\/","title":{"rendered":"Javier G. Matallanas"},"content":{"rendered":"<p>Pregunta.- Parece que los jugadores del Madrid piden ahora un portavoz que les proteja publicamente. \u00bfEst\u00e1n echando de menos a Valdano? no crees que esto se le podr\u00eda reprochar a Mou (Me cargo al portavoz del Madrid porque me cae mal y para demostrar cuanto poder tengo) \u00bfCrees que Florentino se sacar\u00e1 un as de la manga? Y Zidane&#8230; \u00bfqu\u00e9 pinta en todo esto? Nada? gracias<\/p>\n<p>Respuesta.- Hace falta un enlace entre el club y los futbolistas, adem\u00e1s de un portavoz. Valdano como portavoz era ideal, pero, como dices, Mourinho le hizo elegir a Florentino entre \u00e9l y el exdirector general. Con Zidane tampoco ha sido buena la relaci\u00f3n con Mou y ahora est\u00e1 pendiente de la cantera. En la estructura del Madrid ahora hay algunas lagunas, como la del portavoz.<\/p>\n<p>P.- Hola Javier: realmente lo del Real Madrid, con el Sr Cristiano es para alucinar, el proteccionismo por parte de la prensa de Madrid (una parte de ella) a este se\u00f1or, es impresionante, por si fuera poco, ahora aparece Casillas, Xabi y Arbeola, y que te voy a contar, se les cae la baba con este Sr.? habr\u00e1 salido de ellos, o alguien les habr\u00e1 dicho lo que tienen que decir?. En fin haber si de una vez se acaba el culebron este, porque ya huele. En otro orden de cosas, ahora sale el Sr Rosell, y dice que si Catalu\u00f1a, se independiza de Espa\u00f1a, el Barcelona seguir\u00e1 jugando la liga espa\u00f1ola \u00a1lo que hay que oir\u00a1 y ya el colmo es que diga que si no juega aqui jugar\u00e1 en la liga francesa, o hasta incluso en la premier. la verdad con la que est\u00e1 cayendo en este pais, hemos de aguantar las giripolleces del mundo del futbol,SIMPLEMENTE ES TODO ALUCINANTE. Un saludo<\/p>\n<p>R.- El caso Cristiano tiene dif\u00edcil soluci\u00f3n. Yo pensaba que le subir\u00edan el contrato y se calmar\u00eda, pero el club no tiene intenci\u00f3n de tocarle el contrato y si eso sucede puede acabar y\u00e9ndose a final de temporada, aunque a\u00fan quedan muchos meses y se podr\u00eda arreglar. Si no, habr\u00e1 alg\u00fan club que pague 200 millones por \u00e9l, como ya los pagaba el City este verano. Lo de la independencia de Catalu\u00f1a y el futuro del Bar\u00e7a es una hip\u00f3tesis. Pero vamos, si los espa\u00f1oles votaran a d\u00eda de hoy en un referendum arrasar\u00eda la secesi\u00f3n de Catalu\u00f1a y que el Bar\u00e7a no jugara la Liga. Pero todo se ir\u00e1 relajando&#8230; <\/p>\n<p>P.- Mata, en serio, no entiendo toda la pol\u00e9mica que se est\u00e1 generando en torno a Guardiola. mucha gente critica que jugase en su momento en la selecci\u00f3n&#8230; \u00bfPero de qu\u00e9 estamos hablando? Pep era un ejemplo de compromiso y siempre daba el m\u00e1ximo con La Roja!! Mezclar pol\u00edtica y deporte es un error. Y Pep ha expresado su opini\u00f3n como ciudadano, no como entrenador de nada (este a\u00f1o est\u00e1 desvinculado del f\u00fatbol). En serio, la lapidaci\u00f3n p\u00fablica es algo propio de los fascismos, de los absolutismos, en definitiva, de las corrientes m\u00e1s retr\u00f3gradas de nuestra sociedad. Estamos en el siglo XXI, se ha luchado mucho por conseguir ciertas libertades. Por favor, respetemos la libertad de pensamiento y opini\u00f3n.<\/p>\n<p>R.- Totalmente de acuerdo contigo. Lo que s\u00ed se puede es debatir sobre si hubiera sido m\u00e1s honesto por parte de Guardiola no haber jugado con Espa\u00f1a. Yo le pregunt\u00e9 sobre ello el 28 de junio de 2005 en el programa El Tirachinas de Cope, donde ofreci\u00f3 una espectacular entrevista, y fue claro al decir que si hubiera existido la Selecci\u00f3n catalana no habr\u00eda jugado con la espa\u00f1ola. Y siempre rindi\u00f3 y su compromiso fue de gran profesional, no de sentimiento, claro. La pol\u00e9mica surge por su voto p\u00fablico para la independencia, tiene todo el derecho, pero tambi\u00e9n es inevitable que se debata en el plano futbol\u00edstico unido al pol\u00edtico, igual que el siente Catalu\u00f1a, la mayor\u00eda de los internacionales que juegan o han jugado en La Roja sienten Espa\u00f1a y por eso salt\u00f3, por ejemplo, Alfonso. Y me consta que a varios de sus excompa\u00f1eros de la Selecci\u00f3n no les ha gustado tampoco su declaraci\u00f3n p\u00fablica a favor de la independencia de Catalu\u00f1a.<\/p>\n<p>P.- Muy buenas D. Javier: Te parece como a m\u00ed (porque no s\u00f3lo de &#8220;tristezas Cristianas&#8221; vive el madridista), que el actual Madrid, tiene muchas similitudes, por juego, y sobre todo, por perfil de jugadores -incluido la fortaleza f\u00edsica- con aqu\u00e9l fabuloso Milan de Sacch?, No crees, que Mou, deber\u00eda de insistir sobre todo en &#8220;pulir2 el sistema defensivo, a la hora del &#8220;achique&#8221;, siempre se quedan pillados los laterales, y tambi\u00e9n en la creaci\u00f3n de superioridades num\u00e9ricas en el pressing?, Sinceramente, creo que es el apartado -el defensivo- que m\u00e1s se puede trabajar y &#8230; mejorar. Un saludo Crack<\/p>\n<p>R.- Interesante an\u00e1lisis, Jose. Y coincido contigo. A Mourinho no le interesa el centro del campo. El quiere ser fuerte en las dos \u00e1reas, en ataque y en defensa. Y en ataque el Madrid es una m\u00e1quina goleadora que ha pulverizado el record goleador de la Liga. Y en defensa tiene m\u00e1s carencias como tu explicas en tu reflexi\u00f3n. Imagino que Mou trabajar\u00e1 en mejorarlas. En lo que discrepo de ti es en la comparaci\u00f3n con el Milan de Sacchi, el Madrid de Mou, aunque presione, es un equipo m\u00e1s largo que aquel hist\u00f3rico Milan. Un saludo!!!<\/p>\n<p>P.- DESPUES DEL PROBLEMA DE LA UEFA , QUE VA A PASAR, ENTONCES , HAY DOS SOLUCIONES PARA MI PUNTO , DE VISTA , ES PAGAR O DEJAR, EL SITIO A OTROS QUE YA SON 25 A\u00d1OS DE LA FAMILIA GIL , CUANDO ACABARA?????.PUEDE SER ALGUN INVERSIONISTA ANONIMO <\/p>\n<p>R.- El problema de la UEFA es para garantizar que paguen deudas contra\u00eddas. Lo de dejar el sitio a otros no est\u00e1 en sus planes e inversionistas no aparecen. Deber\u00edan pagar 150 millones por el club, que es m\u00e1s o menos lo que piden los due\u00f1os, y no ha habido ninguna oferta. <\/p>\n<p>P.- A veces creo que al Bar\u00e7a, a pesar de que es equipo en muchos aspectos es admirable, y eso reconocido por un ultra del atleti como soy yo, tiene un problema muy gordo creo, y es que esta muy politizado como tambien es el caso del Bilbao y personalmente creo que eso le perjudica en muchos aspectos, o no crees? Personalmente prefir\u00eda que a un campo de futbol se fuera con la bandera de su equipo y no la de su pais, su ideologia politica, etc a no ser que se juegue un partido internacional que entoces si veo normal que lleves la bandera de tu pais con el escudo de tu equipo, pero no te resulta absurdo a ti tambi\u00e9n ver un getafe-valladolid por ejemplo y las dos hinchadas con banderas espa\u00f1olas si los dos son espa\u00f1oles? <\/p>\n<p>R.- La politizaci\u00f3n del deporte siempre es mala. Y coincido contigo en que al Athletic Club de Bilbao y al FC Barcelona les perjudica. Y adem\u00e1s provoca que cuando vienen a Madrid tanto en el Bernab\u00e9u como en el Calder\u00f3n se les reciba con banderas espa\u00f1olas, que, como tu dices, ser\u00eda innecesario porque se enfrentan dos equipos espa\u00f1oles. Y hay que recordar que la se\u00f1era y la ikurri\u00f1a son banderas constitucionales espa\u00f1olas. Vamos que no mola nada que se politice el f\u00fatbol, aunque tambi\u00e9n es inevitable&#8230;<\/p>\n<p>P.- Matallanas buenos d\u00edas, \u00bfOpinas qu\u00e9 Michu durar\u00e1 mucho en el Swansea despu\u00e9s de su gran temporada pasada y tal y como ha empezado esta? Un saludo crack<\/p>\n<p>R.- El arranque de Michu en la Premier League est\u00e1 siendo espectacular. Michu va a rendir a tope en la Premier y le querr\u00e1 fichar un grande de la Premier a final de temporada. El Swansea, Laudrup, ha demostrado m\u00e1s reflejos que los clubes espa\u00f1oles al ficharle del Rayo. <\/p>\n<p>P.- \u00bfEl Tigre puede romper el ecosistema de la Liga? A ver si se lo va a comer el le\u00f3n&#8230;<\/p>\n<p>R.- Ja, ja, ja. \u00bfQui\u00e9n es el le\u00f3n? Si el Atl\u00e9tico alcanza la regularidad podr\u00eda estar cerca de Madrid y Bar\u00e7a, pero es una empresa a d\u00eda de hoy ut\u00f3pica y es muy complicado que fallen los dos grandes para que se cuele el Atleti del Cholo. La irrupci\u00f3n de Falcao en la Liga es una gran noticia para el f\u00fatbol.<\/p>\n<p>P.- hola javier cual crees que es la soluci\u00f3n para zanjar de una vez por todas el tema ronaldo?<\/p>\n<p>R.- La soluci\u00f3n ser\u00eda atender a sus peticiones, pero el Madrid no parece por la labor. Tiene dif\u00edcil soluci\u00f3n, aunque con goles y manteniendo su espectacular rendimiento puede salir adelante y superarse esta pol\u00e9mica que se ha creado o ha montado Cristiano sabiendo lo que hac\u00eda. Y el club tambi\u00e9n sab\u00eda de su descontento.<\/p>\n<p>P.- \u00bfcuando crees que benzema volvera a meter un gol?<\/p>\n<p>R.- En cualquier momento. Los delanteros viven de rachas y Karim volver\u00e1 a marcar, aunque Higuain le ha quitado el puesto en buena lid y a base de goles.<\/p>\n<p>P.- Javier, porqu\u00e9 nunca hay noticias en As sobre Florentino? Ni positivas ni negativas: ..cero art\u00edculos sobre el presidente del Madrid. Tanto mido os provoca que podais ofenderlo? Un saludo<\/p>\n<p>R.- En As se informa de Florentino igual que de otros presidentes. Pero Florentino no hace declaraciones como las hace Rosell y Cerezo, por poner dos ejemplos, y aparece menos. Pero en ning\u00fan caso hay miedo a Florentino ni a nadie, te lo garantizo. Un saludo.<\/p>\n<p>P.- Esto empieza a aburrir, o cambiamos ya a un reparto de derechos televisivos como la liga inglesa o la liga alemana o esto se convertira en una copia de la liga escocesa, no crees?<\/p>\n<p>R.- Ya es una copia de la liga escocesa y la clave para evitarlo es cambiar la venta y el reparto de los derechos televisivos y hacerlos de forma centralizada, como apuntas tu. <\/p>\n<p>P.- Javi , ves este a\u00f1o al atletico con posibilidades de ganar la liga, que techo le pones?<\/p>\n<p>R.- Es una empresa harto complicada, una utop\u00eda. Deber\u00edan fallar Madrid y Bar\u00e7a a la vez y que el Atleti fuera regular. Es muy dif\u00edcil, pero no es imposible.<\/p>\n<p>P.- Como es posible que el Supercampe\u00f3n de Europa y tercer equipo de Espa\u00f1a no consiga patrocinador para su camiseta? Luego Gil Marin presumir\u00e1 de buena gesti\u00f3n&#8230;Sabes si hay alguna negociaci\u00f3n con alguna firma para conseguir sponsor en la camiseta? Gracias Mata!<\/p>\n<p>R.- S\u00ed, est\u00e1n negociando con Hawei, que haga un contrato para toda la temporada. Y con empresas de apuestas. El Atl\u00e9tico no quiere bajar el cach\u00e9 que pide, al que Kia llegaba por objetivos. <\/p>\n<p>P.- hola amigo javier,eres un fenomeno como periodista,yo creo que essien es un fichaje de lujo para el madrid siempre y cuando se haya recuperado bien de sus lesiones,es un portento fisico,es todo un acierto,tu opinion,un saludo javier. <\/p>\n<p>R.- Essien es un gran jugador, que ha mejorado mucho t\u00e1cticamente. La duda, como bien dices Rafa, es s\u00ed est\u00e1 bien de las graves lesiones que ha tenido en sus rodillas. Pero seguro que Mou le saca rendimiento. Un abrazo Rafa!!!<\/p>\n<p>P.- Hola Matallanas, \u00bfCrees que el desencuentro del que habl\u00e1is en AS hoy entre Cristiano y florentino tendr\u00e1 consecuencias? \u00bfAcaso debemos permitir, por muy crack que se el portugu\u00e9s, que desprecie al presidente del club? Yo esto cada d\u00eda lo veo m\u00e1s negro&#8230;<\/p>\n<p>R.- Tienen que poner de su parte ambos para solucionar el conflicto. Esto se ve\u00eda venir hace meses s\u00f3lo con la opini\u00f3n que vert\u00eda el presidente sobre el internacional portugu\u00e9s, que habr\u00e1 llegado a los o\u00eddos de CR7, y que no era para nada positiva. Y el Madrid considera que si accede a sus peticiones econ\u00f3micas deber\u00e1 hacerlo con todos los jugadores. Una de las consecuencias del desencuentro es el fri\u00f3 saludo de ayer.<\/p>\n<p>P.- Hola Javi, \u00bfcrees que la lesi\u00f3n de Alexis Sanchez es una estupenda noticia para la Selecci\u00f3n porque nos permitir\u00e1 ver si Villa puede volver a estar a su nivel?<\/p>\n<p>R.- Una lesi\u00f3n nunca es una estupenda noticia, aunque entiendo en el tono que lo escribes. Ojal\u00e1 Villa vuelva a ser el gran Guaje de siempre!!! Es un fen\u00f3memo!!!<\/p>\n<p>P.- La diferencia economica de esta liga escocesa,\u00bfNo crees que empieza en el periodismo que vosotros haceis ignorando practicamente a los demuas clubes?GRACIAS<\/p>\n<p>R.- Pudiera ser. Y por motivos comerciales porque los consumidores de Madrid y Bar\u00e7a son much\u00edsimos m\u00e1s que los del resto de equipos. Un saludo!!!<\/p>\n<p>P.- Matallanas buenos dias. Soy un madridista admirador del buen futbol y de la filosofia que entrenadores como guardiola inculcan a sus equipos. \u00bfQue entrenador aparte del mencionado y descartado guardiola crees que podria aportar esa filosofia al real madrid?<\/p>\n<p>R.- Nunca se impondr\u00eda esa filosof\u00eda porque el f\u00fatbol del Madrid hist\u00f3ricamente siempre ha sido m\u00e1s de zafarrancho, de ataques r\u00e1pidos, pero Del Bosque podr\u00eda hacerlo porque lo est\u00e1 haciendo con la Selecci\u00f3n y ya lo hizo en el Real Madrid. Laudrup dar\u00eda ese perfil y Michel tambi\u00e9n. <\/p>\n<p>P.- Mata:\u00bfcrees que esa mezcla de irregularidad y genialidad hace que Ozil y Guti se parezcan mucho?<\/p>\n<p>R.- Puede ser. \u00d6zil es muy bueno, pero para m\u00ed Guti ten\u00eda a\u00fan m\u00e1s talento y no lo aprovech\u00f3 todo lo que pod\u00eda y deb\u00eda con su enorme clase.<\/p>\n","protected":false},"excerpt":{"rendered":"<p>Javier G. Matallanas, adjunto a la direcci\u00f3n de AS, ha charlado con los lectores e internautas sobre la actualidad deportiva.<\/p>\n","protected":false},"author":1,"featured_media":0,"comment_status":"open","ping_status":"open","sticky":false,"template":"","format":"standard","meta":{"footnotes":""},"categories":[],"tags":[],"class_list":["post-10863","post","type-post","status-publish","format-standard","hentry"],"_links":{"self":[{"href":"https:\/\/intervius.com\/index.html\/wp-json\/wp\/v2\/posts\/10863","targetHints":{"allow":["GET"]}}],"collection":[{"href":"https:\/\/intervius.com\/index.html\/wp-json\/wp\/v2\/posts"}],"about":[{"href":"https:\/\/intervius.com\/index.html\/wp-json\/wp\/v2\/types\/post"}],"author":[{"embeddable":true,"href":"https:\/\/intervius.com\/index.html\/wp-json\/wp\/v2\/users\/1"}],"replies":[{"embeddable":true,"href":"https:\/\/intervius.com\/index.html\/wp-json\/wp\/v2\/comments?post=10863"}],"version-history":[{"count":0,"href":"https:\/\/intervius.com\/index.html\/wp-json\/wp\/v2\/posts\/10863\/revisions"}],"wp:attachment":[{"href":"https:\/\/intervius.com\/index.html\/wp-json\/wp\/v2\/media?parent=10863"}],"wp:term":[{"taxonomy":"category","embeddable":true,"href":"https:\/\/intervius.com\/index.html\/wp-json\/wp\/v2\/categories?post=10863"},{"taxonomy":"post_tag","embeddable":true,"href":"https:\/\/intervius.com\/index.html\/wp-json\/wp\/v2\/tags?post=10863"}],"curies":[{"name":"wp","href":"https:\/\/api.w.org\/{rel}","templated":true}]}}