{"id":10849,"date":"2012-09-20T00:00:00","date_gmt":"2006-11-06T00:00:00","guid":{"rendered":"https:\/\/intervius.com\/index.html\/?p=10849"},"modified":"2006-11-06T00:00:00","modified_gmt":"2006-11-06T00:00:00","slug":"Gemma_Nierga10849","status":"publish","type":"post","link":"https:\/\/intervius.com\/index.html\/Gemma_Nierga10849\/","title":{"rendered":"Gemma Nierga"},"content":{"rendered":"<p>Pregunta.- Buenas tardes Gemma,necesito volver a escuchar la tertulia latinoamericana. Han sido tantos a\u00f1os que e dificil no tenerla mas. <\/p>\n<p>Respuesta.- Hola Alex, yo tambi\u00e9n necesito escuchar a lanata y Vargas Llosa, pero en el nuevo horario es complicado por la diferencia horaria.<\/p>\n<p>P.- Eres grande, eres una buena comunicadora y siempre transmites alegria, da gusto oirte y lo mas importante eres una persona NORMAL. Pregunta: \u00bftu crees que los politicos y el Gobierno dicen la verdad sobre la crisis?.<\/p>\n<p>R.- Fausto, me echas tantos halagos, que temblaba por la pregunta. Es de las dif\u00edciles de responder. \u00bfTu crees que saben la verdad sobre la crisis? \u00bfTu crees que saben algo?<\/p>\n<p>P.- Tengo tu edad, tu misma profesi\u00f3n pero no he sido madre&#8230; y hay d\u00edas que me he arrepiendo. \u00bfTe ha resultado dif\u00edcil conciliar la vida personal y tu faceta como madre? Yo lo ve\u00eda imposible<\/p>\n<p>R.- Loli, muy buenas. Mira, yo lo ve\u00eda imposible hace un tiempo. Desde que soy madre., me resulta el rompecabezas m\u00e1s agradable que debo resolver cada d\u00eda. M\u00e1s que los sudokus, grado m\u00e1ximo.<\/p>\n<p>P.- Santiago Carrillo era&#8230;?<\/p>\n<p>R.- Mira Ivan, lo primero que me sale es que Santiago era un pol\u00edtico como los de antes. Un pol\u00edtico de los que ahora carecemos y necesitamos.<\/p>\n<p>P.- \u00bfQu\u00e9 tal te sienta madrugar ahora tanto?. Debe ser un cambio radical.<\/p>\n<p>R.- Hola Francisco. Es un cambio radical. Pero despu\u00e9s de probar casi todos los horarios, me quedo con \u00e9ste. Adem\u00e1s ante los madrugones del equipo de Pepa, lo m\u00edo no es nada, me levanto a las 5.45, como tantas personas en este pa\u00eds. Bueno, no tantas, porque el metro va vacio. Un beso.<\/p>\n<p>P.- Como catalana de nacimiento, Cordobesa de adopci\u00f3n, nacional por voz, \u00bfcrees que la independencia de Catalunya debe de ser unas de las prioridades para los ciudadanos Catalanes? Un abrazo, te sigo desde tus inicios&#8230;.\u00a1eres genial!<\/p>\n<p>R.- Hola Javier, creo que es bueno despejar la duda sobre qu\u00e9 es lo que quiere la gente en Catalu\u00f1a.<\/p>\n<p>P.- Podr\u00edas decirme el t\u00edtulo de la serie a la que os estabais refiriendo hace apenas unos minutos en el programa Gracias. <\/p>\n<p>R.- Hola Yeli, est\u00e1bamos hablando de MAD MEN.<\/p>\n<p>P.- Cualquier programas que hagas, Gemma vales mucho <\/p>\n<p>R.- Graciaaaaaaas!!!<\/p>\n<p>P.- \u00bfComo catalana te das por aludida por lo que ha dicho el rey?<\/p>\n<p>R.- S\u00ed, Gonzalbo, soy una persona que persigue quimeras y adem\u00e1s me interesa diferenciar los galgos de los podencos.<\/p>\n<p>P.- Hola Gemma, \u00bfte ha sido dificil sustituir a Francino?, vaya por delante mi enhorabuena, te escucho todos los dias, una gran profesional. Saludos desde Valladolid<\/p>\n<p>R.- Hola, me ha sido muy dif\u00edcil porque era adicta a su programa y a su estilo. Pero tanto Pepa como yo estamos ya en clave de construir un nuevo programa y esperar que a los oyentes os satisfaga cada d\u00eda m\u00e1s. Por cierto, me encanta Francino por la tarde, qu\u00e9 acierto!<\/p>\n<p>P.- Hola Gemma, Ahora suelo parar la radio cuando entrevistais a un pol\u00edtico porque dicen lo que queremos escuchar, para luego hacer lo contrario. \u00bfSientes que los pol\u00edticos se burlan cuando les hac\u00e9is entrevistas?. Gracias por vuestro programa<\/p>\n<p>R.- Hola marciano, siento que los pol\u00edticos muy pocas veces dicen la verdad. Estar\u00eda bien que hubiera una oficina de control de las promesas electorales, de lo que han dicho cuando no gobernaban&#8230;\u00bfos acordais de Cospedal recrimin\u00e1ndole a Ana Pastor que la tele p\u00fablica no era imparcial?<\/p>\n<p>P.- Antes que se me pase, felicitarla por esta nueva etapa profesional de un fiel seguidor de la Ser y sobre todo de La Ventana. Bueno, va.. mi pregunta que me enrollo: \u00bfC\u00f3mo le supo la noticia de su paso a las ma\u00f1anas? \u00bfno sinti\u00f3 incertidumbre, por llamarlo de alguna manera, al tener como nuevo reto las ma\u00f1anas de La Ser? Gracias y un saludo desde Villamanrique de la Condesa (Sevilla)<\/p>\n<p>R.- Mira Manrique, ten\u00eda delante un plato de arroz y unos calamares y no prob\u00e9 bocado en toda la cena. Con esto te lo digo todo. Me qued\u00e9 gratamente sorprendida, y valor\u00e9 muy positivamente que despu\u00e9s de 15 a\u00f1os de hacer la ventana, la empresa me permitiera un cambio vital tan estimulante.<\/p>\n<p>P.- Hola Gemma, me encanta la TSNR (tensi\u00f3n sexual no resuelta) que desprend\u00e9is Juan Carlos Ortega y t\u00fa por las ondas. Espera, o despu\u00e9s de tantos a\u00f1os &#8230; \u00bfest\u00e1 resuelta?<\/p>\n<p>R.- Tranquilo Obelix, est\u00e1 resuelta.<\/p>\n<p>P.- Hola Gemma, gracias por existir, si no, habr\u00eda que inventarte. Primero Ernest Lluch, ahora Santiago Carrillo, me estoy quedando sin referentes politicos respetables, \u00bfTu que opinas?<\/p>\n<p>R.- Opino igual que t\u00e9, Enrique. Mueren pol\u00edticos impresdindibles. Cuantas veces he intentado adivinar qu\u00e9 dir\u00eda Ernest de lo que est\u00e1 ocurriendo. \u00bfQu\u00e9 dir\u00eda Santiago de la carta del Rey, y de la marcha de Aguirre? ya nunca lo sabremos. Adi\u00f3s Santiago&#8230;<\/p>\n<p>P.- Ademas del madrugon, \u00bfqu\u00e9 es lo que mas has notado en el cambio? \u00c1nimo que estamos necesitados de periodistas como t\u00fa<\/p>\n<p>R.- Hola Andr\u00e9s, y gracia por intervenir, a t\u00ed y a todos los que est\u00e1is ah\u00ed al otro lado. En el cambio de horario he notado sobretodo un cambio en la digesti\u00f3n que haces de las noticias. La tarde me permit\u00eda una distancia y un tiempo m\u00e1s reposado. La ma\u00f1ana me pide m\u00e1s nervio.<\/p>\n<p>P.- En que crees que puede afectar a tu programa la posible catalanofobia que puede surgir en el resto del Estado?<\/p>\n<p>R.- Qu\u00e9 pena no tenerte delante porque me gustar\u00eda que me respondieras, \u00bfpor qu\u00e9 crees que surgir\u00e1 catalanofobia? \u00bfm\u00e1s de la que ha existido hasta ahora?, \u00bfm\u00e1s de la que desde algunos medios se ha alimentado?. No soy la primera en decirlo, viajando se cura todo. Hasta la catalanofobia.<\/p>\n<p>P.- Muchas feliicidades para la capacidad de adaptarte tan r\u00e1pido al tomo de las ma\u00f1anas, colaboradores incluidos. Otro tema, \u00bfno te parece que \u00c1ngeles Afuera se merecer\u00eda un ondas por la categor\u00eda de sus cr\u00f3nicas, despu\u00e9s de tantos a\u00f1os? Habr\u00eda que potenciar su candidatura. Gracias.<\/p>\n<p>R.- Qu\u00e9 buena idea Pozas, me coloco en primera fila para pedir un ONDAS para Angeles Afuera por la categor\u00eda no solo de sus cr\u00f3nicas, sino por la categor\u00eda de todo lo que hace. Trabaja con una seriedad y una profesionalidad que me sirve de modelo.<\/p>\n<p>P.- \u00bfPor qu\u00e9 los gobiernos juegan con nosotros y nosotros seguimos callados? Esto es una verg\u00fcenza Gemma, rescatan bancos sin nuestro consentimiento y mientras nuestros hijos a\u00fan est\u00e1n sin profesores por sus recortes. Un saludo, sois los mejores.<\/p>\n<p>R.- Tenemos derecho a todo, menos a estar callados. No dejemos nunca de luchar por lo que creemos que merecemos, por nuestra dignidad.<\/p>\n<p>P.- Hola Gemma,\u00bfNo crees que a veces se abusa (si se puede decir as\u00ed) de las personas que os apoyan a la hora de presentar? Me explico; a veces da la impresi\u00f3n que necesit\u00e1is una persona al lado de la tarea de presentaci\u00f3n (Boris, Cansado, Mill\u00e1s&#8230;) con toda mi admiraci\u00f3n hacia ellos, pero es como si no hubiera otro periodista que hiciera ese papel y no s\u00f3lo en tu programa. Muchas gracias<\/p>\n<p>R.- Hola Jes\u00fas, a m\u00ed me gusta mucho rodearme de gente brillante e inteligente, sean periodistas o sean abogados. Me da igual. Aprendo de ellos y no tengo duda que enriquecen el programa. Si abuso en alg\u00fan momento, es problema de mesura, no de concepto.<\/p>\n<p>P.- Un saludo desde Barcelona \u00bfC\u00f3mo se organiza tu parte del programa? Me refiero a&#8230; \u00bfCu\u00e1ndo se deciden los contenidos y hasta que punto la actualidad cambia el programa de un minuto a otro? Me encanta la radio. Un fuerte abrazo<\/p>\n<p>R.- Mira Paquito, la actualidad cambia el programa de un segundo a otro. Si no llega ning\u00fan tsunami informativo, hay partes del programa preparadas desde el d\u00eda anterior, y otras muchas que se cocinan desde primera hora de la ma\u00f1ana. Te dir\u00e9 la verdad, tambi\u00e9n hay cosas que se improvisan en directo y a veces, son las que quedan mejor.<\/p>\n<p>P.- Hola Gemma, \u00a1me encanta la radio! Tengo una curiosidad, tengo un amigo que de vez en cuando me dice que fuisteis novios con quince a\u00f1os o as\u00ed. No me cuadra mucho porque se llama Javi y es de Madrid. \u00bfHas vivido t\u00fa en Madrid de jovencita?<\/p>\n<p>R.- Por Javi y de Madrid&#8230;no me figura ning\u00fan noviete.<\/p>\n<p>P.- Hola Gemma, De todos los trabajos y lugares en los que has vivido, \u00bfcon cual te quedas? \u00bfFuiste feliz viviendo en C\u00f3rdoba? Muchas gracias<\/p>\n<p>R.- Mira, he sido feliz e infeliz a ratos tanto en C\u00f3rdoba como en Barcelona. Son dos ciudades maravillosas para vivir. De hecho, mi coraz\u00f3n sigue viviendo en las dos.<\/p>\n<p>P.- Hola Gemma, soy Manuel. Sin duda de lo mejor de esta nueva etapa es la secci\u00f3n de Joaqu\u00edn Reyes. Le dais hasta aplausos y se oyen las carcajadas&#8230; \u00bfCompartes conmigo la idea de lo dificil que es hacer humor? \u00bfQu\u00e9 f\u00e1cil lo hace y qu\u00e9 complicado es ser gracioso? \u00a1Eres genial!<\/p>\n<p>R.- Oye, no ser\u00e1s en realidad Joaquin Reyes, haci\u00e9ndote propaganda?? En serio, me encanta tu pregunta porque hacer humor es complicado, y Joaquin est\u00e1 may\u00fasculo. Tenemos humoristas en el porgrama de mucho nivel, Javier Coronas, Javier Cansado, Juan Carlos Ortega, Juanjo Mill\u00e1s(es que me hace reir como nadie). Besos<\/p>\n<p>P.- No quiero parecer muy pedante pero&#8230;\u00bfCrees en las personas por encima de sus ideas?. Un saludo desde Gij\u00f3n<\/p>\n<p>R.- Naturalmente Emma. Me gusta compartir charlas, en la radio o fuera de ella, con personas cuyas ideas no comparto, pero que me llenan como personas. Soy amiga de pol\u00edticos con los que no firmar\u00eda ni una sola idea en com\u00fan.<\/p>\n","protected":false},"excerpt":{"rendered":"<p>Tras 15 temporadas presentando La Ventana, Gemma Nierga llega a las ma\u00f1anas de la Cadena SER para dirigir el tramo m\u00e1s l\u00fadico de Hoy por Hoy. La periodista ha charlado con los oyentes.<\/p>\n","protected":false},"author":1,"featured_media":0,"comment_status":"open","ping_status":"open","sticky":false,"template":"","format":"standard","meta":{"footnotes":""},"categories":[],"tags":[],"class_list":["post-10849","post","type-post","status-publish","format-standard","hentry"],"_links":{"self":[{"href":"https:\/\/intervius.com\/index.html\/wp-json\/wp\/v2\/posts\/10849","targetHints":{"allow":["GET"]}}],"collection":[{"href":"https:\/\/intervius.com\/index.html\/wp-json\/wp\/v2\/posts"}],"about":[{"href":"https:\/\/intervius.com\/index.html\/wp-json\/wp\/v2\/types\/post"}],"author":[{"embeddable":true,"href":"https:\/\/intervius.com\/index.html\/wp-json\/wp\/v2\/users\/1"}],"replies":[{"embeddable":true,"href":"https:\/\/intervius.com\/index.html\/wp-json\/wp\/v2\/comments?post=10849"}],"version-history":[{"count":0,"href":"https:\/\/intervius.com\/index.html\/wp-json\/wp\/v2\/posts\/10849\/revisions"}],"wp:attachment":[{"href":"https:\/\/intervius.com\/index.html\/wp-json\/wp\/v2\/media?parent=10849"}],"wp:term":[{"taxonomy":"category","embeddable":true,"href":"https:\/\/intervius.com\/index.html\/wp-json\/wp\/v2\/categories?post=10849"},{"taxonomy":"post_tag","embeddable":true,"href":"https:\/\/intervius.com\/index.html\/wp-json\/wp\/v2\/tags?post=10849"}],"curies":[{"name":"wp","href":"https:\/\/api.w.org\/{rel}","templated":true}]}}