{"id":10818,"date":"2010-07-13T00:00:00","date_gmt":"2006-11-06T00:00:00","guid":{"rendered":"https:\/\/intervius.com\/index.html\/?p=10818"},"modified":"2006-11-06T00:00:00","modified_gmt":"2006-11-06T00:00:00","slug":"Miguel_Jimenez10818","status":"publish","type":"post","link":"https:\/\/intervius.com\/index.html\/Miguel_Jimenez10818\/","title":{"rendered":"Miguel Jim\u00e9nez"},"content":{"rendered":"<p>Pregunta.- Estimado Miguel. \u00bfCrees que la victoria de la selecci\u00f3n espa\u00f1ola impactar\u00e1 en la econom\u00eda espa\u00f1ola? \u00bfSupondr\u00e1 un crecimiento del PIB? Un saludo<\/p>\n<p>Respuesta.- Creo que tendr\u00e1 un impacto, pero m\u00ednimo. me temo que la econom\u00eda de Brasil, que ha ca\u00eddo en cuartos, va a seguir creciendo a toda m\u00e1quina y que la nuestra va a seguir renqueando. El Mundial puede tener efecto por tres v\u00edas. De modo directo, en algunos sectores que pueden haberse visto beneficiados (televisiones, publicidad, fabricantes de camisetas o de banderas, bares&#8230;) o perjudicados (los comercios, por ejemplo, estaban vac\u00edos los d\u00edas que jugaba Espa\u00f1a). De modo indirecto, puede suponer un aumento de la confianza, pero creo que ese efecto ser\u00e1 transitorio y sometido al vaiv\u00e9n de otras noticias. En tercer lugar, la marca Espa\u00f1a sale ganando, pero es muy dif\u00edcil cuantificar cu\u00e1l puede ser el efecto de eso en el turismo, las exportaciones&#8230; En resumen, el efecto puede ser positivo, pero de escasa magnitud. Aunque no no es lo mismo la Eurocopa que el Mundial, hace dos a\u00f1os fuimos campeones y justo entramos en la recesi\u00f3n m\u00e1s grave desde la Guerra Civil. As\u00ed que no habr\u00e1 milagros.<\/p>\n<p>P.- En Europa, gracias a la se\u00f1ora Merkel, estamos aplicando una dur\u00edsimas pol\u00edticas para reducir el d\u00e9ficit. Desde EEUU llegan voces, como la de Krugman, que critrican esta pol\u00edtica ya que se reducir\u00e1 el consumo y se puede volver a crecimiento negativo. \u00bfCu\u00e1l es su posici\u00f3n respecto a esta pol\u00edtica de reducci\u00f3n de d\u00e9ficit?<\/p>\n<p>R.- Creo que en Espa\u00f1a no nos queda m\u00e1s remedio que reducirlo. Es cierto que una pol\u00edtica fiscal restrictiva (v\u00eda subidas de impuestos o recorte de gastos) frena la econom\u00eda, pero hoy en d\u00eda Espa\u00f1a est\u00e1 se\u00f1alada por los mercados por su alto d\u00e9ficit. Eso encarece y dificulta nuestra financiaci\u00f3n, muy dependiente de los mercados exteriores. S\u00ed creo que otros pa\u00edses, y singularmente Alemania, no tendr\u00edan que hacer un esfuerzo tan grande de austeridad y que al hacerlo amenazan el crecimiento del conjunto de Europa.<\/p>\n<p>P.- Alemania, \u00bfaliado o enemigo para Europa? <\/p>\n<p>R.- Alemania es un socio comercial important\u00edsimo para Espa\u00f1a. de la evoluci\u00f3n de su econom\u00eda depende en parte la nuestra. Sin embargo, su actitud no ha sido en mi opini\u00f3n muy amistosa. Los medios alemanes hablaron de un rescate inminente que los hechos han desmentido y Angela Merkel no se esforz\u00f3 nada en decir que eran falsos rumores. Dijo que el paraguas del fondo de rescate nos cubre a todos, incluida Espa\u00f1a, con lo que el remedio fue peor que la enfermedad. Pero, m\u00e1s all\u00e1 del f\u00fatbol, no tendr\u00eda mucho sentido plantear la relaci\u00f3n en t\u00e9rminos de enfrentamiento.<\/p>\n<p>P.- \u00bfPor qu\u00e9 no se crean agencias de califiaci\u00f3n estatales? \u00bfNo estamos vendidos ante Moodys, S&#038;P, Fitch? \u00bfC\u00f3mo pueden decidir la solvencia de un pa\u00eds esas peque\u00f1as agencias con tantos intereses? <\/p>\n<p>R.- Creo que la actuaci\u00f3n de las agencias de calificaci\u00f3n indigna con raz\u00f3n a muchos. Son corresponsables de la crisis financiera y, con ello, de la econ\u00f3mica, pues con sus calificaciones ayudaron a que se diseminasen las hipotecas basura y contaminasen al sistema financiero. Tamb\u00ed\u00e9n tuvieron otros fallos importantes, como con la calificaci\u00f3n de Lehman. Pero en materia de riesgo soberano, no han fallado tanto. En el caso espa\u00f1ol , de hecho, los mercados ponen un precio a la deuda espa\u00f1ola varios grados inferior al que nos otorgan las agencias. No creo que la respuesta deba ser crear agencias estatales, sino endurecer la regulaci\u00f3n, evitar conflictos de inter\u00e9s y lograr mayor transparencia.<\/p>\n<p>P.- \u00bfQu\u00e9 opini\u00f3n te merecen las &#8220;fusiones fr\u00edas&#8221; de las cajas? \u00bfNo crees que es una manera de &#8220;hacer el parip\u00e9&#8221;?<\/p>\n<p>R.- Yo creo que las fusiones fr\u00edas acabar\u00e1n en aut\u00e9nticas fusiones. Puede parecer un parip\u00e9, pero al tiempo ha sido una forma de vencer much\u00edsimas reticencias pol\u00edticas y auton\u00f3micas. Al no desaparecer las cajas, eso ha facilitado la reestructuraci\u00f3n del sector. Y ahora el Gobierno y el Banco de Espa\u00f1a se est\u00e1n ocupando de que cada vez sea m\u00e1s dif\u00edcil dar marcha atr\u00e1s. Las fusiones fr\u00edas o sistemas institucionales de protecci\u00f3n se han de firmar al menos por 10 a\u00f1os y su ruptura est\u00e1 sujeta a penalizaciones. Adem\u00e1s, el decreto-ley que publica hoy el BOE prev\u00e9 que el Banco de Espa\u00f1a tenga que opinar sobre la viabilidad de las entidades resultantes en caso de ruptura. Yo espero que no tengan marcha atr\u00e1s.<\/p>\n<p>P.- Se\u00f1or Jim\u00e9nez, buenas tardes. \u00bfQu\u00e9 factores o condiciones han de darse en su opini\u00f3n para volver a la senda de crecimiento de a\u00f1os anteriores? Muchas gracias. Un saludo. Patricio Sim\u00f3.<\/p>\n<p>R.- Creo que la digesti\u00f3n de la crisis va a ser pesada, independientemente de lo que se haga. La reforma laboral y la del sistema financiero eran condiciones necesarias, pero no suficientes. Lo m\u00e1s importante va a ser el contexto internacional. Si Europa tira (que no parece que vaya a tirar mucho), Espa\u00f1a crecer\u00e1. Internamente, creo que el ajuste del sector del ladrillo y la apertura del grifo del cr\u00e9dito es lo m\u00e1s importante. Junto a ello, debemos recuperar la confianza de los mercado internacionales, de forma que se abran los mercados de financiaci\u00f3n a las empresas y bancos espa\u00f1oles y que al Estado le sea m\u00e1s barato financiar su deuda.<\/p>\n<p>P.- \u00bfPor qu\u00e9 no hay una apuest\u00e1 m\u00e1s fuerte para que nuestras empresas salgan al exterior? \u00bfNo deber\u00edamos estar presentes en m\u00e1s puntos extranjeros? \u00bfSomos poco emprendedores en el extranjero?<\/p>\n<p>R.- A ver si en esto ayuda la marca Espa\u00f1a. Creo que tenemos un pu\u00f1ado de grandes empresas con mucha presencia exterior. Telef\u00f3nica, el Banco Santander, el BBVA, Repsol, Iberdrola, Inditex, constructoras como ACS, Ferrovial y algunas m\u00e1s son aut\u00e9nticas multinacionales. En general, el proceso de apertura al exterior ha sido r\u00e1pido e intenso. pero s\u00ed es verdad que a la empresa espa\u00f1ola le cuesta exportar y que con frecuencia s\u00f3lo ha mirado al exterior cuando las cosas le han ido mal en casa. Es comprensible, con una econom\u00eda creciendo a toda m\u00e1quina. El problema que veo es de p\u00e9rdida de competitividad y de escasez de valor a\u00f1adido en parte de nuestra industria. La acci\u00f3n de promoci\u00f3n exterior es complementaria, pero la base es esa.<\/p>\n<p>P.- \u00bfC\u00f3mo valora el trabajo que est\u00e1 realizando la vicepresidenta econ\u00f3mica, Elena Salgado? \u00bfCree que ha sido un buen repuesto para Solbes? \u00bfCree que caer\u00e1 en la pr\u00f3xima remodelaci\u00f3n del Gobierno?<\/p>\n<p>R.- Elena Salgado asumi\u00f3 la cartera de Econom\u00eda en el momento m\u00e1s agudo de la peor recesi\u00f3n de las \u00faltimas d\u00e9cadas. Creo que ha cometido algunos errores de diagn\u00f3stico y otros de explicaci\u00f3n, en algunos casos bastante graves. Mi impresi\u00f3n es que ni ella ni el presidente del Gobierno eran conscientes de la velocidad a la que se pod\u00eda deteriorar la confianza de los mercados en Espa\u00f1a. pero tambi\u00e9n creo que una vez que han despertado de esa enso\u00f1aci\u00f3n, han acometido algunas reformas con rapidez y decisi\u00f3n, un poco empujados por la presi\u00f3n de sus colegas europeos y de los mercados. La reforma del sistema financiero es un gran paso y para juzgar la laboral habr\u00e1 que ver c\u00f3mo acaba en su tr\u00e1mite parlamentario. Tambi\u00e9n creo que conoce muy bien la Administraci\u00f3n y puede hacer una buena poda del gasto. Ha habido rumores de que caer\u00eda en la pr\u00f3xima remodelaci\u00f3n. Yo no lo creo, pero no tengo informaci\u00f3n al respecto.<\/p>\n<p>P.- Seg\u00fan todas las encuenstas, el PP ganar\u00e1 las elecciones de 2012. \u00bfQui\u00e9n es el pol\u00edtico del PP que deber\u00eda asumir la cartera de Econom\u00eda? \u00bfMontoro, Rato, F\u00e1tima B\u00e1\u00f1ez, Gerardo Camps, Francisco Ayala, De Guindos, \u00c1lvaro Nadal? Un saludo<\/p>\n<p>R.- Buena pregunta. No lo veo f\u00e1cil. A m\u00ed me gusta Luis de Guindos, pero no s\u00e9 si estar\u00eda por la labor ni \u00e9l ni Rajoy. A Rato no le veo volviendo como subordinado de Rajoy, sinceramente. Y Montoro es el portavoz de Econom\u00eda y ya ha sido ministro, pero creo que le pierden los excesos dial\u00e9cticos. En las anteriores elecciones, el PP puso a Pizarro como su cartel econ\u00f3mico y le sali\u00f3 el tiro por la culata. Yo creo que en campa\u00f1a no intentar\u00e1n nuevos experimentos y seguramente sea Montoro el que d\u00e9 la cara, pero luego habr\u00e1 que ver, si gana el PP, a qui\u00e9n elige Rajoy.<\/p>\n<p>P.- \u00bfQu\u00e9 medida propuesta por el PP, en Economia, conocemos que se pueda poner en marcha ya, y que tenga resultados rapidos? Y las Comunidades Autonomas, del PP, con las competencias de empleo, \u00bfqu\u00e9 soluciones plantean, para demostrar que sirven?<\/p>\n<p>R.- Yo no conozco ninguna. A veces en esto de la Econom\u00eda se cree que los Gobiernos tienen m\u00e1s poder que el que realmente tienen. El PP tiene mensajes contradictorios. Quiere que se reduzca el d\u00e9ficit, pero no quiere que suba el IVA, por ejemplo. Si se hubiera hecho caso a la campa\u00f1a para anular la subida del IVA, el descr\u00e9dito de Espa\u00f1a en los mercados habr\u00eda sido enorme. Y estamos a la espera de sus enmiendas a la reforma laboral. A ver si ma\u00f1ana en el debate del estado de la naci\u00f3n Rajoy avanza algo sobre ese y otros temas. En general, el Gobierno ha ido m\u00e1s all\u00e1 de las propuestas del PP en muchos temas (recorte de sueldos de los funcionarios, por ejemplo) y la ha achicado los espacios.<\/p>\n<p>P.- Gracias, Miguel Jim\u00e9nez, por la secci\u00f3n de Econom\u00eda de EL PA\u00cdS que le permite a alguien como yo, con escasos estudios de Econom\u00eda, entender y comprender algo sobre este tema. Gracias. Mi pregunta: \u00bfCrees, al igual que yo y quiz\u00e1 alg\u00fan otro, que lo peor de la Crisis Econ\u00f3mica est\u00e1 por llegar, pero que ya tiene nombre y se llama Mariano Rajoy Brey? <\/p>\n<p>R.- Gracias a ti como lector. Yo creo que en t\u00e9rminos de paro a\u00fan no hemos visto lo peor, pero trato de ser optimista y espero que la fase m\u00e1s intensa de la crisis haya quedado atr\u00e1s. El problema que veo es la recuperaci\u00f3n, que creo que va a ser lenta y penosa, y eso aunque haga las cosas bien el Gobierno (este o el que venga). En t\u00e9rminos de PIB Espa\u00f1a va a tener un lustro perdido, pero en t\u00e9rminos de desempleo, creo m\u00e1s bien que va a ser una d\u00e9cada perdida. Rajoy de econom\u00eda sabe poco, pero quiz\u00e1 encuentre a alguien que haga las cosas correctamente en caso de que llegue a gobernar.<\/p>\n<p>P.- Si tan expertos sois de la econom\u00eda en el Pais, porque no avisasteis a los espa\u00f1oles, que est\u00e1bamos entrando en la madre de las recesiones, en la crisis mas importante de los \u00faltimos tiempos? Se podr\u00eda pensar que falto algo de \u00e9tica profesional por parte de su diario.<\/p>\n<p>R.- Creo que en EL PA\u00cdS han tenido cabida much\u00edsimas voces que han alertado sobre los riesgos del modelo de crecimiento de la econom\u00eda espa\u00f1ola y esa ha sido tambi\u00e9n la l\u00ednea editorial del peri\u00f3dico antes de la crisis. Con todo, adivinos no somos, pero te recordar\u00eda, s\u00f3lo como un ejemplo, cu\u00e1l fue la portada del primer n\u00famero del suplemento Negocios en su nueva etapa. El titular era: &#8220;\u00bfVa a ser esta crisis como la del 29&#8230; o va a ser peor?&#8221; Y esto era muchos meses antes de la quiebra de Lehman y de que se agravase la situaci\u00f3n en todo el mundo. De hecho, m\u00e1s bien nos acusaron de alarmistas. Recuerdo tambi\u00e9n, mucho antes de que empezase la crisis, art\u00edculos alertando sobre la burbuja crediticia o sobre la del ladrillo. Dicho eso, tambi\u00e9n es bueno hacer autocr\u00edtica, y la prensa, este diario incluido, probablemente ha fallado a la hora de advertir a\u00fan con m\u00e1s insistencia de los riesgos a que estaba sujeta la econom\u00eda.<\/p>\n<p>P.- Independientemente de la extraordinaria situati\u00f3n actual, porque es Espania un pais con un paro estructural tan elevado? Por qu\u00e9 no es imaginable ni en las \u00e9pocas de bonanza un pa\u00eds con cotas de paro del nivel de Reino Unido u Holanda?<\/p>\n<p>R.- Esa es la clave, ni tras 15 a\u00f1os ininterrumpidos de bonanza logramos tener una tasa de paro equiparable a la de los pa\u00edses desarrollados. Eso tiene que ver con las instituciones laborales, con el modelo productivo y con la educaci\u00f3n y formaci\u00f3n de la poblaci\u00f3n activa. La tramitaci\u00f3n parlamentaria de la reforma laboral puede ser una buena manera de corregir parte del problema.<\/p>\n<p>P.- Con los datos de la OCDE que se dieron a concer ayer y que aseguran que Espa\u00f1a es el pa\u00eds de la organizaci\u00f3n que m\u00e1s ha reducido la llegada de inmigrantes, \u00bfqu\u00e9 efecto econ\u00f3mico tiene este fen\u00f3meno? Despu\u00e9s de haber contribuido al crecimiento de Espa\u00f1a en \u00e9poca de bonanza, \u00bfes conveniente fomentar su retorno a los pa\u00edses de origen? \u00bfSon los inmigrantes los causantes o potenciadores de la crisis, comos sostienen ciertos sectores? \u00a1Muchas gracias por tu respuesta!<\/p>\n<p>R.- Gracias a ti por la pregunta. Los inmigrantes han contribuido al crecimiento de la econom\u00eda, pero tambi\u00e9n han contribuido a potenciar ese modelo de crecimiento basado en la mano de obra barata y con poca productividad. Espa\u00f1a cre\u00f3 empleo en los a\u00f1os de bonanza, pero buena parte de ese empleo era poco cualificado y fue absorbido por la inmigraci\u00f3n. Espa\u00f1a deber\u00eda aspirar a atraer m\u00e1s cerebros, m\u00e1s talento, y no s\u00f3lo mano de obra barata y masiva. Los flujos se van corrigiendo de forma natural, pero tendr\u00eda sentido fomentar o incentivar el retorno (libre) de quienes formaban parte de una estructura productiva, sobre todo la del ladrillo, que no va arecuperar la dimensi\u00f3n perdida.<\/p>\n<p>P.- Hay mucha gente que dice que es una tonteria y que no serviria para nada, pero a mi me gustaria saber realmente que pasaria si todos los ciudadanos decidieramos retirar nuestros ahorros y nuestros sueldos de los bancos. No se les acabarian los humos que tienen? Gracias <\/p>\n<p>R.- Los humos se les acabar\u00edan, pero ser\u00eda un desastre. Se cortar\u00eda del todo el cr\u00e9dito, la econom\u00eda dejar\u00eda de funcionar, la quiebra de muchos bancos y cajas nos arrastrar\u00eda a todos. En Espa\u00f1a, en mi opini\u00f3n, los bancos han contribuido a agravar los desequilibrios con un exceso de cr\u00e9dito, pero en el pecado llevan la penitencia. A diferencia de otros pa\u00edses, no creo que aqu\u00ed hayan sido los causantes de la crisis.<\/p>\n<p>P.- Hola, como espera usted la subida que tendr\u00e1 lugar en agosto\/septiembre el paro? <\/p>\n<p>R.- Creo que el dato de la Encuesta de Poblaci\u00f3n Activa que saldr\u00e1 a finales de este mes, referido al segundo trimestre, ser\u00e1 bueno. Pero me temo que tras esta tregua temporal, el paro vuelva a subir en oto\u00f1o\/invierno y que volvamos a superar el 20% de tasa de paro.<\/p>\n<p>P.- Aunque es un tema muy repetido. \u00bf Por qu\u00e9 raz\u00f3n no es de la m\u00e1xima prioridad la persecuci\u00f3n\/evitaci\u00f3n del fraude fiscal(teniendo en cuenta la bolsa de fraude existente)?. Las medidas aplicables ya se pr\u00e1ctican en otros pa\u00edses europeos. Como ejemplo, en Espa\u00f1a se aplicaron inicialmente en el \u00e1mbito del IRPF con la deducci\u00f3n por gastos de enfermedad, pero se busco alg\u00fan argumento para eliminarlas. <\/p>\n<p>R.- Creo que s\u00ed es prioritaria esa lucha y que las cifras muestran que la recaudaci\u00f3n derivada de la lucha contra el fraude ha ido subiendo. Probablemente habr\u00eda que dedicar a\u00fan m\u00e1s medios a esa lucha. En todo caso, lo que s\u00ed creo que es un error son algunos mensajes que se han transmitido desde diversos \u00e1mbitos. desde el Gobierno, por ejemplo, se ha trasladado una idea de cierta benevolencia con las cuentas descubiertas en Suiza si la situaci\u00f3n se regularizaba. Desde la oposici\u00f3n, el llamamiento a la rebeld\u00eda contra la subida del IVA que hizo Esperanza Aguirre fue delirante.<\/p>\n","protected":false},"excerpt":{"rendered":"<p>El debate del estado de la naci\u00f3n estar\u00e1 centrado en esta ocasi\u00f3n en la econom\u00eda y la crisis econ\u00f3mica. \u00bfEst\u00e1n siendo acertadas las medidas del Gobierno? \u00bfQu\u00e9 propuestas ha hecho la oposici\u00f3n? Miguel Jim\u00e9nez, redactor jefe de Econom\u00eda de EL PA\u00cdS, ha charlado con los lectores sobre los temas m\u00e1s importantes que se han producido en esta \u00e1rea durante los \u00faltimos meses.<br \/>\nFoto: Uly Mart\u00edn<br \/>\nLee la charla con Javier Casqueiro, de Nacional<br \/>\nCharla con Ricardo de Querol, de Sociedad<\/p>\n","protected":false},"author":1,"featured_media":0,"comment_status":"open","ping_status":"open","sticky":false,"template":"","format":"standard","meta":{"footnotes":""},"categories":[],"tags":[],"class_list":["post-10818","post","type-post","status-publish","format-standard","hentry"],"_links":{"self":[{"href":"https:\/\/intervius.com\/index.html\/wp-json\/wp\/v2\/posts\/10818","targetHints":{"allow":["GET"]}}],"collection":[{"href":"https:\/\/intervius.com\/index.html\/wp-json\/wp\/v2\/posts"}],"about":[{"href":"https:\/\/intervius.com\/index.html\/wp-json\/wp\/v2\/types\/post"}],"author":[{"embeddable":true,"href":"https:\/\/intervius.com\/index.html\/wp-json\/wp\/v2\/users\/1"}],"replies":[{"embeddable":true,"href":"https:\/\/intervius.com\/index.html\/wp-json\/wp\/v2\/comments?post=10818"}],"version-history":[{"count":0,"href":"https:\/\/intervius.com\/index.html\/wp-json\/wp\/v2\/posts\/10818\/revisions"}],"wp:attachment":[{"href":"https:\/\/intervius.com\/index.html\/wp-json\/wp\/v2\/media?parent=10818"}],"wp:term":[{"taxonomy":"category","embeddable":true,"href":"https:\/\/intervius.com\/index.html\/wp-json\/wp\/v2\/categories?post=10818"},{"taxonomy":"post_tag","embeddable":true,"href":"https:\/\/intervius.com\/index.html\/wp-json\/wp\/v2\/tags?post=10818"}],"curies":[{"name":"wp","href":"https:\/\/api.w.org\/{rel}","templated":true}]}}