{"id":10802,"date":"2010-07-08T00:00:00","date_gmt":"2006-11-06T00:00:00","guid":{"rendered":"https:\/\/intervius.com\/index.html\/?p=10802"},"modified":"2006-11-06T00:00:00","modified_gmt":"2006-11-06T00:00:00","slug":"Javier_G-_Matallanas10802","status":"publish","type":"post","link":"https:\/\/intervius.com\/index.html\/Javier_G-_Matallanas10802\/","title":{"rendered":"Javier G. Matallanas"},"content":{"rendered":"<p>Pregunta.- Mata, supongo que ayer disfrutaste incluso m\u00e1s que con los t\u00edtulos colchoneros&#8230; en fin, ah\u00ed va mi pregunta. \u00bfHas visto jugar a alguna selecci\u00f3n como nuestra Roja? El dominar a Alemania como lo hemos hecho en la Eurocopa y ayer no es ni medio normal. Si ayer villa hubiese estado un poco m\u00e1s entonado les metemos una paliza inolvidable!!<\/p>\n<p>Respuesta.- Es un f\u00fatbol total, emocionante. Ya escrib\u00ed en la Eurocopa y en la gu\u00eda del As de este Mundial que la Espa\u00f1a de 2010 emular\u00eda a Brasil del 70 y para hacerlo debe ganar el domingo la final ante Holanda. <\/p>\n<p>P.- Hola mata&#8230;! \u00bfcu\u00e1l es tu once ideal en este Mundial?<\/p>\n<p>R.- Casillas, Maicom, Puyol, Piqu\u00e9, Coentrao; Busquets, Snejider, Xavi, Ozil, Forl\u00e1n y Villa. Aunque el domingo pondr\u00e9 solo a los de la Selecci\u00f3n espa\u00f1ola&#8230;<\/p>\n<p>P.- Tu eres el del videos de espa\u00f1a en el autubus en la eurocopa? \u00bfNos preparas algo especial para este Mundial?<\/p>\n<p>R.- S\u00ed, lo saqu\u00e9 yo aunque la web de otro peri\u00f3dico deportvio lo han plagiado sin escrupulos y sin citar (tendr\u00e1n esa orden) Algo se intentar\u00e1 hacer&#8230; Un abrazo&#8230;<\/p>\n<p>P.- Mata,supongo que para alguien que le gusta el futbol como a t\u00ed,ser\u00e1 algo increible lo que estas viviendo all\u00ed,por cierto tenemos pendiente la camiseta,un abrazo<\/p>\n<p>R.- Esto es lo mejor que he vivido en mi vida. Aunque tambi\u00e9n lo est\u00e1is viviendo en Espa\u00f1a todos con pasi\u00f3n, orgullo y emoci\u00f3n. Llevamos toda una vida esper\u00e1ndolo y por fin est\u00e1 sucediendo. Y a\u00fan nos queda lo mejor&#8230; Un abrazo Rata!!!<\/p>\n<p>P.- \u00bfC\u00f3mo se ha vivido desde dentro la progresi\u00f3n de Casillas? es decir, al principio, hab\u00eda una opini\u00f3n bastante generalizada que no llegaba bien, que estaba desconcentrado&#8230; y ahora hemos comprobado que era una bacal\u00e1, que sigue siendo el mejor del mundo y que es protagonista directo de que hayamos llegado tan lejos, gracias a sus paradas. \u00bfQu\u00e9 opinas al respecto? Saludos Crack<\/p>\n<p>R.- No s\u00e9 quien vendi\u00f3 eso. Casillas lleg\u00f3 bien y ha ido de menos a mas como todo el equipo. Ha sido decisivo con intervenciones de gran m\u00e9rito, como siempre ha hecho en su carrera. Nunca estuvo descentrado.<\/p>\n<p>P.- hola matallanas que te parece que el mundo se haya rendido a espa\u00f1a o mejor dicho al barcelona porque no hay que olvidar que es casi entera del barsa os guste a muchos ono no crees que el madrid tiene poco que hacer el a\u00f1o que viene jeee<\/p>\n<p>R.- Espa\u00f1a es Espa\u00f1a y el Bar\u00e7a es el Bar\u00e7a y por fin estamos consiguiendo ser de la Selecci\u00f3n sin importarnos donde juegan los jugadores (aunque el pasado y sentimiento atl\u00e9tico de Torres me han dicho que ha pesado mucho en Espa\u00f1a). El mundo se rinde al juego de una Selecci\u00f3n irreptible que tiene que rematar la faena el domingo ante Holanda.<\/p>\n<p>P.- Javi, eres un crack y devoro con fruici\u00f3n tus columnas y tus chats. Entiendo que, como buen colchonero, eres devoto incondicional de Torres, pero tambi\u00e9n entiendo que tu sabidur\u00eda futbol\u00edstica te permite ver las cosas con objetividad. Dime \u00bfno crees que ha quedado demostrado que la inmensa mayor\u00eda de los aficionados ten\u00edamos raz\u00f3n cuando ped\u00edamos que Torres se quedara en al banquillo? \u00bfno es evidente que los mejores minutos de Espa\u00f1a, en todos los partidos, han coincidido con tu amado Torres en el banquillo? Incluso me atrever\u00eda a decir que &#8220;este&#8221; Torres no est\u00e1 para la selecci\u00f3n y que habr\u00eda sido mejor que se quedara en casa reponi\u00e9ndose de las operaciones que ha sufrido y que en su lugar hubieran venido G\u00fciza o Negredo. Gracias por tu respuesta.<\/p>\n<p>R.- Respeto tus opiniones y la amistad no me puede separar de la justicia, no de la objetividad que es imposible porque somos sujetos y, por tanto, somos subjetivos. Pero discrepo en varios aspectos: \u00bfEspa\u00f1a jug\u00f3 mal cuando estaba en el campo por la mera presencia de Torres? \u00bfEl que provoc\u00f3 que jugar\u00e1mos mal fue el delantero centro no los creadores de f\u00fatbol? Pues no estoy de acuerdo. Cuando Del Bosque le sustituye tienes raz\u00f3n que Espa\u00f1a juega mejor, pero Fernando ya ha realizado el trabajo de desgaste a los defensas, una de sus funciones. Y es cierto que con Torres en el banquillo ante Alemania Espa\u00f1a jug\u00f3 de maravilla, pero Villa no rindi\u00f3 al mismo nivel. la presencia de Torres es muy importante para la Selecci\u00f3n y para el Guaje, por eso Del Bosque le ha sacado cinco partidos de titular sin estar ni al 60 por ciento. Lo m\u00e1s f\u00e1cil para Torres habr\u00eda sido borrarse, no arriesgar su prestigio, pero por m\u00e1s que en Espa\u00f1a se la haya faltado al respeto, porque una cosa es la cr\u00edtica, l\u00f3gica y necesaria, y otra la crueldad y el insulto. Torres ha arriesgado por Espa\u00f1a. Y el que decide es Del Bosque. Gracias por tu pregunta y por seguirme con tanta atenci\u00f3n.<\/p>\n<p>P.- Hola matallanas \u00bfCrees que si Brasil hubiera jugado contra Espa\u00f1a hubieramos pasado a cuartos? un saludo desde Orellana La Vieja<\/p>\n<p>R.- Estoy convencido de que s\u00ed habr\u00edamos eliminado a Brasil. Hubiera costado m\u00e1s porque los brasile\u00f1os son m\u00e1s defensivos que los alemanes, pero jugando como ayer pas\u00e1bamos seguro.<\/p>\n<p>P.- javi soy raul de cordoba y ayer vi el partido con un amigo tuyo pineda,un saludo y nos vamos a comer a la orange.<\/p>\n<p>R.- Pinedita!!! Que ganas tengo de verles, el jugador con m\u00e1s calidad que he visto en mi vida: no desentonar\u00eda en esta Selecci\u00f3n ni mucho menos!!! Dile que me llame!!! Seguro que ganamos Ra\u00fal!! Un abrazo!!<\/p>\n<p>P.- Hola Mata! \u00bfPodr\u00edas valorarme las actuaciones de Del Bosque?, A mi parecer son impecables a nivel tactico y con la elecci\u00f3n del jugador exacto en cada momento! Gracias!<\/p>\n<p>R.- Coincido contigo. Cambi\u00f3 a Torres por Llorente y Espa\u00f1a mejor\u00f3. Meti\u00f3 a Cesc por Fernando y tambi\u00e9n funcion\u00f3. Y la entrada de Pedrito tambi\u00e9n fue decsiva para ganar a Alemania. <\/p>\n<p>P.- el domingo nos toca ser visitantes??lo digo por las equipaciones por que seria muy bonito que es Espa\u00f1a jugara con la roja<\/p>\n<p>R.- S\u00ed, vamos de vistitantes. FIFA ya ha comunicado a la Federaci\u00f3n que Espa\u00f1a debe jugar con su segunda equipaci\u00f3n, o sea, que es una l\u00e1stima, pero jugaremos todo de azul.<\/p>\n<p>P.- hola matallana\u00bfte imaginabas hace 2 mundiales que esto seria posible? al final siempre llega todo cuando se tiene ilusion<\/p>\n<p>R.- Siempre lo he so\u00f1ado y siempre lo he cre\u00eddo posibe, desde que tengo uso de raz\u00f3n futbol\u00edstica, he visto a la Selecci\u00f3n como campeona del mundo. A ver si lo logramos el domigo!! Y pienso que siempre ha habido mucha ilusi\u00f3n.<\/p>\n<p>P.- Hola Javi, cual crees que va a ser el resultado de la final. Un saludo.<\/p>\n<p>R.- 3-0. Un abrazo<\/p>\n<p>P.- Javier\u00bfCrees que espa\u00f1a jug\u00f3 como deb\u00eda?\u00bfNos ves capaces de ganrle a la naranja mec\u00e1nica a Holanda?<\/p>\n<p>R.- Les veo superiores a Holanda, que tambi\u00e9n es una gran selecci\u00f3n que intentar tratar bien el bal\u00f3n.<\/p>\n<p>P.- Hola Mata! Como hemos podido observar hasta el momento no nos han marcado ning\u00fan Gol en la Fase de eliminatorias. Me recuerda mucho a las eliminatorias de la pasada Eurocopa que ganamos que tampoco encajamos ning\u00fan Gol. \u00bfPiensas que terminaremos el mundial de la misma manera?<\/p>\n<p>R.- Eso creo. La Selecci\u00f3n defiende con el bal\u00f3n, que es la mejor manera de defender.<\/p>\n<p>P.- hola , \u00bfque te parecio la actuacion de argentina en el mundial? \u00bfporque muchos aficionados merengues se resisten a aceptar que higuain es uno de los mejores delanteros del mundo?\u00bfque porcentaje le daria a las posibilidades que tiene espa\u00f1a para ser campeon?<\/p>\n<p>R.- Me parece que fue una buena actuaci\u00f3n, aunque deber\u00eda haber alcanazdo semifinales. Los aficionados que denostan y no reconocen los m\u00e9ritos de Higuain son los mismos que aplaudieron la venta de Robben y Sneijder, que el domingo juegan la final del Mundial ante Espa\u00f1a. Creo que Espa\u00f1a tiene el 70 por ciento de posibilidades de ser campeona.<\/p>\n<p>P.- Mata \u00bfque te pareci\u00f3 el fallo de pedrito crees que tiene ansias de gol por meter en todas las competiciones?<\/p>\n<p>R.- La vio claro y se la jug\u00f3. Estuvo muy chup\u00f3n porque ten\u00eda a Torres a la izquierda solo. Pedrito pidi\u00f3 perd\u00f3n luego en la zona mixta&#8230;<\/p>\n<p>P.- mata que piensas sobre capdevilla no crees que seria mejor meter a arbeloa contra holanda para frenar a robben.<\/p>\n<p>R.- Arbeloa tambi\u00e9n lo har\u00eda bien, pero Capdevila ha ido de menos a m\u00e1s en el Mundial, como todo el equipo. Es un defensa de garant\u00edas y para frenar a Robben no solo debe estar un lateral. Espa\u00f1a defiende con la pelota y no hace marcajes al hombre, realiza un sistema de ayudas en defensa, ideal para frenar a futbolsitas desequilibrantes como Robb\u00e9n.<\/p>\n<p>P.- Hola crack, sabes si existe alg\u00fan pacto de &#8220;no agresi\u00f3n&#8221; a Del Bosque. Lo digo pq en cualquier rinc\u00f3n de Espa\u00f1a era un clamor la suplencia de Torres y su sustituci\u00f3n por Silva, Cesc, Pedro, Mata o Llorente -cualquier soluci\u00f3n era buena- y toda la prensa defend\u00eda lo que parec\u00eda que iba a hacer Del Bosque. \u00c9ste pone a Pedro y autom\u00e1ticamente parece la idea de un genio\u00a1\u00a1\u00a1\u00a1 Mucha vaselina en general no???. Un saludo.<\/p>\n<p>R.- No existe ning\u00fan pacto de no agresi\u00f3n. Y si toda Espa\u00f1a ped\u00eda la suplencia de Torres, Del Bosque ha hecho lo que, seg\u00fan tu, quer\u00eda toda Espa\u00f1a.<\/p>\n<p>P.- matallanas no piensas que los resultados de espa\u00f1a son demasiado cortos y algunas ocasiones no las concretamos como la de pedro ayer y nos pueden dar algun susto por ejemplo en la final<\/p>\n<p>R.- Estoy de acuerdo contigo. Debemos ser m\u00e1s agresivos y matar antes los partidos, que siempre los dominamos por completo. Hay que evitar que los holandeses nos den alg\u00fan susto en la final.<\/p>\n<p>P.- ola javier\u00bfcrees que torres deveria volver a jugar? o volverias a provar con pedrito k hizo un partidazo<\/p>\n<p>R.- S\u00ed, creo que Torres volver\u00eda a ser titular en la final. Y Pedro, que fue el mejor ante Alemania, volver a su rol de revulsivo porque creo que esta es una funci\u00f3n que le viene mejor al equipo, como la de Torres que trabaja muy bien para Villa.<\/p>\n<p>P.- Hola Mata. No te puedes imaginar en Sud\u00e1frica c\u00f3mo est\u00e1 la afici\u00f3n en Espa\u00f1a. Gracias por tu trabajo y trasm\u00edtelo a los jugadores y a Del Bosque. La pregunta: \u00bf qu\u00e9 medular te parece mejor: Toninho Cerezo &#8211; S\u00f3crates &#8211; Falcao &#8211; Zico ( Brasil en Espa\u00f1a 82 ) o Busquets &#8211; Alonso &#8211; Xavi &#8211; Iniesta ( Espa\u00f1a en Sud\u00e1frica 10 ) ? Son las dos medulares m\u00e1s &#8220;jugonas&#8221; que yo haya visto.<\/p>\n<p>R.- Que interesante pregunta!!! Me gusta m\u00e1s la de Espa\u00f1a, en la que podr\u00edamos meter a Silva y Cesc y el nivel tambi\u00e9n ser\u00eda magn\u00edfico. La de Brasil era espectacular, que buenos eran los cuatro, pero no gan\u00f3 el Mundial&#8230; Ojal\u00e1 nosotros si lo ganemos, ser\u00eda maravilloso.<\/p>\n","protected":false},"excerpt":{"rendered":"<p>Matallanas ha charlado sobre la vibrante victoria de Espa\u00f1a ante Alemania, en la que se ha logrado la clasificaci\u00f3n para la primera final del Mundial en la historia de La Roja.<\/p>\n","protected":false},"author":1,"featured_media":0,"comment_status":"open","ping_status":"open","sticky":false,"template":"","format":"standard","meta":{"footnotes":""},"categories":[],"tags":[],"class_list":["post-10802","post","type-post","status-publish","format-standard","hentry"],"_links":{"self":[{"href":"https:\/\/intervius.com\/index.html\/wp-json\/wp\/v2\/posts\/10802","targetHints":{"allow":["GET"]}}],"collection":[{"href":"https:\/\/intervius.com\/index.html\/wp-json\/wp\/v2\/posts"}],"about":[{"href":"https:\/\/intervius.com\/index.html\/wp-json\/wp\/v2\/types\/post"}],"author":[{"embeddable":true,"href":"https:\/\/intervius.com\/index.html\/wp-json\/wp\/v2\/users\/1"}],"replies":[{"embeddable":true,"href":"https:\/\/intervius.com\/index.html\/wp-json\/wp\/v2\/comments?post=10802"}],"version-history":[{"count":0,"href":"https:\/\/intervius.com\/index.html\/wp-json\/wp\/v2\/posts\/10802\/revisions"}],"wp:attachment":[{"href":"https:\/\/intervius.com\/index.html\/wp-json\/wp\/v2\/media?parent=10802"}],"wp:term":[{"taxonomy":"category","embeddable":true,"href":"https:\/\/intervius.com\/index.html\/wp-json\/wp\/v2\/categories?post=10802"},{"taxonomy":"post_tag","embeddable":true,"href":"https:\/\/intervius.com\/index.html\/wp-json\/wp\/v2\/tags?post=10802"}],"curies":[{"name":"wp","href":"https:\/\/api.w.org\/{rel}","templated":true}]}}