{"id":10798,"date":"2010-07-06T00:00:00","date_gmt":"2006-11-06T00:00:00","guid":{"rendered":"https:\/\/intervius.com\/index.html\/?p=10798"},"modified":"2006-11-06T00:00:00","modified_gmt":"2006-11-06T00:00:00","slug":"Inako_Diaz_Guerra10798","status":"publish","type":"post","link":"https:\/\/intervius.com\/index.html\/Inako_Diaz_Guerra10798\/","title":{"rendered":"I\u00f1ako D\u00edaz Guerra"},"content":{"rendered":"<p>Pregunta.- Si el Atleti fuese un estilo de m\u00fasica&#8230;cual ser\u00eda? Grunge? Death Metal? Pop gafapasta? Y la selecci\u00f3n actual? Lo siento, pero se me han acabado las preguntas serias.<\/p>\n<p>Respuesta.- Grunge: ruidoso, algo sucio, irregular, con gotas de genio aut\u00e9ntico entre mucha morralla, aut\u00e9ntico y que lleva mal que se meta a controlarlo cualquier encorbatado. La Selecci\u00f3n es pop sofisticado, suave, quiz\u00e1s algo blando pero siempre agradable de ver\/escuchar<\/p>\n<p>P.- Hola I\u00f1ako!!! Quique dijo en Cuatro que en este Mundial hab\u00eda tomado nota de varios jugadores. \u00bfSe espera alg\u00fan fichaje sorpresa mundialista barato tipo Samaras?<\/p>\n<p>R.- Le encant\u00f3 Samaras. Tambi\u00e9n le gustaron Tsahbalala, Ayew y Nkolou. Hasta que no cierren lo prioritario dos defensas y un mediocentro, dudo que se pongan a buscar para otras posiciones.<\/p>\n<p>P.- Hola I\u00f1ako, \u00bfNo crees que alemania se parece m\u00e1s a la Espa\u00f1a de la eurocopa que la selecci\u00f3n actual? Schwesteiger como doble pivote es como xavi (creativo y r\u00e1pido) no como xabi alonso.Creo que en nuestra selecci\u00f3n sobra Xabi alonso y falta Cesc en su lugar<\/p>\n<p>R.- Para m\u00ed, Schweinsteiger y Xavi no tienen nada que ver. Xavi toca el viol\u00edn y Schwensteiger la bater\u00eda. Esta Alemania, que juega muy bien, tiene m\u00e1s velocidad 7y verticalidad pero menos toque y control de los partidos que la Espa\u00f1a de la Euro<\/p>\n<p>P.- Hola I\u00f1ako. En plan telegrama. \u00bf Kun o Villa ? \u00bf G\u00e1rate o Leivinha ? \u00bf Cruiff o Zidane ? \u00bf Menotti o Bilardo ? \u00bf U2 o DEPECHE MODE ?. Un saludo de un madridista. <\/p>\n<p>R.- Kun, G\u00e1rate, Cruyff, Menotti, los primeros U2<\/p>\n<p>P.- Hola I\u00f1ako. No te parece que la directiva piede una oportunidad de oro para haber reforzado el equipo como Dios manda aprovechando el rebufo del triunfo en la Europa League. A que esperan para fichar dos laterales, un central y un medio de categoria? y no me vale la excusa del dinero, pues que vendan a Ra\u00fal Garc\u00eda, Simao, Camacho y pongan un poco de pasta\u00a1\u00a1\u00a1<\/p>\n<p>R.- Me parece que cuando hac\u00e9is esas cuentas de la lechera nadie analiza la situaci\u00f3n econ\u00f3mica real. La Europa League es un refuerzo de cara a atraer buenos jugadores, pero econ\u00f3micamente no ha solucionado nada. Dais por hecho que el mundo est\u00e1 lleno de gente deseando comprar nuestras sobras pero, por ejemplo, a d\u00eda de hoy no hay ning\u00fan equipo dispuesto a asumir la ficha de Simao, no digamos ya pagar por \u00e9l. Y cuando dec\u00eds que pongan pasta, \u00bfa qu\u00e9 os refer\u00eds? \u00bfA que la generen espont\u00e1neamente? La hay o no la hay. Y no la hay.<\/p>\n<p>P.- hola, i\u00f1ako. yo hoy veo muy favorita a holanda, teniendo en cuenta que no juega luis suarez, y t\u00fa? que pasa con luis filipe? va a venir o es otro culebron veraniego? no me f\u00edo de Alemania, me paracen muy fuertes y no tienen nada que ver con el 2008&#8230; Salud!<\/p>\n<p>R.- A m\u00ed Holanda no me ha gustado ni un partido en todo el Mundial. Si contra Brasil se va al descanso perdiendo 3-0 a nadie le hubiera sorprendido visto lo visto y luego gan\u00f3 con dos accidentes y la enajenaci\u00f3n mental de una Brasil muy floja. O de golpe empieza a jugar hoy, que por futbolistas de ataque puede ser, o Uruguay tiene sus opciones aun sin Su\u00e1rez. <\/p>\n<p>P.- Muy buenas gran I\u00f1ako, es cierto que van a demamdar al depor o es solo para presionar, se va a hacer o ya hay otra opcion, el temita torres le ves jugando o va ser en lo unico que claudica del bosque presionado por los ciegos, a quien ves en la final, que te parece el cartel del fuengirola pop, ojala pudiera ir. Un saludo <\/p>\n<p>R.- Ya est\u00e1 demandado. Complica lo de Filipe, pero no lo descarta a\u00fan, porque tambi\u00e9n presiona en parte a Lendoiro que necesita q retiren la denuncia para no meterse en m\u00e1s problemas. El plan B es Taiwo. No s\u00e9 qu\u00e9 har\u00e1 Del Bosque, pero yo mantengo que para m\u00ed Torres debe ser titular<\/p>\n<p>P.- Una de audiencias: Cuando se habla de si a Espa\u00f1ala ven 12 o 13 millones,se incluyen los q est\u00e1n viendola en las plazas con pantallas gigantes o solo las q los ven en domicilios particulares?<\/p>\n<p>R.- El tema de las audiencias es para m\u00ed un misterio y eso que durante mucho tiempo llev\u00e9 la secci\u00f3n de TV. En teor\u00eda en determinadas casas hay unos aud\u00edmetros y a partir de ah\u00ed extrapolan a la poblaci\u00f3n general, pero yo nunca he conocido a nadie con un cacharro de esos. Supongo que dentro de esas proyecciones que se montan de cuatro datos incluir\u00e1n bares y lugares p\u00fablicos. Cu\u00e1nto de fiables son los datos, ya es otra cosa.<\/p>\n<p>P.- \u00bf\u00bfJugara Abreu??<\/p>\n<p>R.- Por lo que dec\u00edan ayer, no y a\u00fan no hay alineaci\u00f3n oficial. Aunque a m\u00ed no me sorprender\u00eda que Tab\u00e1rez sorprendiera y le metiese para no tener que cambiar el sistema y quitar a Forl\u00e1n de ese puesto de enganche donde tan bien est\u00e1 rindiendo. Para m\u00ed, si recula y vuelve al 4-4-2, ser\u00e1 una mala declaraci\u00f3n de intenciones.<\/p>\n<p>P.- I\u00f1ako figura, menos mal que ya es martes con tu entrevista.. \u00bfno crees que se le esta haciendo una persecucion a Torres que ya canta? vale que no esta en su mejor momento, pero muchos otros tampoco lo estan, ni estan haciendo un buen mundial, y sin embargo no veo criticas por ningun lado!! un abrazo crak!!<\/p>\n<p>R.- Torres est\u00e1 mal, es un hecho. Pero que si fuera barcelonista o madridista tendr\u00eda m\u00e1s defensores, tambi\u00e9n. <\/p>\n<p>P.- Hola fen\u00f3meno, \u00bfno hay opciones de que Quique reflexione con Diego Costa? Me parece su error m\u00e1s grande desde la injusticia con Dom\u00ednguez y la insistencia con Simao&#8230; <\/p>\n<p>R.- Comprendo a Quique. Diego Costa es un buen delantero (poco fiable mentalmente? pero sin mucho gol y no de \u00e1rea. No ofrece nada muy diferente a Kun y Forl\u00e1n. Tiene una pretemporada para hacer cambiar de idea a Quique, en cualquier caso<\/p>\n<p>P.- Hola I\u00f1ako,\u00bftu que opinas sobre las diferencias de la Espa\u00f1a de la Eurocopa a la de este mundial <\/p>\n<p>R.- Para m\u00ed, la diferencia n\u00famero 1 es la insistencia en poner juntos a Busquets y Xavi sacrificando as\u00ed a un jug\u00f3n y alejando a Xavi de la creaci\u00f3n de juego. Ah\u00ed es donde todo cambia. Luego est\u00e1n la baja forma de algunos de los h\u00e9roes de entonces como Torres y Silva. Y los rivales de aquella Eurocopa no fueron gran cosa: Rusia y Suecia ni se metieron en el Mundial, Grecia e Italia no han pasado la primera fase y Alemania es otra mucho mejor <\/p>\n<p>P.- hoal crack,\u00bfcual es el jugador mas desiquilibrante del mundial? y \u00bfquien crees que se llevara el mundial? muchas gracias por todo. ciao<\/p>\n<p>R.- N hay un n\u00famero 1 claro en este Mundial. Si hablamos de desequilibrio, Iniesta ha hecho una jugada decisiva por partido, aunque Muller, Schweinsteiger, Sneijder y Villa hayan sido m\u00e1s constantes. Espa\u00f1a <\/p>\n<p>P.- \u00bfComo le explico a mi sobrino de 10 a\u00f1os que Maradona no es un friki como la Esteban?<\/p>\n<p>R.- Coge un partido suyo al azar, el que salga, aunque sea un N\u00e1poles-Bari, y ponle 10 minutos. Maradona es dios<\/p>\n<p>P.- Hola I\u00f1ako, una pregunta del Atleti: Que opinas de Fran Merida? Es un fichaje para ahora o es un fichaje a largo plazo y tiene que mejorar mucho?Cuando oi que se venia me ilusione mucho pero ahora lo pienso y me doy cuenta que no es Cesc.. Otra de musica: Ya estoy un poco cansado de andar todo e dia con Arctic y Jet en el iPod, algun grupo que puedas reecomendarme de ese estilo? mil gracias campeon<\/p>\n<p>R.- Mucho me sorprender\u00eda que est\u00e9 para rendir ya visto lo que ha jugado en el Arsenal con Wenger, que si te ve listo te pone. Pero tiene mucho talento, con paciencia creo que ser\u00e1 importante a medio plazo <\/p>\n<p>P.- Yo se que hay poco dinero, yo se que los refuerzos son dificiles de contratar, pero al final \u00bfque diferencia hay entonces entre que este un director deportivo que conoce el mercado y sabe, supuestamente gestionarlo y yo que me muevo por lo que veo y no tengo ni idea del futbol por dentro?<\/p>\n<p>R.- Esa s\u00ed es la cuesti\u00f3n Si Filipe viene o no no ser\u00e1 culpa de Pitarch. El Atleti cree que en este mercado vale 12 y ofrece eso. Si no lo cogen, hace bien en no dar m\u00e1s de lo que vale. Otra cosa es que Pitarch tiene que tener una opci\u00f3n barata y buena por si eso falla: jugadores sin contrato, semidesconocidos en ligas menores, etc&#8230;Ah\u00ed es donde residir\u00e1 el \u00e9xito o fracaso del verano del Atleti. Pagar al Rennes o al Depor m\u00e1s de lo que crees que valen Fanni o Filipe no te hace mejor director deportivo. Encontrar buenas alternativas que t\u00fa o yo desconocemos, s\u00ed<\/p>\n<p>P.- Hola I\u00f1ako, estoy pensando volver a ver (por tercera vez) El Ala Oeste. \u00bfEstoy sano o debo ir al psicoanalista? Yo cambiar\u00eda al Liverpool al Kun por Torres pelo a pelo \u00bfDe verdad no voy al psicoanalista? \u00bfAntonio Vega o Joan Manuel Serrat?<\/p>\n<p>R.- ESt\u00e1s sano en lo del Ala Oeste. Sue\u00f1as en lo de Torres y Kun y Antonio Vega<\/p>\n<p>P.- Hola I\u00f1ako, crees que Eguren tendr\u00e1 minutos?<\/p>\n<p>R.- No<\/p>\n<p>P.- \u00bfqui\u00e9n crees que ganar\u00e1 el bal\u00f3n de oro?<\/p>\n<p>R.- Est\u00e1 en juego en el Mundial: Sneijder, Robben y Xavi tienen opciones. Si ninguno gana el t\u00edtulo como protagonista, Messi<\/p>\n<p>P.- \u00bfA que huele el Atleti de este a\u00f1o?, \u00bfDe verdad crees en la selecci\u00f3n?, yo la he visto jugar muy poquito, \u00bfalgo tendr\u00e1 que ver su entrenador?<\/p>\n<p>R.- Por ahora es inodoro, nos fata mucho por saber. Si traen dos defensas competentes y a Tiago, oler\u00e1 a tercero Creo que Espa\u00f1a tiene unos futbolistas tan buenos que siempre encuentra una soluci\u00f3n para los partidos pese a bajas formas y sistemas muy discutibles<\/p>\n<p>P.- Hola I\u00f1ako, \u00bfTe parece este un mundial a la altura de lo que se supone debe ser un mundial? \u00bfsabr\u00eda mejor la victoria habiendo ganado a Brasil o Argentina?\u00bfEste mundial esta a la altura del glamour de Sara Carbonero, jejejeje?<\/p>\n<p>R.- Me parece un Mundial al nivel de cualquiera de los recientes. El 90, el 94 y el 02 fueron peores. Esta Brasil ten\u00eda un talento impropio de su historia y un entrenador lamentable. Argentina ten\u00eda el talento pero muy desequilibrado. As\u00ed que la mejor forma de ganar este Mundial es ganando a Alemania, hasta ahora el mejor equipo<\/p>\n<p>P.- \u00bfI\u00f1ako, crees que holanda puede finiquitar el partido o es un partido que tiende a penales?<\/p>\n<p>R.- A mi me huele, al menos, a pr\u00f3rroga<\/p>\n<p>P.- hola, perdona que me desvie del tema pero me rehuso a las redes sociales -alguien tiene que conservar la especie cuando llegue el hartazgo creo yo &#8211; y a pesar de ya tener un mes de caducidad te lo pregunto por aqui&#8230;que te ha parecido el final de lost?&#8230;cursilerias y absurdos aparte (sayid no estaba prendado de Nadia pues?) nunca habia visto una serie cuyo final trascendiera tanto para englobar maduramente o despotricar su desarrollo, podrias regalarnos un mini-analisis? Para que recompraron a Suarez y Costa si no tienen sitio? no era mejor invertirlo en Tiago de una buena vez y no ahorita cerrarlo a la baja cuando ya hay ofertas?<\/p>\n<p>R.- Aborrec\u00ed el final de Lost en el momento de verlo. Seg\u00fan pasaron las horas me fui congraciando con \u00e9l: es digno. Pero no me parece que trascienda nada. Es una salida moderadamente satisfactoria a un embrollo de tal calibre que no ten\u00eda una soluci\u00f3n verdaderamente perfecta. Yo creo que Su\u00e1rez se quedar\u00e1. Y en cualquier caso ambos tienen un valor de mercado superior a sus cl\u00e1usulas de recompra, por lo que en el peor de los casos se gana dinero vendi\u00e9ndoles ahora<\/p>\n<p>P.- hola I\u00f1ako!! que le aconsejarias a un preuniversitario que va a acer periodismo y tiene como objetivo quitarte el puesto?? Gracias Crack!!!<\/p>\n<p>R.- Que te relajes, te lo pases bien y que cuando acabes yo ya estar\u00e9 jubilado<\/p>\n<p>P.- I\u00f1ako,me temo que nuevamente vamos a cometer el error de la temporada vendiendo a Diego Costa.Yo le he visto muchos partidos en el N.Zorrilla y tengo amigos en Vigo que tambien le vieron alli.Tiene clase,es fuerte fisicamente y&#8230;\u00a1\u00a1tiene solo 22 a\u00f1os\u00a1\u00a1.Seria una barbaridad venderle ya que es el tercer delantero perfecto para nuestro Atleti \u00bfque te parece a t\u00ed?. <\/p>\n<p>R.- Me parece que no tiene ni gol ni cabeza, dos problemas serios para un delantero que, eso s\u00ed, tiene unas cualidades excepcionales. Yo me guardar\u00eda una recompra<\/p>\n<p>P.- Mucho se habla que la MEJOR AFICI\u00d3N del MUNDO es la ATL\u00c9TICA y m\u00e1s tras lo vivido en la FINAL de COPA en BARNA&#8230;pero I\u00f1ako: \u00bf no crees que \u00e9sto se derrumba por el hecho de que todav\u00eda no hemos sido capaces de agotar las entradas disponibles para M\u00d3NACO del 27-A ? GRACIAS por tu contestaci\u00f3n<\/p>\n<p>R.- No. Se agotar\u00e1n, pero es un viaje caro y en pleno agosto para una afici\u00f3n que ya se ha tenido que pagar Hamburgo y Barcelona. Se agotar\u00e1n, pero es normal que no hayan volado<\/p>\n<p>P.- Hola! Una cortita.A Uruguay lo dan un poco por muerto en las semis. Pero crees que se puede? No seria linda una final Espana-Uruguay?<\/p>\n<p>R.- Creo que los que han dado por muerta tan pronto a Uruguay ni han visto jugar a Uruguay ni conocen la historia. Holanda es favorita, s\u00ed, pero no por mucho<\/p>\n<p>P.- Hola, I\u00f1ako. Ya s\u00e9 que eres un gran defensor de Torres, pero, \u00bfno crees que no est\u00e1 para ser titular? Ha hecho un gran esfuerzo para llegar tiempo al mundial y es de agradecer, pero se nota que no ha tenido tiempo suficiente para recuperarse. Con Cesc, Llorente o Silva jugar\u00edamos, en mi opini\u00f3n, con m\u00e1s opciones, \u00bfc\u00f3mo lo ves? \u00a1Aupaspa\u00f1a!<\/p>\n<p>R.- Creo que Torres al 70% es m\u00e1s determinante que casi todos al 100%. A\u00fan ni siquiera est\u00e1 ah\u00ed, pero era necesario darle estos minutos para intentar que lo est\u00e9 en la fase decisiva de ahora. Creo que no es casualidad que Villa siempre diga que \u00e9l prefiere jugar con Torres y creo que un Mundial se gana con detalles de los cracks. Dicho todo esto y que yo le mantendr\u00eda de titular, no pondr\u00eda el grito en el cielo si Del Bosque le sustituyera por Cesc o Silva, pero lo que no entiendo es el drama que se monta porque lo mantenga. Impensable en Portugal con Cristiano o en Inglaterra con Rooney, por ejemplo<\/p>\n<p>P.- Hola I\u00f1ako. Espa\u00f1a esta jugando menos futbol que en la eurocopa porque tiene miedo de ser sorprendida, tras el partido de suiza. Esto nos ha dado cortar mas posibilidades de peligro a los equipos contrarios. Yo creo que contra Alemania deber\u00eda seguir as\u00ed y tocar mucho para controlar el partido. Tu que opinas??<\/p>\n<p>R.- Y porque todos los equipos llevan dos a\u00f1os prepar\u00e1ndose para enfrentarse a esta Espa\u00f1a, cosa que no sucedi\u00f3 en la Eurocopa cuando sorprendimos a todo el mundo. Espa\u00f1a siempre toca mucho y eso no ha de cambiar contra Alemania. LO que tiene que lograr es recuperar la velocidad perdida.<\/p>\n<p>P.- A mi me gustaria una final para Espa\u00f1a, en el caso de que ganemos a Alemania, contra Holanda, pues creo que los Uruguayos se cerrarian muchisimo y ser\u00eda un partido muy aburrido. Y ademas, con muchos problemas para Espa\u00f1a. tu que opinas??? Gracias.<\/p>\n<p>R.- A mi me gustaria una final para Espa\u00f1a, en el caso de que ganemos a Alemania, contra Holanda, pues creo que los Uruguayos se cerrarian muchisimo y ser\u00eda un partido muy aburrido. Y ademas, con muchos problemas para Espa\u00f1a. tu que opinas??? Gracias.<\/p>\n<p>P.- \u00bfI\u00f1ako que piensas sobre lo que dice maradona de espa\u00f1a?<\/p>\n<p>R.- Pienso que MAradna ha jugado a quitar presi\u00f3n de los suyos atacando al resto, fuera Espa\u00f1a, fuera Brasil, fuera Alemania. No conviene tomar muy en serio lo que diga Maradona. Ni enfadarse por ello.<\/p>\n<p>P.- \u00bfHOLANDA-URUGUAY, te esperabas esta semifinal?<\/p>\n<p>R.- Evidentemente, no<\/p>\n<p>P.- I\u00f1ako crees que al Bar\u00e7a le vendria bien fichar a \u00d6zil?<\/p>\n<p>R.- Creo que todo lo que fiche el Bar\u00e7a a partir de ahora son lujos. Y Ozil, por estilo, edad y talento, me parece un lujazo perfecto para Guardiola<\/p>\n<p>P.- crees que forl\u00e1n puede ser bal\u00f3n de oro si uruguay gana el mundial o juega la final y \u00e9l marca en ambos partidos, semis y final?<\/p>\n<p>R.- No, porque a la hora de votar la Europa League se valora infinitamente menos que la Champions, porque su primera mitad de temporada fue mala, sus cifras de goles no han sido muy espectaculares y el Atleti acab\u00f3 muy abajo en la Liga. Pero podr\u00eda meterse en el Top-5<\/p>\n","protected":false},"excerpt":{"rendered":"<p>El Mundial llega a su punto m\u00e1s emocionante. La selecciones de Holanda y Uruguay luchar\u00e1n por una plaza en la final en un duelo sin un claro favorito. I\u00f1ako D\u00edaz-Guerra, Jefe de Secci\u00f3n de As ha charlado con los internautas sobre este espectacular duelo, as\u00ed como del resto de la actualidad mundialista, de las novedades relacionadas como el Atl\u00e9tico de Madrid y de otros temas tan mundanos como el baloncesto, la m\u00fasica o el cine.<\/p>\n<p>TWITTER DE I\u00d1AKO D\u00cdAZ-GUERRA <\/p>\n<p>ARCHIVO DE ENTREVISTAS:<\/p>\n<p>29 de junio &#8211; 22 de junio &#8211; 08 de junio &#8211; 01 de junio &#8211; 18 de mayo &#8211; 10 de mayo &#8211; 04 de mayo &#8211; 27 de abril &#8211; 20 de abril &#8211; 13 de abril &#8211; 06 de abril &#8211; 30 de marzo &#8211; 23 de marzo &#8211; 16 de marzo &#8211; 09 de marzo &#8211; 02 de marzo &#8211; 23 de febrero &#8211; 16 de febrero &#8211; 09 de febrero &#8211; 02 de febrero &#8211; 27 de enero &#8211; 20 de enero &#8211; 12 de enero &#8211; 05 de enero &#8211; 29 de diciembre &#8211; 22 de diciembre &#8211; 16 de diciembre &#8211; 10 de diciembre &#8211; 01 de diciembre &#8211; 24 de noviembre &#8211; 17 de noviembre &#8211; 10 de noviembre &#8211; 6 de noviembre &#8211; 3 de noviembre &#8211; 27 de octubre &#8211; 20 de octubre &#8211; 13 de octubre &#8211; 06 de octubre &#8211; 29 de septiembre &#8211; 22 de septiembre &#8211; 15 de septiembre &#8211; 08 de septiembre &#8211; 01 de septiembre &#8211; 25 de agosto &#8211; 18 de agosto &#8211; 11 de agosto &#8211; 27 de julio &#8211; 21 de julio &#8211; 14 de julio &#8211; 07 de julio &#8211; 30 de junio &#8211; 23 de junio &#8211; 16 de junio &#8211; 09 de junio &#8211; 02 de junio -26 de mayo -19 de mayo &#8211; 12 de mayo &#8211; 05 de mayo &#8211; 28 de abril &#8211; 21 de abril &#8211; 14 de abril &#8211; 07 de abril &#8211; 24 de marzo &#8211; 17 de marzo &#8211; 10 de marzo &#8211; 3 de marzo &#8211; 24 de febrero &#8211; 10 de febrero &#8211; 17 de febrero &#8211; 13 3 de enero &#8211; 2 3 de diciembre &#8211; 2 de diciembre &#8211; 25 de noviembre &#8211; 4 de noviembre &#8211; 18 de noviembre &#8211; 4 de noviembre &#8211; 11 de noviembre &#8211; 4 de noviembre &#8211; 24 de octubre &#8211; 7 de octubre &#8211; 30 de septiembre &#8211; 23 de septiembre &#8211; 16 de septiembre<\/p>\n","protected":false},"author":1,"featured_media":0,"comment_status":"open","ping_status":"open","sticky":false,"template":"","format":"standard","meta":{"footnotes":""},"categories":[],"tags":[],"class_list":["post-10798","post","type-post","status-publish","format-standard","hentry"],"_links":{"self":[{"href":"https:\/\/intervius.com\/index.html\/wp-json\/wp\/v2\/posts\/10798","targetHints":{"allow":["GET"]}}],"collection":[{"href":"https:\/\/intervius.com\/index.html\/wp-json\/wp\/v2\/posts"}],"about":[{"href":"https:\/\/intervius.com\/index.html\/wp-json\/wp\/v2\/types\/post"}],"author":[{"embeddable":true,"href":"https:\/\/intervius.com\/index.html\/wp-json\/wp\/v2\/users\/1"}],"replies":[{"embeddable":true,"href":"https:\/\/intervius.com\/index.html\/wp-json\/wp\/v2\/comments?post=10798"}],"version-history":[{"count":0,"href":"https:\/\/intervius.com\/index.html\/wp-json\/wp\/v2\/posts\/10798\/revisions"}],"wp:attachment":[{"href":"https:\/\/intervius.com\/index.html\/wp-json\/wp\/v2\/media?parent=10798"}],"wp:term":[{"taxonomy":"category","embeddable":true,"href":"https:\/\/intervius.com\/index.html\/wp-json\/wp\/v2\/categories?post=10798"},{"taxonomy":"post_tag","embeddable":true,"href":"https:\/\/intervius.com\/index.html\/wp-json\/wp\/v2\/tags?post=10798"}],"curies":[{"name":"wp","href":"https:\/\/api.w.org\/{rel}","templated":true}]}}