{"id":10796,"date":"2010-07-06T00:00:00","date_gmt":"2006-11-06T00:00:00","guid":{"rendered":"https:\/\/intervius.com\/index.html\/?p=10796"},"modified":"2006-11-06T00:00:00","modified_gmt":"2006-11-06T00:00:00","slug":"Mela_Chercoles10796","status":"publish","type":"post","link":"https:\/\/intervius.com\/index.html\/Mela_Chercoles10796\/","title":{"rendered":"Mela Ch\u00e9rcoles"},"content":{"rendered":"<p>Pregunta.- Hola Mela, los rumores que hay de la entrada de Aprilia y BMW con la vuelta a las 1000 \u00bfest\u00e1n bien fundados, existe real inter\u00e9s?<\/p>\n<p>Respuesta.- Hola a todos. Vaya semanitas de carreras que llevamos. He empalmado Mugello, con la Isla de Man, con Silverstone, Assen y Montmel\u00f3. Este fin de semana igual me encuentro desorientado sin viajar&#8230; Podr\u00e9 disfrutar con tranquilidad de las SBK en Brno y ver\u00e9 a Espa\u00f1a proclamarse campeona del mundo de f\u00fatbol en Sur\u00e1frica. Vamos al l\u00edo: Est\u00e1s bien informado, Iv\u00e1n. El incremento de cilindrada va a propociar una reducci\u00f3n de costes y la posibilidad de aumentar la parrilla, en gran medida, con la llegada de nuevas marcas. Aprilia y BMW lo tienen m\u00e1s f\u00e1cil que otras marcas porque ya tienen una mil en las SBK y seguro que apareccen otras.<\/p>\n<p>P.- Wenas Mela, Seg\u00fan la entrevista con Ezpeleta..\u00bfRossi corre en Alemania en una semana y pico??? Alucino con que alguien pueda estar recuperado en tan poco tiempo de una fractura tan jodi&#8230;Ser\u00e1n los avances de la ciencia (para los ricos, claro,si llego a ser yo a\u00fan estoy esperando que me den cita en la Seg. Social, jeje).Lo del hombro no me ha quedado claro \u00bfEst\u00e1 recuperado del cart\u00edlago o no? \u00bfO le van a poner un cart\u00edlago sint\u00e9tico? Explicaciones, please. Un saludo!<\/p>\n<p>R.- La lesi\u00f3n del hombro, probablemente, le va a hacer pasar por el quir\u00f3fano a final de a\u00f1o. Se lastim\u00f3 a mediados de abril el cart\u00edlago haciendo motocross, la semana previa al viaje a Jap\u00f3n, el que luego se cancel\u00f3 por la nube de ceniza volc\u00e1nica. Corri\u00f3 tocado en Jerez y Le Mans y, seg\u00fan se ha sabido, se lleg\u00f3 a plantear la posibilidad de no correr en Italia, pero lo hizo y en el libre del s\u00e1bado se fue al suelo, por un neum\u00e1tico trasero fr\u00edo, y se fractur\u00f3 la tibia y el peron\u00e9. De aquello hace hoy 31 d\u00edas y har\u00e1 43 el d\u00eda de las carreras en Alemania. Yo me enter\u00e9 el viernes de Montmel\u00f3 que Burgess estaba diciendo que \u00c9l Doctor volver\u00eda en Alemania, en Yamaha me dijeron que la recuperaci\u00f3n iba mejor de lo esperado y que no era imposible, el presidente de su Fan Club tambi\u00e9n lo ha dicho y el domingo por la ma\u00f1ana me reun\u00ed con Carmelo Ezpeleta, que me ha dicho lo que hab\u00e9is visto publicado en el AS y el Solo Moto de hoy, que corre en Alemania. Esta semana se va a probar con una Yamaha R1 en Misano y, si la prueba no sale mal, estar\u00e1 en Sachsenring.<\/p>\n<p>P.- hola mela,crees que el fallecido daijiro katoh hubiese podido ganar el mundial a rossi en la maxima categoria algun a\u00f1o de no ser por el accidente que le paso?<\/p>\n<p>R.- Nunca lo sabremos y, lo que est\u00e1 claro, es que era un pilotazo aunque en su primer a\u00f1o en MotoGP, en 2002, s\u00f3lo subi\u00f3 en un par de ocasiones al podio, con un s\u00e9ptimo puesto final. No es mal bagaje, pero viendo lo que hicieron a\u00f1os despu\u00e9s debutantes como Lorenzo y Pesdrosa&#8230; Se nos fue demasiado r\u00e1pido, en 2003, por un brutal accidente en Suzuka contra un muro.<\/p>\n<p>P.- \u00bfSi el a\u00f1o que viene est\u00e1n Pedrosa y Stoner en el mismo equipo,es decir,en el equipo HRC,quien de los dos se impondr\u00e1 como piloto n\u00famero 1? Yo veo muy bien a Pedrosa y a Stoner que era el favorito para este a\u00f1o est\u00e1 bastante por debajo de Dani?<\/p>\n<p>R.- Los resultados de las carreras marcar\u00e1n la jerarqu\u00eda dentro del box de HRC, y no te olvides que Dovizioso, si acaba entre los cinco primeros, renueva autom\u00e1ticamente, as\u00ed que habr\u00e1 tres motos. Y puede que hasta una cuarta, porque a Simoncelli tambi\u00e9n se le habl\u00f3 de ser piloto oficial a partir de la segunda temporada. En cuanto a los resultados de este a\u00f1o de Pedrosa y Stoner, est\u00e1 claro que el espa\u00f1ol est\u00e1 por encima del australiano, que s\u00f3lo ha subido al podio en un par de ocasiones. Yo le se\u00f1al\u00e9 en invierno como el favorito n\u00famero uno al podio, as\u00ed que para m\u00ed ha sido la gran decepci\u00f3n de la temporada y me ha hecho quedar fatal&#8230; Aunque de eso me alegro, \u00a1\u00a1\u00a1porque el t\u00edtulo va a ser para Lorenzo!!!<\/p>\n<p>P.- \u00bfLo de Pol Espargar\u00f3 es de pillarle en caliente? Es que siempre se esta quejado que si el uno o el otro le hacen tal o pascual cosa y si no es de pillarlo en caliente en Moto2 lo puede pasar realmente mal viendo como son las carreras.<\/p>\n<p>R.- Hay mucha tensi\u00f3n y Pol siente mucha presi\u00f3n, porque estaba llamado a ser campe\u00f3n del mundo este a\u00f1o, o as\u00ed lo ve\u00eda \u00e9l, y le ha salido un grano en el culo m\u00e1s que doloroso. Me refiero a M\u00e1rquez. Sin embargo, no hay nada dicho todav\u00eda en 125cc y Pol tiene tantas posibilidades como Marc de ser campe\u00f3n. Hace falta ver qu\u00e9 pasa con Terol, para cu\u00e1nto tiempo tiene. La gran noticia es que hoy mismo le han dado el alta. Y volviendo a Pol, paciencia con \u00e9l, que es un gran piloto y un chaval encantador.<\/p>\n<p>P.- Hola Mela Que pasa con Ianonne que marca tanta diferencia con el resto? va \u00e9l por o va demasiado la moto por motor o por tema aerodin\u00e1mico al llevar los carenados de las nonatas aprilias de gp2?<\/p>\n<p>R.- Aunque hay sospechas de que su moto pueda llevar algo diferente a las otras, no ha cantado en ninguna de las numerosas revisiones t\u00e9cnicas a las que son sometidas las mec\u00e1nicas. Est\u00e1 claro que los carenados de su Speed Up son mejores que los dem\u00e1s, porque su aerodin\u00e1mica es mucho mejor, como se ve en el rendimiento de velocidades punta de un piloto corpulento como Iannone. Son los destinados a las Aprilia que se quedaron en el museo de Noale, pero tambi\u00e9n son los mismos que lleva su compa\u00f1ero Talmacsi, al que el italiano le est\u00e1 mojando la oreja sistem\u00e1ticamente.<\/p>\n<p>P.- Hola, Mela. \u00bfQu\u00e9 noticias tenemos de la salud de Carmelo Morales? Ese chico ha vuelto a nacer, hac\u00eda tiempo que no ve\u00eda un accidente tan feo, lo v\u00ed muy chungo. Saludos y MUCHO ANIMO a ese pilotazo que es Carmelito.<\/p>\n<p>R.- Carmelito est\u00e1 espectacular. Cuando nos vimos el jueves, me dijo que ten\u00eda que hacer algo para salir en la tele. Cuando fue a verle el domingo por la tele, despu\u00e9s de ese terror\u00edfico accidente pero sabiendo que estaba sano y salvo, va y me dice el cachondo: &#8220;\u00bfQu\u00e9, Mela, he salido o no he salido en el Telediario?&#8221;. Le dol\u00eda m\u00e1s no haber acabado la carrera que la ca\u00edda, aunque \u00e9l y la moto cruzaron la meta por separado. Le excluyeron de la carrera y le dejaron con una vuelta menos porque dec\u00edan que no hab\u00eda habido contacto, cuando la verdad es que s\u00ed que lo hubo porque la moto le golpe\u00f3 tres veces. Lo que result\u00f3 bochornoso fue ver a dos polic\u00edas locales levantarle del suelo como si fuera un saco de patatas. Si hubiera tenido cualquier lesi\u00f3n medular se la habr\u00edan agravado m\u00e1s. \u00a1\u00a1\u00a1Vaya incompetentes!!! Estar\u00e1 en el CEV este fin de semana y viajar\u00e1 a Alemania en dos semanas por si all\u00ed tampoco puede salir Axel Pons.<\/p>\n<p>P.- Mela! \u00bfpor qu\u00e9 se corre solo MotoGp en Laguna Seca? \u00bfPor presupuesto?Un abrazo<\/p>\n<p>R.- Porque a los estadounindeses s\u00f3lo le gustan las motos gordas y para abaratarle costes a los equipos de las otras dos cilindradas. Yo estoy en contra de esa medida, pero evidentemente mi opini\u00f3n no cuenta nada.<\/p>\n<p>P.- Mela! \u00bfpudistes ver a Rafa Nadal en la final de Wimbledon? gracias<\/p>\n<p>R.- Claro que lo vi. En la sala de prensa ponemos siempre el evento deportivo de turno cuando acaban los entrenamientos y las carreras. Nadal es un grande de Espa\u00f1a y me ha gustado que a partir de su \u00faltimo triunfo, cuando hablan de lo bien que funciona el deporte espa\u00f1ol, ya dicen, Gasol, Nadal, Alonso y Lorenzo. Antes no inclu\u00edan al mallorqu\u00edn, pero ya s\u00ed&#8230;<\/p>\n<p>P.- Si Rossi deja Yamaha y Spies no ocupa puesto de piloto oficial \u00bfqui\u00e9n podria ocupar su plaza?<\/p>\n<p>R.- La vacante de Rossi en el Fiat Yamaha ser\u00e1 ocupada por Ben Spies s\u00ed o s\u00ed.<\/p>\n<p>P.- Mela! \u00bf C\u00f3mo ves uno por uno a los tres principales aspirantes al t\u00edtulo de 125 c.c? gracias<\/p>\n<p>R.- Terol tiene ahora menos posibilidades que los otros tres por haberse fracturado dos v\u00e9rtebras en su ca\u00edda de la \u00faltima vuelta de Montmel\u00f3 mientras defend\u00eda el liderato de la general. Le han dado el alta esta misma tarde. Os paso sus declaraciones: &#8220;Aunque me han tratado estupendamente en el Hospital General de Catalu\u00f1a, ten\u00eda muchas ganas de salir ya, y poner rumbo a casa. Hoy he dado mis primeros pasos, y al caminar sent\u00eda pinchazos en el pecho. Me molesta bastante pero estoy muy animado, ya tengo ganas de empezar a trabajar con el fisioterapeuta para recuperarme. Voy a hacer lo que sea necesario para estar de vuelta en Alemania. Todav\u00eda es un poco pronto porque estoy convaleciente, pero mi intenci\u00f3n es trabajar en la recuperaci\u00f3n, y ver c\u00f3mo responde mi cuerpo. La verdad es que la ca\u00edda fue una l\u00e1stima, porque me encontr\u00e9 muy a gusto durante toda la carrera, y creo que hubiera tenido opciones de podio. Se rod\u00f3 a un ritmo alt\u00edsimo, y estuve tirando del grupo la mayor parte del tiempo&#8221;. En cuanto a los otros dos, Pol me parece muy bueno, r\u00e1pido y valiente, y M\u00e1rquez un megacrack llamado a hacer historia.<\/p>\n<p>P.- Mela!! por la forma de pilotar de Marc Marquez \u00bfa qui\u00e9n se parece mas a Lorenzo o Pedrosa? gracias<\/p>\n<p>R.- Tiene cosas de los dos. Es tan pele\u00f3n como lo era Lorenzo y recuerda por tama\u00f1o y colores a Pedrosa.<\/p>\n<p>P.- Es tan superior la Yamaha a las dem\u00e1s motos como parece? Crees que aparte de la destreza de Lorenzo la moto tiene mucho que ver con los buenos resultados de Lorenzo?<\/p>\n<p>R.- La moto tiene que ver con los buenos y los malos resultados de cada piloto, pero en este deporte el m\u00e9rito est\u00e1 distribuido al 50 por ciento. No tiene nada que ver con la F-1, que yo valoro en 70% para el coche y 30% para el piloto. En las motos hemos visto en innumerables ocasiones a pilotos capaces de ganar con una moto que no es la mejor, porque ellos eran capaces de poner lo que le faltaba a la moto. Y adem\u00e1s de eso, que es vital, est\u00e1 la capacidad t\u00e9cnica y de evoluci\u00f3n de los pilotos con las motos. El ejemplo m\u00e1s claro de ello es Valentino Rossi, que dej\u00f3 la Honda, porque dec\u00edan que ganaba porque ten\u00eda la mejor moto, para irse con una floja Yamaha M1 que entonces estaba por debajo de la Honda y de la Ducati. A d\u00eda de hoy, la Yamaha es la moto m\u00e1s equilibrada, la que menos cambia de circuito a circuito, lo que es una ventaja, pero creo que el mejor motor lo tiene la Honda.<\/p>\n<p>P.- Es verdad que tanto Dani como Dovizioso tienen una clausula en el contrato donde pone que se les renovar\u00eda el contrato autom\u00e1ticamente si quedan entre los tres primeros? Si es as\u00ed y si lo de Stoner con Honda est\u00e1 hecho que panorama se presenta para Honda el a\u00f1o que viene?<\/p>\n<p>R.- Del panorama de Honda ya he hablado antes y creo que veremos m\u00e1s de dos motos en el box oficial. Stoner est\u00e1 fichado, Dovizioso renovar\u00e1 autom\u00e1ticamente si acaba entre los cinco primeros y Pedrosa debe renovar con Honda porque Repsol quiere un espa\u00f1ol en el equipo, pero seg\u00fan me han dicho a m\u00ed, Dani no tiene esa cl\u00e1usula. Y a ellos tres se podr\u00eda unir Simoncelli, que le han prometido car\u00e1cter de oficial.<\/p>\n<p>P.- \u00bfNo crees que Pedrosa tras estas dos \u00faltimas carreras ha demostrado que es mejor piloto que nunca? En Assen puso lo que la moto no ten\u00eda tras un fin de semana horroroso y en Montmel\u00f3 tuvo que arriesgar m\u00e1s que nunca y realiz\u00f3 una remontada a lo Rossi.Adem\u00e1s se le ve m\u00e1s agresivo, frenando m\u00e1s fuerte a pesar de que la Honda es muy inestable y en ambas carreras ha sostenido a Stoner sin cometer ning\u00fan error y con bastante autoridad?<\/p>\n<p>R.- Estoy completamente de acuerdo contigo. Dani va a m\u00e1s, como piloto y como persona, porque ha mejorado un mont\u00f3n su relaci\u00f3n con los medios, incluido el m\u00edo, y su carrera en Montmel\u00f3 fue espectacular. Tras salirse en la primera curva, por quedarse sin freno delantero, volvi\u00f3 a la pista en la novena plaza y remont\u00f3 con firmeza y celeridad hasta la tercera. Luego se aprovech\u00f3 de la ca\u00edda de Dovizioso para ser segundo. Lo que no s\u00e9 es si habr\u00eda aguantado la rueda de Lorenzo toda la carrera. En Assen, efectivamente, puso lo que le faltaba a la moto, que es lo que yo siempre le he pedido que haga y que, por su condici\u00f3n f\u00edsica, le cuesta m\u00e1s que a otros. All\u00ed hubo un error humano en el box, un problema con un muelle equivocado estropeaba toda la puesta a punto. En carrera remont\u00f3 como un jabato, aunque ech\u00e9 de menos que le metiera la rueda a Lorenzo.<\/p>\n<p>P.- Sr.Chercoles, la semana pasada Vd califico a la Suzuki de botijo(que yo tb pienso lo mismo)pero \u00bfno crees que tras los resultados de este GP es menos botijo?gracias majo<\/p>\n<p>R.- Qu\u00e9 va, sigue siendo la peor moto de la parrilla, un botijo en toda regla comparada con las otras motos oficiales. F\u00edjate qu\u00e9 nivel tiene que su comportamiento en la pista depende de que haga o no haga calor. Cuanto m\u00e1s calor, m\u00e1s tracci\u00f3n, y Montmel\u00f3 fue una sauna. El bueno de Bautista, que hizo su mejor resultado de la temporada, dijo despu\u00e9s que habr\u00eda que rezar para que hiciera calor en todas las carreras que quedan. As\u00ed est\u00e1n las cosas.<\/p>\n<p>P.- Mela!! vuelven mis rondas de preguntas r\u00e1pidas \u00bfTerol, Espargaro o Marquez? \u00bf Cafe o Infusi\u00f3n? \u00bfdesayuno de churros o un buen almuerzo? \u00bfDucati, Honda o Yamaha? \u00bf lube o Guzzi? y para acabar \u00bfHolanda, Uruguay, Alemania o Espa\u00f1a? gracias y encantado<\/p>\n<p>R.- M\u00e1rquez. Infusi\u00f3n. No desayuno y, si lo hago, como en los circuitos, luego no como. Yamaha. Guzzi. \u00a1\u00a1\u00a1ESPAAAAAAAAAAAAAAAAAAAAAAAAA\u00d1A!!!<\/p>\n<p>P.- Hola Mela, saludos desde Cuba. \u00bfQue crees del tremend\u00edsimo contraste entre el fichaje de Honda por De Angelis para sustituir a Ahoyama y de Yamaha a Yoshiwara por Valentino, de Lorenzo en la punta de la carrera y del sustituto de Rossi perdido?&#8230; \u00a1Compadre, con el mont\u00f3n de buenos corredores esperando fuera, para mi eso desluce el Motogp!. Me gustar\u00eda verle la cara, sobre todo a Burgess teniendo que atender a un ?corredor? que literalmente esta ?paseando?? Si, si, porque evidentemente eso es lo que ha hecho el japon\u00e9s: Pasear y no correr. Y no me digan que ?probar? porque aqu\u00ed se viene a correr y no a eso. \u00bfOK? \u00a1Vamos Valentino recup\u00e9rate y ven que esto duele m\u00e1s que tu lesi\u00f3n y ausencia juntas!. Saludos y feliz d\u00eda.<\/p>\n<p>R.- Hola Bebo. El otro d\u00eda te ped\u00ed tu email pero no me lleg\u00f3. Estoy pensando en darme una vuelta en moto por Cuba, pero tengo que hablar contigo para que me cuentes como est\u00e1n las cosas y si merece la pena. Hazme llegar tu email a trav\u00e9s de un comentario en BOX34, mi blog en AS.COM o hazte seguidor m\u00edo en Twitter (b\u00fascame como ASMELACHERCOLES). En cuanto a tu pregunta, no tengo m\u00e1s que decir que estoy completamente de acuerdo contigo. Yoshikawa, de 41 a\u00f1os, desluci\u00f3 la parrilla m\u00e1s que mejorarla. Burgess nunca hab\u00eda tenido a un piloto en su vida en la \u00faltima plaza. Entre el japon\u00e9s y Lorenzo, que part\u00eda desde la pole, los ten\u00edan a todos rodeados.<\/p>\n<p>P.- Cuentanos como est\u00e1 la situaci\u00f3n de Moto3 &#8211; 250cc4T para el 2012??<\/p>\n<p>R.- As\u00ed es. No s\u00e9 yo si eso va a ser poca chicha. En un principio se hab\u00eda o\u00eddo hablar de 450cc de 4T para sustituir a las actuales 125cc, pero la MSMA se ha decantado por motores de 250cc de 4T. Lo anunciar\u00e1n en breve.<\/p>\n<p>P.- Hola Mela, acabo de ver tu respuesta. \u00bfde verdad viajas tanto por las motos? \u00bfY tu familia que dice?<\/p>\n<p>R.- Mi mujer me conoci\u00f3 ya siendo as\u00ed. Adem\u00e1s, en invierno no viajo pr\u00e1cticamente y puedo hacer una vida m\u00e1s normal de noviembre a marzo. Lo que no soporto es ver las carreras desde casa, algo que alguna vez me ha tocado hacer por problemas de presupuesto.<\/p>\n<p>P.- Hola Mela. Teniendo en cuentas que pr\u00e1cticamente en cada carrera de Motogp este a\u00f1o tenemos menos pilotos en la parrilla por una causa u otra, que se sabe de FBCorse e Imotec, corren o no???&#8230; Gracias y feliz d\u00eda. Forza Valentino<\/p>\n<p>R.- Inmotec ten\u00eda que haber debutado en Montmel\u00f3 y han preferido retrasar su estreno. En cuanto a FB Corse, en Montmel\u00f3 estuvo el bueno de McCoy, su piloto, y al preguntarle si ya hab\u00eda abandonado del todo ese proyecto, como se ha comentado, me dijo que no, que sigue adelante pero con otros responsables en el proyecto. Se le ve\u00eda muy implicado y con ganas de que esa moto est\u00e9 alg\u00fan d\u00eda en MotoGP. Veremos aunque a m\u00ed, sinceramente, me da igual que haya 17 motos que 22. Lo que quiero es que haya por lo menos seis pilotos en condiciones de ganar cada carrera.<\/p>\n<p>P.- Hola Mela: \u00bfCrees de verdad que Pedrosa conseguir\u00e1 poner un poco de emoci\u00f3n a la segunda mitad del campeonato? \u00bfY crees que Lorenzo estar\u00eda l\u00edder si Rossi no estuviera fuera de juego? Saludos&#8230;<\/p>\n<p>R.- Creo que este a\u00f1o era y es el de Lorenzo con o sin Rossi en la pista, pero es algo que nunca sabremos, pero que me han ratificado gente de la talla de Carl Foggarty. Si te fijas, Lorenzo cada a\u00f1o mejora algo y \u00e9ste sigue siendo tan r\u00e1pido como lo era el a\u00f1o pasado, pero sin cometer ning\u00fan fallo. Rossi iba con el gancho en el cuello este a\u00f1o y, cuando se lesion\u00f3, iba por detr\u00e1s de Lorenzo en la general, a nueve puntos, con una carrera ganada por las dos del espa\u00f1ol. En cuanto a tu pregunta sobre Pedrosa, el campeonato este a\u00f1o no tendr\u00e1 emoci\u00f3n en la segunda mitad porque Lorenzo lo ha finiquitado ya. Puede haber grandes carreras con pelea por la victoria, pero nada m\u00e1s, ya sea con Pedrosa, con Stoner o con Rossi recuperado. <\/p>\n<p>P.- despues de esta lesion y con su paso a ducati&#8230;..auguras una retirada con dignos resultados de rossi?<\/p>\n<p>R.- Rossi ser\u00e1 competitivo siempre, incluso retirado.<\/p>\n<p>P.- \u00bfHonda teniendo en cuenta el pepino que tienen como Motor y que Yamaha en este aspecto es su \u00fanico punto d\u00e9bil, crees que Pedrosa puede tener ventaja a final de temporada y conseguir varias victorias que le puedan meter presi\u00f3n a Lorenzo?<\/p>\n<p>R.- La \u00fanica presi\u00f3n que va a sentir Lorenzo es la que \u00e9l mismo se quiera meter. Espero que Pedrosa gane m\u00e1s carreras y que este a\u00f1o, por fin, pueda sumar m\u00e1s de dos en una misma temporada, que es su promedio en los cuatro a\u00f1os anteriores. Ya lleva una, la de Italia.<\/p>\n<p>P.- \u00bfQu\u00e9 le pas\u00f3 a Pedrosa en la primera curva tras realizar otra salida fant\u00e1stica?<\/p>\n<p>R.- Le peg\u00f3 un trallazo el manillar en plena aceleraci\u00f3n y eso hizo que se le abrieran las pastillas del freno delantero. Cuando fue a frenar, no hab\u00eda freno. Bombe\u00f3 varias veces y cuando todo volvi\u00f3 a la normalidad ya se hab\u00eda colado.<\/p>\n","protected":false},"excerpt":{"rendered":"<p>Lorenzo sigue con paso firma hacia la conquista de su primer t\u00edtulo de MotoGP. El piloto mallorqu\u00edn no encuentra oposici\u00f3n desde el accidente de Rossi y sum\u00f3 en Montmel\u00f3 su quinto triunfo de la temporada, el tercero logrado de forma consecutiva. Mientras, en 125 estamos asistiendo al nacimiento de una nueva figura del motocilismo, Marc M\u00e1rquez, que se anot\u00f3 su cuarto triunfo consecutivo y ya es l\u00edder del Mundial de 125 cc. Mela Ch\u00e9rcoles, enviado especial de AS a los GP de motociclismo, ha charlado con los internautas sobre todo lo acontecido en Montmel\u00f3.<\/p>\n","protected":false},"author":1,"featured_media":0,"comment_status":"open","ping_status":"open","sticky":false,"template":"","format":"standard","meta":{"footnotes":""},"categories":[],"tags":[],"class_list":["post-10796","post","type-post","status-publish","format-standard","hentry"],"_links":{"self":[{"href":"https:\/\/intervius.com\/index.html\/wp-json\/wp\/v2\/posts\/10796","targetHints":{"allow":["GET"]}}],"collection":[{"href":"https:\/\/intervius.com\/index.html\/wp-json\/wp\/v2\/posts"}],"about":[{"href":"https:\/\/intervius.com\/index.html\/wp-json\/wp\/v2\/types\/post"}],"author":[{"embeddable":true,"href":"https:\/\/intervius.com\/index.html\/wp-json\/wp\/v2\/users\/1"}],"replies":[{"embeddable":true,"href":"https:\/\/intervius.com\/index.html\/wp-json\/wp\/v2\/comments?post=10796"}],"version-history":[{"count":0,"href":"https:\/\/intervius.com\/index.html\/wp-json\/wp\/v2\/posts\/10796\/revisions"}],"wp:attachment":[{"href":"https:\/\/intervius.com\/index.html\/wp-json\/wp\/v2\/media?parent=10796"}],"wp:term":[{"taxonomy":"category","embeddable":true,"href":"https:\/\/intervius.com\/index.html\/wp-json\/wp\/v2\/categories?post=10796"},{"taxonomy":"post_tag","embeddable":true,"href":"https:\/\/intervius.com\/index.html\/wp-json\/wp\/v2\/tags?post=10796"}],"curies":[{"name":"wp","href":"https:\/\/api.w.org\/{rel}","templated":true}]}}