{"id":10787,"date":"2010-07-05T00:00:00","date_gmt":"2006-11-06T00:00:00","guid":{"rendered":"https:\/\/intervius.com\/index.html\/?p=10787"},"modified":"2006-11-06T00:00:00","modified_gmt":"2006-11-06T00:00:00","slug":"Javier_Velasco10787","status":"publish","type":"post","link":"https:\/\/intervius.com\/index.html\/Javier_Velasco10787\/","title":{"rendered":"Javier Velasco"},"content":{"rendered":"<p>Pregunta.- Buenos d\u00edas, Javier. \u00bfEn qu\u00e9 consiste el MAB? \u00bfQu\u00e9 empresas cotizan en \u00e9l? Gracias.<\/p>\n<p>Respuesta.- Hola Jose Antonio, NEURON ha sido la s\u00e9ptima empresa en incoporarse al MAB, la primera biotecnol\u00f3gica y la primera que cotiza en continuo. El MAB es un mercado bursatil para empresas de peque\u00f1a capitalizaci\u00f3n y que buscan expandirse, con una regulaci\u00f3n a medida, dise\u00f1ada espec\u00edficamente para ellas y unos costes y procesos adaptados a sus caracter\u00edsticas. <\/p>\n<p>P.- \u00bfPor que eligieron el MAB como opci\u00f3n para financiarse?<\/p>\n<p>R.- Hola Martina, Pensamos que en estos momentos de crisis hay que adaptarse a las circunstancias lo m\u00e1s r\u00e1pido posible. En este sentido hay una serie de caracter\u00edsticas que creemos b\u00e1sicas para el desarrollo de este tipo de empresas: transparencia, notoriedad, liquidez y capacidad de crecimiento. El MAB es una fuente de finaciaci\u00f3n con valor a\u00f1adido ya que aporta estas ventajas adicionales. Saludos, <\/p>\n<p>P.- Buenos d\u00edas Javier, \u00bfno cree que con lo vol\u00e1tiles que est\u00e1n los mercados, es mal momento para salir a Bolsa? Gracias por su respuesta. Saludos<\/p>\n<p>R.- Hola Victoria, Gracias por su pregunta. Para nosotros era el momento adecuado. Estaba previsto en nuestro plan de negocio, ahora tenemos la estructura accionarial adecuada y adem\u00e1s quer\u00edamos aprovechar la oportunidad de ser la primera biotecnol\u00f3gica en este mercado. No nos preocupa excesivamente el corto plazo sino el recorrido a largo plazo de la empresa. Saludos, <\/p>\n<p>P.- Buenos d\u00edas. Quer\u00eda saber cu\u00e1ntos inversores particulares hab\u00e9is conseguido. Muchas gracias. Un saludo.<\/p>\n<p>R.- Hola Eusebio, Buenos d\u00edas. La OPS (Oferta P\u00fablica de Subscripci\u00f3n) se cubri\u00f3 el primer d\u00eda y al finalizar el periodo de subscripci\u00f3n se superaron los 2.500 accionistas, la mayor parte de ellos particulares. Saludos,<\/p>\n<p>P.- Hola Javier, me gustar\u00eda saber hasta que punto la crisis econ\u00f3mica afecta a vuestro negocio. Gracias<\/p>\n<p>R.- Hola Carola, Nosotros tenemos ciclos de desarrollo largos que no se ven tan afectados por las crisis, sin embargo no podemos decir que somos &#8220;inmunes&#8221; porque a todo el mundo le efacta. Nosotros lo notamos principalmente el a\u00f1o pasado por la crisis crediticia. A nivel de negocio aumentamos nuestra facturaci\u00f3n en m\u00e1s del 50% y este a\u00f1o esperamos seguir creciendo. Saludos,<\/p>\n<p>P.- Se\u00f1or Velasco, \u00bfqu\u00e9 claves o consejos dar\u00eda a las empresas que quieran ingresar al MAB?<\/p>\n<p>R.- Hola Mar\u00eda, Gracias por su pregunta. Nuestra experiencia es muy reciente pero creo que es clave encontrar buenos compa\u00f1eros de viaje. En nuestro caso nos hemos apoyado en Renta 4 como Asesores Registrados, Colocadores y Proveedores de Liquidez. Su experiencia en el sector bursatil ha sido muy importante para el \u00e9xito de la operaci\u00f3n. Por otro lado, creo que es importante que no se pierdan las raices de la empresa y el sentido com\u00fan. Somos una empresa peque\u00f1a y no podemos volvernos locos con los gastos de comunicaci\u00f3n, asesor\u00eda, etc. Se puede hacer una buena operaci\u00f3n sin disparar los gastos. Saludos, <\/p>\n<p>P.- \u00bfCree que sus competidoras seguir\u00e1n su ejemplo y saldr\u00e1n al MAB? <\/p>\n<p>R.- Hola Mayte, Pues parece que hay una cuantas empresas biotecnol\u00f3gicas interesadas en incorporarse al MAB. Se habla de 4 o 5 m\u00e1s este a\u00f1o pero supongo que cada una tendr\u00e1 sus circunstancias particulares para hacerlo antes o despu\u00e9s. En cualquier caso no creo que en los pr\u00f3ximos 3-4 a\u00f1os se incorporen m\u00e1s de 10-15 empresas bio al MAB. Saludos, <\/p>\n<p>P.- \u00bfCu\u00e1l cree que es el futuro del MAB?<\/p>\n<p>R.- Hola Jes\u00fas, Pues creo que puede ser una herramienta muy importante para la financiaci\u00f3n de las empresas de base tecnol\u00f3gica. Por desgracia la salida a bolsa todav\u00eda es una asignatura pendiente del sector de la biotecnolog\u00eda en Espa\u00f1a, pero es una de las mejores fuentes de financiaci\u00f3n en los pa\u00edses en las que estas empresas est\u00e1n m\u00e1s desarrolladas. Tenemos como referencia el \u00edndice NASDAQ Biotechnology de EEUU y en Europa el AIM y Alternext. Estos deber\u00edan ser nuestros modelos. Saludos, <\/p>\n<p>P.- Apenas han pasado dos d\u00edas desde que su compa\u00f1\u00eda sali\u00f3 a Bolsa, \u00bfcu\u00e1l es el balance que hace de esta experiencia? Gracias<\/p>\n<p>R.- Hola Pepe, Como dices a\u00fan estamos &#8220;en caliente&#8221; pero de momento el balalnce ha sido muy positivo. La visibilidad de la empresa ha aumentado notablemente, hemos conseguido completar de forma exitosa la OPS y ahora tenemos una herramienta para el crecimiento futuro de la empresa. Por otro lado le estamos dando liquidez a los accionistas y, de momento, estamos subiendo. Por tanto, el balance es muy positivo. Saludos, <\/p>\n<p>P.- Hola. \u00bfC\u00f3mo crees que va a comportarse la acci\u00f3n?. Gracias<\/p>\n<p>R.- Hola Tila, L\u00f3gicamente esperamos que refleje el desarrollo de la empresa y en este sentido NEURON BPh est\u00e1 en plena expansi\u00f3n, con proyectos muy prometedores tanto en el \u00e1rea biofarmac\u00e9utica como en el \u00e1rea bioindustrial. Neuron BPh ofrece la posibilidad de participar de un ambicioso proyecto pionero en Espa\u00f1a y con el respaldo de una plantilla con m\u00e1s de 20 a\u00f1os de experiencia en un sector tan nuevo como es el de la biotecnolog\u00eda. A\u00fan contando con el riesgo innato de un proyecto de este tipo, el modelo h\u00edbrido de la compa\u00f1\u00eda, el cual combina la din\u00e1mica de una empresa de desarrollo de bioprocesos que genera ingresos desde el primer a\u00f1o de actividad, con el de una empresa de descubrimiento de f\u00e1rmacos y nutrac\u00e9uticos con mayores ingresos pero a largo plazo, minimiza el riesgo ya que los ingresos de la primera actividad financian a la segunda. <\/p>\n<p>P.- Esta claro que el Ibex ha dejado de ser una referencia de la situaci\u00f3n de la econom\u00eda espa\u00f1ola. \u00bfCree usted que el MAB puede llegar a ser un \u00edndice de refencia? Un saludo.<\/p>\n<p>R.- Hola Juan, Pues de momento no. El MAB a\u00fan est\u00e1 en desarrollo (estamos 7 empresas) y tardar\u00e1 unos a\u00f1os en alcanzar volumen. Creo que las grandes empresa que cotizan en el IBEX35 seguir\u00e1n siendo los motores de la econom\u00eda espa\u00f1ola. Sin embargo el desarrollo del MAB si que puede ser un buen indicador de la madurez de las PYMES espa\u00f1olas (principalmente de las de base tecnol\u00f3gica). Saludos, <\/p>\n<p>P.- \u00bfCu\u00e1l ha sido el coste total de la operacion de entrada en el MAB?<\/p>\n<p>R.- Hola Juanma, En nuestro caso el coste total de la operaci\u00f3n ha estado en torno al 7-8% del capital conseguido. Saludos, <\/p>\n<p>P.- Hola Javier. \u00bfCree que otras compa\u00f1\u00edas que salgan al MAB en los pr\u00f3ximos meses tambi\u00e9n cotizar\u00e1n en mercado abierto?<\/p>\n<p>R.- Hola Tabi, No es f\u00e1cil para una PYMES conseguir m\u00e1s de 2.500 accionistas. Nosotros lo hemos logrado gracias al buen trabajo de Renta4 y a una labor de difusi\u00f3n boca a boca. Si se consigue creo que es la mejor opci\u00f3n para asegurar la liquidez de las acciones. Saludos, <\/p>\n<p>P.- Buenos dias, \u00bfc\u00f3mo ha sido la entrada de su empresa en el MAB?<\/p>\n<p>R.- Hola Miguel\u00f3n, Para nosotros ha sido como la puesta de largo de la empresa. Estamos en un buen momento ya que durante este a\u00f1o hemos asegurado la financiaci\u00f3n de la empresa para los pr\u00f3ximos a\u00f1os y se nos han abierto oportunidades de negocio muy importantes, como por ejemplo el Acuerdo Marco que hemos firmado recientemente con REPSOL. En el \u00e1rea BioPharma el objetivo de la empresa es alcanzar las fases cl\u00ednicas con el compuesto NST0037. Saludos,<\/p>\n<p>P.- Buenos d\u00edas se\u00f1or Velasco, tengo entendido que Lets Gowex cotiza en el mercado alternativo franc\u00e9s, \u00bfse ven como ellos cotizando en unos meses en el Alternext o en el AIM londinense??<\/p>\n<p>R.- Hola Mar\u00eda, En unos meses seguro que no. En unos a\u00f1os todo es posible, incu\u00eddo el NASDAQ, \ud83d\ude09 Saludos,<\/p>\n<p>P.- Hola. \u00bfQu\u00e9 tal? \u00bfTen\u00e9is pensado repartir dividendos? Gracias.<\/p>\n<p>R.- Hola Lali, S\u00ed. est\u00e1 previsto hacerlo cuando las circunstancias lo permitan. Saludos<\/p>\n","protected":false},"excerpt":{"rendered":"<p>El director general de la biotecnol\u00f3gica Neuron, la \u00faltima compa\u00f1\u00eda en salir a cotizar en el Mercado Alternativo Burs\u00e1til (MAB), ha charlado con los lectores.<\/p>\n","protected":false},"author":1,"featured_media":0,"comment_status":"open","ping_status":"open","sticky":false,"template":"","format":"standard","meta":{"footnotes":""},"categories":[],"tags":[],"class_list":["post-10787","post","type-post","status-publish","format-standard","hentry"],"_links":{"self":[{"href":"https:\/\/intervius.com\/index.html\/wp-json\/wp\/v2\/posts\/10787","targetHints":{"allow":["GET"]}}],"collection":[{"href":"https:\/\/intervius.com\/index.html\/wp-json\/wp\/v2\/posts"}],"about":[{"href":"https:\/\/intervius.com\/index.html\/wp-json\/wp\/v2\/types\/post"}],"author":[{"embeddable":true,"href":"https:\/\/intervius.com\/index.html\/wp-json\/wp\/v2\/users\/1"}],"replies":[{"embeddable":true,"href":"https:\/\/intervius.com\/index.html\/wp-json\/wp\/v2\/comments?post=10787"}],"version-history":[{"count":0,"href":"https:\/\/intervius.com\/index.html\/wp-json\/wp\/v2\/posts\/10787\/revisions"}],"wp:attachment":[{"href":"https:\/\/intervius.com\/index.html\/wp-json\/wp\/v2\/media?parent=10787"}],"wp:term":[{"taxonomy":"category","embeddable":true,"href":"https:\/\/intervius.com\/index.html\/wp-json\/wp\/v2\/categories?post=10787"},{"taxonomy":"post_tag","embeddable":true,"href":"https:\/\/intervius.com\/index.html\/wp-json\/wp\/v2\/tags?post=10787"}],"curies":[{"name":"wp","href":"https:\/\/api.w.org\/{rel}","templated":true}]}}