{"id":10779,"date":"2010-07-02T00:00:00","date_gmt":"2006-11-06T00:00:00","guid":{"rendered":"https:\/\/intervius.com\/index.html\/?p=10779"},"modified":"2006-11-06T00:00:00","modified_gmt":"2006-11-06T00:00:00","slug":"Antonio_Lopez_Isturiz10779","status":"publish","type":"post","link":"https:\/\/intervius.com\/index.html\/Antonio_Lopez_Isturiz10779\/","title":{"rendered":"Antonio L\u00f3pez Ist\u00fariz"},"content":{"rendered":"<p>Pregunta.- \u00bfCu\u00e1l cree que ha sido el principal error de la pol\u00edtica de Zapatero durante la Presidencia espa\u00f1ola?<\/p>\n<p>Respuesta.- Zapatero deber\u00eda haber preparado varios escenarios, como se suele hacer antes de asumir una Presidencia europea. En este caso particular la ratificaci\u00f3n del Tratado de Lisboa en diciembre pasado cambi\u00f3 completamente el escenario de juego y la direcci\u00f3n pol\u00edtica de este Gobierno fue incapaz de aplicar un &#8220;plan B&#8221; m\u00e1s acorde, con un nuevo tipo de Presidencia, menos dada a las im\u00e1genes como fueron las anteriores y de mucho m\u00e1s contenido t\u00e9cnico. Me refiero a la direcci\u00f3n pol\u00edtica, que no ha funcionado, para diferenciarla del trabajo de diplom\u00e1ticos y funcionarios espa\u00f1oles, que en general s\u00ed han realizado un buen trabajo. Por \u00faltimo, y no menos importante, y a pesar de las declaraciones de miembros del Ejecutivo, creo que se ha perdido una buena oportunidad de poner las bases de una buena gobernanza europea para lidiar con futuras crisis economicas que como la actual tanto afectan a los ciudadanos, que esperan de Europa una respuesta m\u00e1s r\u00e1pida y contundente.<\/p>\n<p>P.- \u00bfC\u00f3mo valora la gesti\u00f3n de la Presidencia Espa\u00f1ola de la Uni\u00f3n Europea presidida por el Sr. Zapatero?\u00bfSe atrever\u00eda a ponerle una nota num\u00e9rica?<\/p>\n<p>R.- Yo le pondr\u00eda un 4, pues evidentemente ha suspendido a pesar del voluntarismo y del europe\u00edsmo, que este Gobierno como otros en el pasado ha demostrado. Una mala planificaci\u00f3n y falta de reacci\u00f3n ante cuestiones tan relevantes como la crisis econ\u00f3mica, han quebrado ese voluntarismo.<\/p>\n<p>P.- \u00bfCu\u00e1l ha sido la medida m\u00e1s importante que se ha tomado en estos seis meses?<\/p>\n<p>R.- Sin duda alguna, el plan de rescate para la econom\u00eda de Grecia y tambi\u00e9n el conjunto de medidas para proteger a las econom\u00edas de la zona euro. Se trata de dar garant\u00edas e informaci\u00f3n a los mercados y a los ciudadanos europeos para reestablecer la confianza de \u00e9stos en las medidas economicas emprendidas por los Gobiernos y por la UE. Como espa\u00f1ol y persona dedicada a las relaciones internacionales desde hace a\u00f1os me ha producido desilusi\u00f3n comprobar que el Presidente de turno de la UE, Rodr\u00edguez Zapatero, no participase en las decisivas reuniones en las que se adoptaron esas trascendetales medidas. Aparte de nuestras diferencias ideol\u00f3gicas, en las relaciones internacionales no queda fuera de las reuniones un pol\u00edtico o un partido, sino un pa\u00eds entero.<\/p>\n<p>P.- Sinceramente, \u00bfsirve para algo el Parlamento Europeo?<\/p>\n<p>R.- Te puedo asegurar que si no lo creyese, por mi trayectoria desde luego no me dedicar\u00eda a estos temas desde esa instituci\u00f3n y buscar\u00eda lugares de mayor acci\u00f3n pol\u00edtica y de gesti\u00f3n. Est\u00e1te atenta a la evoluci\u00f3n del Parlamento Europeo, que con el nuevo Tratado de Lisboa ha ganado m\u00e1s poder, al codecidir con los Gobiernos europeos. Esto lo ver\u00e1s en la pr\u00e1ctica con una mayor presencia de sus actividades en los medios de comunicaci\u00f3n. Debo reconocerte que la evoluci\u00f3n de este protagonismo de la \u00fanica instituci\u00f3n que es elegida directamente por lso ciudadanos europeos ha sido lenta y muchas veces frustante, no solo para los que lo integraron sino tambi\u00e9n para los ciudadanos. Esto ya est\u00e1 cambiando.<\/p>\n<p>P.- \u00bfQu\u00e9 opini\u00f3n le merecen los intentos de cambio de la &#8220;posici\u00f3n com\u00fan&#8221; hacia Cuba de la UE propuesta por la presidencia espa\u00f1ola?\u00bfcree que es importante un replanteamiento de la misma?<\/p>\n<p>R.- Nunca he entendido la fijaci\u00f3n del Ministro de Exteriores, Miguel Angel Moratinos, con este asunto sin tener ninguna garant\u00eda del m\u00e1s m\u00ednimo cambio del r\u00e9gimen cubano respecto a los derechos humanos o la situaci\u00f3n de los presos pol\u00edticos. Es impropio de un diplom\u00e1tico de su experiencia realizar una apuesta basada en los desvar\u00edos de un r\u00e9gimen cada vez m\u00e1s caduco. Tampoco he tenido claro s\u00ed ha sido una acci\u00f3n propia de Moratinos o dirigida por el Presidente del Gobierno, pero he tenido claro que los Ministros de Asutnos Exteriores de numerosos gobiernos europeos le anunciaron claramente que no apoyar\u00edan un cambio de la Posici\u00f3n Com\u00fan de la UE sobre Cuba, como tambi\u00e9n dictamin\u00f3 en marzo el propio Parlamento Europeo con el voto a favor de eurodiputados socialistas. Por supuesto que esta Posici\u00f3n Com\u00fan, como todo en la vida, se podr\u00eda replantear en el futuro siempre y cuando como dijo la Canciller alemana Angela Merkel se produzca un cambio radical en materia de derechos humanos y pol\u00edticos y todos los presos pol\u00edticos fuesen liberados, como ocurri\u00f3 en Espa\u00f1a durante la transici\u00f3n.<\/p>\n<p>P.- \u00bfC\u00f3mo ve las perpectivas del Euro? <\/p>\n<p>R.- El euro se ha visto sometido a la primera prueba importante tras una breve historia de \u00e9xitos desde el a\u00f1o 1998. Es deber de todos los responsables pol\u00edticos y econ\u00f3micos ayudar en estos momentos de preocupaci\u00f3n a mantener algo que es m\u00e1s que una moneda, es un s\u00edmbolo que nos une a millones de ciudadanos europeos de 16 pa\u00edses. Soy optimista respecto al futuro y pienso luchar frente a algunas declaraciones oportunistas y exageradas de quienes dicen querer volver a la peseta o al marco, por ejemplo. Abandonar el euro o que cayese ser\u00eda la aut\u00e9ntica crisis que provocar\u00eda males mayores a una sociedad espa\u00f1ola ya suficientemente castigada por la propia crisis econ\u00f3mica interna. Para mantener el euro, ser\u00eda exigible una mayor coordinaci\u00f3n de la politica econ\u00f3mica entre los Estados y un mayor control, que no intervenci\u00f3n, de las autoridades econ\u00f3micas europeas.<\/p>\n<p>P.- \u00bfPor qu\u00e9 mantienen ustedes como parlamentario del PP europeo a Mayor Oreja, tras sus declaraciones extempor\u00e1neas sobre seguras conversaciones del Gobierno con ETA? Y ustedes no desmienten, siempre jugando a veinte barajas, hay cosas con las que no se juega.<\/p>\n<p>R.- La figura de Jaime Mayor Oreja ha sido siempre un faro en momentos de oscuridad en la lucha contra el terrorismo. Fue \u00e9l quien puso final a la utilizaci\u00f3n de los recursos del Esado en la guerra sucia contra ETA del gobierno anterior. Fue \u00e9l qui\u00e9n advirti\u00f3 en las dos consecutivas treguas-trampa de la falsedad de las intenciones de la organizaci\u00f3n, contra todas las opiniones que en aquellos d\u00edas se vertieron a favor de \u00e9sto. Est\u00e1 claro que en sus declaraciones Jaime nunca busca su protagonismo sino alertar desde su amplia experiencia y conocimiento del posible error de negociar con una banda que no tiene la m\u00e1s m\u00ednima intenci\u00f3n de poner las armas sobre la mesa como hizo el IRA en Irlanda. Si hay algo que se ha demostrado fehacientemente en los \u00faltimos 30 a\u00f1os es que con lo que no se juega es con el terrorismo y el PP nunca lo ha hecho.<\/p>\n<p>P.- En las \u00faltimas semanas se ha estado hablando de las agencias de valoraci\u00f3n de deuda p\u00fablica, \u00bfcree usted en la necesidad de regular dichas agencias?\u00bfEn el parlamento Europeo se ha propuesta alguna propuesta contra la credibilidad de dichas agencias?<\/p>\n<p>R.- Es muy interesante observar la evoluci\u00f3n de las declaraciones pol\u00edticas respecto a estas agencias: cuando todo va bien y las puntuaciones son positivas, las agencias son magn\u00edficas y objeto de todas las atenciones por parte de los poderes pol\u00edticos. Pero cuando van mal son la &#8220;mano negra&#8221; detr\u00e1s de la crisis. Creo que hay que ser m\u00e1s ecu\u00e1nimes, reconocer su labor y, como liberal que soy, no me gustar\u00eda una intervenci\u00f3n de poderes pol\u00edticos en esta cuesti\u00f3n. S\u00ed creo que deber\u00eda haber m\u00e1s agencias para tener m\u00e1s opiniones y no tener todo concentrado en solo dos o tres agencias. No est\u00e1 por ahora previsto ninguna legislaci\u00f3n al respecto en el Parlamento Europeo.<\/p>\n<p>P.- \u00bfQu\u00e9 perspectivas actuales existen, a su parecer, para la ampliaci\u00f3n de la UE? \u00bfSe ve pr\u00f3xima la entrada de los actuales pa\u00edses candidatos (Macedonia, Croacia, Turqu\u00eda)? \u00bfY de Islandia, aunque ahora mismo todav\u00eda no tenga el estatus de candidato? <\/p>\n<p>R.- Soy muy optmista respecto a las posibilidades de Croacia. Y tengo m\u00e1s dudas respecto a las siguientes adhesiones sin concretar ninguna, hablando en general, puesto que ahora la discusi\u00f3n que hay en la UE, despu\u00e9s de la adhesi\u00f3n de 10 pa\u00edes pertenecientes a la Europa del Este y del Mediterr\u00e1neo, es cu\u00e1les deben ser los l\u00edmites reales de la UE. Las repercusiones econ\u00f3micas de estas ampliaciones, a la luz de esta crisis econ\u00f3mica, se traducen en un enfriamiento de los \u00e1nimos ampliadores.<\/p>\n<p>P.- \u00bfC\u00f3mo interpreta usted el hecho de que en numerosas ocasiones, por ejemplo con la crisis griega (y algunos m\u00e1s) los pa\u00edses de peso de la UE no hayan contado con el Presidente de turno (Zapatero)?, \u00bfpiensa que tenemos en estos \u00faltimos a\u00f1os una p\u00e9rdida de cridibilidad internacional?<\/p>\n<p>R.- Como he dicho en una respuesta anterior, lo m\u00e1s preocupante de \u00e9sto es que los gobernantes pasan pero los pa\u00edses contin\u00faan y el buen nombre e imagen los mismos se ve afectada por la labor pol\u00edtica realizada por los gobernantes de turno. Aqu\u00ed lo que est\u00e1 en juego es la imagen de Espa\u00f1a y es lo que debemos defender todos. Yo siempre me pondr\u00e9 a disposici\u00f3n de cualquier Gobierno de mi pa\u00eds que asuma responsabilidades como la una Presidencia de la UE. Otra cosa es que dicho Gobierno cuente con un servidor. En el caso de la crisis griega, Zapatero estuvo totalmente al margen de las negociaciones llevadas a cabo. Ni me decepciona esto ni me alegra, era la cr\u00f3nica anunciada de una Presidencia ausente.<\/p>\n<p>P.- Ayer, en una tertulia televisiva, el eurodiputado Alejo Vidal Cuadras dijo que en Europa ve\u00edan la presidencia espa\u00f1ola de este semestre como una de las peores hasta la fecha. \u00bfEs cierto? \u00bfQu\u00e9 es exactamente lo que se comenta por all\u00ed? Un saludo.<\/p>\n<p>R.- Lo que tengo claro es que no ser\u00e1 recordada por generaciones futuras de europeos como afirm\u00f3 la Vicepresidenta del Gobierno, Sra. De la Vega, y que tampoco ha sido desde luego el &#8220;acontecimiento planetario&#8221; anunciado por la Sra. Paj\u00edn.<\/p>\n<p>P.- \u00bfPara cuando un acercamiento REAL del funcionamiento de la Uni\u00f3n Europea al ciudadano?<\/p>\n<p>R.- Ese acercamiento existe pero no se comunica bien. La UE flojea en pol\u00edtica real de comunicaci\u00f3n, de explicaci\u00f3n. Todos vemos muchas banderas y globos cuando es el D\u00eda de Europa, una vez al a\u00f1o, pero quiz\u00e1 no sabemos que la nueva carretera que lleva a nuestro pueblo ha sido financiada por la UE. La UE todav\u00eda no es consciente que las generaciones han cambiado y de que las actuales exigen un mayor nivel de informaci\u00f3n. Desde mi responsabilidad pol\u00edtica como Secretario General del Partido Popular Europeo (PPE), que es mayoritario en las instituciones europeas (y por tanto responsable), llevo tiempo denunciando p\u00fablica y privadamente esa carencia, ya sean los responsables de mi partido o no.<\/p>\n<p>P.- \u00bfCu\u00e1ndo le tendremos dentro de la pol\u00edtica espa\u00f1ola? El PP necesita pol\u00edticos como usted, preparados y que traigan aire renovado&#8230;<\/p>\n<p>R.- Le agradezco su comentario. Yo siempre estar\u00e9 a gusto donde sea \u00fatil.<\/p>\n<p>P.- \u00bfC\u00f3mo podr\u00eda Espa\u00f1a recuperar una imagen seria y tratar de igual a igual al resto de pa\u00edses fuertes de la Uni\u00f3n Europea? <\/p>\n<p>R.- Cuando empecemos a entender que podemos ejercer un liderazgo y no estar siempre a remolque de otros pa\u00edses. Ser l\u00edder y ejercer el mando no es malo, a ver si vamos abandonando \u00e9ste defecto espa\u00f1ola de no querer ser nunca presidente de la comunidad de vecinos. Por cierto, Espa\u00f1a es uno de los pocos pa\u00edses donde se tiene que asumir obligatoriamente esa Presidencia de la comunidad de vecinos por turno rotatorio. Nos pasamos la vida criticando a Estados Unidos y lo \u00fanico que hacemos al final es estar pendiente de ellos y de si su Presidente viene a vernos o no, por ejemplo. Estos complejos deben ser superados si queremos estar en el club de los pa\u00edses decisivos no solo a nivel europeo sino incluso mundial.<\/p>\n<p>P.- Buenas tardes. Vot\u00e9 en contra de la &#8220;Constituci\u00f3n Europea&#8221;, con el paso del tiempo estoy m\u00e1s convencido de que hice lo correcto. Tengo la sensaci\u00f3n de que en la Uni\u00f3n Europea hay dos varas de medir y esto no va a cambiar \u00bf me equivoco ?. &#8211; Puede contestar sinceramente, gracias.-<\/p>\n<p>R.- No s\u00e9 exactamente cu\u00e1les son las dos varas de medir que mencionas, pero tu voto es tan leg\u00edtimo e importante para m\u00ed como los positivos respecto a aquella Constituci\u00f3n porque de ambos casos yo extraigo conclusiones para no cometer en el futuro, en aquellas iniciativas europeas en las que est\u00e9 implicado, los errores que, seg\u00fan t\u00fa, pudieron llevarte a votar en contra de ese proyecto de Constituci\u00f3n. Una cosa es segura: la UE s\u00ed cambia porque es un proyecto en constante evoluci\u00f3n, aunque tal vez no a la velocidad que muchos quisi\u00e9rais.<\/p>\n<p>P.- \u00bfC\u00f3mo valora, a grandes rasgos, la presidencia espa\u00f1ola? <\/p>\n<p>R.- Ya le he puesto nota en una respuesta anterior, un 4. Ha sido una Presidencia ausente a pesar de lo que intenta vender el Gobierno en Espa\u00f1a. Me pregunto cu\u00e1ntos ciudadanos europeos se han enterado de que Espa\u00f1a presid\u00eda la UE en comparaci\u00f3n a cuando lo hizo Nicolas Sarkozy, que logr\u00f3 la resoluci\u00f3n del conflicto en Georgia, o la de Angela Merkel, que consigui\u00f3 la aprobaci\u00f3n del Tratado de Lisboa, que ahora estamos viendo todos.<\/p>\n","protected":false},"excerpt":{"rendered":"<p>Este mi\u00e9rcoles termin\u00f3 la Presidencia Espa\u00f1ola de la Uni\u00f3n Europea, a la que ahora releva B\u00e9lgica. El secretario General del Partido Popular Europeo, Antonio L\u00f3pez Ist\u00fariz, a charlado con los lectores sobre el balance que hace el PP de esta presidencia, as\u00ed como de otros temas relacionados con la Europa de los 27. <\/p>\n<p>Foto: Luis Sevillano<br \/>\nLee la entrevista con M. \u00c1. Moratinos sobre el balance de la Presidencia Espa\u00f1ola <\/p>\n","protected":false},"author":1,"featured_media":0,"comment_status":"open","ping_status":"open","sticky":false,"template":"","format":"standard","meta":{"footnotes":""},"categories":[],"tags":[],"class_list":["post-10779","post","type-post","status-publish","format-standard","hentry"],"_links":{"self":[{"href":"https:\/\/intervius.com\/index.html\/wp-json\/wp\/v2\/posts\/10779","targetHints":{"allow":["GET"]}}],"collection":[{"href":"https:\/\/intervius.com\/index.html\/wp-json\/wp\/v2\/posts"}],"about":[{"href":"https:\/\/intervius.com\/index.html\/wp-json\/wp\/v2\/types\/post"}],"author":[{"embeddable":true,"href":"https:\/\/intervius.com\/index.html\/wp-json\/wp\/v2\/users\/1"}],"replies":[{"embeddable":true,"href":"https:\/\/intervius.com\/index.html\/wp-json\/wp\/v2\/comments?post=10779"}],"version-history":[{"count":0,"href":"https:\/\/intervius.com\/index.html\/wp-json\/wp\/v2\/posts\/10779\/revisions"}],"wp:attachment":[{"href":"https:\/\/intervius.com\/index.html\/wp-json\/wp\/v2\/media?parent=10779"}],"wp:term":[{"taxonomy":"category","embeddable":true,"href":"https:\/\/intervius.com\/index.html\/wp-json\/wp\/v2\/categories?post=10779"},{"taxonomy":"post_tag","embeddable":true,"href":"https:\/\/intervius.com\/index.html\/wp-json\/wp\/v2\/tags?post=10779"}],"curies":[{"name":"wp","href":"https:\/\/api.w.org\/{rel}","templated":true}]}}