{"id":10776,"date":"2010-06-29T00:00:00","date_gmt":"2006-11-06T00:00:00","guid":{"rendered":"https:\/\/intervius.com\/index.html\/?p=10776"},"modified":"2006-11-06T00:00:00","modified_gmt":"2006-11-06T00:00:00","slug":"Vicente_Rodriguez10776","status":"publish","type":"post","link":"https:\/\/intervius.com\/index.html\/Vicente_Rodriguez10776\/","title":{"rendered":"Vicente Rodr\u00edguez"},"content":{"rendered":"<p>Pregunta.- \u00bfNo era m\u00e1s sencillo hacer huelga el 29 de septiembre, como el resto de espa\u00f1oles?<\/p>\n<p>Respuesta.- Los trabajadores de Metro, en ning\u00fan momento quisieron mezclar pol\u00edtica con movimiento sindical. Quisimos sacar nota en junio y no dejar examen ninguno para septiembre. <\/p>\n<p>P.- \u00bfDesde cu\u00e1ndo llevan negociando para que el segundo d\u00eda de huelga no respeten los servicios m\u00ednimos ni a los ciudadanos que necesitan el transporte p\u00fablico?<\/p>\n<p>R.- Los trabajadores de Metro de Madrid no ten\u00edan ninguna negociaci\u00f3n abierta ni pendiente: se han visto inmersos en una afectaci\u00f3n de recorte salarial que no correspond\u00eda por encontrarse nuestro convenio aprobado y firmado desde el pasado 17 de junio de 2009. <\/p>\n<p>P.- \u00bfNo ha tenido en cuenta que pueden crear un precedente entre los colectivos al no cumplir los servicios m\u00ednimos? \u00bfQu\u00e9 opini\u00f3n tendr\u00eda si AENA o sanidad por ejemplo hicieran lo mismo?<\/p>\n<p>R.- Las reivindicaciones que se realizan las aprueban y respaldan con todas su responsabilidad los trabajadores en todo momento, y no consideramos que incumplir los servicios m\u00ednimos en Metro de Madrid elimine o prive del derecho a la movilidad recogido en la Constituci\u00f3n de los madrile\u00f1os, existiendo transportes alternativos que garantizan el mismo. <\/p>\n<p>P.- \u00bfCu\u00e1nto gana un conductor de metro? sueldo base m\u00e1s suplementos \u00bfCu\u00e1nto gana el personal de taquilla? sueldo base m\u00e1s suplementos \u00bfCu\u00e1nto se les ha recortado?<\/p>\n<p>R.- Los salarios en Metro de Madrid, como en cualquier empresa, los establece el Convenio Colectivo, y cada categor\u00eda tiene asignado un valor, as\u00ed como unos conceptos individuales de la misma. Dependiendo la cuant\u00eda de \u00e9stos, entre otras cosas, de la antig\u00fcedad del trabajador en la empresa, siendo \u00e9stos valores diferentes y distintos. <\/p>\n<p>P.- \u00bfNo se va a hacer huelga en Barcelona? Tengo entendido que a los trabajadores del metro de all\u00ed tambien les hacen una bajada del sueldo.<\/p>\n<p>R.- A d\u00eda de hoy, el conocimiento que tenemos en Metro de Madrid es que el Decreto 8\/2010 en la afectaci\u00f3n en la Comunidad de Catalu\u00f1a no afecta a estos trabajadores, a d\u00eda de hoy. <\/p>\n<p>P.- \u00bfNo os da\u00eds cuenta que a los \u00fanicos que perjudica\u00eds es a la clase trabajadora?<\/p>\n<p>R.- Desde siempre, la lucha obrera, para lograr sus reivindicaciones, ha tenido que realizar \u00e9sta siempre en perjuicio y padecimiento del pueblo. <\/p>\n<p>P.- A\u00fan estando a favor de la huelga para demostrar que no nos pueden torear de mala manera, \u00bfPor qu\u00e9 ahora, y no hace 2 a\u00f1os cuando empezaron a despedir gente d\u00eda si, d\u00eda tambi\u00e9n? Hasta que no han tocado a los funcionarios no se han convocado huelga, \u00bfse siente legitimado para hacerla, y pedir solidaridad con ella al resto de los ciudadanos, que sufren despidos, situaciones laborales precarias, y encima esto?<\/p>\n<p>R.- El trabajador de Metro de Madrid es un trabajador p\u00fablico, no tiene la condici\u00f3n ni de funcionario ni se nos ha considerado nunca como tales. <\/p>\n<p>P.- \u00bfEra necesario tomar una medida tan dr\u00e1stica? Su derecho a hacer huelga en su puesto de trabajo ha hecho peligrar los puestos de muchos que hoy -y me temo que tambi\u00e9n ma\u00f1ana- no han podido llegar a sus centros de trabajo<\/p>\n<p>R.- No nos hubiera gustado nunca llegar a tomar esta medida, pero si nos hemos visto obligados es porque lo hemos considerado oportuno y no hemos tenido otra posibilidad. Somos conscientes del da\u00f1o que de manera injusta est\u00e1 padeciendo el pueblo de Madrid siendo \u00e9ste el que menos deber\u00eda de padecer estos paros. <\/p>\n<p>P.- La l\u00ednea 8 ha sido abierta por Esperanza Aguirre con apoyo de la Polic\u00eda. \u00bfEs un rotundo fracaso de su pol\u00edtica &#8220;no a los servicios m\u00ednimos&#8221;?<\/p>\n<p>R.- Desmentir completa y tajantemente la informaci\u00f3n que de manera interesada y no sabemos con qu\u00e9 motivo se est\u00e1 trasladando a todos los madrile\u00f1os de que la movilizaci\u00f3n del d\u00eda 29 ha sido un fracaso, cuando realmente lo que ha supuesto un fracaso es el intento frustrado de reabrir la L\u00ednea 8 por parte de la Direcci\u00f3n sin haberlo conseguido ni en \u00e9sta ni en ninguna l\u00ednea de Metro. Lo \u00fanico que est\u00e1 circulando por todas las l\u00edneas es el tren de mantenimiento de las infraestructuras y dependencias. <\/p>\n<p>P.- \u00bfTienen prevista alguna reuni\u00f3n esta tarde o esta noche con metro o con laCcomunidad de Madrid?<\/p>\n<p>R.- No hay a esta hora y en estos momentos ninguna reuni\u00f3n prevista, ni con la direcci\u00f3n de Metro ni con representantes ni responsables de la Comunidad ni del Gobierno regional. Estamos abiertos y m\u00e1s que nunca a cerrar un conflicto que no queremos y que nuestra intenci\u00f3n es ahorrar cuanto antes a todos los madrile\u00f1os. <\/p>\n<p>P.- \u00bfHasta cu\u00e1ndo es la huelga?<\/p>\n<p>R.- La situaci\u00f3n que actualmente est\u00e1n viviendo los trabajadores de Metro de Madrid, y por ende haciendo padecer a todos los madrile\u00f1os, no nos deja vislumbrar una fecha exacta de su finalizaci\u00f3n. Qu\u00e9 m\u00e1s quisi\u00e9ramos que fuera ma\u00f1ana mismo cuando pudi\u00e9ramos ofrecer a todos los ciudadanos el servicio que se merecen. <\/p>\n<p>P.- \u00bfCu\u00e1les son las razones de la comunidad de Madrid para no querer cumplir el convenio firmado? <\/p>\n<p>R.- Una interpretaci\u00f3n particular e interesada que realiza del Real Decreto 8\/2010, donde \u00e9ste excluye a los trabajadores p\u00fablicos de las empresas mercantiles sujetas a negociaci\u00f3n colectiva, como ha sucedido con la EMT, Renfe, RTVE, AENA, Metro de Barcelona, Metro de Bilbao, etc\u00e9tera, etc\u00e9tera, y que por su cuenta y sin siquiera consultar con nadie ha decidido implicar a las empresas de la Comunidad de Madrid, transgrediendo particularmente en Metro el Convenio en vigor, cosa que no vamos a consentir. <\/p>\n<p>P.- \u00bfHasta d\u00f3nde mantendr\u00e1n el pulso? Y con esto digo que si ma\u00f1ana de verdad se van a atrever a plantear una huelga indefinida.<\/p>\n<p>R.- Por la experiencia que tengo en la empresa, m\u00e1s de 27 a\u00f1os, puedo decir que siempre que los trabajadores de Metro han iniciado una movilizaci\u00f3n sindical, han llegado hasta sus \u00faltimas consecuencias y esta vez no va a ser diferente. <\/p>\n<p>P.- Seg\u00fan ustedes el recorte salarial es ilegal. \u00bfNo piensan que combatir una ilegalidad con otra conduce al caos?<\/p>\n<p>R.- Insistir una vez m\u00e1s en que en todo momento, desde el Comit\u00e9 de Huelga, hemos manifestado y defendido tanto el derecho a la movilidad como el derecho a huelga, ambos contemplados y recogidos en nuestra Constituci\u00f3n. Repetir, de la misma manera, que el derecho de movilidad sin el servicio de Metro de Madrid, se conserva y se preserva, si bien es cierto que el servicio de Metro pueda ser considerado como b\u00e1sico, pero no \u00fanico. En ning\u00fan momento se ha ligado desde este comit\u00e9 la ilegalidad clara y flagrante cometida desde el Gobierno regional con la posibilidad de responderla con otra. Ser\u00edamos muy torpes. <\/p>\n<p>P.- \u00bfSon conscientes que con esta huelga est\u00e1n perdiendo todo el apoyo popular que pudieran tener? A la cuidadan\u00eda no le suele gustar sentirse reh\u00e9n de los colectivos&#8230;<\/p>\n<p>R.- Somos conscientes de ello y de muchas otras cosas, y no es un orgullo para nosotros hacer el da\u00f1o que estamos haciendo, pero s\u00ed aclarar que tenemos derecho a defendernos de las agresiones e ilegalidades que se quieren cometer y que por el servicio que prestamos las reivindicaciones que podemos realizar no son otras. <\/p>\n<p>P.- \u00bfQu\u00e9 tiene que decirles a los ciudadanos a los que se les puede haber abierto un expediente por haber llegado tarde o no haber podido asistir a su puesto de trabajo hoy por no haber cumplido los servicios m\u00ednimos?<\/p>\n<p>R.- Insistimos en reconocer que cualquier reivindicaci\u00f3n sindical al realizarse de cara a la ciudadan\u00eda causa perjuicio y trastornos, pero no s\u00f3lo cuando Metro est\u00e1 en huelga. <\/p>\n<p>P.- Soy un madrile\u00f1o de 26 a\u00f1os y me parece muy bien lo que est\u00e1n haciendo, pues su dignidad laboral va por encima de mis comodidades. \u00bfPero han buscado apoyo con otros trabajadores?<\/p>\n<p>R.- Hemos buscado y obtenido el apoyo no s\u00f3lo de otros trabajadores y empresas, trasladado en escritos recibidos en el comit\u00e9 de huelga, sino incluso de organizaciones estudiantiles y de organizaciones juveniles, que han estado presentes en las asambleas, mostr\u00e1ndonos su apoyo y estando dispuestos a colaborar con nosotros. De hecho, en la pr\u00f3xima asamblea, convocada para ma\u00f1ana a las 10.30, asistir\u00e1n dichos compa\u00f1eros y los medios de comunicaci\u00f3n que asistan podr\u00e1n dar fe de ello. <\/p>\n<p>P.- Buenas tardes. \u00bfPor qu\u00e9 no se plantean la huelga a la inversa? Abrir puertas (no cobrar) y hacer circular m\u00e1s trenes de los normales. De esta manera metro perder\u00eda dinero y los usarios no saldr\u00edan perjudicados.<\/p>\n<p>R.- Porque no nos corresponde a los trabajadores ni la gesti\u00f3n econ\u00f3mica, lo que supondr\u00eda un fraude, ni la explotaci\u00f3n en el servicio que es quien decide el n\u00famero de trenes que en todo momento circula por la red. <\/p>\n<p>P.- Si se han saltado los m\u00ednimos, y no quieren negociar el convenio, al final, para volver a readmitir a los amonestados con despidos, deber\u00e1n negociar \u00bfno? Es decir, que se han echado piedras sobre su tejado.<\/p>\n<p>R.- No es nuestra intenci\u00f3n en ning\u00fan caso negociar ni acordar nada nuevo que no contemple el texto del convenio colectivo en vigor. Absolutamente. <\/p>\n<p>P.- Me solidarizo totalmente con los trabajadores de Metro y me gustar\u00eda saber si hay alguna forma de ayudar. \u00bfQuiz\u00e1s poniendo quejas a la Comunidad de Metro por la falta de servicio y reclamar la parte correspondiente del abono transportes?<\/p>\n<p>R.- Agradecer cualquier apoyo moral que desde los ciudadanos recibimos, que aunque parezca mentira existen, y m\u00e1s de los que algunos creen. En cuanto a tus ideas, me parecen correctas y de todo punto justas. <\/p>\n<p>P.- \u00bfAsegura que todos los trabajadores quieren secundar la huelga? o \u00bfson los piquetes los que no han dejado trabajar a quienes quer\u00edan hacerlo? \u00bfSe identifica con los piquetes?<\/p>\n<p>R.- Son piquetes compuestos por trabajadores que en ning\u00fan momento se han manifestado nada m\u00e1s que a t\u00edtulo informativo, jug\u00e1ndose la integridad f\u00edsica en alg\u00fan momento con las fuerzas de orden p\u00fablico, y dirigi\u00e9ndose \u00fanicamente a los compa\u00f1eros de forma clara y sincera solicitando la solidaridad y el apoyo a la postura decidida en la asamblea, y que de manera voluntaria terminan compartiendo dicha postura, sum\u00e1ndose al propio piquete. En cuanto a mi identificaci\u00f3n con dichos piquetes, es directa porque consideramos que un trabajador informado tiene m\u00e1s conocimiento para poder decidir libremente y respetar la opci\u00f3n tanto de trabajar como la de hacer huelga. <\/p>\n<p>P.- \u00bfQu\u00f3 tipo de sanci\u00f3nes hay tipificadas para el incumplimiento de servicios m\u00ednimos? \u00bfComo justifica el incumpliento de los servicios m\u00ednimos?<\/p>\n<p>R.- Desconocemos el tipo y la variedad de sanciones que puedan contemplar estos incumplimientos, y de su existencia. Seguimos manteniendo que el derecho constitucional a la huelga es la opci\u00f3n elegida por los trabajadores de Metro en esta reivindicaci\u00f3n y existiendo servicios alternativos los trabajadores eligieron el incumplimiento de estos, opci\u00f3n que fue aprobada en la asamblea general de trabajadores. <\/p>\n<p>P.- Buenas tardes. \u00bfNos quiere hacer usted creer que esta huelga la habr\u00edan hecho en estas mismas fechas si quien gobernase ahora en Madrid fuese el PSOE?<\/p>\n<p>R.- Como anteriormente he dicho en alguna otra contestaci\u00f3n, mi pertenencia a la empresa se antepone al a\u00f1o 1982, y quiero dejar claro que la \u00faltima vez que se saltaron los servicios m\u00ednimos en Metro de Madrid durante una huelga fue en enero de 1991, movilizaci\u00f3n realizada exclusivamente por el SCMM, gobernando en Madrid don Joaqu\u00edn Leguina, como presidente de la Comunidad, y don Juli\u00e1n Revenga como responsable de lo que hoy llamamos Consorcio de Transportes. El SCMM en su existencia, que llega a los 20 a\u00f1os, ha realizado movilizaciones en todos los momentos que ha considerado justos, independientemente del partido pol\u00edtico que gobierne en la regi\u00f3n. <\/p>\n<p>P.- \u00bfPor qu\u00e9 todos los a\u00f1os cuando llega el verano y las navidades hacen huelga? \u00bfNo existe otro modo de protesta que no sea perjudicando siempre a los mismos?<\/p>\n<p>R.- Lamento no coincidir contigo, porque las \u00faltimas movilizaciones realizadas por Metro de Madrid se realizaron el pasado mes de abril de 2009, como consecuencia de la negociaci\u00f3n del convenio que hoy exigimos que se cumpla. No entiendo por qu\u00e9 te refieres a verano y Navidades. <\/p>\n<p>P.- \u00bfExiste alguna raz\u00f3n que desconozcamos para que los trabajadores del metro se queden al margen de la bajada general de salarios p\u00fablicos decretada por el gobierno en mayo? <\/p>\n<p>R.- La raz\u00f3n en la que basamos nuestra exclusi\u00f3n est\u00e1 en el Decreto 8\/2010 donde el Gobierno central excluye del mismo a todos los trabajadores de las empresas mercantiles de trabajadores p\u00fablicos que est\u00e9n sujetos a negociaci\u00f3n colectiva. Siendo cr\u00edticos con el mismo decreto y solidariz\u00e1ndonos con los trabajadores afectados por el mismo, entendemos que si dichas empresas a nivel nacional han sido exclu\u00eddas, Metro tiene que estar entre ellas. <\/p>\n<p>P.- \u00bfEs consciente de que sus manifestaciones en televisi\u00f3n son constitutivas de un il\u00edcito laboral y posiblemente penal? \u00bfCree es algo de lo que sentirse orgulloso? Y por favor no apele a la dignidad de los trabajadores y&#8230;.<\/p>\n<p>R.- Errores los cometemos todos, reconocerlos y asumirlos es l\u00edcito, y por supuesto, si la manifestaci\u00f3n a la que haces referencia es la que todos los medios han destacado, reconozco que dicho error no es para sentirse orgulloso de haberlo manifestado. Pero simplemente aclarar que fue dentro de un contexto y para nada con la intenci\u00f3n que algunos lo quieren interpretar. Existen frases hechas que sacadas del contexto total efectivamente suenan mal. <\/p>\n","protected":false},"excerpt":{"rendered":"<p>Los trabajadores del Metro de Madrid secundan este martes una huelga que ha dejado sin servicio a dos millones de ciudadanos en la capital. Vicente Rodr\u00edguez, secretario general del Sindicato de Conductores y portavoz del comit\u00e9 de huelga de Metro de Madrid, ha respondido a las cuestiones de los internautas sobre las razones para realizar esta huelga y sus objetivos.<br \/>\nFoto: Carlos Rosillo<br \/>\nSigue en directo la huelga del Metro de Madrid<br \/>\nLa huelga, en Eskup<\/p>\n","protected":false},"author":1,"featured_media":0,"comment_status":"open","ping_status":"open","sticky":false,"template":"","format":"standard","meta":{"footnotes":""},"categories":[],"tags":[],"class_list":["post-10776","post","type-post","status-publish","format-standard","hentry"],"_links":{"self":[{"href":"https:\/\/intervius.com\/index.html\/wp-json\/wp\/v2\/posts\/10776","targetHints":{"allow":["GET"]}}],"collection":[{"href":"https:\/\/intervius.com\/index.html\/wp-json\/wp\/v2\/posts"}],"about":[{"href":"https:\/\/intervius.com\/index.html\/wp-json\/wp\/v2\/types\/post"}],"author":[{"embeddable":true,"href":"https:\/\/intervius.com\/index.html\/wp-json\/wp\/v2\/users\/1"}],"replies":[{"embeddable":true,"href":"https:\/\/intervius.com\/index.html\/wp-json\/wp\/v2\/comments?post=10776"}],"version-history":[{"count":0,"href":"https:\/\/intervius.com\/index.html\/wp-json\/wp\/v2\/posts\/10776\/revisions"}],"wp:attachment":[{"href":"https:\/\/intervius.com\/index.html\/wp-json\/wp\/v2\/media?parent=10776"}],"wp:term":[{"taxonomy":"category","embeddable":true,"href":"https:\/\/intervius.com\/index.html\/wp-json\/wp\/v2\/categories?post=10776"},{"taxonomy":"post_tag","embeddable":true,"href":"https:\/\/intervius.com\/index.html\/wp-json\/wp\/v2\/tags?post=10776"}],"curies":[{"name":"wp","href":"https:\/\/api.w.org\/{rel}","templated":true}]}}