{"id":10770,"date":"2010-06-29T00:00:00","date_gmt":"2006-11-06T00:00:00","guid":{"rendered":"https:\/\/intervius.com\/index.html\/?p=10770"},"modified":"2006-11-06T00:00:00","modified_gmt":"2006-11-06T00:00:00","slug":"Joaquin_Maroto10770","status":"publish","type":"post","link":"https:\/\/intervius.com\/index.html\/Joaquin_Maroto10770\/","title":{"rendered":"Joaqu\u00edn Maroto"},"content":{"rendered":"<p>Pregunta.- Joaqu\u00edn, no crees que un buen entrenador lo primero que debe hacer es poner a su mejor futbolista en su puesto (Xavi), y dejarse de inventos?<\/p>\n<p>Respuesta.- Buenas tardes a todos. Bueno, hoy hace dos a\u00f1os que ganamos la Eurocopa. Un gran d\u00eda que esperemos se repita esta noche contra Portugal. Hola, Javier: De acuerdo. En mi opini\u00f3n Xavi no est\u00e1 jugando en su posici\u00f3n ideal. Deber\u00eda tener m\u00e1s visi\u00f3n de campo y jugar en posiciones donde no le obliguen a recibir tantos balones de espaldas. Pero la presencia de Busquets empuja a Xabi y \u00e9ste a su vez empuja a Xavi. Supongo que lo resolver\u00e1n.<\/p>\n<p>P.- En el Madrigal todos hemos visto esta temporada que Marcos Senna est\u00e1 perfectamente. Solo la llegada de Garrido (haciendo cosas raras por indicaci\u00f3n de la presidencia) le releg\u00f3 alg\u00fan que otro partido al banquillo. \u00bfQui\u00e9n se cree la milonga de que Senna no haido por lesi\u00f3n o baja forma cuando, por este orden, Torres, Cesc e Iniesta fueron convocados lesionados?<\/p>\n<p>R.- En la segunda parte de su observaci\u00f3n, sin peros por mi parte. De acuerdo contigo. En cuanto a que Senna ha estado perfectamente esta temporada, no tanto. El Villarreal ha hecho una mala temporada y por ello se han visto perjudicados casi todos sus internacionales, incluidos Senna. (Aunque quiero hacer una menci\u00f3n tambi\u00e9n a Diego L\u00f3pez, que si recibi\u00f3 tantos goles en las 10 \u00faltimas jornadas no fue por su culpa enteramente, sino tambi\u00e9n por la de sus defensas).<\/p>\n<p>P.- hola crack, luis aragon\u00e9s ha dicho que no es muy optimista ante portugal \u00bfcomo crees que afrontar\u00e1 el partido la roja?<\/p>\n<p>R.- Hola, Juan. Yo s\u00ed que soy optimista. Pero cuando lo dice Luis&#8230; Yo creo que el ex seleccionador ha visto que la Selecci\u00f3n a\u00fan est\u00e1 atenazada, que no se ha soltado a hacer su juego en plenitud. Pero a\u00fan as\u00ed ha sacado adelante los partidos ante Honduras y Chile. Espero que se suelten el pelo hoy mismo, contra Portugal.<\/p>\n<p>P.- Si tuviese dos opciones a escoger, entre la ubicaci\u00f3n de \u00e1rbitros detr\u00e1s del arco o el uso de tecnolog\u00eda televisiva para disminuir los errores arbitrales \u00bfCu\u00e1l escoger\u00eda? twitter@ggdb2000<\/p>\n<p>R.- A un cuarto \u00e1rbitro con monitor. Lo que se ve en la tele, con la tecnolog\u00eda actual, es mucho m\u00e1s de lo que ve el ojo humano. Sobre todo porque te da la posibilidad de repetir y parar la jugada. Con monitor no habr\u00eda sido anulado el gol de Inglaterra y s\u00ed el de Argentina.<\/p>\n<p>P.- Un saludo se\u00f1or Maroto, quien cree que se encargara hoi de parar a CR9? cree que habra algun plan especifico en defensa? he visto algo floja a Espa\u00f1a en defensa en estos ultimos partidos, con algun error infantil&#8230;<\/p>\n<p>R.- Yo creo que Cristiano va a tener dos l\u00edneas de defensa, la primera en el centro del campo y la segunda atr\u00e1s. Si fuera Del Bosque me platear\u00eda un cambio t\u00e1ctico para hoy: pasar a Ramos a central y a Puyol al lateral. No porque Sergio no pueda marcar a Cristiano, sino porque tiene demasiada vocaci\u00f3n ofensiva para un partido como el de hoy. Puyol es un tit\u00e1n ah\u00ed. Igual digo una tonter\u00eda, pero yo lo har\u00eda.<\/p>\n<p>P.- Espa\u00f1a es mejor equipo que Portugal pero llega en bastante peor forma. \u00bfCrees que si superamos a los lusos , el equipo puede venirse arriba y encontrar el punto?<\/p>\n<p>R.- Si ganamos hoy a Portugal me veo en semifinales m\u00ednimo. El hueso duro de roer es el de esta noche. Son muy buenos, y sobre todo muy r\u00e1pidos.<\/p>\n<p>P.- \u00bfC\u00f3mo ves a la segunda l\u00ednea de Portugal? \u00bfEs tan peligroso como comentan?<\/p>\n<p>R.- M\u00e1s que peligrosa es consistente. Juegan con tres pivotes y adem\u00e1s con Cristiano por una banda, Simao por la otra y encima con Coentrao viniendo desde atr\u00e1s. Atacan en bandada. Parecen Stukas.<\/p>\n<p>P.- Joaqu\u00edn, has estado viendo al equipo nacional estos \u00faltimos d\u00edas en los entrenamientos, quien crees que podr\u00eda suplir con mayores garantias a Xabi Alonso en la medular, Cesc o Javi M.? Un saludo <\/p>\n<p>R.- A m\u00ed me gusta mucho Javi Mart\u00ednez, pero Cesc tiene m\u00e1s talento. Uno es un jugador de recorrido, que va de \u00e1rea a \u00e1rea y que empuja mucho al equipo. Cesc tiene m\u00e1s gol, m\u00e1s pase y m\u00e1s regate, pero menos fuelle. Cualquiera lo har\u00eda bien, pero con Javi tendremos m\u00e1s consistencia y con Cesc m\u00e1s pegada.<\/p>\n<p>P.- Estimado Joaqu\u00edn, \u00bfCrees que jugar contra Portugal con un doble 5 es pejudicial para el futbol que ofensivo que maneja dicha selecci\u00f3n?. \u00bfPodria ser Cesc el recambio de Xavi Alonso?. No deberiamos acabar con el rombo y volver a un sistema 4-4-2 ante Portugal?. Un abrazo desde Quito, Ecuador. <\/p>\n<p>R.- Hola, Alfonso: \u00bfTodo bien por Quito? Espero que s\u00ed&#8230; No os hag\u00e1is l\u00edos, que esta noche va a jugar Xabi Alonso. Del Bosque va a repetir el equipo que gan\u00f3 a Chile. Luego, si se resiente, entrar\u00e1 Cesc o Javi Mart\u00ednez dependiendo del resultado. Un abrazo fuerte.<\/p>\n<p>P.- Buenas Crack, a mi tambien me gustaba mas el futbol de la Eurocopa, pero, \u00bfalguien recuerda que ganamos la eurocopa mas floja de los ultimos a\u00f1os? No habia ninguna grande en forma y faltaba Inglaterra&#8230;&#8230;.<\/p>\n<p>R.- Hola, Juan: Bueno, bueno&#8230; \u00bfla m\u00e1s f\u00e1cil? Yo no dir\u00eda tanto. Lo de Italia fue muy duro, y tambi\u00e9n los partidos con Rusia y con Grecia. Lo que pasa es que nos parecieron malos porque Espa\u00f1a era muy buena. Era y es. Inglaterra no estaba en esa Eurocopa, cierto, pero es que a Inglaterra le han dado para el pelo en este Mundial. Yo creo que Inglaterra es m\u00e1s el ru\u00eddo que las nueces, visto lo visto.<\/p>\n<p>P.- Hola se\u00f1or Maroto. \u00bfCrees que jugar\u00e1 Arbeloa en el lateral?<\/p>\n<p>R.- Creo que no. Pero s\u00f3lo es una intuici\u00f3n. A ver, \u00bfsi fuera a jugar a Arbeloa porque habl\u00f3 en la rueda de prensa de ayer Capdevila? No veo a un jugador como Capdevila, con su jerarqu\u00eda, saliendo a una rueda de prensa internacional la v\u00edspera de un partido si intuye que no va a jugar. Puede que me equivoque, pero me fij\u00e9 en este dato&#8230;<\/p>\n<p>P.- Hola Joaquin. Ultimamente Torres est\u00e1 muy fall\u00f3n, crees que Llorente o Pedro estar\u00edan para jugar contra Portugal en su puesto? Gracias.<\/p>\n<p>R.- Hola, Jaime. Torres ha salido de una lesi\u00f3n con mucho sacrificio y ha hecho un gran esfuerzo para ayudar. Posiblemente, su compromiso con Espa\u00f1a ha sido el m\u00e1s grande de los 23. Dicho esto, recuerdo que en la jugada del gol de Villa a Chile fue Torres quien fue a por un bal\u00f3n en el que s\u00f3lo \u00e9l crey\u00f3, que encim\u00f3 a Bravo y le oblig\u00f3 a salir de su \u00e1rea y a despejar, mal, con el pie. Luego lleg\u00f3 Villa y lo aprovech\u00f3 con mucho talento. Pero el que la pele\u00f3 fue Torres. Tambi\u00e9n le han hecho dos penaltis no se\u00f1alados. Ya encontrar\u00e1 puerta, ojal\u00e1 que esta noche. Si lo hace, campeones del mundo. S\u00f3lo falta \u00e9l.<\/p>\n<p>P.- Ayer o\u00ed a Lama decir que la selecci\u00f3n est\u00e1 fatal f\u00edsicamente, que est\u00e1 muy por debajo de otras selecciones, como la portuguesa, porque nuestra liga es muy exigente, termina m\u00e1s tarde, etc. Y bien, \u00bfD\u00f3nde juegan Miguel, Simao, Cristiano, Tiago? \u00bfC\u00f3mo son las otras ligas en cuanto a exigencia? Aqu\u00ed tenemos a Madrid y Barca que le ganan con la gorra a los dem\u00e1s 18 equipos y en Portugal lo mismo pero con Oporto y Benfica. Que chorradas se dicen a veces!!<\/p>\n<p>R.- Si lo dijo Manolo Lama, para m\u00ed es palabra santa. El crack es Lama.<\/p>\n<p>P.- dice del bosque que xabi alonso no es un medio defensivo&#8230; entonces por qu\u00e9 en caso de lesion lo piensa sustituir por javi mart\u00ednez?<\/p>\n<p>R.- Porque quer\u00eda amarrar el resultado y hab\u00eda un lesionado sobre el campo. Si hubi\u00e9ramos ido atr\u00e1s habr\u00eda metido a Cesc&#8230; Xabi Alonso, con todo, tiene un perfil m\u00e1s defensivo, cierto, pero como le pega tan bien al bal\u00f3n desde la media distancia y remata mucho a puerta por esa facilidad en el golpeo pues parece que es m\u00e1s ofensivo de lo que en realidad es. Cierto.<\/p>\n<p>P.- \u00bfcrees que ser\u00e1 posible remontar el partido, en caso de que Portugal se adelante en el marcador?<\/p>\n<p>R.- Dif\u00edcil, pero no imposible. Pero muy complicado. Facilitar\u00eda su contra y son cohetes si tienen espacios. No me gustar\u00eda que se diera este escenario, pero nada.<\/p>\n<p>P.- hola joaquin no entiendo porque siempre se dice que torres es la estrella de este equipo cuando villa demuestra cada a\u00f1o que es mucho mejor futbolista,incluso en el balon de oro queda torres delante villa y lo veo muy injusto que un jugador como villa se tenga que ganar el reconocimiento en el campo y torres solo por nombre&#8230;que piensa sobre esto?? gracias<\/p>\n<p>R.- Ya he hablado antes de Torres y he explicado sus virtudes, que son muchas. Si el Ni\u00f1o hubiera marcado dos goles ante Honduras (por ejemplo el penalti de mano que le hicieron y el remate de cabeza que se le fue por poco) no estar\u00edamos diciendo esto, sino lo contrario. En cuanto a Villa qu\u00e9 te voy a decir: tiene el gol entre ceja y ceja. Es un killer. No he visto otro como \u00e9l desde Hugo S\u00e1nchez. Es un crack, como Torres.<\/p>\n<p>P.- ahola crack. no te parece que a la seleccion le falt cesc y silva titular?<\/p>\n<p>R.- Hola Lucho: Por lo menos uno de los dos, s\u00ed. Pero va a ser complicado que Del Bosque cambie el equipo despu\u00e9s de una victoria. Lo puede rectificar durante un partido, pero no creo que lo cambie de salida.<\/p>\n<p>P.- \u00bfPor qu\u00e9 la prensa tiene tantas dudas con nuestra selecci\u00f3n?<\/p>\n<p>R.- Porque no est\u00e1n sueltos. No creo que sea cansancio, sino atenazamiento. Que salgan con alegr\u00eda. Eso falta.<\/p>\n<p>P.- crees que con luis aragon\u00e9s la selecci\u00f3n ser\u00eda m\u00e1s equipo? un abrazo<\/p>\n<p>R.- No lo creo, Rub\u00e9n. Hoy van a jugar 9 futbolistas que Luis aline\u00f3 en Eurocopa. Los cambios que ha metido Del Bosque son Piqu\u00e9 por Juanito y Busquets por Senna, y creo que ambos mejoran el bloque.<\/p>\n<p>P.- dicen que queiroz va a poner a simao y a miguel por que conocen la liga espa\u00f1ola que ventajas e inconvenientas tiene eso <\/p>\n<p>R.- Del Bosque gan\u00f3 cinco grandes t\u00edtulos con el equipo que hered\u00f3 Queiroz, que se fue con cero patatero. Si el partido se decidiera por competencia entre entrenadores ganar\u00edamos 5 a 0.<\/p>\n<p>P.- Hola desde Portugal. Por aqui se vive una fiesta, esperando el partido emocionante con nuestros hermanos Espa\u00f1a! Crees que sea normal que en Portugal el favoritismo va para Espa\u00f1a (como ha dicho Jesualdo Ferreira) y que los Espanoles (como Aragon\u00e9s) digan que Portugal va a ganar? Suerte para el partido, que el mejor equipo gane!!<\/p>\n<p>R.- Se pasan la responsabilidad de un tejado a otro para quitarse presi\u00f3n. Pero la cosa est\u00e1 igualada. Bueno, pase lo que pase hoy, yo creo que organizaremos juntos el Mundial de 2018 entre Espa\u00f1a y Portugal. Ese ser\u00e1 el consuelo para el perdedor.<\/p>\n<p>P.- hola joaquin \u00bfcres que la seleccion portuguesa tiene mejores laterales ofensivos que espa\u00f1a y nos pueden hacer da\u00f1o por las bandas?gracias y un saludo desde caceres<\/p>\n<p>R.- Ramos y Capdevila son muy buenos ofensivamente. De hecho son los m\u00e1s ofensivos de la Liga. Pero ellos tambi\u00e9n tienen buenas alas, sobre todo Coentrao (no hablo de la segunda l\u00ednea, con Cristiano y Simao, sino de la defensa). Coentrao era extremo izquierdo, le han reciclado al lateral y cuando sube lo hace como un extremo, con velocidad y precisi\u00f3n en el centro.<\/p>\n<p>P.- \u00bfque tendria que hacer Vicente Del Bosque una marca individual a Cristiano o una marca en zona? Mi opini\u00f3n es que tendr\u00edamos que hacer una marca en zona como hemos hecho en los dem\u00e1s partidos.<\/p>\n<p>R.- En zona, pero con ayudas, con muchas ayudas. Cuando Cristiano entre por la banda ser\u00e1 cosa de Sergio o Capdevila, seg\u00fan el lado, pero tendr\u00e1n que ayudar Piqu\u00e9 y Puyol. Cuando vaya en diagonal hac\u00eda el centro tendr\u00e1 que ayudar Busquets. Desde luego, si le dejamos en el uno contra uno con espacio y con velocidad, no lo para nadie. Es una m\u00e1quina.<\/p>\n<p>P.- \u00bfcrees que con el equipo de la eurocopa habr\u00eda debate sobre quien pasa a cuartos?<\/p>\n<p>R.- Hoy van a jugar 9 jugadores de la Eurocopa&#8230; <\/p>\n<p>P.- hola se\u00f1or maroto verdaderamente espa\u00f1a es favorita o tiene mucha mas pegada brasil y argentina <\/p>\n<p>R.- Si Espa\u00f1a se suelta y juega como sabe llegar\u00e1 a las fase finales del Mundial capaz de ganar a cualquiera. Ahora, debe jugar su mejor f\u00fatbol.<\/p>\n<p>P.- tienes un claro favorito para el mundial despues de ver a argentina y barsil?<\/p>\n<p>R.- Si hoy ganamos a Portugal, mi favorita es Espa\u00f1a.<\/p>\n<p>P.- Hola Joaquin: hasta Cruyff lo ha dicho, vamos, todos, que con Xabi Alonso y Busquet juntos, se est\u00e1 perdiendo el juego brillante de la selecci\u00f3n \u00bfpor qu\u00e9 crees que se empe\u00f1a Del Bosque en eso? <\/p>\n<p>R.- Porque se llev\u00f3 un susto contra Suiza, y porque no cree que Xabi sea defensivo ni Busquets tampoco. A m\u00ed me parece bien lo que hace Del Bosque porque \u00e9l cree en esto y de momento hemos pasado primeros de grupo.<\/p>\n<p>P.- como es posible que teniendo mas experiencia y mejores jugadores el equipo no vaya a mejor? y por que todo el mundo parece tener dudas ante el encuentro con portugal? si nosotros confiamos en nuestros jugadores ellos saldran mas motivados a el partido hay que cambiar nuestra filosofia de no creer por creeer y confiar<\/p>\n<p>R.- Ya digo que es un problema de confianza, de que el equipo va bien pero no se suelta. Es como el F1 de Alonso con un problemilla en el carburador, que te da alg\u00fan tir\u00f3n inesperado. Pero yo s\u00ed creo. Me parece que casi todos los espa\u00f1oles creemos. Y Podemos, adem\u00e1s.<\/p>\n<p>P.- si pasaramos los octavos luego los cuartos cual seria mejor para jugar de tu a tu seria argentina o alemania <\/p>\n<p>R.- A las dos, tanto a Argentina como a Alemania, las hemos ganado bien en los \u00faltimos 24 meses. Si pasamos a Portugal, el problema ser\u00e1 para la selecci\u00f3n que tenga enfrente a Espa\u00f1a.<\/p>\n<p>P.- Hola desde Barcelona. Aqu\u00ed estamos seguros de que Torres esta muy lejos de su mejor nivel, y que no deber\u00eda jugar. Tambi\u00e9n se comenta que Arbeloa podr\u00eda rendir mas que Capdevila. Que opinas? Un saludo.<\/p>\n<p>R.- Hola desde Barcelona. Aqu\u00ed estamos seguros de que Torres esta muy lejos de su mejor nivel, y que no deber\u00eda jugar. Tambi\u00e9n se comenta que Arbeloa podr\u00eda rendir mas que Capdevila. Que opinas? Un saludo.<\/p>\n<p>P.- hola joaqu\u00edn \u00bf A Portugal que le podr\u00eda hacer mas da\u00f1o el tiki-taka con los bajitos o jugar con extremos?<\/p>\n<p>R.- El tiki-taka es mortal de necesidad. Bien ejecutado, es casi imbatible. Adem\u00e1s, desgasta mucho al rival, que se agota corriendo detr\u00e1s del bal\u00f3n. No hay mayor des\u00e1nimo que perseguir la pelota sin robarla nunca, y m\u00e1s para los equipos con buenos jugadores, como Portugal.<\/p>\n<p>P.- Buenas \u00bfno da pena ver a Xavi pasar indiferente por este mundial por la posici\u00f3n tan adelantada que le pone Del Bosque, cuando se trata de los mejores jugadores del mundo en su verdadero puesto?<\/p>\n<p>R.- Xavi no es de los mejores del mundo en su puesto, es simplemente el n\u00ba1, Tom\u00e1s. De acuerdo en que no juega en su sitio exacto, pero a\u00fan as\u00ed es un privilegio verle sobre el campo. Lo mejor de Xavi est\u00e1 en su cabeza, no en sus pies. Es el m\u00e1s listo y adem\u00e1s, con Iniesta, el que tiene m\u00e1s talento.<\/p>\n<p>P.- D\u00edgame Joaquin, sus arremetidas contra Villar &#8230;.es por miedo a perder el partido&#8230;..o porque no tiene otra cosa que escribir ante lo evidente: que con Vicente del Bosque no se juega como con Luis&#8230;.por mor de la titularidad de Xabi Alonso&#8230;..<\/p>\n<p>R.- No arremeto contra Villar. Lo que digo es que los arbitros son, junto con el Jabulani, lo peor del Mundial. A Espa\u00f1a le han robado tres penaltis clar\u00edsimos y le han escamoteado otros dos evidentes. El Mundial ha entrado en una fase en la que un error arbitral (recuerde Al Ghandour en Corea y lo que le pas\u00f3 a Espa\u00f1a) te deja fuera. Y resulta que Villar es, desde hace muchos a\u00f1os, el presidente de la Comisi\u00f3n de \u00c1rbitros de la FIFA. Yo creo que podr\u00eda hacer algo m\u00e1s para mejorar el asunto, dado que es lo peor de la Copa del Mundo. Tendr\u00eda que hablar con ellos y pedirles que se pongan las pilas, y al que falle a la nevera. Igual que van quedando s\u00f3lo las mejores selecciones, deber\u00edan i quedado los mejores \u00e1rbitros. Webb, que pit\u00f3 el Brasil-Chile, fue el mismo que rearbitr\u00f3 el a\u00f1o pasado una jugada en el Brasil-Egipto que termin\u00f3 con un penalti en contra para los africanos. \u00bfC\u00f3mo es posible que est\u00e9 aqu\u00ed otra vez y que de nuevo pite a Brasil? Y as\u00ed cien cosas m\u00e1s. Dicho todo esto, creo que el mejor \u00e1rbitro del Mundial hasta ahora es Undiano, justo el espa\u00f1ol, el que no puede pitar a Espa\u00f1a. Es que tiene tela&#8230;<\/p>\n<p>P.- Buenas, quien esta siendo de momento la revelacion de este mundial?<\/p>\n<p>R.- Es sorprendente que Portugal sea la \u00fanica de las 32 selecciones que todav\u00eda no ha recibido un gol en contra. Con este dato, Portugal.<\/p>\n<p>P.- Hola Joaquin te escribo desde Nueva York. Los comentaristas de ESPN, Univision, Fox Sport, etc no dan nada favorita a nuestra seleccion diciendo que esta muy mal de tono. Yo personalmente la veo como siempre, ni mejor ni peor que cuando nos enfrentamos a Italia en el Europeo. Veo muy bien que hayan practicado los penalties por si acaso, y sinceramente si ganamos a Portugal como se gano a Italia en el Europeo vamos a estar muy muy fuerte mentalmente, y con la calidad que tenemos. Ojala!!! que juguemos la final. Un abrazo<\/p>\n<p>R.- De acuerdo contigo Pepe. No te creas mucho lo que dicen los comentaristas norteamericanos sobre f\u00fatbol. Si fuera sobre baloncesto&#8230; je,je,je.<\/p>\n<p>P.- \u00bfCrees que Vald\u00e9s o Reina jugar\u00e1n alg\u00fan partido?<\/p>\n<p>R.- Ser\u00eda Reina y Vald\u00e9s, por este orden Pedro. No lo creo, salvo que Casillas se lesione, que no lo espero, o que le echen por tarjetas, que no lo creo. Dif\u00edcil que jueguen.<\/p>\n","protected":false},"excerpt":{"rendered":"<p>Al final, Espa\u00f1a finaliz\u00f3 como primera de grupo y se enfrenta a la Portugal de Cristiano Ronaldo en octavos de final. Joaqu\u00edn Maroto, enviado especial de AS que sigue las evoluciones de la selecci\u00f3n espa\u00f1ola en Sud\u00e1frica, ha charlado con los internautas a pocas horas de este trascendental choque.<\/p>\n","protected":false},"author":1,"featured_media":0,"comment_status":"open","ping_status":"open","sticky":false,"template":"","format":"standard","meta":{"footnotes":""},"categories":[],"tags":[],"class_list":["post-10770","post","type-post","status-publish","format-standard","hentry"],"_links":{"self":[{"href":"https:\/\/intervius.com\/index.html\/wp-json\/wp\/v2\/posts\/10770","targetHints":{"allow":["GET"]}}],"collection":[{"href":"https:\/\/intervius.com\/index.html\/wp-json\/wp\/v2\/posts"}],"about":[{"href":"https:\/\/intervius.com\/index.html\/wp-json\/wp\/v2\/types\/post"}],"author":[{"embeddable":true,"href":"https:\/\/intervius.com\/index.html\/wp-json\/wp\/v2\/users\/1"}],"replies":[{"embeddable":true,"href":"https:\/\/intervius.com\/index.html\/wp-json\/wp\/v2\/comments?post=10770"}],"version-history":[{"count":0,"href":"https:\/\/intervius.com\/index.html\/wp-json\/wp\/v2\/posts\/10770\/revisions"}],"wp:attachment":[{"href":"https:\/\/intervius.com\/index.html\/wp-json\/wp\/v2\/media?parent=10770"}],"wp:term":[{"taxonomy":"category","embeddable":true,"href":"https:\/\/intervius.com\/index.html\/wp-json\/wp\/v2\/categories?post=10770"},{"taxonomy":"post_tag","embeddable":true,"href":"https:\/\/intervius.com\/index.html\/wp-json\/wp\/v2\/tags?post=10770"}],"curies":[{"name":"wp","href":"https:\/\/api.w.org\/{rel}","templated":true}]}}