{"id":10731,"date":"2010-06-18T00:00:00","date_gmt":"2006-11-06T00:00:00","guid":{"rendered":"https:\/\/intervius.com\/index.html\/?p=10731"},"modified":"2006-11-06T00:00:00","modified_gmt":"2006-11-06T00:00:00","slug":"Miguel_Angel_Moratinos10731","status":"publish","type":"post","link":"https:\/\/intervius.com\/index.html\/Miguel_Angel_Moratinos10731\/","title":{"rendered":"Miguel \u00c1ngel Moratinos"},"content":{"rendered":"<p>Pregunta.- Despu\u00e9s de haber sido el encargado de la paz en Oriente Pr\u00f3ximo con la UE, y haber visto la situaci\u00f3n que se vive all\u00ed, \u00bfno le duele tener que seguirle el juego a las pol\u00edticas pro-israel\u00edes? <\/p>\n<p>Respuesta.- No. Porque, si queremos una paz definitiva en la regi\u00f3n, \u00e9sta tiene que pasar por una soluci\u00f3n de dos Estados, y por lo tanto, necesitamos que Israel pueda aceptar la oferta de la comunidad internacional, y as\u00ed poder lograr lo que todo deseamos, la creaci\u00f3n del Estado palestino. <\/p>\n<p>P.- \u00bfCree que son suficientes los resultados de la presidencia espa\u00f1ola de la UE en cuanto a las relaciones con Rusia? Espa\u00f1a tiene una asociaci\u00f3n estrat\u00e9gica, pero no parece que le d\u00e9 la suficiente prioridad al tema, ni en el marco bilateral ni en el europeo. <\/p>\n<p>R.- Creo que durante la Presidencia espa\u00f1ola hemos lanzado el nuevo concepto del partenariado de la modernizaci\u00f3n, que va a anclar las relaciones entre Rusia y la Uni\u00f3n Europea en la pr\u00f3xima d\u00e9cada. Espa\u00f1a trabaj\u00f3 desde el inicio de la Presidencia, fue mi primer viaje a Mosc\u00fa como presidencia rotatoria lo que inici\u00f3 el di\u00e1logo para preparar adecuadamente la \u00faltima cumbre. No obstante, debemos hacer algo m\u00e1s en materia de liberalizaci\u00f3n de visados, para acercar a las sociedades europeas y rusas. <\/p>\n<p>P.- \u00bfPiensa el Sr. Ministro responder de una vez a todas las acciones y conflictos diplom\u00e1ticos que en el Reino Unido incurre sin ning\u00fan pudor en las aguas espa\u00f1olas colindantes con Gibraltar?<\/p>\n<p>R.- Siempre defendemos los derechos e intereses espa\u00f1oles en relaci\u00f3n con Gibraltar, incluidos aquellos que afectan a las aguas, a trav\u00e9s de los canales e instrumentos diplom\u00e1ticos. <\/p>\n<p>P.- \u00bfQu\u00e9 le parece la iniciativa del Premio Obiang-Unesco sobre investigaci\u00f3n cient\u00edfica? \u00bfCu\u00e1l ha sido la actitud espa\u00f1ola en la Unesco al respecto? <\/p>\n<p>R.- Es una decisi\u00f3n que ha adoptado la Comisi\u00f3n Ejecutiva de la Unesco, y que su directora general ha decido aplazar para evaluar el momento en que el citado premio se ponga en aplicaci\u00f3n. <\/p>\n<p>P.- Sr Ministro, se oyen voces de que usted podr\u00eda ser candidato a la Alcald\u00eda de C\u00f3rdoba. Si el S. Gral. de su partido se lo propusiera, \u00bfaceptar\u00eda la propuesta? \u00bfle har\u00eda ilusi\u00f3n ser candidato? Muchas gracias.<\/p>\n<p>R.- No es la primera vez que me hacen esta pregunta. Yo tengo siempre un gran afecto en favor de las cordobesas y los cordobeses, pero en estos momentos me debo al presidente del Gobierno, que es el que tiene que decidir cu\u00e1l ser\u00e1 el futuro candidato a la Alcald\u00eda de C\u00f3rdoba, y qui\u00e9n debe seguir siendo ministro de Asuntos Exteriores. En estos momentos, mi \u00fanica preocupaci\u00f3n es llevar a cabo mi funci\u00f3n como ministro lo mejor posible. <\/p>\n<p>P.- Ministro, me gustar\u00eda saber qu\u00e9 balance hace de la Presidencia espa\u00f1ola que ahora termina y conocer cu\u00e1les son los principales ejes de la pr\u00f3xima Presidencia sueca. Gracias<\/p>\n<p>R.- Todav\u00eda quedan unos d\u00edas para cerrar el trabajo de la Presidencia, pero podr\u00edamos hacer un balance positivo si juzgamos los objetivos que nos propusimos y los logros obtenidos. Ya sea en relaci\u00f3n con la aplicaci\u00f3n del Tratado de Lisboa, donde creo que la Presidencia espa\u00f1ola ha logrado el cien por cien de los objetivos, ya sea en la salida de la crisis econ\u00f3mica y financiera, con las conclusiones alcanzadas ayer en el Consejo Europeo, donde se refuerza la unidad y gobernanza econ\u00f3mica de Europa, ya sea en relaci\u00f3n con la ciudadan\u00eda, al aprobar una serie de decisiones relativas a la Iniciativa Legislativa Ciudadana, la igualdad entre hombres y mujeres y en todo el cap\u00edtulo JAI (Justicia e Interior), o ya sea en acci\u00f3n exterior, en donde quiz\u00e1s convendr\u00eda subrayar el \u00e9xito de la cumbre Uni\u00f3n Europa-Am\u00e9rica Latina, junto a otras acciones en Balcanes, Oriente Medio, ampliaci\u00f3n, nueva vecindad, etc\u00e9tera. <\/p>\n<p>P.- \u00bfPor qu\u00e9 se ha permitido siempre al Reino Unido vetar cualquier intento de union social y pol\u00edtica en la UE, lo que la ha dejado desnuda ante los mercados? \u00bfNo le parece que hay una gran responsabilidad de los gobiernos europeos en construir esta Europa en manos de los mercados?<\/p>\n<p>R.- Las conclusiones del d\u00eda de ayer del Consejo Europeo es una respuesta firme a los mercados. Y el Reino Unido ha estado en favor de esta respuesta. Cada etapa en la integraci\u00f3n europea nos muestra un Reino Unido cada vez m\u00e1s proeuropeo, inclu\u00eddo el nuevo Gobierno Cameron, que ha aceptado el Tratado de Lisboa, y que est\u00e1 colaborando de forma constructiva en esta nueva etapa europea. <\/p>\n<p>P.- Como sabe, la Posici\u00f3n Com\u00fan Europea respecto a Cuba tiene como finalidad el di\u00e1logo con el gobierno cubano y la oposici\u00f3n. \u00bfPor qu\u00e9 est\u00e1 dispuesto a impulsar una reforma que no tenga en cuenta a la sociedad civil cubana? <\/p>\n<p>R.- Aunque esa afirmaci\u00f3n no se recoge en el texto de la posici\u00f3n com\u00fan, en cualquier caso, el Gobierno de Espa\u00f1a lo que desea es que el di\u00e1logo con las autoridades cubanas nos permita reforzar las relaciones entre la Uni\u00f3n Europea y Cuba y mejorar la situaci\u00f3n de los Derechos Humanos. <\/p>\n<p>P.- \u00bfCree que alguna vez Turqu\u00eda podr\u00e1 entrar en la UE? \u00bfQu\u00e9 cree que ha de pasar para que esto sea as\u00ed, por parte de Turqu\u00eda y de la UE? \u00bfComo puede Espa\u00f1a acercar posiciones?<\/p>\n<p>R.- Espa\u00f1a est\u00e1 decidida a que Turqu\u00eda entre en la Uni\u00f3n Europea, y adem\u00e1s, por el momento, el Consejo Europeo, que es el m\u00e1ximo \u00f3rgano de decisi\u00f3n europea, no ha cambiado su posici\u00f3n en favor de esta decisi\u00f3n. Hace falta avanzar en el proceso de negociaci\u00f3n y que Turqu\u00eda cumpla con los criterios de Copenhague con el proceso de modernizaci\u00f3n jur\u00eddica, econ\u00f3mica y social necesaria. <\/p>\n<p>P.- \u00bfCuando va a darnos el gusto de dimitir , vista su desastrosa gesti\u00f3n y los dislates que la han marcado? \u00bfNo se da cuenta que Espa\u00f1a no para de hacer el rid\u00edculo internacional?<\/p>\n<p>R.- No le voy a dar ese gusto. Los que tienen que decidir el presidente del Gobierno y los espa\u00f1oles cuando llegue el momento. <\/p>\n<p>P.- \u00bfCree que Ceuta y Melilla son negociables con Marruecos? \u00bfCree que son imprescindibles para Espa\u00f1a?. Yo pienso que no tienen ning\u00fan valor, solo es un recuerdo colonial, creo que m\u00e1s valor tienen sus aguas territoriales para la pesca, y en eso s\u00ed que se podr\u00eda llegar a un acuerdo con ellos. <\/p>\n<p>R.- Ceuta y Melilla son espa\u00f1olas y no son negociables. <\/p>\n<p>P.- \u00bfSobre qu\u00e9 base jur\u00eddica se defiende el &#8220;levantamiento parcial&#8221; del embargo a Gaza? Desde la III Convenci\u00f3n de Ginebra NO se puede negar a la poblaci\u00f3n civil bajo ocupaci\u00f3n la limitaci\u00f3n de sus derechos. Gaza que acoge a mas de 1.500.000 de personas, que sufren de un embargo ilegal, injusto y genocida, sea total o parcial. &#8220;Levantar un embargo parcial significa reconocer que el &#8220;derecho a la seguridad&#8221; de Israel predomina sobre &#8220;el derecho a la vida de los palestinos.<\/p>\n<p>R.- La Uni\u00f3n Europea est\u00e1 liderando, con una participaci\u00f3n activa espa\u00f1ola, todos los esfuerzos para conseguir el levantamiento total del embargo a Gaza. Por el momento, se han dado pasos positivos, y la primera respuesta de Israel va en esa direcci\u00f3n. Seguimos trabajando para conseguir que este levantamiento sea lo m\u00e1s inmediato y amplio posible. <\/p>\n<p>P.- Sr. Moratinos, \u00bfQu\u00e9 pasa con el S\u00e1hara? \u00bfTanto le debemos a Marruecos como para que no demos un pu\u00f1etazo en la mesa y cojamos el toro por los cuernos? \u00bfSeguir\u00e1n olvidados 100 a\u00f1os m\u00e1s?<\/p>\n<p>R.- El problema del S\u00e1hara occidental es una de las prioridades de la pol\u00edtica exterior espa\u00f1ola, y estamos trabajando de forma muy comprometida para lograr un acuerdo definitivo, justo, mutuamente aceptable, que permita la libre autodeterminaci\u00f3n del pueblo saharaui. Para ello, estamos en contacto con Naciones Unidas, y al principio del mes de julio, recibiremos a su represetante personal, el se\u00f1or Ross, para tratar de impulsar las negociaciones directas entre Marruecos y el Frente Polisario. <\/p>\n<p>P.- \u00bfPara cuando una postura firme contra la pol\u00edtica de la inmunidad Israel\u00ed?<\/p>\n<p>R.- Espa\u00f1a siempre expresa su posici\u00f3n con firmeza, y cuando tiene que rechazar algunas actuaciones del Gobierno israel\u00ed lo hace, sin que ello suponga ignorar la importancia del mantenimiento de buenas relaciones con Israel. <\/p>\n<p>P.- Por qu\u00e9 es tan dif\u00edcil tomar una posici\u00f3n clara hacia el gobierno venezolano?<\/p>\n<p>R.- Siempre tomamos una posici\u00f3n clara, y de ah\u00ed que podamos tener buenas relaciones con las autoridades venezolanas para defender mejor los intereses de los m\u00e1s de 100.000 espa\u00f1oles que viven en Venezuela, y de las importantes inversiones econ\u00f3micas y financieras que tenemos en ese pa\u00eds, adem\u00e1s de mejorar la buena cooperaci\u00f3n en materia policial y judicial. <\/p>\n<p>P.- Vivo en holanda y la imagen de Espana aqui ha caido de forma dramatica debido a la crisis y el paro. ?Por que Espana ha perdido toda la proyeccion internacional que tuvo en el pasado?<\/p>\n<p>R.- No es cierto. Espa\u00f1a se encuentra entre la octava y la novena econom\u00eda del mundo, por primera vez en nuestra Historia participamos en el foro internacional de mayor importancia pol\u00edtica y econ\u00f3mica, que es el G20, y si se habla de la crisis econ\u00f3mica y financiera en Espa\u00f1a, es porque nuestro pa\u00eds interesa m\u00e1s que nunca a la mayor\u00eda de los principales actores internacionales. <\/p>\n<p>P.- \u00bfCree usted que tendr\u00eda sentido que la Secretar\u00eda de Estado para la Uni\u00f3n Europea pasara, como en algunos pa\u00edses, a depender de Presidencia del Gobierno o de la Vicepresidencia Primera? \u00bfSe contempla esta posibilidad para la pr\u00f3xima remodelaci\u00f3n del Gobierno?<\/p>\n<p>R.- Por el momento, no hay todav\u00eda ning\u00fan plan sobre la restructuraci\u00f3n del Ministerio, y sobre la remodelaci\u00f3n del Gobierno, convendr\u00eda pregunt\u00e1rselo al presidente del Gobierno. <\/p>\n<p>P.- Otros a\u00f1os por estas fechas ya se habian convocado las oposiciones de acceso a la carrera diplom\u00e1tica, \u00bfCuando se convocaran este a\u00f1o, que al parecer eran 17 las plazas a cubrir?<\/p>\n<p>R.- Se convocar\u00e1n antes de que acabe el mes de junio, los ex\u00e1menes se iniciar\u00e1n en la primera semana de septiembre, y el tribunal ya est\u00e1 constituido. <\/p>\n<p>P.- Sr. Ministro: Tengo un amigo de 91 a\u00f1os preocupado por las a\u00fan no atendidas indemnizaciones a posibles damnificados de los ex-territorios espa\u00f1oles en Guinea. Este amigo, Jos\u00e9 de La-Chica, lleva m\u00e1s de 40 a\u00f1os esperando una soluci\u00f3n satisfactoria y nada. Por favor, para cu\u00e1ndo se realizar\u00e1 el censo de dichos espa\u00f1oles en la ex-Guinea Espa\u00f1ola y se solucionar\u00e1n sus problemas. Gracias<\/p>\n<p>R.- El censo de los espa\u00f1oles en Guinea Ecuatorial se realiz\u00f3 en 2009, de acuerdo con la Proposici\u00f3n No de Ley aprobada en el Congreso, y actualmente el Ministerio de Trabajo estudia posibles ayudas a los intengrantes de este colectivo. <\/p>\n<p>P.- \u00bfHasta cu\u00e1ndo va este gobierno y su ministerio a permitir la tremenda tomadura de pelo del foro tripartito para la resoluci\u00f3n del conflicto de Gibraltar? \u00bfQu\u00e9 obtendr\u00e1n ahora de Espa\u00f1a? <\/p>\n<p>R.- El Foro Tripartito de Gibraltar est\u00e1 funcionando satisfactoriamente, pues ha permitido crear una buena atm\u00f3sfera de di\u00e1logo y cooperaci\u00f3n, y resolver problemas muy concretos, no s\u00f3lo a los pensionistas espa\u00f1oles del campo de Gibraltar, sino a mejorar el entorno de Gibraltar en materia de protecci\u00f3n de medio ambiente, cooperaci\u00f3n aduanera, lucha contra el crimen organizado, tr\u00e1fico de droga y contrabando, mejorar la cooperaci\u00f3n en materia fiscal, en transparencia fiscal, mejorar las comunicaciones mar\u00edtimas y al mismo tiempo crear un nuevo aeropuerto y permitir la presencia del Instituto Cervantes en Gibraltar, entre otras muchas actuaciones. <\/p>\n<p>P.- Hola, buenos d\u00edas, Mi pregunta es obligada, y supongo que se la espera, por lo tanto voy a formularla con el mayor tacto y delicadeza posible: Cu\u00e1l es la situaci\u00f3n de los integrantes de la ONG secuestrados por Al-Qaeda? No cree que pagar es una forma de motivarles a secuestrar a m\u00e1s personas en un futuro y hacer que esta regi\u00f3n sea m\u00e1s peligrosa debido a la gran financiaci\u00f3n que les supone? (Con lo cual no quiero decir que no se haya de pagar). Gracias y \u00e1nimo.<\/p>\n<p>R.- Los secuestrados se encuentran bien, pero como saben la pol\u00edtica del Gobierno en este asunto es de trabajar todos los d\u00edas, ser discretos y tener confianza en las labores del Gobierno para lograr la liberaci\u00f3n de nuestros nacionales. <\/p>\n<p>P.- Cuantos etarras pendientes de extradicion quedan en Venezuela al dia de hoy?<\/p>\n<p>R.- La colaboraci\u00f3n judicial entre Espa\u00f1a y Venezuela es plena, y los responsables de Interior y de Justicia est\u00e1n en permanente contacto. <\/p>\n<p>P.- mis felicitaciones por el fin de la crisis libia-suiza, me gustar\u00eda que hiciera algun comentario sobre este tema y de la intervencion de nuestro rey, un saludo.<\/p>\n<p>R.- Fue un tema muy complejo. Se trataba de resolver un problema que iba a alcanzar dos a\u00f1os de duraci\u00f3n. La diplomacia espa\u00f1ola logr\u00f3, con el apoyo inestimable y esencial de Su Majestad el Rey, crear la confianza necesaria entre libios y suizos para alcanzar esa soluci\u00f3n que permiti\u00f3 la liberaci\u00f3n definitiva del \u00faltimo ciudadano suizo en Libia. <\/p>\n<p>P.- Unos temas vienen y otros se olvidan r\u00e1pido. \u00bfPor qu\u00e9 sigue Espa\u00f1a sin reconocer Kosovo? Este reconocimiento por parte de Serbia, \u00bfser\u00e1 una condici\u00f3n para su ingreso en la UE como dicen algunos? \u00bfQu\u00e9 soluci\u00f3n viable ve para la zona a corto y medio plazo? Mucho para tan poco espacio pero muchos le agradecer\u00edamos unas l\u00edneas sobre este tema.<\/p>\n<p>R.- Espa\u00f1a actu\u00f3 en pleno respeto a la legalidad internacional, y esa es la raz\u00f3n por la que no reconoci\u00f3 la delaraci\u00f3n unilateral de independencia de Kosovo. Estamos a la espera del Dictamen del Tribunal Internacional de Justicia, quien debe pronunciarse sobre la legalidad de dicha decisi\u00f3n. Espa\u00f1a s\u00f3lo reconocer\u00e1 Kosovo cuando exista una resoluci\u00f3n del Consejo de Seguridad o que sea una decisi\u00f3n aceptada por las dos partes, Serbia y Kosovo. <\/p>\n<p>P.- \u00bfqu\u00e9 pasara si los palestinos declarar\u00e1n un estado palestino unilateral?<\/p>\n<p>R.- El pasado s\u00e1bado, el presidente palestino, Mahmud Abbas, declar\u00f3 en Madrid que era contrario a la Declaraci\u00f3n Unilateral del Estado Palestino, como tambi\u00e9n era contrario a cualquier acto unilateral por parte de Israel. Por lo tanto, todos tenemos que comprometernos a lograr un acuerdo entre Israel y Palestina para que ese anhelado Estado palestino se convierta en realidad. <\/p>\n<p>P.- Tenemos el lujo de tener un pol\u00edtico de su talla, era usted conocido y valorado antes de ser ministro y su curriculum lo dice todo. har\u00e1 usted como los dem\u00e1s lideres del PSOE que valen y se ira a europa ( casos como el de Solana y Almunia) o se quedar\u00e1 apesar del mazazo casi seguro que le espera al partido en las pr\u00f3ximas elecciones? gracias.<\/p>\n<p>R.- Estoy convencido de que el PSOE ganar\u00e1 las pr\u00f3ximas elecciones, y por lo tanto no habr\u00e1 ning\u00fan mazazo, sino una gran victoria. En cuanto a mi futuro, seguir\u00e1 comprometido con el PSOE y con el proyecto socialista, y en su momento, el secretario general del partido y actual presidente decidir\u00e1 en qu\u00e9 lugar puedo ser m\u00e1s \u00fatil al mismo. <\/p>\n<p>P.- Se\u00f1or Moratinos, \u00bfqu\u00e9 promesas le ha hecho el r\u00e9gimen castrista para que haya conseguido convencer a los europeos de que aplacen tres meses su decisi\u00f3n sobre la Posici\u00f3n Com\u00fan? \u00bfRealmente cree que Cuba har\u00e1 gestos en estos tres meses y liberar\u00e1 a todos los presos de conciencia?<\/p>\n<p>R.- Mi intervenci\u00f3n ante el Consejo de Asuntos Exteriores me brind\u00f3 la oportunidad para pedir que se diese una oportunidad al di\u00e1logo existente en estos momentos entre la Iglesia cat\u00f3lica y Cuba, convencido de que tendr\u00e1 resultados y de que se crear\u00e1n las condiciones m\u00e1s oportunas para que la Uni\u00f3n Europea decida superar la Posici\u00f3n Com\u00fan y establecer un marco bilateral de relaciones con Cuba. <\/p>\n<p>P.- \u00bfQu\u00e9 sucede con el cierre de consulados en el exterior? Adem\u00e1s de los de Alemania, \u00bfd\u00f3nde y cuantos se van a cerrar?<\/p>\n<p>R.- Me gustar\u00eda que se plantease de otra manera la pregunta. \u00bfCu\u00e1ntas embajadas se han abierto en los \u00faltimos 6 a\u00f1os, y cu\u00e1ntos consulados, y cu\u00e1ntos Institutos Cervantes, y cu\u00e1ntas oficinas de cooperaci\u00f3n? Si se preguntase as\u00ed, se pondr\u00eda de manifiesto que toda acci\u00f3n exterior tiene que adaptarse a los retos e intereses del momento, y que si se cierra alg\u00fan consulado en Europa es porque la realidad del nuevo Tratado de Lisboa, de la ciudadan\u00eda europea, de la verdadera presencia de espa\u00f1oles en distintas regiones de nuestro continente puede ser atendidos de otra manera que con la tradicional presencia consular de despu\u00e9s de la Guerra Civil espa\u00f1ola.<\/p>\n<p>P.- \u00bfCu\u00e1l ha sido el momento m\u00e1s dif\u00edcil en sus seis a\u00f1os al frente de un ministerio tan complejo?<\/p>\n<p>R.- Siempre hay altibajos en una responsabilidad de Gobierno. Pero la crisis m\u00e1s compleja que tuvimos que afrontar fue la huelga de hambre de Aminatu Haidar, ya que todas las ofertas o ayudas que se ofrec\u00edan a la citada responsable saharaui las rechazaba sin posibilidad de negociaci\u00f3n. <\/p>\n<p>P.- Las repetidas condenas a Ir\u00e1n, mientras nunca se hace lo mismo con Israel demuestran la inequidad de la ONU y la necesidad de una profunda reforma de la misma. \u00bfHasta cuando se mantendr\u00e1 el derecho de veto en el Consejo de Seguridad? \u00bfCu\u00e1l es la posici\u00f3n de Espa\u00f1a?<\/p>\n<p>R.- Las repetidas condenas a Ir\u00e1n, mientras nunca se hace lo mismo con Israel demuestran la inequidad de la ONU y la necesidad de una profunda reforma de la misma. \u00bfHasta cuando se mantendr\u00e1 el derecho de veto en el Consejo de Seguridad? \u00bfCu\u00e1l es la posici\u00f3n de Espa\u00f1a?<\/p>\n<p>P.- Se\u00f1or Ministro,\u00bfNo cree que la uni\u00f3n pol\u00edtica de Portugal y Espa\u00f1a supondr\u00eda un gran avance en el proceso de unificaci\u00f3n europea?<\/p>\n<p>R.- Jam\u00e1s las relaciones entre Portugal y Espa\u00f1a han sido tan intensas como las que se viven en estos momentos gracias al Gobierno de Jos\u00e9 S\u00f3crates y el de Jos\u00e9 Luis Rodr\u00edguez Zapatero. Precisamente, la pr\u00f3xima cumbre ser\u00e1 la 25 que celebremos entre los dos pa\u00edses, y en ella se expresar\u00e1 esta nueva etapa hist\u00f3rica que viven Portugal y Espa\u00f1a, cuya adhesi\u00f3n a las Comunidades Econ\u00f3micas Europeas les permitieron superar recelos del pasado y trabajar de forma plenamente concerta en m\u00faltiples pol\u00edticas nacionales e internacionales. <\/p>\n<p>P.- Sobre los \u00faltimos art\u00edculos publicados en prensa alemana dudando de la credibilidad econ\u00f3mica de Espa\u00f1a \u00bfcree que puede haber intereses de sectores del mercado en desequilibrar el pais?<\/p>\n<p>R.- No soy partidario de la Teor\u00eda de la Conspiraci\u00f3n, pero es indudables que haya distintos sectores del mundo de la especulaci\u00f3n a los que les puede interesar jugar perversamente con el futuro econ\u00f3mico y financiero de nuestro pa\u00eds, pero ayer qued\u00f3 muy claro en Bruselas la seriedad y solvencia de Espa\u00f1a, y la respuesta un\u00e1nime de toda la Uni\u00f3n Europea en favor de un mayor gobierno econ\u00f3mico europeo, y por lo tanto, una mayor protecci\u00f3n de la zona Euro, inclu\u00edda, naturalmente, Espa\u00f1a. <\/p>\n<p>P.- \u00bfQu\u00e9 opina de los recortes de ayuda oficial al desarrollo que el gobierno ha aprobado?, \u00bfva a poder Espa\u00f1a cumplir ante los compromisos asumidos?<\/p>\n<p>R.- Este Gobierno ha sido el que m\u00e1s se ha comprometido pol\u00edticamente en aumentar sustancialmente la ayuda oficial al desarrollo, y este compromiso sigue siendo firme. Habr\u00e1 alg\u00fan recorte en el a\u00f1o 2010 y 2011, pero eso no va a cambiar nuestro compromiso de alcanzar el 0,7 por ciento de la AOD en el 2015, tal y como nos hemos comprometido todos los pa\u00edses europeos. <\/p>\n","protected":false},"excerpt":{"rendered":"<p>Este jueves se ha celebrado la \u00faltima cumbre de la presidencia espa\u00f1ola de la Uni\u00f3n Europea. El ministro de Asuntos Exteriores y de Cooperaci\u00f3n, Miguel \u00c1ngel Moratinos, ha charlado con los lectores sobre los acuerdo alcanzados en ella, as\u00ed como de la relaciones entre Cuba y Los 27, cuya posici\u00f3n com\u00fan podr\u00eda cambiar tras el di\u00e1logo entre el r\u00e9gimen cubano y la Iglesia. Moratinos tambi\u00e9n hablar\u00e1 sobre las relaciones con los pa\u00edses de Oriente Pr\u00f3ximo, el levantamiento parcial del embargo a Gaza y otras cuestiones dependientes de su ministerio.<br \/>\nFoto: Ricardo Guti\u00e9rrez<\/p>\n","protected":false},"author":1,"featured_media":0,"comment_status":"open","ping_status":"open","sticky":false,"template":"","format":"standard","meta":{"footnotes":""},"categories":[],"tags":[],"class_list":["post-10731","post","type-post","status-publish","format-standard","hentry"],"_links":{"self":[{"href":"https:\/\/intervius.com\/index.html\/wp-json\/wp\/v2\/posts\/10731","targetHints":{"allow":["GET"]}}],"collection":[{"href":"https:\/\/intervius.com\/index.html\/wp-json\/wp\/v2\/posts"}],"about":[{"href":"https:\/\/intervius.com\/index.html\/wp-json\/wp\/v2\/types\/post"}],"author":[{"embeddable":true,"href":"https:\/\/intervius.com\/index.html\/wp-json\/wp\/v2\/users\/1"}],"replies":[{"embeddable":true,"href":"https:\/\/intervius.com\/index.html\/wp-json\/wp\/v2\/comments?post=10731"}],"version-history":[{"count":0,"href":"https:\/\/intervius.com\/index.html\/wp-json\/wp\/v2\/posts\/10731\/revisions"}],"wp:attachment":[{"href":"https:\/\/intervius.com\/index.html\/wp-json\/wp\/v2\/media?parent=10731"}],"wp:term":[{"taxonomy":"category","embeddable":true,"href":"https:\/\/intervius.com\/index.html\/wp-json\/wp\/v2\/categories?post=10731"},{"taxonomy":"post_tag","embeddable":true,"href":"https:\/\/intervius.com\/index.html\/wp-json\/wp\/v2\/tags?post=10731"}],"curies":[{"name":"wp","href":"https:\/\/api.w.org\/{rel}","templated":true}]}}