{"id":10720,"date":"2010-06-16T00:00:00","date_gmt":"2006-11-06T00:00:00","guid":{"rendered":"https:\/\/intervius.com\/index.html\/?p=10720"},"modified":"2006-11-06T00:00:00","modified_gmt":"2006-11-06T00:00:00","slug":"Joaquin_Maroto10720","status":"publish","type":"post","link":"https:\/\/intervius.com\/index.html\/Joaquin_Maroto10720\/","title":{"rendered":"Joaqu\u00edn Maroto"},"content":{"rendered":"<p>Pregunta.- \u00bfCu\u00e1l es el principal peligro suizo?<\/p>\n<p>Respuesta.- Buenos d\u00edas a todos: Hola Pedro. Suiza va a poner nueve jugadores por detr\u00e1s del bal\u00f3n. Tiene peligro en la estrategia, en los saques de esquina y faltas laterales. Poco m\u00e1s.<\/p>\n<p>P.- hola Maroto, no crees que Espa\u00f1a deber\u00eda jugar con Torres y Villa juntos?<\/p>\n<p>R.- Me parece que vamos a empezar el Mundial con un punta y lo vamos a terminar con dos. Justo al rev\u00e9s que en la Eurocopa&#8230; Pero ser\u00e1 para bien. Torres, cada vez que sale tras una lesi\u00f3n, se hincha a meter goles. Este a\u00f1o, con el Liverpool, hizo 12 tras su primera intervenci\u00f3n de rodilla.<\/p>\n<p>P.- \u00bfDeber\u00eda Del Bosque dar descanso a Iniesta, aunque est\u00e9 recuperado, o por el contrario piensas que merece la pena arriesgar? <\/p>\n<p>R.- Iniesta va a jugar hoy, pero lo haga de titular o no, lo cierto es que no estar\u00e1 todo el partido. Por eso Del Bosque prob\u00f3 ayer con Mata-Iniesta, porque van a jugar los dos. Lo que no s\u00e9 es el orden. Ojal\u00e1 que Iniesta juegue, pero los datos son que esta semana ha hecho completos s\u00f3lo dos entrenamientos de siete y que ha jugado s\u00f3lo cuatro partidos (dos incompletos) en los \u00faltimos dos meses. Es menos de lo que se han entrenado los dem\u00e1s, incluido el otro tocado, Torres. Esto es lo que tiene en vilo a Del Bosque desde hace cinco d\u00edas.<\/p>\n<p>P.- Hola Joaquin! \u00bfcrees que Xabi Alonso es titular solo por jugar en el Real Madrid? En la Eurocopa era suplente, mientras que Cesc era el jugador n\u00ba12. Ahora con las lesiones\/ausencias de Torres, Iniesta, Senna.. Cesc sigue siendo suplente y en cambio Xabi juega. <\/p>\n<p>R.- En la Eurocopa estaba Senna, que ahora no est\u00e1. Ah\u00ed tienes la clave. Xabi Alonso tiene jerarqu\u00eda en el grupo. Por eso que dices de jugar en el Madrid tambi\u00e9n deber\u00eda ser titular Albiol, \u00bfno te parece?<\/p>\n<p>P.- Hola Joaquin \u00bfVamos de soberbios si decimos que Espa\u00f1a es jugador por jugador mejor que cualquier otra selecci\u00f3n del mundo??? no tenemos ningun puesto mal cubierto&#8230;.<\/p>\n<p>R.- S\u00f3lo tenemos mal cubierto el lateral izquierdo, que es la \u00fanica posici\u00f3n que no est\u00e1 doblada en la Selecci\u00f3n. Lo remediamos con Arbeloa, que vale para los dos lados. En cuanto a Espa\u00f1a, es la campeona de Europa, no pierde un partido justo desde hace a\u00f1o y se clasific\u00f3 invicta para el Mundial. Es favorita y debe pasar la fase de grupos sin apuros. Otra cosa ser\u00e1n los cruces. Un mal d\u00eda y est\u00e1s fuera. En alg\u00fan momento necesitaremos tener suerte, como pas\u00f3 en la Eurocopa 2008 en la tanda de penaltis contra Italia. Si tenemos nuestro momento de suerte el d\u00eda necesario, seremos campeones del mundo.<\/p>\n<p>P.- \u00bfNo crees que estamos metiendo una presion a la seleccion altisima? Ya no solo pedimos que gane el mundial sino que tras ver los aburridos partidos anteriores pedimos que juege muy bien.. Saludos desde cartagena. aupa EFESE!!<\/p>\n<p>R.- Con todos los respetos para Iker: La fase de grupos la debemos pasar con la gorra. Otra cosa son los cruces eliminatorios&#8230; Pero Espa\u00f1a es campeona de Europa.<\/p>\n<p>P.- Buenos d\u00edas, lleg\u00f3 el d\u00eda tanto tiempo esperado. Todo indica que ser\u00e1 un buen debut pero sin euforias, ni desencanto en caso de que las cosas no vayan bien. Creo que el gran m\u00e9rito de est\u00e1 selecci\u00f3n es que est\u00e1n los jugadores que deb\u00edan estar . Si preguntasemos a los 40 millones de seleccionadores que hay en Espa\u00f1a muy pocos cambiar\u00edan alg\u00fan jugador. Si Espa\u00f1a cayese en cuartos,\u00bfSer\u00eda un fracaso o depende de la forma de ser eliminados?(Errores arbitrales, verdadera mala suerte, clara superioridad rival&#8230;) Muchas Gracias y felicidades por sus art\u00edculos.<\/p>\n<p>R.- Todo depende. Ser\u00e1 dif\u00edcil que caigamos en cuartos con el tiqui-taca a tope. Ahora, si renunciamos a nuestro juego, si nos liamos con los extremos, si no juegan los que deben&#8230; pues para casa. En cuanto a los otros factores (mala suerte, \u00e1rbitros, superioridad rival) son cosas que no dependen de nosotros. Gracias.<\/p>\n<p>P.- Maroto, de los partidos disputados \u00bfhas visto a alguna selecci\u00f3n capaz de disputarnos la Copa del Mundo?<\/p>\n<p>R.- Argentina y Alemania, por este orden.<\/p>\n<p>P.- Maroto crack! C\u00f3mo est\u00e1 el tema de la seguridad en d\u00f3nde est\u00e1s tu? \u00bfSe ha exagerado el tema de la delincuencia o es verdad que se pasa miedo?<\/p>\n<p>R.- Hay que ser precavido, nada m\u00e1s. Como en Madrid. Si sales por la parte de atr\u00e1s de Gran V\u00eda a las tres de la ma\u00f1ana a dar un paseo tambi\u00e9n te pueden robar el m\u00f3vil. Yo estoy bien. Y tranquilo.<\/p>\n<p>P.- A d\u00eda de hoy y dejando al margen a xavi \u00bfA qui\u00e9n ves como jugador m\u00e1s desequilibrante de la selecci\u00f3n?<\/p>\n<p>R.- A Villa<\/p>\n<p>P.- Y Busquets? En la Eurocopa Jug\u00e1bamos con un mediocentro de cierre, Senna solamente. Ahora tenemos a Busquets y a Xabi Alonso. \u00bfPor qu\u00e9 los dos? Si se opta por poner s\u00f3lo un delantero en la Eurocopa entro Cesc.<\/p>\n<p>R.- Xabi no juega de medio centro. Bueno, s\u00ed. Pero no del equipo. Juega de medio centro de los tres del tiqui-taca. Busquets lo hace de medio-centro de los dos centrales. Y lo digo con conocimiento: soy director deportivo titulado por la Federaci\u00f3n Espa\u00f1ola de F\u00fatbol Soy de la promoci\u00f3 de Fran, Pierluigi, Sergio Morgado. No es por presumir, pero soy el \u00fanico periodista espa\u00f1ol que tiene el t\u00edtulo de la RFEF.<\/p>\n<p>P.- Buenos d\u00edas. \u00bfNo crees que Bojan se equivoc\u00f3 al elegir la selecci\u00f3n espa\u00f1ola? Seguro que ser\u00eda indiscutible ahora con Serbia mientras que Espa\u00f1a le hizo debutar para asegurarlo y ahora se han olvidado de \u00e9l.<\/p>\n<p>R.- Es joven. Volver\u00e1.<\/p>\n<p>P.- \u00bfA qu\u00e9 jugador ves m\u00e1s en forma, m\u00e1s motivado? y de los debutantes, \u00bfqui\u00e9n crees que puede ser la revelaci\u00f3n?<\/p>\n<p>R.- De Espa\u00f1a, Javi Mart\u00ednez.<\/p>\n<p>P.- si espa\u00f1a gana, los jugadores van a estar m\u00e1s moralizados de cara a la siguiente, afavorecer\u00e1 eso aun m\u00e1s a la hegemonia de Bar\u00e7a i Madrid?<\/p>\n<p>R.- La pr\u00f3xima Liga ser\u00e1 otra vez entre dos pase lo que pase aqu\u00ed en Sud\u00e1frica.<\/p>\n<p>P.- Tu que est\u00e1s cerca de los jugadores de La Roja \u00bfqu\u00e9 dicen de las dichosas vuvuzelas?<\/p>\n<p>R.- No les gustan. Est\u00e1n quemados. Levantan dolor de cabeza, de verdad. Pero puede que a los sudafricanos que vayan a Espa\u00f1a no les gusten las casta\u00f1uelas. En cada sitio hay que adaptarse.<\/p>\n<p>P.- Buenos d\u00edas, En vista del nivel que se esta produciendo a lo largo de lo que llevamos de mundial, \u00bfcrees que el partido de hoy tambien va a terminar con una victoria por la minima o sufrida por parte de Espa\u00f1a?<\/p>\n<p>R.- El primer gol va a tardar en llegar&#8230; pero ganaremos.<\/p>\n<p>P.- Hola, No crees qeu el nivel del Mundial est\u00e1 siendo muy bajo? Yo no veo a ning\u00fan rival capaz de competir con Espa\u00f1a<\/p>\n<p>R.- Hombre, seguro que la final la tenemos que jugar contra otra selecci\u00f3n. Esa no ser\u00e1 tan mala, ya lo ver\u00e1s&#8230;<\/p>\n<p>P.- \u00bfQu\u00e9 te parece que Cesc no entre ni entre los posibles elegidos para sustituir a Iniesta en caso de que este no jugue?<\/p>\n<p>R.- Juega en otra posici\u00f3n. Es como si se lesiona Sergio Ramos y nos escandalizamos porque a Navas no se le tenga en cuenta como sustituto para el lateral derecho.<\/p>\n<p>P.- Buenos dias , Crees que los ultimos resultados de nuestra seleccion han sido favorables para nuestra seleccion ?? hablo mas de la victoria 6-0 frente a polonia no estaran muy confiados ?? <\/p>\n<p>R.- Puede ser. No lo percibo. Pero puede ser.<\/p>\n<p>P.- Joaqu\u00edn, te leo mucho y me gusta mucho tu especial punto de vista&#8230; \u00bfDe los partidos vistos hasta ahora, cu\u00e1l es tu once del Mundial?<\/p>\n<p>R.- El que va a poner hoy la Roja, y si es posible, con Iniesta.<\/p>\n<p>P.- Hola, buenos dias, \u00bfPuede ser que los malos resultados de juego y de goles hasta ahora tuviera algo que ver el nuevo bal\u00f3n? gracias<\/p>\n<p>R.- Algo tendr\u00e1 que ver. Pero mira, cuando hay once en un equipo y le echan la culpa de la derrota al \u00fanico que no piensa, que es el bal\u00f3n, malo. La pelota es la misma para las 32 selecciones.<\/p>\n<p>P.- HOLA JOAQUIN VES EL NIVEL DEL MUNDIAL MUY ELEVADO ? <\/p>\n<p>R.- Hasta hoy que debuta Espa\u00f1a, la verdad es que no. Vamos a ver. Nadie quiere perder el primer partido, y por eso la gente no se suelta.<\/p>\n<p>P.- Viste los partidos de ayer? \u00bfqui\u00e9n te da m\u00e1s miedo para octavos \u00bfBrasil o Portugal? \u00bfO quiz\u00e1 Costa de Marfil?<\/p>\n<p>R.- Costa de Marfil me parece un gran equipo. Si Drogba se viene arriba, ojito. Y no descarto a Corea del Norte. Portugal y Costa de Marfil las van a pasar canutas.<\/p>\n<p>P.- La baja de frei perjudica o beneficia a Suiza?<\/p>\n<p>R.- Perjudica al rival. Es su mejor jugador. Pero ellos son un bloque. En Alemania 2006 les eliminaron sin recibir un solo gol en contra. Fue por penaltis. Era la primera vez que suced\u00eda en la historia del Mundial. Claro, que tampoco marcaron ninguno a favor&#8230;<\/p>\n<p>P.- Crees que los suizos parten con ventaja por habwer utilizado el bal\u00f3n del mundial en la Copa Suiza?<\/p>\n<p>R.- Esas excusas son de Capello, no de Del Bosque. Eso es una excusa de perdedores.<\/p>\n<p>P.- \u00bfCrees que Chile nos podr\u00eda poner en problemas o somos mucho mejores que ellos? A mi me dan miedo&#8230; Por menospreciarlos, al menos<\/p>\n<p>R.- Son muy buenos. Jugamos con ellos hace dos meses en casa, en Villarreal, y no abrimos la lata hasta el minuto 70. Bielsa sabe lo que hace.<\/p>\n<p>P.- Maroto, qu\u00e9 tal esta semana por ah\u00ed abajo? \u00bfAlguna an\u00e9cdota que merezxca la pena contar?<\/p>\n<p>R.- Nada, que me alegro mucho ver a Paco Gonz\u00e1lez. Bueno, y la alegr\u00eda que se llev\u00f3 Xabi Alonso con el ascenso de la Real. <\/p>\n<p>P.- Ves posible, tal y como se ha comentado, que la FIFA prohiba las vavazelas?<\/p>\n<p>R.- No caer\u00e1 esa breva.<\/p>\n<p>P.- hola, yo soy bastante fan de Xabi Alonso, pero no crees que Cesc ha hecho m\u00e9ritos para jugar en esa posici\u00f3n despu\u00e9s de la Eurocopa y de sus actuaciones con el Arsenal?<\/p>\n<p>R.- Ah\u00ed, donde Xabi, si que puede jugar Cesc. Y lo har\u00e1. Ten en cuenta que se lesion\u00f3 en marzo y que, desde entonces, s\u00f3lo ha jugado tres amistosos, los de Espa\u00f1a en el pre-mundial. Vamos a ver mucho Cesc en el Mundial, pero poco a poco. Como con Torres.<\/p>\n<p>P.- \u00bfLE PESARA A LA ROJA EL PESO DE SER CANDIDATA<\/p>\n<p>R.- \u00bfLE PESARA A LA ROJA EL PESO DE SER CANDIDATA<\/p>\n<p>P.- Maroto, quien crees que puede ser el rival mas duro en nuestro grupo?<\/p>\n<p>R.- Chile&#8230; y la propia Espa\u00f1a si renunciamos a nuestro estilo.<\/p>\n<p>P.- \u00bfCrees que Suiza puede ponernos en aprietos a nivel f\u00edsico?<\/p>\n<p>R.- S\u00ed que lo creo. Pero se agotar\u00e1n y entonces ser\u00e1 nuestro momento. Espa\u00f1a mueve el bal\u00f3n muy r\u00e1pido y con mucha precisi\u00f3n.Ya lo dijo Domenech, el de Francia. &#8220;Contra Espa\u00f1a te pasas todo el partido persiguiendo sombras y s\u00f3lo tocas el bal\u00f3n para sacarlo de tu porter\u00eda&#8221;. Genial.<\/p>\n<p>P.- Hola Maroto. Crees que la selecci\u00f3n pasar\u00eda de octavos sin Iniesta, atendiendo a lo que pas\u00f3 en Confederaciones? <\/p>\n<p>R.- Ojal\u00e1 que juegue Iniesta hoy y todo el Mundial, ahora bien: Yo creo que poner a Iniesta si no est\u00e1 al 100 x 100 no ser\u00eda positivo por dos razones: 1.- \u00bfQu\u00e9 pensar\u00edan los que est\u00e1n bien (Pedro, Navas, Mata, etc) si no juegan cuando el titular de la plaza no est\u00e1 a tope? \u00bfTendr\u00edan ilusi\u00f3n para entrenarse a tope y para seguir peleando el puesto durante el resto del Mundial? y 2.- \u00bfPensar\u00e1n los rivales que Espa\u00f1a tiene Iniesta-dependecia y que detr\u00e1s de \u00e9l no hay nadie tan capaz? En tal caso recibir\u00e1 marcajes m\u00e1s duros a\u00fan&#8230;<\/p>\n<p>P.- Me preocupa mucho el giro de tim\u00f3n de la selecci\u00f3n de del bosque con respecto a Luis. \u00bfCrees que los rivales prefieren a Vicente en el banquillo?<\/p>\n<p>R.- Yo creo que a los que prefieren los rivales en el banquillo es a Xavi, Iniesta y Silva. A los del tiqui-taca. Del Bosque ha sido campe\u00f3n de Europa, de Liga, de la Intercontinental y de las Supercopas de Espa\u00f1a y de Europa. Del Bosque es el seleccionador que tiene m\u00e1s t\u00edtulos en el Mundial&#8230; exceptuando la Copa del Mundo.<\/p>\n<p>P.- \u00bfQu\u00e9 tal ambiente hay entre los periodistas desplazados all\u00ed?<\/p>\n<p>R.- Nos llevamos bien. Somos todos espa\u00f1oles. Bueno, tambi\u00e9n viene con nosotros un japon\u00e9s que vive en Alcal\u00e1 de Henares, pero ya hace rimas con el cinco, con pepino, con Elano&#8230; ya me entend\u00e9is. Est\u00e1 instruido.<\/p>\n<p>P.- hola joaquin, con el equipazo que tenemos y entrenador tambien , en que tanto por ciento dividirias el merito si fuesemos campeones del mundo.gracias <\/p>\n<p>R.- Cuando se gana el m\u00e9rito siempre es de los jugadores y cuando se pierde es de otros factores como el bal\u00f3n, la hierba, el entrenador y a veces tambi\u00e9n hasta de la prensa. Esto es as\u00ed.<\/p>\n<p>P.- De los que han jugado hasta ahora, \u00bfque jugadores te han sorprendido mas?<\/p>\n<p>R.- Lampard y Gerrard&#8230; no sab\u00eda que fueran tan buenos en la contenci\u00f3n, je,je,je.<\/p>\n","protected":false},"excerpt":{"rendered":"<p>Por fin llega el debut de la selecci\u00f3n espa\u00f1ola. Joaqu\u00edn Maroto, enviado especial de AS que cubre la informaci\u00f3n de La Roja, ha charlado con los internautas sobre c\u00f3mo llegan los jugadores seleccionados por Del Bosque al partido contra Suiza.<\/p>\n","protected":false},"author":1,"featured_media":0,"comment_status":"open","ping_status":"open","sticky":false,"template":"","format":"standard","meta":{"footnotes":""},"categories":[],"tags":[],"class_list":["post-10720","post","type-post","status-publish","format-standard","hentry"],"_links":{"self":[{"href":"https:\/\/intervius.com\/index.html\/wp-json\/wp\/v2\/posts\/10720","targetHints":{"allow":["GET"]}}],"collection":[{"href":"https:\/\/intervius.com\/index.html\/wp-json\/wp\/v2\/posts"}],"about":[{"href":"https:\/\/intervius.com\/index.html\/wp-json\/wp\/v2\/types\/post"}],"author":[{"embeddable":true,"href":"https:\/\/intervius.com\/index.html\/wp-json\/wp\/v2\/users\/1"}],"replies":[{"embeddable":true,"href":"https:\/\/intervius.com\/index.html\/wp-json\/wp\/v2\/comments?post=10720"}],"version-history":[{"count":0,"href":"https:\/\/intervius.com\/index.html\/wp-json\/wp\/v2\/posts\/10720\/revisions"}],"wp:attachment":[{"href":"https:\/\/intervius.com\/index.html\/wp-json\/wp\/v2\/media?parent=10720"}],"wp:term":[{"taxonomy":"category","embeddable":true,"href":"https:\/\/intervius.com\/index.html\/wp-json\/wp\/v2\/categories?post=10720"},{"taxonomy":"post_tag","embeddable":true,"href":"https:\/\/intervius.com\/index.html\/wp-json\/wp\/v2\/tags?post=10720"}],"curies":[{"name":"wp","href":"https:\/\/api.w.org\/{rel}","templated":true}]}}