{"id":10708,"date":"2012-08-22T00:00:00","date_gmt":"2006-11-06T00:00:00","guid":{"rendered":"https:\/\/intervius.com\/index.html\/?p=10708"},"modified":"2006-11-06T00:00:00","modified_gmt":"2006-11-06T00:00:00","slug":"Juanma_Trueba10708","status":"publish","type":"post","link":"https:\/\/intervius.com\/index.html\/Juanma_Trueba10708\/","title":{"rendered":"Juanma Trueba"},"content":{"rendered":"<p>Pregunta.- Vaya movida ayer con Sky y Movistar que acab\u00f3 con Valverde, no? Crees que fue a prop\u00f3sito la maniobra? debieron esperar? gracias<\/p>\n<p>Respuesta.- En mi opini\u00f3n, no hubo intencionalidad ni raz\u00f3n para detenerse. Hace unos a\u00f1os se atacaba en los avituallamientos y nadie se rasgaba las vestiduras. Los accidentes y las aver\u00edas forman parte de la belleza del ciclismo, de su dramatismo. Adem\u00e1s, la carretera no tarda en ofrecer revancha para las afrentas sufridas.<\/p>\n<p>P.- Buenas tardes Juanma. \u00bfQui\u00e9n es el iluminado que ha decidido que con estos horarios se beneficia al negocio del f\u00fatbol por televisi\u00f3n? La rueda ya est\u00e1 inventada y se llama Premier League. 20 equipos, jornada 2\u00aa: 1 partido el s\u00e1bado a las 12:45, 5 partidos el sab a las 15:00 y 1 sab a las 17:30; 1 partido el domingo a las 13:30 y otro el dom a las 16:00. Y as\u00ed desde Agosto hasta Mayo con fechas y horarios. No hacen falta dirigentes listos, con que sepan copiar es suficiente. <\/p>\n<p>R.- Es algo m\u00e1s complicado. Uno de los operadores de televisi\u00f3n (los que ponen el dinero, no lo olvidemos), Mediapro, en este caso, quiere televisar todos los partidos, lo que obliga a establecer diez horarios distintos, pues dispone de un solo canal, GolT. A partir de esta base, los dirigentes de la Liga hacen lo posible por empeorar las cosas y colocan partidos a las once de la noche.<\/p>\n<p>P.- Hola Juanma, siempre es un placer leer tus respuestas. Estoy seguro que Modric ser\u00e1 buen fichaje. Por h o por b Sahin no ha cuajado en el equipo(ni siquiera ha tenido la oportunidad de hacerlo), equipo al que le falta f\u00fatbool en la sala de m\u00e1quinas, la franja m\u00e1s importante dentro de un partido: el dominio del medio campo.Puede aportar control, pase, creatividad, llegada&#8230; pero no olvidemos que es un jugador con tendencia a desaparecer. En el Madrid o cuando lo haces lo haces genial (\u00d6zil) o estas muerto. Prueba de fuego para el croata. <\/p>\n<p>R.- Soy prudente con respecto a Modric. Admito que tiene talento, pero no le veo encaje en el equipo titular y su precio no corresponde a un suplente. Tampoco creo que pueda jugar como compa\u00f1ero de Xabi Alonso, y es en esa posici\u00f3n donde el Madrid est\u00e1 pendiente de dar un salto de calidad. Personalmente, me hubiera quedado con Borja Valero o Cazorla, incluso con los dos.<\/p>\n<p>P.- He jugado de mediocentro toda mi vida a un buen nivel (aunque hacen falta muchas m\u00e1s cosas para llegar) y ver la estadistica de Xavi &#8211; 110 pases intentados 105 acertados- me fascina. Creo que Iniesta ser\u00e1 el emjor jugador espa\u00f1ol de la historia pero, \u00bfcrees que se le reconoce a Xavi este merito suyo de saber siempre que hacer y cuando con el bal\u00f3n en cada momento?La salsa del f\u00fatbol son los goles pero controlar un partido a tu antojo es la leche! <\/p>\n<p>R.- Cierto. El problema de Xavi es que la sencillez no vende. Olvidamos que no hay cosa m\u00e1s dif\u00edcil que hacerlo f\u00e1cil y \u00e9l es un experto en desenredarlo todo.<\/p>\n<p>P.- Como ves al Espa\u00f1ol esta temporada? Desde que se traslad\u00f3 a Cornell\u00e1-El prat siempre ha hecho muy buenas campa\u00f1as aunque le ha costado la recta final. Ha llegado Simao, pero las bajas de Weiss y Coutinho(sobretodo Coutinho, que jugadorazo con 20 a\u00f1os) me resultan irreemplazables. <\/p>\n<p>R.- Me gusta m\u00e1s el entrenador que la plantilla. Y eso significa que al final tambi\u00e9n me acabar\u00e1 por gustar la plantilla. Lo de Coutinho, ciertamente, una pena. Incluso lo de Weiss.<\/p>\n<p>P.- Buenas tardes:En principio me gustaria felicitarte por lo bien que escribes. Por que ning\u00fan medio hace menci\u00f3n a la supercantada de Casillas en el pasado encuentro de liga con el gol del Valencia. Si el fallo hubiese sido de cualquier otro jugador lo habrian crucificado. Un saludo. <\/p>\n<p>R.- Muy amable&#8230; Y con respecto a lo de Casillas&#8230; Yo creo que no se puede hablar de cantada. Iker falla muy de vez en cuando y sabemos que las salidas por alto no son su fuerte. Sin embargo, me cuesta tanto reprochar algo a un portero tan bueno, tan rebosante de milagros&#8230; <\/p>\n<p>P.- Buenas tardes Juanma. Entonces esta temporada \u00bfseguimos cruzando los dedos para que no se lesione Xabi Alonso? <\/p>\n<p>R.- Correcto. De las manos y de los pies.<\/p>\n<p>P.- Bendito juego este Juanma y benditos jugadores espa\u00f1oles con esa forma de ver el futbol. Siempre me ense\u00f1aron que el f\u00fatbol era toque,espacio y enga\u00f1o. Tener gente como Iniesta, Silva, Cazorla, Xavi, Isco, Thiago, Herrera&#8230; disfruto tan solo viendo como interpretan este juego bendito, disfrutemoslos, sean del Madrid, Bar\u00e7a o del Granada.<\/p>\n<p>R.- Entre los m\u00e9ritos de la Selecci\u00f3n est\u00e1 el que hayamos superado los prejuicios partidistas. Ni los cul\u00e9s tienen problema en reconocer los m\u00e9ritos de Casillas, ni los madridistas tienen por qu\u00e9 ocultar su admiraci\u00f3n por Iniesta o Xavi. Eso se llama normalidad. Y es una cosa tan rara&#8230;<\/p>\n<p>P.- Opino que el f\u00fatbol espa\u00f1ol es la misma pantomima que la realidad del pa\u00eds, para no perder las buenas costumbres. Listos y m\u00e1s listos que piensan en ellos mismos mientras al aficionado en tiempos de crisis en vez de facilitarle las cosas se las complica..y no pasa nada! Villar volver\u00e1 a ser reelegido, Bar\u00e7a o Madrid se repartir\u00e1n las ligas, ir a ver a tu equipo te saldr\u00e1 por un ojo de la cara&#8230;lamentable <\/p>\n<p>R.- Su reflexi\u00f3n es demoledora. Y lo peor es que no creo que est\u00e9 usted muy desencaminado. El f\u00fatbol es un reflejo de la sociedad, de la pagana y de la dirigente.<\/p>\n<p>P.- A QUE ENTRENADOR PREFIERES PARA EL REAL MADRID <\/p>\n<p>R.- A Del Bosque, naturalmente.<\/p>\n<p>P.- Hola Juanma, por favor dime que de nuevo ser\u00e1s el responsable de las previas y an\u00e1lisis post partido de Madrid? Estabas de vacaciones durante Madrid &#8211; Valencia.. Gracias <\/p>\n<p>R.- Hola amigo. Durante la Vuelta estar\u00e9 ocupado con el ciclismo y despu\u00e9s regresar\u00e9 a las cr\u00f3nicas del Madrid para castigar a los muchachos del Comunio.<\/p>\n<p>P.- Se\u00f1or Trueba: El a\u00f1o pasado la plantilla titular salvo momentos puntuales de Ozil y la lesi\u00f3n de Di Mar\u00eda creo que di\u00f3 el m\u00e1ximo, pero en la del Barcelona, Piqu\u00e9, Pedro, Alves no lo dieron, adem\u00e1s Villa y Abidal causaron baja, si estos jugadores, m\u00e1s los nuevos, suben las prestaciones y no existen falta de camaras, l\u00edneas torcidas, jugadores ocultos y que solo le piten un penalti en contra al Madrid, \u00bfHabr\u00e1 que dejar para m\u00e1s adelante el cambio de ciclo?<\/p>\n<p>R.- Es muy posible. Comparto su an\u00e1lisis. Yo tambi\u00e9n creo que la temporada del Barcelona estuvo muy condicionada por las bajas, hecho que se agrav\u00f3 por la ausencia de sustitutos de garant\u00edas (caso de Villa, especialmente) y por la repentina baja forma de Cesc. Sin esos problemas, el equipo hubiera tenido otro vuelo, el que quiz\u00e1 tenga este a\u00f1o. No despreciemos un detalle: Messi ha tenido vacaciones.<\/p>\n<p>P.- Funestas tardes Juanma. Como madridista he superado el 2-6, el sextete cul\u00e9, el 5-0 y hasta creo que sobrevivir\u00eda a la era de Mou, pero esta noticia me ha matado: &#8220;Dani Alves y Bar Refaeli, pareja de moda&#8221;. \u00bfPor qu\u00e9, Juanma, por qu\u00e9?<\/p>\n<p>R.- No, por favor, amigo, no bromee con estas cosas. Lo digo con todos los respetos: no es posible pasar de Leonardo Di Caprio a Dani Alves. No hay carretera directa entre esos dos puntos salvo psicotr\u00f3picos que no imagino.<\/p>\n<p>P.- Q tal!!&#8230;Se me ocurre esta, se dice q el RM y el BCN son otra historia, obvio&#8230; entonces q pasaria o cual seria el impacto ( \u00f3 -)&#8230; si llegara a cambiar&#8230; hay equipos q vienen muy bien el Valencia y hasta el mismo Levante.. Esta bipolaridad, sera eterna o tiene un ciclo de vida???.. de echo, conozco gente del Vlcia q quieren q esto cambie.. Saludos<\/p>\n<p>R.- Ojal\u00e1 cambie, por el bien del f\u00fatbol. De otro modo, sin apenas sorpresas, la mayor\u00eda de los partidos perder\u00e1n inter\u00e9s. Urge un reparto diferente de los derechos televisivos y la Premier nos marca el camino.<\/p>\n<p>P.- Buenas tardes Juanma. Para aliviar la cuesta de Septiembre te doy 40 M? pero s\u00f3lo te puedes quedar lo que sobre de los fichajes que hubieras hecho para el Madrid.<\/p>\n<p>R.- Si me los hubieras dado en julio habr\u00eda fichado a Borja Valero y Cazorla. Ahora fichar\u00eda&#8230; a De Rossi. Y tampoco descartar\u00eda a Diego, el ex del Atl\u00e9tico.<\/p>\n<p>P.- Buenas tardes Juanma: \u00bfNo tienes la impresi\u00f3n que hay que despedir al Director t\u00e9cnico del Madrid? Entre los fichajes del a\u00f1o pasado y los de este ha demostrado enteramente su val\u00eda.<\/p>\n<p>R.- Uff, miedo me da meterme en ese pantano. Veamos qu\u00e9 tal sale Modric&#8230; Mejor que Sahin y Altintop, espero.<\/p>\n<p>P.- Buenas Juanma: \u00bfPodr\u00eda esplicar en que va a derivar el Fair Play Financiero de la Fifa?\u00bfPeligra la filosof\u00eda de el fichaje a golpe de talonario?\u00bfSer\u00e1 capaz el Madrid de competir por jugadores con el City, el PSG, el Chelsea o el Zenit, etc? Lo digo porque si hay que empezar a cuidar la cantera ya llegan tarde.<\/p>\n<p>R.- Es simple: los clubes no podr\u00e1n gastar m\u00e1s de lo que ingresan. Y no tengo duda de que el Madrid podr\u00e1 seguir compitiendo en fichajes con todos los jeques del orbe, igual que hace ahora.<\/p>\n<p>P.- Juanma: \u00bfTiene el Madrid el dinero del que presume? Lo digo porque tanto la temporada pasada como esta est\u00e1 en horas bajas.<\/p>\n<p>R.- No tengo la menor idea. En todas las veces que me he descolgado del techo de las oficinas del Bernab\u00e9u con un cable de acero jam\u00e1s he encontrado la caja fuerte. Cuando la abra, le contar\u00e9.<\/p>\n<p>P.- Juanma, \u00bfpodr\u00edas hacer un 11 con los jugadores del FCB y RMD? El mio ser\u00eda Casillas, Alba, Puyol, Ramos, Alves, Busquets, Xavi, iniesta, Cristiano, Messi y Benzem\u00e1. <\/p>\n<p>R.- Bien, no est\u00e1 mal su once. Pero yo dudar\u00eda entre Marcelo y Alba, entre Puyol y Pepe, entre Busquets y Xabi Alonso y entre Benzema y Villa. Con los dem\u00e1s, comulgo (es un decir).<\/p>\n","protected":false},"excerpt":{"rendered":"<p>El subdirector de Diario AS analiza con los internautas la actualidad futbol\u00edstica y la Vuelta a Espa\u00f1a entre otros muchos temas.<\/p>\n<p>Juanma Trueba en Twitter<\/p>\n","protected":false},"author":1,"featured_media":0,"comment_status":"open","ping_status":"open","sticky":false,"template":"","format":"standard","meta":{"footnotes":""},"categories":[],"tags":[],"class_list":["post-10708","post","type-post","status-publish","format-standard","hentry"],"_links":{"self":[{"href":"https:\/\/intervius.com\/index.html\/wp-json\/wp\/v2\/posts\/10708","targetHints":{"allow":["GET"]}}],"collection":[{"href":"https:\/\/intervius.com\/index.html\/wp-json\/wp\/v2\/posts"}],"about":[{"href":"https:\/\/intervius.com\/index.html\/wp-json\/wp\/v2\/types\/post"}],"author":[{"embeddable":true,"href":"https:\/\/intervius.com\/index.html\/wp-json\/wp\/v2\/users\/1"}],"replies":[{"embeddable":true,"href":"https:\/\/intervius.com\/index.html\/wp-json\/wp\/v2\/comments?post=10708"}],"version-history":[{"count":0,"href":"https:\/\/intervius.com\/index.html\/wp-json\/wp\/v2\/posts\/10708\/revisions"}],"wp:attachment":[{"href":"https:\/\/intervius.com\/index.html\/wp-json\/wp\/v2\/media?parent=10708"}],"wp:term":[{"taxonomy":"category","embeddable":true,"href":"https:\/\/intervius.com\/index.html\/wp-json\/wp\/v2\/categories?post=10708"},{"taxonomy":"post_tag","embeddable":true,"href":"https:\/\/intervius.com\/index.html\/wp-json\/wp\/v2\/tags?post=10708"}],"curies":[{"name":"wp","href":"https:\/\/api.w.org\/{rel}","templated":true}]}}