{"id":10707,"date":"2010-06-17T00:00:00","date_gmt":"2006-11-06T00:00:00","guid":{"rendered":"https:\/\/intervius.com\/index.html\/?p=10707"},"modified":"2006-11-06T00:00:00","modified_gmt":"2006-11-06T00:00:00","slug":"Phil_Bennett10707","status":"publish","type":"post","link":"https:\/\/intervius.com\/index.html\/Phil_Bennett10707\/","title":{"rendered":"Phil Bennett"},"content":{"rendered":"<p>Pregunta.- Phil, durante el tiempo que has estado en Espa\u00f1a trabajando para tu reportaje, \u00bfqu\u00e9 o qui\u00e9n ha sido lo que m\u00e1s te ha sorprendido o llamado la atenci\u00f3n, para bien o para mal?<\/p>\n<p>Respuesta.- Hola Manuel y a todos. Yo estuve unas semanas en el pais haciendo el reportaje, viajando por varios sitios y entrevistando a docenas de personas. Creo que lo que m\u00e1s me sorprendi\u00f3 fue la profundidad de la crisis en varios sectores o sitios, como en el pueblo de Villaca\u00f1as, y tambi\u00e9n la cantidad de repuestas o soluciones que propon\u00eda la gente con quien convers\u00e9.<\/p>\n<p>P.- Interesante art\u00edculo, Se\u00f1or Bennett, aunque un tanto sesgado y tendencioso, muy enfocado desde el principio a dar la peor imagen posible de Espa\u00f1a. Echo en falta alguna menci\u00f3n a influencias externas en nuestra crisis inmobiliaria, como la de las subprime. Me pregunto por qu\u00e9.<\/p>\n<p>R.- Me interesar\u00eda saber en que sentido lo encontr\u00f3 sesgado. Mi prop\u00f3sito era reflejar la realidad del pais a trav\u00e9s de entrevistas y observaci\u00f3n. No ten\u00eda agenda o argumentos en ese sentido. El reportaje cabe dentro de una tradici\u00f3n period\u00edstica larga de ir desde afuera al lugar de los hechos y tratar de contar una historia en forma objetiva.<\/p>\n<p>P.- Le felicito por su informe. Voy a ser muy directo. \u00bfEs posible que le hayan encargado el informe debido a que en Norteam\u00e9rica no se explican c\u00f3mo es posible que teniendo un \u00edndice tan alto de paro no haya revueltas, problemas de disturbios, robos, etc en Espa\u00f1a? \u00bfEs esta una de las razones? Muchas gracias y enhorabuena por su informe<\/p>\n<p>R.- Interesante pregunta. Es tambi\u00e9n una pregunta que me hicieron muchos espa\u00f1oles; o sea, la trayectoria social de la crisis es algo que fascina y preocupa a todos. Creo que si es cierto que el contexto de la paz social tiene matices muy distintos en Espa\u00f1a que en los Estados Unidos. Pero tambi\u00e9n es verdad que con la crisis aqu\u00ed no hemos visto disturbios en la calles de Wall Street o Los Angeles.<\/p>\n<p>P.- Buenas d\u00edas, \u00bfc\u00f3mo ves la educaci\u00f3n tanto secundaria que universitaria? \u00bfCrees que la educaci\u00f3n espa\u00f1ola es un punto fuerte o d\u00e9bil para salir del crisis? Saludos<\/p>\n<p>R.- No soy experto en la materia. Pero muchas personas me hicieron el contraste entre el alto ranking de las escuelas de negocios espa\u00f1oles (ESADE, IE, IESE) y el ranking m\u00e1s bajo, relativamente, de las universidades. Creo que el punto que m\u00e1s llama la atenci\u00f3n me lo hizo el profesor Ballabriga de ESADE, cuando dijo que la generaci\u00f3n de espa\u00f1oles saliendo de las universidades ahora es la mejor preparada de la historia, pero falta oportunidades.<\/p>\n<p>P.- Seg\u00fan su opini\u00f3n, \u00bfcu\u00e1l ser\u00e1 el futuro del Estado del bienestar en Espa\u00f1a? \u00bfCree usted que esta crisis acabar\u00e1 con la universalidad de servicios b\u00e1sicos como la salud o la educaci\u00f3n en Espa\u00f1a? <\/p>\n<p>R.- Pregunta clave, no? Y no solo en su relaci\u00f3n a la b\u00fasqueda de como salir de la crisis. Me parece que en todos los pa\u00edses afectados, la crisis provoca una reflecci\u00f3n acerca de la identidad y direcci\u00f3n de la sociedad. Eso pasa en los EE.UU. y pasa en Europa. Los logros del Estado de bienestar son hist\u00f3ricos; cabe se\u00f1alar que en los EE.UU estamos reci\u00e9n tratando de desarrollar una pol\u00edtica mas humana de sanidad. Al mismo tiempo, mucha gente en Espa\u00f1a me hablaba de la insostenibilidad de la cultura de &#8220;todo gratis&#8221; y pueden tener raz\u00f3n.<\/p>\n<p>P.- The Washington Post era un referente en Espa\u00f1a, hace a\u00f1os, estoy hablando de los tiempos en los que ve\u00edamos a Peter Jennings en su ABC News. Tambi\u00e9n lo era, de los nacionales, El Pa\u00eds. Pero hoy en d\u00eda hay mucho desencanto. \u00bfQu\u00e9 opina?<\/p>\n<p>R.- Yo extra\u00f1o a Peter Jennings. Bueno. Hay mucho detr\u00e1s de esta pregunta: el desencanto general con las instituciones, la erosi\u00f3n del periodismo como or\u00e1culo \u00fanico de la verdad, la invasi\u00f3n de opiniones pol\u00edticas muy polarizadas en la conversaci\u00f3n sobre la actualidad. A mi parecer, este escepticismo no es todo malo. Esta provocando una nueva visi\u00f3n, o visiones, de como se puede hacer mejor periodismo: mas abierto, transparente, que incluye puntos de vista o voces distintas. Esto me parece positivo. Lo que pasa es que estamos en medio de una transici\u00f3n hist\u00f3rica, con todo la incertidumbre y confusi\u00f3n que esto implica. Esperamos los nuevos modelos.<\/p>\n<p>P.- \u00bfSe est\u00e1 intentando ocultar la verdadera dimensi\u00f3n de la crisis?<\/p>\n<p>R.- Varias personas en Espa\u00f1a me dijeron que lo que faltaba era una discusi\u00f3n franca y abierta al nivel nacional sobre las dimensiones de la crisis. El reportaje que publico El Pais tenia mas de 600 comentarios; esto no se deb\u00eda tanto al contenido de la nota, creo, sino al deseo de elaborar un debate sobre las causas y soluciones a la crisis. Seria una buen\u00edsima investigaci\u00f3n period\u00edstica indagar sobre el manejo de la crisis por el gobierno. Hay economistas que dicen que el diagnostico del gobierno de la naturaleza de la crisis (y la vulnerabilidad de Espa\u00f1a) fue fundamentalmente equivocado. Es cierto? Debe ser posible saber esto.<\/p>\n<p>P.- Hola: \u00bfCree Ud que, aparte de los evidentes problemas que tiene Espa\u00f1a, existan intereses para presentar la situaci\u00f3n peor de lo que es? Cada vez que el nivel de riesgo de Espa\u00f1a aumenta el de Alemania sale reforzado. Saludos<\/p>\n<p>R.- Tambi\u00e9n ser\u00eda interesante saber quienes exactamente est\u00e1n apostando en contra de Espa\u00f1a en los mercados&#8230;y hablar con ellos. Esto se puede saber. Una de las cosas de los mercados que frustra es que en muchos casos, especialmente en momentos de p\u00e1nico, &#8220;el parecer es el ser.&#8221; O sea, si pareces mal, estas mal. Por el otro lado, aunque todo el mundo esta enfocado en los mercados de bonos, la econom\u00eda espa\u00f1ola (y mundial) es mucho mas grande y compleja, y hay que tratar de entender no solo las debilidades sino tambi\u00e9n su fortaleza. Y por fin, mucha de la &#8220;presentaci\u00f3n&#8221; de la crisis tiene que ver con el gobierno y como explica sus acciones.<\/p>\n<p>P.- Phil&#8230;estamos en un planeta finito donde el crecimiento econ\u00f3mico depende del crecimiento demogr\u00e1fico y productivo, pero hay l\u00edmites. \u00bfPara cu\u00e1ndo convencer desde el 4\u00ba poder a pol\u00edticos, economistas y sociedad de la importancia de vivir del consumo sostenible de servicios y no de tantos bienes que contaminan?<\/p>\n<p>R.- Buena reflexi\u00f3n. Creo que muchos ya marchan en esta direcci\u00f3n. <\/p>\n<p>P.- Cuando se habla de crisis financiera solo se comentan los aspectos negativos que ella conlleva, \u00bfcree que la crisis puede reportar algo positivo a la poblaci\u00f3n de los pa\u00edses en ella sumergidos?<\/p>\n<p>R.- Mucha gente me dijo: Espa\u00f1a va a salir de la crisis un pais cambiado. Pienso que quer\u00edan decir cambiado en una forma positiva, creo, no negativa. Regreso a la primera pregunta que se hizo esta tarde: que me sorprendi\u00f3? Me sorprendi\u00f3 la cantidad de reformas fundamentales &#8212; mercado laboral, gasto social, sistema financiero &#8212; que est\u00e1n en la mesa por motivos de la crisis. Estas reformas pueden ir mal, pero tambi\u00e9n pueden servir para mejorar las cosas. Para un extranjero, la historia de Espa\u00f1a de las \u00faltimas tres d\u00e9cadas ha sido la historia de cambios. Cu\u00e1les van a ser los cambios que genere la crisis?<\/p>\n<p>P.- \u00bfQu\u00e9 futuro le espera a la prensa? \u00bfCrees que internet supondr\u00e1 un cambio todav\u00eda mayor en los medios de comunicaci\u00f3n? \u00bfHacia d\u00f3nde camina el periodismo? Muchas gracias<\/p>\n<p>R.- Creo que estamos frente cambios trascendentales, que ya estamos viviendo. Y con la tecnolog\u00eda, es importante que recordar que hemos entrado en un periodo de cambios continuos, permanentes &#8212; no llegamos al iPad y ya basta. Entonces en el periodismo tiene que haber un proceso de adaptaci\u00f3n a nuevas tecnolog\u00edas, conservando los valores y procesos que hace un periodismo confiable, \u00fatil y que juega su papel de examinar los que ejercen el poder. Pero adem\u00e1s de adaptarnos, tenemos que crear &#8212; nuevas formas de contar historias, presentar datos e informaci\u00f3n, etc. Este es un reto mil veces m\u00e1s urgente e interesante que la situaci\u00f3n que yo vi cuando a empec\u00e9 ejercer el oficio hace tres d\u00e9cadas.<\/p>\n<p>P.- En s\u00edntesis, \u00bfcual cree usted que son los motivos que hacen la situaci\u00f3n en Espa\u00f1a distinta de otros pa\u00edses?<\/p>\n<p>R.- Bueno, hay mucho. Pero podr\u00eda subrayar que la crisis demuestra las grandes dificultades de mantener pol\u00edticas internas y externas que sean coherentes y eficaces.<\/p>\n","protected":false},"excerpt":{"rendered":"<p>El periodista estadounidense Phil Bennet, ex director adjunto del The Washington Post, ha recorrido Espa\u00f1a durante las \u00faltimas semanas para elaborar un completo diagn\u00f3stico de la crisis econ\u00f3mica por la que atraviesa el pa\u00eds. En su retrato del problema espa\u00f1ol ha inclu\u00eddo entrevistas a Elena Salgado, Mariano Rajoy y Rodrigo Rato. Phil Bennet ha charlado con los lectores sobre este y otros temas, como el futuro de los medios de comunicaci\u00f3n. <\/p>\n","protected":false},"author":1,"featured_media":0,"comment_status":"open","ping_status":"open","sticky":false,"template":"","format":"standard","meta":{"footnotes":""},"categories":[],"tags":[],"class_list":["post-10707","post","type-post","status-publish","format-standard","hentry"],"_links":{"self":[{"href":"https:\/\/intervius.com\/index.html\/wp-json\/wp\/v2\/posts\/10707","targetHints":{"allow":["GET"]}}],"collection":[{"href":"https:\/\/intervius.com\/index.html\/wp-json\/wp\/v2\/posts"}],"about":[{"href":"https:\/\/intervius.com\/index.html\/wp-json\/wp\/v2\/types\/post"}],"author":[{"embeddable":true,"href":"https:\/\/intervius.com\/index.html\/wp-json\/wp\/v2\/users\/1"}],"replies":[{"embeddable":true,"href":"https:\/\/intervius.com\/index.html\/wp-json\/wp\/v2\/comments?post=10707"}],"version-history":[{"count":0,"href":"https:\/\/intervius.com\/index.html\/wp-json\/wp\/v2\/posts\/10707\/revisions"}],"wp:attachment":[{"href":"https:\/\/intervius.com\/index.html\/wp-json\/wp\/v2\/media?parent=10707"}],"wp:term":[{"taxonomy":"category","embeddable":true,"href":"https:\/\/intervius.com\/index.html\/wp-json\/wp\/v2\/categories?post=10707"},{"taxonomy":"post_tag","embeddable":true,"href":"https:\/\/intervius.com\/index.html\/wp-json\/wp\/v2\/tags?post=10707"}],"curies":[{"name":"wp","href":"https:\/\/api.w.org\/{rel}","templated":true}]}}