{"id":10697,"date":"2010-06-15T00:00:00","date_gmt":"2006-11-06T00:00:00","guid":{"rendered":"https:\/\/intervius.com\/index.html\/?p=10697"},"modified":"2006-11-06T00:00:00","modified_gmt":"2006-11-06T00:00:00","slug":"Florentino_Fernandez10697","status":"publish","type":"post","link":"https:\/\/intervius.com\/index.html\/Florentino_Fernandez10697\/","title":{"rendered":"Florentino Fern\u00e1ndez"},"content":{"rendered":"<p>Pregunta.- Flo, vi tu obra en Madrid y la verdad es que me re\u00ed un mont\u00f3n. Aparte el montaje era sencillo pero muy chulo. Al final Josema y t\u00fa hablabais con el p\u00fablico ya siendo vosotros, no &#8220;actuando&#8221;. \u00bfA qu\u00e9 se debe ese final? \u00bfLo hac\u00edas siempre?<\/p>\n<p>Respuesta.- Era m\u00e1s una necesidad de hablar con el publico y testar como han disfrutado de la obra. Y ademas un tema personal. Siempre me ha gustado ver a los actores tal y como son. <\/p>\n<p>P.- Florentino me troncho con tu doblaje de &#8220;Austin Powers&#8221; en la segunda y tercera entrega de la saga, sobretodo la segunda, es la monda. \u00bfHas tenido ocasi\u00f3n de conocer a Mike Myers en persona? \u00bfte parece un gran c\u00f3mico? \u00bfqu\u00e9 otros directores o actores c\u00f3micos te gustan? Hasta luego, Lucas!<\/p>\n<p>R.- Que pasa jomido, me encanta Mike Myers. Es una referencia en los comicos de Espa\u00f1a. Ver otros c\u00f3micos siempre es bueno y te ayuda a tener una referencia de lo que se hace fuera de tu pa\u00eds, conocer otros sentidos del humor con otras culturas de las que hacer humor. No cabe duda que los americanos tienen mucho m\u00e1s de lo que reirse que nosotros. Somos menos &#8220;frikies&#8221;&#8230;<\/p>\n<p>P.- \u00bfEst\u00e1 mentalizado para las cr\u00edticas que va a recibir la pel\u00edcula?<\/p>\n<p>R.- para esas cosas nunca esta uno mentalizado. Hemos hecho esta peli para que la gente disfrute lo que nosotros hemos disfrutado haciendola<\/p>\n<p>P.- \u00bfC\u00f3mo se siente m\u00e1s c\u00f3modo, actuando o presentando un programa de TV?<\/p>\n<p>R.- Al fin y al cabo las dos cosas son lo mismo pero con diferentes formatos. El cine, la tele, el teatro&#8230; lo importante es comunicar emociones y en este caso es la risa&#8230;<\/p>\n<p>P.- \u00bfPuedes hablarnos de tus complejos?<\/p>\n<p>R.- Si pero no es el momento. Si queres quedamos con un psicologo y lo pasamos pipa&#8230;<\/p>\n<p>P.- Bueno Flo, aqu\u00ed un fan tuyo desde hace tiempo, mucha suerte con la pel\u00edcula que intentar\u00e9 ir a ver sin ninguna duda. Ah\u00ed va mi pregunta: \u00bfno te da miedo hacer el ranking? jajaja porque cada vez que lo haceis (todos los d\u00edas de lunes a viernes) te llevas unas tortacas que&#8230; jejeje Bueno saludos!<\/p>\n<p>R.- Nos lo pasamos de puta madre; alguna ostiaca cae pero las menos. Casi siempre unto yo al Dani<\/p>\n<p>P.- \u00bfC\u00f3mo sigues con tanta energ\u00eda despu\u00e9s de tanto tiempo desde que empezaste?<\/p>\n<p>R.- Somos un equipo de gente, el que hacemos este programa, que estamos mu mal. Necesitamos desahogarnos de to lo tontacos que somos. Gracias y espero que lo disfruteis tanto como nosotros&#8230;<\/p>\n<p>P.- Hola, \u00bfc\u00f3mo est\u00e1s? Fui dos veces a ver la obra al teatro, me gust\u00f3 tanto que ten\u00eda que repetir, muy buena, adem\u00e1s me pill\u00f3 en una \u00e9poca que para m\u00ed reirme era importante porque estaba algo depre y cuando iba a veros se me alegraba el alma un poquito, muchas gracias por esos ratejos. \u00bfEs tan buena la peli como la obra? Seg\u00fan t\u00fa, \u00bfqu\u00e9 nos vamos a encontrar los que fuimos al teatro? Gracias guapo<\/p>\n<p>R.- Vas a ver partes que son iguales que la obra pero las menos. Yo dije lo mismo que t\u00fa al director, Alvaro Saenz de Heredia, pero nos convenci\u00f3 de que no era lo mismo. Ha pasado un a\u00f1o desde que rodamos y he visto la peli y te puedo decir que esta de puta madre. Te ries&#8230; y muuuchooo. De vez en cuando viene bien, como t\u00fa dices, alegrar el alma<\/p>\n<p>P.- \u00bfSe atrever\u00eda a caracterizar una pel\u00edcula que no fuese de humor? Felicidades por lo bien que hace imitando a Rajoy, lo ha clavado.<\/p>\n<p>R.- Gracias por lo de Rajoy. Es un personaje que mola. En cuanto a lo otro, no creo que sea el momento. Tengo que vivir un poco m\u00e1s para volverme serio&#8230; pero llegar\u00e1&#8230;<\/p>\n<p>P.- Soy fan y ultradefensor de Aqui huele a muerto. \u00bfPuede ser esta su digna sucesora?<\/p>\n<p>R.- Creo que en su momento fu\u00e9 un pelicul\u00f3n igual que esta lo ser\u00e1. Hay peliculas que siempre est\u00e1n ah\u00ed para hacerte vivir un buen momento y La venganza de Ira Vamp creo que lo ser\u00e1&#8230;<\/p>\n<p>P.- Hola Florentino, eres un tipo realmente simp\u00e1tico y gracioso \ud83d\ude42 quer\u00eda preguntarte si tienes buena relaci\u00f3n con Chiquito, del que tanto todos han sacado&#8230; recuerdo que hubo un poco de fricci\u00f3n por el persona de Krispin Clander. Un saludo desde Barcelona!!! <\/p>\n<p>R.- Muchas gracias. Nunca he tenido ning\u00fan problema con Chiquito. Es una gran persona y un genio de la comedia. Muchos hemos aprendido muchas cosa de su filosof\u00eda<\/p>\n<p>P.- Buenas tardes, Florentino. En pleno siglo XXI, \u00bfqu\u00e9 les lleva a realizar una pel\u00edcula como La venganza de Ira Vamp? \u00bfCreen que tiene cabida en la cartelera una pel\u00edcula con tintes de serie B de los a\u00f1os 60?<\/p>\n<p>R.- Lo importante es tener una buena excusa para pasar un buen rato. Y si encima est\u00e1 bien hecho\/a, como es el caso de esta peli, mejor<\/p>\n<p>P.- \u00bfDe qu\u00e9 programa y equipo guardas mejores recuerdos?<\/p>\n<p>R.- Te puedo asegurar que por todos los programas que he pasado guardo gratos recuerdo, incluso de uno que hice con Norma Duval&#8230;<\/p>\n<p>P.- Como c\u00f3mico, \u00bfc\u00f3mo crees que se podr\u00eda cambiar el pesimismo reinante por la situaci\u00f3n econ\u00f3mica en Espa\u00f1a?<\/p>\n<p>R.- Pffffff, vaya preguntaca!!!! He petao, disco duro en RESET. Creo que cuanto menos intereses hubiera m\u00e1s claro lo tendr\u00edan algunos para solucionar el temario&#8230;<\/p>\n<p>P.- Veo que la relaci\u00f3n profesional con Josema va viento en popa. \u00bfA qu\u00e9 atribuyes el \u00e9xito de vuestro trabajo de forma conjunta?<\/p>\n<p>R.- Al buen rollo y a que nadie es m\u00e1s que el otro. Buscamos que la gente disfrute y trabajamos para que el p\u00fablico se r\u00eda&#8230;<\/p>\n<p>P.- \u00bfEs cierto que su padre fue conductor de la EMT? Le escuch\u00e9 una vez un comentario de que era conductor de la l\u00ednea de mi barrio, pero nunca supe si era broma o era cierto.<\/p>\n<p>R.- Mi padre empez\u00f3 en la linea 10 y despues de pasar por varias termin\u00f3 siendo el chofer oficial de la linea 39 (Isabel II- Cuatro vientos) Un gran hombre. De \u00e9l he aprendido tantas cosas que me han servido en mi vida&#8230; y con mucho sentido del humor, y con bigote.<\/p>\n","protected":false},"excerpt":{"rendered":"<p>Acompa\u00f1ado por Josema Yuste, Florentino Fern\u00e1ndez vuelve a la gran pantalla con la pel\u00edcula La venganza de Ira Vamp. Dirigida por \u00c1lvaro S\u00e1enz de Heredia (Aqu\u00ed huele a muerto, El robobo de la jojoya), se trata de una adaptaci\u00f3n al cine de la obra Una pareja de miedo. Florentino Fern\u00e1ndez ha charlado con los lectores sobre esta divertida comedia, que se estrena el viernes 18.<br \/>\nFoto: Luis Sevillano<\/p>\n","protected":false},"author":1,"featured_media":0,"comment_status":"open","ping_status":"open","sticky":false,"template":"","format":"standard","meta":{"footnotes":""},"categories":[],"tags":[],"class_list":["post-10697","post","type-post","status-publish","format-standard","hentry"],"_links":{"self":[{"href":"https:\/\/intervius.com\/index.html\/wp-json\/wp\/v2\/posts\/10697","targetHints":{"allow":["GET"]}}],"collection":[{"href":"https:\/\/intervius.com\/index.html\/wp-json\/wp\/v2\/posts"}],"about":[{"href":"https:\/\/intervius.com\/index.html\/wp-json\/wp\/v2\/types\/post"}],"author":[{"embeddable":true,"href":"https:\/\/intervius.com\/index.html\/wp-json\/wp\/v2\/users\/1"}],"replies":[{"embeddable":true,"href":"https:\/\/intervius.com\/index.html\/wp-json\/wp\/v2\/comments?post=10697"}],"version-history":[{"count":0,"href":"https:\/\/intervius.com\/index.html\/wp-json\/wp\/v2\/posts\/10697\/revisions"}],"wp:attachment":[{"href":"https:\/\/intervius.com\/index.html\/wp-json\/wp\/v2\/media?parent=10697"}],"wp:term":[{"taxonomy":"category","embeddable":true,"href":"https:\/\/intervius.com\/index.html\/wp-json\/wp\/v2\/categories?post=10697"},{"taxonomy":"post_tag","embeddable":true,"href":"https:\/\/intervius.com\/index.html\/wp-json\/wp\/v2\/tags?post=10697"}],"curies":[{"name":"wp","href":"https:\/\/api.w.org\/{rel}","templated":true}]}}