{"id":10691,"date":"2010-06-15T00:00:00","date_gmt":"2006-11-06T00:00:00","guid":{"rendered":"https:\/\/intervius.com\/index.html\/?p=10691"},"modified":"2006-11-06T00:00:00","modified_gmt":"2006-11-06T00:00:00","slug":"Tomas_Roncero10691","status":"publish","type":"post","link":"https:\/\/intervius.com\/index.html\/Tomas_Roncero10691\/","title":{"rendered":"Tom\u00e1s Roncero"},"content":{"rendered":"<p>Pregunta.- \u00bfEs partidario de la conversi\u00f3n del R.M en Sociedad An\u00f3nima Deportiva y del traslado del Bernab\u00e9u a otra zona de la ciudad?<\/p>\n<p>Respuesta.- Nunca jam\u00e1s. El Madrid siempre ser\u00e1 de sus socios y el Bernab\u00e9u es nuestra Sagrada Familia. Intocable. El presidente que cambie eso ser\u00e1 expulsado a patadas del templo. <\/p>\n<p>P.- Muchos internautas le han enviado una alineaci\u00f3n ideal del R.M, ah\u00ed le env\u00edo la m\u00eda: P)Casillas; D)Sergio Ramos,Albiol,Pepe,Koralov; M)Javi Mart\u00ednez,Xabi Alonso,Silva; DL)Jes\u00fas Navas,Cristiano Ronado,Higua\u00edn. \u00bfQu\u00e9 tal?<\/p>\n<p>R.- Yo pondr\u00eda Maicon de dos, a Ramos de central por Akbiol (el valenciano ser\u00e1 el primer suplente), Marcelo de tres. El resto me encanta pero ya sab\u00e9is que los espa\u00f1oles son dif\u00edciles de fichar por los precios desorbitados que le ponen siempre al Madrid. Pero no perdamos la fe. <\/p>\n<p>P.- Unos d\u00edas parece que Maicon va a fichar por el R.M y otros d\u00edas no. En el primer caso, \u00e9l y otro jugador (Marcelo o Koralov) ocupar\u00edan los laterales, en el centro de la defensa Sergio Ramos tendr\u00eda un lugar asegurado y el otro se lo disputar\u00edan Albiol, Garay y Pepe. De \u00e9stos tres \u00faltimos,\u00bfquien acompa\u00f1ar\u00eda a Sergio Ramos en el centro de la defensa?<\/p>\n<p>R.- Pepe, siempre que se quede perfecto de su grave lesi\u00f3n. Pepe y Ramos son una pareja de centrales tan solvente como de Puyol y Piqu\u00e9. Dinamita, calidad y coraje. <\/p>\n<p>P.- Otro de los fichajes que pretende hacer el R.M es Di Mar\u00eda,jugador del Benfica F.C. Al entender que el precio es excesivo, se pretende rebajar su precio incluyendo a jugadores del filial (Marcos Alonso,Rodrigo,Sarabia y alguno m\u00e1s que ahora no recuerdo),ya sea en calidad de cedidos o de traspaso con opci\u00f3n de compra. Si al acabar el periodo de cesi\u00f3n o la temporada en que finalizase la opci\u00f3n de recompra vieran que sus posibilidades de formar parte de la primera plantilla del R.M son escasas, por no decir inexistentes,\u00bfno se plantear\u00edan marcharse a otro equipo,como en su d\u00eda hizo Mata?<\/p>\n<p>R.- Mi esperanza es que rod\u00e1ndose un a\u00f1o en un equipo grande y con historia, que adem\u00e1s va a jugar la Champions lo que dar\u00eda a los chicos rodaje en la Europa de los buenos, los canteranos regresen con la mili hecha y por una plusval\u00eda m\u00ednima. Si Sarabia est\u00e1 un a\u00f1o all\u00ed es m\u00e1s f\u00e1cil que crezca que si se queda una temporada jugando en Segunda B con el Castilla. Se trata de acelerar el proceso de aprendizaje. Eso s\u00ed, debe Mourinho atreverse con alguno ya. La cantera est\u00e1 para disfrutarla, no para exhibirla. <\/p>\n<p>P.- Buenos y blancos d\u00edas, Tom\u00e1s estoy un poco harto de que solo quieran fichar a jugadores de fuera, que pasa que Silva, Navas o Pedro Leon son peores que Di Maria?, yo creo que el Madrid deber\u00eda Fichar a Navas, Silva y Maicon y que se quede Lass en vez de fichar a Gerrar o De rossi que te parecerian esos fichajes? un abrazo.<\/p>\n<p>R.- La teor\u00eda es indiscutible amigo. Todos preferimos a los nuestros y que adem\u00e1s son grandes con la Roja. Pero tambi\u00e9n es cierto que antes de decir nada de Navas se pone Del Nido a decir que el Madrid iba a sudar sangre y l\u00e1grimas para fichar al de Los Palacios. \u00bfPor qu\u00e9 no lo dijo cuando el Bar\u00e7a le fich\u00f3 a Alves? En el caso Silva, el Valencia se pone en 40 millones antes de empezar a habar. El Athletic dice que los 30 millones de la cl\u00e1usula de Javi Mart\u00ednez son innegociables. Por eso comparto tu deseo de traer espa\u00f1oles, pero hay que valorar c\u00f3mo se puede elcanzar ese objetivo. <\/p>\n<p>P.- Krak!! Ahora que porfin se va Laporta, es el momento de nuestro madrid??? uffff yo porfin respiro algo tranquilo<\/p>\n<p>R.- P\u00ecenso que s\u00ed. Laporta ha agrietado mucho las relaciones entre Bar\u00e7a y Madrid, con esa man\u00eda por politizarlo todo y por su af\u00e1n en celebrar sus triunfos sobre el Madrid ech\u00e1ndose champ\u00e1n franc\u00e9s sobre su cabeza. Rosell es un se\u00f1or y seguro que ahora todo va a ir mejor entre los dos clubes. El Madrid saldr\u00e1 ganando con este cambio. Estoy seguro de ello. <\/p>\n<p>P.- Hola Tom\u00e1s!\u00bfa qu\u00e9 espera el MAdrid para planificar (fichajes-salidas) la pr\u00f3xima temporada?<\/p>\n<p>R.- Hazme caso amigo. Estns en ello desde hace semanas. Lo que sucede es que el Mundial ha paralizado mucho el mercado de fichajes porque es mejor esperar a ver c\u00f3mo acaban los objetivos antes de lanzarse al ruedo con una pila de millones en el bolsillo. Mourinho, Florentino y Valdano han hablado muchos estos d\u00edas. Tranquilo, en agosto todo se ver\u00e1 con otro prisma. <\/p>\n<p>P.- Despu\u00e9s de ver la alineaci\u00f3n ideal del R.M en la portada del AS, me temo que Granero va a tener pocas oportunidades y que, en el mercado de invierno, se marchar\u00e1 a otro club, ya sea como cedido o traspasado. \u00bfHar\u00eda bien el R.M en permit\u00edrselo?<\/p>\n<p>R.- Tranquilo, Granero se queda seguro. Sobre todo porque si se fueran al final Guti y Ra\u00fal, ser\u00eda necesario cubrir el cupo de cuatro canteranos y esos puestos ser\u00edan para Granero, Arbeloa, Casillas y Ad\u00e1n. Granero es un chaval con posibilidades y d\u00e1ndole otro a\u00f1o seguro que se afianzar\u00e1. Yo conf\u00edo en el Pirata. <\/p>\n<p>P.- \u00bfEs verdad eso de que conoces al gran Carlos Boyero? Un saludo Tom\u00e1s! <\/p>\n<p>R.- Cierto y adem\u00e1s ahora somos vecinos porque \u00e9l est\u00e1 en la redacci\u00f3n de El Pa\u00eds, a s\u00f3lo cincuenta metros de la del AS. Carlos Boyero es un genio escribiendo y un t\u00edo muy especial, al que creo que le ca\u00ed buen en su d\u00eda y eso me permiti\u00f3 granjearme su amistad que para m\u00ed es un honor. Boyero dice lo que piensa y piensa lo que dice. O sea, un tipo diferente y \u00fanico en su g\u00e9nero. Grande Carlitos. <\/p>\n<p>P.- Crees que el real Madrid sera capaz de ganar al Barca y por lo tanto ganar la liga o la champions?<\/p>\n<p>R.- Sabemos que la empresa es muy dificultosa porque estamos ante el mejor Bar\u00e7a de sus 111 a\u00f1os de historia, pero si en la Liga les tuvimos en jaque mate hasta la \u00faltima jornada con un equipo con muchos problemas, imag\u00ednese qu\u00e9 suceder\u00e1 si Mourinho da con la tecla adecuada y el Madrid juega por fin como un equipo-equipo. Este pr\u00f3ximo a\u00f1o puede ser el de los madridistas. Nos lo merecemos despu\u00e9s de tanto sufrimiento. <\/p>\n<p>P.- \u00bfQu\u00e9 posibilidades hay de que finalmente se quede Raul en el Madrid? Yo creo que seria una gran cagada que se fuese, es un autentico lider en el vestuario.<\/p>\n<p>R.- Si fuera por m\u00ed, se queda seguro. Ra\u00fal es el escudo y la bandera del Madrid. Si anunciase que se queda me har\u00eda muy feliz. Pero sabemos que \u00e9l quiere jugar porque se siente competitivo y con fuerzas y entiendo que en su cabeza pueda estar otro reto. Ojal\u00e1 me equivoque y se quede un a\u00f1o con Mourinho. Ser\u00eda una pareja letal. Hambre + hambre=D\u00e9cima. <\/p>\n<p>P.- Hola Gran Madridista, no crees que ser\u00eda un grave error que el Madrid no fichara a Silva? si es verdad que Mou sabe un poco de futbol no deber\u00eda dejar escapar a este pedazo de futbolista que opinion tienes sobre este asunto? gracias y este a\u00f1o ser\u00e1 el nuestro, Hala Madrid<\/p>\n<p>R.- El error para m\u00ed es comparar a Silva con Di Mar\u00eda. El argentino es un extremo muy bueno, aunque el otro d\u00eda tuviera una mala tarde con Argentina. Desborda y es hombre de banda. Silva es un media punta, juega donde Kak\u00e1 y da el \u00faltimo pase como los \u00e1ngeles. Es un jug\u00f3n en el amplio sentido de la palabra. Puestos a valorar, los dos ser\u00e1n compatibles. El problema es que estando Kak\u00e1 veo dif\u00edcil que Mourinho diga al Madrid que se gaste 30 o 40 millones en el canario. Una pena. <\/p>\n<p>P.- Buenos d\u00edas, Tom\u00e1s, eres un crack, sigue as\u00ed. Yo ten\u00eda un vecino muy mayor, socio del Madrid, que siempre dec\u00eda que no hab\u00eda visto jugar al f\u00fatbol jam\u00e1s, como lo hizo el Madrid en la primera parte de la vuelta de la Copa Intercontinental contra el Pe\u00f1arol. Mi pregunta es, \u00bfcrees que los madridistas podremos ver algo parecido con Mourinho, o esa excelencia quedar\u00e1 s\u00f3lo para el recuerdo y ahora solo se trata de ganar? Gracias y un saludo.<\/p>\n<p>R.- Eso que dices es verdad porque me lo cont\u00f3 mi padre cuando yo era ni\u00f1o. \u00c9l estaba esa noche hist\u00f3rica en las gradas abarrotadas del Bernab\u00e9u. Repetir aquello es casi imposible. Eran otros tiempos ye l f\u00fatbol no era tan f\u00edsico como ahora. Lo que s\u00ed puede recuperar Mourinho es el esp\u00edritu legionario del Madrid, el que hizo que todos nos hici\u00e9ramos blancos antes de tomar el primer biber\u00f3n. <\/p>\n<p>P.- CRACK BUENAS, UN SALUDO DESDE BADAJOZ, UNA PREGUNTA QUE FICHAJES CREES QUE VA A REALIZAR EL MADRID, CREO QUE SE DEBERIA FICHAR A DAVID SILVA, Y A OZIL EL JUGADOR ALEMAN ES BUENISIMO, Y FICHAR A JESUS NAVAS Y A JAVI MARTINEZ, CON ESOS JUGADORES Y CON MAICON TENDRIAMOS UN EQUIPAZO Y MUY ESPA\u00d1OL. QUE OPINAS<\/p>\n<p>R.- Todos son buen\u00edsimos pero el mercado condicina mucho. Mi ideal ser\u00eda Maicon, Navas y Javi Mart\u00ednez. Entre Silva y Di Mar\u00eda saldr\u00eda el cuarto.<\/p>\n<p>P.- Tom\u00e1s, por que los periodistas deportivos -la mayor\u00eda- quieren que pensemos como ellos y que no razonemos m\u00e1s all\u00e1 de lo que ellos plantean? En mi popini\u00f3n Ronaldo es mucho mejor que Messi, en varias facentas. es mi opini\u00f3n, tan buena como la de otros\/as<\/p>\n<p>R.- Compartimos criterio amigo. Cristiano es m\u00e1s completo y posee m\u00e1s virtudes, pero Messi posee un regate diab\u00f3lico y juegan todos para \u00e9l. Son muy buenos los dos, pero si ech\u00e1ramos a pies yo me pedir\u00eda primero al portugu\u00e9s. <\/p>\n<p>P.- Tom\u00e1s por lo que nos van a soplar por kolarov y di maria m\u00e1s maicon no podr\u00edas tu convencer a florentino para que s\u00f3lo fiche a navas y lo dem\u00e1s tiramos de gente de cantera te admiro hala madrid!<\/p>\n<p>R.- Si por m\u00ed fuera llamaba ahora mismo a Florentino traslad\u00e1ndole tu idea, pero Mourinho es un l\u00edder en todo lo que hace y hay que respetar sus ideas. El portugu\u00e9s tienen las ideas claras y yo le dejar\u00eda hacer la lista de la compra. Si se equivoca el a\u00f1o pr\u00f3ximo, podr\u00edamos hablar en otros t\u00e9rminos. Vamos a esperar a que acabe el Mundial y luego veremos&#8230;<\/p>\n<p>P.- Nunca hablas de baloncesto porque el Bar\u00e7a Regal acaba con todos y lo gana todo (incluidas sendas humillaciones a vuestro Madrid) y ahora que va palmando contra el Caja Laboral, es entonces cuando sacas pecho y hablas ninguneando al Bar\u00e7a verdad? Porque Tomas, porque nos dejas ver la bilis que emanas y ese antibarcelonismo de forma tan descarada. Saludos<\/p>\n<p>R.- Compa\u00f1ero este a\u00f1o he escrito 32 columnas de baloncesto en el AS y seis de ellas muy duras contra los errores del Madrid de Messina y su proyecto fallido. Aceptar\u00eda tu cr\u00edtica si me leyeras todos los d\u00edas. Pero veo que s\u00f3lo me sigues si escribo del Bar\u00e7a. Curiosa actitud. \u00a1Hala Baskonia!<\/p>\n<p>P.- buena noticia que mou se preocupe por la cantera.karanka le recomendo a jese no?? saludos crack<\/p>\n<p>R.- Jes\u00e9 se recomienda solo con lo bueno que es. Seguro que Mou y Karanka van a hacer una pareja perfecta. Aitor es buen chaval y tan madridista como su hijo, que llora cuando palma el Madrid y grita de alegr\u00eda cuando gana. La cantera empieza a ver el final del t\u00fanel amigo. <\/p>\n<p>P.- Reconozco estar asustado, \u00bfc\u00f3mo es posible que la mayor\u00eda de futbolistas de nuestra selecci\u00f3n no sepa qu\u00e9 pas\u00f3 en Quer\u00e9taro?<\/p>\n<p>R.- Quiero pensar que no es as\u00ed. Y si as\u00ed fuera, me dar\u00eda pena. Si no saben la historia de la Roja ser\u00e1 m\u00e1s dif\u00edcil que entiendan lo que hemos sufrido los espa\u00f1oles durante d\u00e9cadas hasta saborear este momento m\u00e1gico que se avecina&#8230; <\/p>\n<p>P.- \u00bfQu\u00e9 te parece lo de Gracia Redondo, que ahora dice que el madridismo le ha perdonado?<\/p>\n<p>R.- Yo creo que el aragon\u00e9s tiene tan mala conciencia que se ha atrevido a afirmar la mayor falacia de lo que va de siglo XXI. Los madridistas no olvidan lo ocurrido en aquellas dos ligas de Tenerife y sobre todo la de Gracia Redondo, del que debi\u00f3 tomar nota Ovrebo como alumno aventajado en eso de negarse a pitarle a un equipo penaltis clamorosos. Les recomiendo expresamente que se metan ahora mismo en as.com y vean el penalti a Zamorano o el clamoroso de Chano evitando un gol de Hierro parando el bal\u00f3n con las dos manos. Es inaudito que no pitase ninguno. Gracia Redondo, no cuela. La afici\u00f3n blanca ni olvida ni perdona. <\/p>\n","protected":false},"excerpt":{"rendered":"<p>El redactor jefe del Diario AS, Tom\u00e1s Roncero charlar\u00e1 con los lectores de la actualidad del Real Madrid y de la selecci\u00f3n espa\u00f1ola de f\u00fatbol. <\/p>\n<p>ARCHIVO DE ENTREVISTAS:<\/p>\n<p>8 de junio &#8211; 1 de junio &#8211; 25 de mayo &#8211; 18 de mayo &#8211; 11 de mayo &#8211; 04 de mayo &#8211; 27 de abril &#8211; 20 de abril &#8211; 13 de abril &#8211; 06 de abril &#8211; 30 de marzo &#8211; 23 de marzo &#8211; 16 de marzo &#8211; 09 de marzo &#8211; 02 de marzo &#8211; 23 de febrero &#8211; 18 de febrero &#8211; 10 de febrero &#8211; 02 de febrero &#8211; 27 de enero &#8211; 19 de enero &#8211; 12 de enero &#8211; 05 de enero &#8211; 29 de diciembre &#8211; 22 de diciembre &#8211; 15 de diciembre &#8211; 09 de diciembre &#8211; 01 de diciembre &#8211; 24 de noviembre &#8211; 17 de noviembre &#8211; 10 de noviembre &#8211; 5 de noviembre &#8211; 27 de octubre &#8211; 20 de octubre &#8211; 13 de octubre &#8211; 06 de octubre &#8211; 29 de septiembre &#8211; 22 de septiembre &#8211; 15 de septiembre &#8211; 08 de septiembre &#8211; 01 de septiembre &#8211; 25 de agosto &#8211; 28 de julio &#8211; 20 de julio &#8211; 14 de julio &#8211; 07 de julio &#8211; 30 de junio &#8211; 16 de junio &#8211; 16 de junio &#8211; 09 de junio &#8211; 02 de junio &#8211; 26 de mayo &#8211; 19 de mayo &#8211; 12 de mayo &#8211; 5 de mayo &#8211; 28 de abril &#8211; 21 de abril &#8211; 14 de abril &#8211; 07 de abril &#8211; 31 de marzo &#8211; 25 de marzo &#8211; 17 de marzo &#8211; 24 de febrero &#8211; 17 de febrero &#8211; 10 de febrero &#8211; 2 de julio &#8211; 14 de junio <\/p>\n","protected":false},"author":1,"featured_media":0,"comment_status":"open","ping_status":"open","sticky":false,"template":"","format":"standard","meta":{"footnotes":""},"categories":[],"tags":[],"class_list":["post-10691","post","type-post","status-publish","format-standard","hentry"],"_links":{"self":[{"href":"https:\/\/intervius.com\/index.html\/wp-json\/wp\/v2\/posts\/10691","targetHints":{"allow":["GET"]}}],"collection":[{"href":"https:\/\/intervius.com\/index.html\/wp-json\/wp\/v2\/posts"}],"about":[{"href":"https:\/\/intervius.com\/index.html\/wp-json\/wp\/v2\/types\/post"}],"author":[{"embeddable":true,"href":"https:\/\/intervius.com\/index.html\/wp-json\/wp\/v2\/users\/1"}],"replies":[{"embeddable":true,"href":"https:\/\/intervius.com\/index.html\/wp-json\/wp\/v2\/comments?post=10691"}],"version-history":[{"count":0,"href":"https:\/\/intervius.com\/index.html\/wp-json\/wp\/v2\/posts\/10691\/revisions"}],"wp:attachment":[{"href":"https:\/\/intervius.com\/index.html\/wp-json\/wp\/v2\/media?parent=10691"}],"wp:term":[{"taxonomy":"category","embeddable":true,"href":"https:\/\/intervius.com\/index.html\/wp-json\/wp\/v2\/categories?post=10691"},{"taxonomy":"post_tag","embeddable":true,"href":"https:\/\/intervius.com\/index.html\/wp-json\/wp\/v2\/tags?post=10691"}],"curies":[{"name":"wp","href":"https:\/\/api.w.org\/{rel}","templated":true}]}}