{"id":1069,"date":"2007-03-22T00:00:00","date_gmt":"2006-11-06T00:00:00","guid":{"rendered":"https:\/\/intervius.com\/index.html\/?p=1069"},"modified":"2006-11-06T00:00:00","modified_gmt":"2006-11-06T00:00:00","slug":"Estela_de_Carlotto1069","status":"publish","type":"post","link":"https:\/\/intervius.com\/index.html\/Estela_de_Carlotto1069\/","title":{"rendered":"Estela de Carlotto"},"content":{"rendered":"<p>Pregunta.- \u00bfCu\u00e1l es la diferencia entre las Abuelas y las Madres de Plaza de Mayo?<\/p>\n<p>Respuesta.- Cuando se produjo el golpe de estado comenzaron a secuestrar personas, los familiares salimos a buscarlas; \u00e9ramos madres, abuelas, hermanos, esposas, que con miedo, pero con mucho amor, golpeamos puertas, primero en soledad y luego nos fuimos encontrando para buscar juntas. La Plaza de Mayo fue el lugar hist\u00f3rico de estos encuentros y con el tiempo, para hacer m\u00e1s efectiva la busqueda, se formaron grupos como el de las madres para buscar los hijos, el de las abuelas para buscar los hijos y los nietos, los familiares para buscar a los hermanos y los esposos y cada uno tom\u00f3 su camino. Nos une la historia com\u00fan y nos diferencian las metodolog\u00edas.<\/p>\n<p>P.- \u00bfC\u00f3mo vivi\u00f3 el golpe de Estado y todo lo que aconteci\u00f3 despu\u00e9s con los desaparecidos?<\/p>\n<p>R.- El golpe de estado se produjo el 24 de marzo de 1976; nos encontr\u00f3 a los padres de hijos opositores a la dictadura con miedos y necesidad de preservarlos de lo que les podr\u00eda ocurrir. Tratamos de desalentarlos o sacarlos del pa\u00eds, pero su convicci\u00f3n era muy fuerte y su lucha tenaz, los escuchamos y los comprendimos, rogando que nunca llegara a pasarles nada.<\/p>\n<p>P.- \u00bfQu\u00e9 opini\u00f3n le merece la postura pol\u00edtica que demuestra Hebe de Bonafini?<\/p>\n<p>R.- La se\u00f1ora de Bonafini, que lidera la Asociaci\u00f3n Madres de Plaza de Mayo, naci\u00f3 en esta lucha por la desaparici\u00f3n de sus hijos. En los primeros tiempos camin\u00e1bamos juntas; con el correr de los a\u00f1os hubo una divisi\u00f3n en esa instituci\u00f3n naciendo madres de plaza de mayo l\u00ednea fundadora. Con esta l\u00ednea tenemos excelente relaci\u00f3n y trabajo, no as\u00ed con la se\u00f1ora de Bonafini por no compartir su filosof\u00eda y prop\u00f3sitos.<\/p>\n<p>P.- Querida Estela, me parece que son ustedes el mayor exponente de valent\u00eda y dignidad humana en este siglo. Gracias por su lucha y su ejemplo. \u00bfQu\u00e9 esperanza tienen de que los genocidas que a\u00fan andan libres acaben pudri\u00e9ndose en la c\u00e1rcel? El pueblo ya les juzg\u00f3 y conden\u00f3, \u00bfpor qu\u00e9 la justicia se demora tanto en condenar a esos criminales cobardes?<\/p>\n<p>R.- Gracias por su saludo, pronto vamos a cumplir 30 a\u00f1os de lucha las Abuelas de Plaza de Mayo y todo este duro proceso, que llev\u00f3 a\u00f1os, lo seguimos en estos 23 a\u00f1os de democracia, pero a pesar de ello, la justicia sigue siendo lenta y a veces injusta.<\/p>\n<p>P.- Sra. de Carlotto, \u00bfusted cree que la c\u00fapula eclesi\u00e1stica apoy\u00f3 o sugiri\u00f3 al gobierno de facto emplear el m\u00e9todo de &#8220;desaparecer&#8221; personas?<\/p>\n<p>R.- La Iglesia Cat\u00f3lica Argentina es conservadora y durante la dictadura fue c\u00f3mplice por acci\u00f3n u omisi\u00f3n desde la c\u00fapula eclesial, de m\u00e1s de 80 obispos. S\u00f3lo unos pocos fueron valientes, el resto acept\u00f3 la metodolog\u00eda del terrorismo de estado, incluso algunos prelados participaron en las sesiones de torturas, no as\u00ed las bases de la iglesia cat\u00f3lica, que por su militancia pol\u00edtica fueron desaparecidos.<\/p>\n<p>P.- Estoy totalmente a favor de la iniciativa para el reencuentro de bebes robados (hoy hombres y mujeres de 30 a\u00f1os) con sus familias originales, pero, \u00bfse ha dado algun caso de rechazo de alguno de ellos hacia esta situacion?. El trauma para estos jovenes criados por los que ellos creian sus padres naturales debe ser bastante fuerte. \u00bfpodria comentar alguno de estos aspectos de su tarea? Gracias.<\/p>\n<p>R.- Hemos encontrado hasta ahora 87 nietos, los dos primeros en 1979 y cuando eran ni\u00f1os, la actitud de las Abuelas y la actitud de la Justicia era proceder a que vivan con sus familias biol\u00f3gicas. Hoy son hombres y mujeres adultas y los encontramos mediante dos situaciones: cuando presentamos una causa en la Justicia, el juez los cita y les informa que pueden ser hijos de personas desaparecidas. Esto produce una situaci\u00f3n de shock y a veces hasta de resistencia, que es moderada por los jueces y sus equipos sicol\u00f3gicos. En otros casos, otros j\u00f3venes dudan de su identidad y se acercan a nuestra casa para obtener respuestas; en caso de ser hijos de desaparecidos, la aceptaci\u00f3n es pr\u00e1cticamente inmediata y la integraci\u00f3n con su familia y su historia es r\u00e1pida.<\/p>\n<p>P.- Enhorabuena por su esfuerzo, que es un ejemplo para el mundo. \u00bfC\u00f3mo valoran a lo largo de todo este tiempo lo que han conseguido y qu\u00e9 falta todav\u00eda por exigir a la justicia, a la sociedad? Muchas gracias.<\/p>\n<p>R.- Falta mucho para que la historia del terrorismo de estado en la Argentina quede clara, todav\u00eda est\u00e1n en libertad muchos genocidas, hay centenares de detenidos en v\u00edas de proceso, todos los organismos de derechos humanos estamos trabajando con la Justicia para que r\u00e1pidamente se recomponga esta situaci\u00f3n. Estimamos en 500 los ni\u00f1os que estamos buscando, por lo que nuestra tarea es larga a\u00fan.<\/p>\n<p>P.- Estela: Hace dos semanas estuve en Buenos Aires y visit\u00e9 el caf\u00e9 de las Madres de Mayo cercano al Congreso. Hubo algo que me molest\u00f3. En una de las hojas informativas se informaba de una conferencia sobre los presos pol\u00edticos vascos y su situaci\u00f3n en las c\u00e1rceles. Aunque comparto su preocupaci\u00f3n por los derechos humanos de todos los presos del mundo, \u00bfpor qu\u00e9 su asociaci\u00f3n insiste en no reconocer que los presos vascos son terroristas juzgados y condenados legalmente por el Estado de Derecho?<\/p>\n<p>R.- Querido Antonio: est\u00e1s confundiendo la Asociaci\u00f3n Madres con Abuelas. Las Abuelas tenemos claro que aquel que coloca una bomba en un supermercado matando a cualquier persona, difiere mucho de una lucha con ideales.<\/p>\n<p>P.- Querida Estela, soy un chico de la republica del Sahara Occidental, ex colonia espa\u00f1ola ocupada hoy por Marruecos. Tenemos m\u00e1s de 500 desaparecidos desde que el r\u00e9gimen alauita ocup\u00f3 nuestra tierra. Mujeres, ancianos y j\u00f3venes, no se sabe de ellos; se habla de fosas comunes en estos dias. Mucho dolor. \u00bfQu\u00e9 nos aconseja en esta lucha de la que sois muy efectivas y vanguardistas? Reciba un fuerte saludo solidario desde el desierto del pueblo saharaui.<\/p>\n<p>R.- Querido Bahia, no hay que perder la memoria de estos hechos aberrantes y aunque sean varias generaciones despu\u00e9s, es necesario buscar la verdad y la justicia. Lo peor es el olvido, porque es cuando permite que las historias se repitan.<\/p>\n<p>P.- En Madrid \u00bfqu\u00e9 se puede hacer para ayudar a LAS ABUELAS?<\/p>\n<p>R.- Desde Europa hemos recibido y seguimos recibiendo la solidaridad y el apoyo. Espa\u00f1a ha sido y es un pa\u00eds amigo de las Abuelas, tenemos all\u00ed Teatro por la Identidad en Madrid, Barcelona, la Coru\u00f1a y otras ciudades, tenemos en Madrid una sede de la Red por el Derecho a la Identidad Europea donde los j\u00f3venes que dudan de su identidad en Espa\u00f1a u otros pa\u00edses de Europa pueden realizar consultas, si apoyan estas actividades ser\u00e1n muy bien recibidos.<\/p>\n<p>P.- Querida Estela, desde Mar del Plata te saludo y te pregunto para que la gente sepa lo duro que es tu militancia: \u00bfCu\u00e1ntas veces fuiste amenazada por tu compromiso y lucha sin cuartel en todos estos a\u00f1os? Te env\u00edo un gran abrazo solidario.<\/p>\n<p>R.- Querido Joaqu\u00edn, gracias por tu saludo y en \u00e9sta, mi larga lucha, he recibido muchas amenazas, inclusive mis hijos, pero la m\u00e1s impactante fue producida hace 4 a\u00f1os, cuando me quisieron asesinar en horas de la madrugada en mi casa donde vivo sola, sin conseguir su objetivo. Lejos de tener miedo, tengo m\u00e1s fuerzas para seguir luchando.<\/p>\n<p>P.- Estimada Estela. La desaparici\u00f3n de Julio L\u00f3pez es una sombra del pasado siniestro que tanto da\u00f1o nos hizo a los argentinos. \u00bfCree Ud. que actos intimidatorios como \u00e9ste pueden frenar los juicios que se avecinan a los genocidas? Un saludo cordial\u00edsimo de un platense.<\/p>\n<p>R.- Querido platense, el 24 de marzo vamos a marchar como todos los a\u00f1os para recordar a nuestros 30.000 desaparecidos y Julio L\u00f3pez va a estar acompa\u00f1\u00e1ndonos con el deseo que aparezca con vida. Sin duda, quienes lo han secuestrado, han querido meternos miedo y evitar que los juicios contin\u00faen. Mi respuesta a estos mafiosos es que liberen a Lopez porque no han conseguido su objetivo, \u00a1NO LES TENEMOS MIEDO!<\/p>\n<p>P.- \u00bfSienten que tienen m\u00e1s apoyo fuera de su pa\u00eds, como puede ser aqu\u00ed en Espa\u00f1a, que en la propia Argentina? Sigan as\u00ed, tengo 24 a\u00f1os y ustedes son todo un ejemplo para nuestras generaciones, un gran ejemplo de admiraci\u00f3n.<\/p>\n<p>R.- Gracias Lourdes por tus palabras; a\u00f1os atr\u00e1s ten\u00edamos m\u00e1s reconocimiento en el exterior que en nuestro propio pa\u00eds, pero nuestra perseverancia, nuestro trabajo respetuoso y la docencia que fuimos haciendo en nuestro pa\u00eds ha hecho que hoy se nos apoye y acompa\u00f1e en nuestra lucha.<\/p>\n<p>P.- Hola&#8230; Estela. Mi pregunta es la siguiente&#8230; por qu\u00e9 apoyan a un presidente, Kirchner, que tiene un claro discurso a favor de los derechos humanos y se niega a tratar, como ayer, en el Congreso Nacional la ley para anular los indultos? Su bloque no dio cuorum por lo cual la sesion no pudo tratar la anulaci\u00f3n. No es contradictorio? Fuerza<\/p>\n<p>R.- Bueno Gabriel, el gobierno del Dr. Kirchner nos dio una grata sorpresa, ya que era una persona desconocida con el 22% de los votos y que en sus campa\u00f1as no utiliz\u00f3 los derechos humanos como bandera, sin embargo, inmediatamente nos recibi\u00f3, nos escuch\u00f3 y empez\u00f3 a combatir la impunidad, seria largo enumerar todo lo que hizo, pero hay hitos important\u00edsimos como castigar a los militares represores, tomar la Escuela de Mec\u00e1nica de la Armada como s\u00edmbolo de la Memoria, reparar a las v\u00edctimas del terrorismo y hacernos part\u00edcipes de sus actos de gobierno en favor de la Verdad y la Justicia. Las leyes de Punto Final y Obediencia Debida ya no existen por su voluntad pol\u00edtica, falta la anulaci\u00f3n de los indultos que seguramente pronto, entre todos conseguiremos.<\/p>\n<p>P.- \u00bfCre\u00e9is posible que algunos de los nietos que busc\u00e1is se encuentren en Espa\u00f1a?<\/p>\n<p>R.- Posiblemente alguno de los nietos que estamos buscando se encuentre en Espa\u00f1a o en alg\u00fan otro pa\u00eds de Europa; hay denuncias de apropiadores que se fugaron con nuestros nietos cuando eran peque\u00f1itos y que vivir\u00edan en Espa\u00f1a. Estamos trabajando este tema con el Juez Baltazar Garz\u00f3n y con la Embajada Argentina en Madrid. Tambi\u00e9n suponemos que ya de adulto alg\u00fan nieto haya viajado por razones de estudio o trabajo y se haya radicado en Europa.<\/p>\n<p>P.- En Argentina durante estos a\u00f1os se est\u00e1 llevando ante la justicia las represiones de la dictadura militar gracias en gran medida a las reivindicaciones de la sociedad argentina que NO olvida, \u00bfCree usted que en Espa\u00f1a con la transici\u00f3n democr\u00e1tica se olvidaron las represiones por temor a reabrir heridas?<\/p>\n<p>R.- Hace unos a\u00f1os atr\u00e1s en Espa\u00f1a, m\u00e1s precisamente en Barcelona se nos acercaron a las Abuelas, que estabamos dando una conferencia un grupo de jovenes espa\u00f1oles, que quer\u00edan encontrar los restos de sus abuelos asesinados por el franquismo, les dimos toda la informaci\u00f3n posible para identificar los restos oseos que fueran encontrando y darles asi cristiana sepultura. Esto demuestra que Espa\u00f1a hay Memoria y necesidad de Verdad. Sabemos que han encontrado centenares de cadaveres, oajala se logre identificar a todos y cada uno de ellos<\/p>\n<p>P.- Estimada Estela. \u00bfUsted cree que este tipo de cosas como las que sucedieron en Argentina durante la dictadura militar no ocurrir\u00edan si el mundo estuviese gobernado mayoritariamente por mujeres? Gracias y un saludo.<\/p>\n<p>R.- Estimado, gracias por reconocer que las mujeres tenemos capacidad para estar a la par del hombre en los lugares de poder y toma de decisi\u00f3n; pienso que si gobern\u00e1ramos ya no habr\u00eda m\u00e1s guerras, porque la mujer da la vida y ama la Paz.<\/p>\n<p>P.- \u00bfExisten casos de apropiaci\u00f3n de ni\u00f1os anteriores al golpe de estado militar, por parte de organizaciones parapoliciales o paramilitares?<\/p>\n<p>R.- S\u00ed, existen algunos pocos ni\u00f1os que fueron secuestrados antes del golpe militar del 24 de marzo de 1976, ya que la represi\u00f3n a los grupos militantes comenz\u00f3 unos a\u00f1os antes. Estamos busc\u00e1ndolos.<\/p>\n<p>P.- Un sector de la sociedad argentina dice que seguir buscando justicia es abrir heridas innecesarias, y que el camino m\u00e1s sano es mirar hacia el futuro y dejar a un lado los resentimientos; \u00bfqu\u00e9 le responder\u00eda a ese sector de la sociedad de su pa\u00eds?<\/p>\n<p>R.- En opini\u00f3n de Abuelas de Plaza de Mayo y de gran parte del pueblo argentino es que el Comandante Fidel Castro salv\u00f3 a su pa\u00eds de ser el prost\u00edbulo de los Estados Unidos y hace m\u00e1s de 40 a\u00f1os que resiste el bloqueo y los ataques a su persona. Con defectos y virtudes, Fidel Castro mantiene la dignidad de su pueblo.<\/p>\n<p>P.- Perdonatemi, non conosco bene il castigliano&#8230;Volevo per\u00f2 far arrivare un abbraccio ideale a quanti hanno sempre lottato per la giustizia ed in particolare a Lei, signora Carlotto. Grazie per il coraggio, lintelligenza, la tenacia e lamore sempre dimostrati. Con ammirazione, saluti da Antonio Landro<\/p>\n<p>R.- Gracias Antonio por tu saludo y elogiosas palabras; mucho nos ha ayudado Italia para obtener justicia, primeramente un juicio que dur\u00f3 20 a\u00f1os con la condena a cadena perpetua de varios represores. Hace unos d\u00edas estuve en Roma para asistir como organismo querellante a la sentencia que la Corte de As\u00eds dictamin\u00f3 contra otro grupo de genocidas argentinos. Eso demuestra que hay pa\u00edses que no olvidan a sus desaparecidos.<\/p>\n<p>P.- Hola Estela, admiro tu labor y te doy las gracias por no tirar la toalla, gente como t\u00fa sois un referente para m\u00ed en la lucha contra la desidia ante el dolor ajeno en la que viven nuestras sociedades occidentales. Esta gente que estuvo involucrada en el asesinato de sus padres, o que por lo menos lo sab\u00edan, y luego adoptaron a sus hijos, \u00bfqu\u00e9 se produce en su interior, cu\u00e1l es el proceso interno para llegar a hacer semejante atrocidad?<\/p>\n<p>R.- Querido Daniel, no tiene una explicacaci\u00f3n racional la actitud de los que nos robaron nuestros nietos para criarlos como hijos propios, ya que para ellos, nuestros hijos eran sus enemigos. Sabemos que hubo un plan sistem\u00e1tico de robo de beb\u00e9s que eran arrancados de los brazos de sus mam\u00e1s en los campos de concentraci\u00f3n, para luego a ellas asesinarlas. El objetivo de esta crianza falsa era educarlos diferentes a sus padres y sembrar por varias generaciones el miedo en la sociedad argentina.<\/p>\n","protected":false},"excerpt":{"rendered":"<p>Esta semana se cumplen 31 a\u00f1os del Golpe de estado en Argentina que instaur\u00f3 un gobierno militar entre 1976 y 1983. La dictadura militar ten\u00eda organizado un plan sistem\u00e1tico de robo de beb\u00e9s que nac\u00edan en los campos de concentraci\u00f3n. La mayor\u00eda de los padres de esos ni\u00f1os desaparecieron, pero la tarea de Abuelas ha permitido que 87 j\u00f3venes se reencuentren con sus familias de origen. Estela de Carlotto ha charlado con los lectores sobre este tema.<\/p>\n","protected":false},"author":1,"featured_media":0,"comment_status":"open","ping_status":"open","sticky":false,"template":"","format":"standard","meta":{"footnotes":""},"categories":[],"tags":[],"class_list":["post-1069","post","type-post","status-publish","format-standard","hentry"],"_links":{"self":[{"href":"https:\/\/intervius.com\/index.html\/wp-json\/wp\/v2\/posts\/1069","targetHints":{"allow":["GET"]}}],"collection":[{"href":"https:\/\/intervius.com\/index.html\/wp-json\/wp\/v2\/posts"}],"about":[{"href":"https:\/\/intervius.com\/index.html\/wp-json\/wp\/v2\/types\/post"}],"author":[{"embeddable":true,"href":"https:\/\/intervius.com\/index.html\/wp-json\/wp\/v2\/users\/1"}],"replies":[{"embeddable":true,"href":"https:\/\/intervius.com\/index.html\/wp-json\/wp\/v2\/comments?post=1069"}],"version-history":[{"count":0,"href":"https:\/\/intervius.com\/index.html\/wp-json\/wp\/v2\/posts\/1069\/revisions"}],"wp:attachment":[{"href":"https:\/\/intervius.com\/index.html\/wp-json\/wp\/v2\/media?parent=1069"}],"wp:term":[{"taxonomy":"category","embeddable":true,"href":"https:\/\/intervius.com\/index.html\/wp-json\/wp\/v2\/categories?post=1069"},{"taxonomy":"post_tag","embeddable":true,"href":"https:\/\/intervius.com\/index.html\/wp-json\/wp\/v2\/tags?post=1069"}],"curies":[{"name":"wp","href":"https:\/\/api.w.org\/{rel}","templated":true}]}}