{"id":10672,"date":"2012-07-31T00:00:00","date_gmt":"2006-11-06T00:00:00","guid":{"rendered":"https:\/\/intervius.com\/index.html\/?p=10672"},"modified":"2006-11-06T00:00:00","modified_gmt":"2006-11-06T00:00:00","slug":"Diego_A-_Manrique10672","status":"publish","type":"post","link":"https:\/\/intervius.com\/index.html\/Diego_A-_Manrique10672\/","title":{"rendered":"Diego A. Manrique"},"content":{"rendered":"<p>Pregunta.- \u00bfQu\u00e9 te pareci\u00f3 el homenaje a la ic\u00f3nica m\u00fasica brit\u00e1nica que se vio y escuch\u00f3 en la inaguraci\u00f3n de los JJOO? Un saludo.<\/p>\n<p>Respuesta.- Ay, no lo vi. Espero recuperarlo en la BBC. Aunque tengo amigos m\u00fasicos en Londres que se quejan de que la organizaci\u00f3n de los JJOO les propone tocar en actos ol\u00edmpicos sin pagarles una libra, &#8220;es bueno para daros a conocer&#8221; (\u00bfde qu\u00e9 me suena ese morrazo?).<\/p>\n<p>P.- Muy buenas! Me gustar\u00eda saber su opini\u00f3n acerca de Arctic Monkeys. \u00bfVio su cover de Come Together? Muchas gracias, y que pase un buen verano.<\/p>\n<p>R.- Los Monos Articos me deslumbraron con aquel primer disco, con canciones como &#8220;Apuesto a que luces guapa en la pista de baile&#8221;. Luego, deb\u00ed entrevistarles y fue como intentar sacar agua de una piedra. Sus posteriores discos me han ido desencantando pero no pierdo esperanza de que encuentren otra vez la magia inicial. Y repito lo de arriba: har\u00e9 por escuchar ese &#8220;Come together&#8221; ol\u00edmpico.<\/p>\n<p>P.- \u00bfCon qu\u00e9 m\u00fasico has tenido sue\u00f1os h\u00famedos?<\/p>\n<p>R.- Mis sue\u00f1os se evaporan al despertarme. Solo se me quedan flotando algunas pesadillas&#8230;pero si me est\u00e1s preguntando por fantas\u00edas sexuales&#8230;.\u00a1no te las voy a contar!<\/p>\n<p>P.- Est\u00e1 forzadamente recluido de por vida y como \u00fanica distracci\u00f3n sus captores le dan a elegir entre rock norteamericano y rock ingl\u00e9s. \u00bfQu\u00e9 elige?.<\/p>\n<p>R.- Pues negociar\u00eda para que me dejaran el rock sueco, que parece ser una especie de Parque Jur\u00e1sico donde se mantiene lo mejor de lo brit\u00e1nico y lo estadounidense.<\/p>\n<p>P.- Hola Diego. \u00bfQu\u00e9 aconsejar\u00edas a una panda de ga\u00f1anes que quisieran hacer una banda tributo a los Stones? Gracias por esos momentos radiof\u00f3nicos y ahora escritos. <\/p>\n<p>R.- Olvidaros los br\u00e1unsugar y y\u00e1mpinyacflas. Ser\u00eda maravilloso una banda de homenaje a los Rolling Stones que tocara su repertorio pop, entre 1964 y 1966, lo que ellos han olvidado. No solo las canciones que compon\u00edan para otros artistas; discos como &#8220;Aftermath&#8221; o &#8220;Between the buttons&#8221; tienen material de primera.<\/p>\n<p>P.- \u00bfQu\u00e9 te ha parecido la destituci\u00f3n de Lara L\u00f3pez como directora de Radio 3? T\u00fa fuiste su subdirector durante unos a\u00f1os<\/p>\n<p>R.- Lara llevaba un par de a\u00f1os infernales, por lo que ha o\u00eddo. Los bichos que dominaban la emisora no se fiaban de ella y funcionar en ese ambiente no debi\u00f3 ser agradable. Lara necesitaba apartarse de todo, volver a su casa y dedicarse a escribir. As\u00ed que me alegro de que finalmente haya acabado esa pesadilla.<\/p>\n<p>P.- \u00bfEst\u00e1s escuchando Radio 3 estas semanas? Casi todo son reposiciones y se da una imagen muy lastimosa de la emisora.<\/p>\n<p>R.- Se me cae la cara de verg\u00fcenza, por no decirlo de manera m\u00e1s grosera. Es un s\u00edntoma de una desidia total. A ver: siempre se ha recurrido a reemitir programas en verano pero, en mi tiempo, se limpiaban para quitar referencias temporales. O se inclu\u00edan avisos de que eran recuperaciones, como en &#8220;Hoy empieza todo&#8221; o &#8220;Carne cruda&#8221;. Ahora, puedes escuchar por la tarde programas que anuncian que son ma\u00f1aneros o que celebran la cantidad de actuaciones que hay en primavera. El resultado es muy, muy chocante. Y viene a confirmar lo que sospechaba: que los directivos de RNE no oyen las emisoras. Si lo hicieran, entender\u00edan el rid\u00edculo que est\u00e1n cayendo.<\/p>\n<p>P.- Anda, necesitamos una buena noticia. \u00bfVuelves a radio 3 ahora que se han ido los cuervos negros? Necesitamos un Ambig\u00fa en la radio p\u00fablica.<\/p>\n<p>R.- No, no he recibido ninguna propuesta, ni siquiera de tanteo.<\/p>\n<p>P.- \u00bfTe identificas con la \u00faltima oleada de destituidos en RNE: Lucas, Toni Garrido y compa\u00f1\u00eda?<\/p>\n<p>R.- A ver: es un disparate echarlos. Pero al menos ahora tienen un papel digno: son los Damnificados por El PP. A mi me han despedido dos veces, ambas en tiempos del PSOE, por cacicadas de jefecillos que yo cre\u00eda amigos o por lo menos interlocutores v\u00e1lidos: Fernando Argenta y Benigno Moreno. Asi que habr\u00e1 que montar otro grupo: Damnificados Por La Mala Baba.<\/p>\n<p>P.- El nuevo director de R3 es Tom\u00e1s Fernando Flores, un amante de la m\u00fasica electr\u00f3nica. \u00bfMalos tiempos para la l\u00edrica?<\/p>\n<p>R.- Bueno, Tom\u00e1s ha puesto muchas m\u00fasicas en la emisora, creo que tiene gustos m\u00e1s amplios de lo que parece. Por ejemplo, ocup\u00f3 mi lugar en &#8220;Diario Pop&#8221;, cuando yo dej\u00e9 el programa para hacer &#8220;S\u00f3lo para ellas&#8221;. Recuerdo perfectamente la primera vez que o\u00ed hablar de \u00e9l, en el despacho del entonces Jefe de Programas de Radio 3, Victorino del Pozo, con Ordov\u00e1s y un servidor como espectadores. Todos tenemos historias largas y complicadas, amigo Residente. <\/p>\n<p>P.- dos a\u00f1os. ning\u00fan ambig\u00fa. tom\u00e1s fernando. \u00bfpodemos albergar esperanza?<\/p>\n<p>R.- Hombre, un colega de radiotres.org. No hay motivos para la esperanza ni para la desesperanza. Dicen que no hay dinero para fichar a gente de fuera pero est\u00e1 por ver que tengan voluntad de hacerlo.<\/p>\n<p>P.- Modernos populares fue un programa que abri\u00f3 la mente a muchos oyentes de RNE-\u00bfC\u00f3mo valora su experiencia en ese programa con Rosa Mar\u00eda Mateo?<\/p>\n<p>R.- Bonita etapa.La radio convencional tiene un miedo brutal de la m\u00fasica y los directivos no entienden que pueden aprovechar un elemento tan generacional; est\u00e1n haciendo una radio para la tercera edad.<\/p>\n<p>P.- Escuch\u00e9 en la SER que te hab\u00edan puesto en Londres el nuevo disco de Muse. \u00bfQu\u00e9 nos puedes adelantar?<\/p>\n<p>R.- S\u00ed, y tambi\u00e9n nos hicieron jurar que no lo contar\u00edamos. Pero, mira, no firm\u00e9 nada. Es un disco para el gran p\u00fablico, con baladones tipo Freddie Mercury y melod\u00edas no tan alejadas de los U2 m\u00e1s masivos. No s\u00e9 lo que dir\u00e1 la parte prog y heavy de su p\u00fablico. <\/p>\n<p>P.- \u00bfQUE TAL LAS PELIS DE CINE DE LUCHADORES QUE TE MANDE? UN SALUDO DESDE MEXICO<\/p>\n<p>R.- Se\u00f1ores, p\u00f3ngase en p\u00ede! Pepe N\u00e1var, investigador de la subcultura pop del pa\u00eds mejicano. Un capo, con el que pod\u00edas meterte sin miedo por los callejones m\u00e1s obscuros del mercado de Tepito. D\u00ed, llegaron las pelis de luchadores, Pepe. Te escribo directamente a tu correo.<\/p>\n<p>P.- Ju\u00e9gatelo, Diego. Una buena novela negra para leer en la playa.<\/p>\n<p>R.- Qued\u00e9 fascinado por &#8220;Luna de casino&#8221;, de Peter Blauer, editado por Es Pop. El mundo de la mafia de la segunda divisi\u00f3n, en Atlantic City. Anterior a los Soprano, advierto.<\/p>\n<p>P.- Hola Diego,\u00bfqu\u00e9 te parece Lana del REY? Saludos.<\/p>\n<p>R.- Hey, un respeto para Lana. Alguien que graba con Bobby Wommack&#8230;.sabe cosas.<\/p>\n<p>P.- Buenos d\u00edas Diego y gracias por la generosidad de compartir tus conocimientos. Me gustar\u00eda saber tu opini\u00f3n sobre el Springsteen m\u00fasico m\u00e1s all\u00e1 del fen\u00f3meno de masas que es actualmente. Tambi\u00e9n me gustar\u00eda conocer cual es tu disco favorito del mismo m\u00fasico. Muchas gracias<\/p>\n<p>R.- Cuando sali\u00f3, Bruce parec\u00eda tener unos conocimientos extraordinarios. Hab\u00eda asimilado el pop del Brill Building m\u00e1s el folk del Greenwich Village. Aparte, en la zona costera de New Jersey (donde transcurre el libro anterior), hab\u00eda una querencia por el rhythm and blues brit\u00e1nico y el soul m\u00e1s bailable. Al menos, eso es lo que intu\u00edamos cuando escuchamos su segundo disco&#8230;que hab\u00eda que comprar fuera de Espa\u00f1a, su distribuidora espa\u00f1ola no quer\u00eda saber nada. Tengo una debilidad sentimental por ese disco, &#8220;The wild, the innocent &#038; the E Street shuffle&#8221;. Entonces, ni pod\u00edamos creer que aquel tipo llegar\u00eda a actuar alguna vez en Europeo. Era un exotismo del rock de provincias en EEUU.<\/p>\n<p>P.- Hola Manrique, \u00bfCrees que, gracias a la prensa musical, las Shaggs han llegado a ser m\u00e1s famosas que Jesucristo? Un saludo<\/p>\n<p>R.- La fama de las Shaggs corresponde a esa pasi\u00f3n de alguna parte de la prensa musical y los hipsters cabroncetes por los discos mal tocados y las familias obsesivas. Ese tipo de monstruos del American Way of Life dan un poco de miedo.<\/p>\n<p>P.- \u00bfqu\u00e9 opini\u00f3n le merece la trayectoria de Jacob Dylan en solitario y ahora,de nuevo con The Wallflowers?.Gracias por su amabilidad.<\/p>\n<p>R.- Jakob romp\u00eda los esquemas: hubo un tiempo en que vend\u00eda m\u00e1s que su padre.Fue un espejismo. Voy a decir una barbaridad que no lo es tanto: era demasiado guapo para la m\u00fasica que cantaba. Recuerdo una entrevista en sus inicios. Me avisaron de que no deb\u00eda pronunciar el nombre de Bob Dylan. Y me comport\u00e9. Fue \u00e9l qui\u00e9n primero hablo de &#8220;t\u00fa sabes, mi padre dec\u00eda&#8230;&#8221;<\/p>\n<p>P.- \u00bfHas hecho algo de periodismo &#8220;gonzo&#8221;?<\/p>\n<p>R.- Ya me hubiera gustado. Seg\u00fan Hunter S. Thompson, el &#8220;gonzo&#8221; equival\u00eda a colocar al periodista en medio de la acci\u00f3n y (eso ya era m\u00e1s dif\u00edcil) escribir simult\u00e1neamente lo que pasaba. Aparte de que resultara imposible, no hab\u00eda mucha demanda para ese tipo de cr\u00f3nicas en la prensa espa\u00f1ola. Podemos so\u00f1ar: &#8220;Miedo y asco en Benidorm&#8221;&#8230;. <\/p>\n","protected":false},"excerpt":{"rendered":"<p>Uno de los m\u00e1s respetados cr\u00edticos musicales, Diego A. Manrique, charla cada dos martes con los lectores de m\u00fasica y de su blog en EL PA\u00cdS, Planeta Manrique.<br \/>\nM\u00e1s entrevistas digitales<\/p>\n","protected":false},"author":1,"featured_media":0,"comment_status":"open","ping_status":"open","sticky":false,"template":"","format":"standard","meta":{"footnotes":""},"categories":[],"tags":[],"class_list":["post-10672","post","type-post","status-publish","format-standard","hentry"],"_links":{"self":[{"href":"https:\/\/intervius.com\/index.html\/wp-json\/wp\/v2\/posts\/10672","targetHints":{"allow":["GET"]}}],"collection":[{"href":"https:\/\/intervius.com\/index.html\/wp-json\/wp\/v2\/posts"}],"about":[{"href":"https:\/\/intervius.com\/index.html\/wp-json\/wp\/v2\/types\/post"}],"author":[{"embeddable":true,"href":"https:\/\/intervius.com\/index.html\/wp-json\/wp\/v2\/users\/1"}],"replies":[{"embeddable":true,"href":"https:\/\/intervius.com\/index.html\/wp-json\/wp\/v2\/comments?post=10672"}],"version-history":[{"count":0,"href":"https:\/\/intervius.com\/index.html\/wp-json\/wp\/v2\/posts\/10672\/revisions"}],"wp:attachment":[{"href":"https:\/\/intervius.com\/index.html\/wp-json\/wp\/v2\/media?parent=10672"}],"wp:term":[{"taxonomy":"category","embeddable":true,"href":"https:\/\/intervius.com\/index.html\/wp-json\/wp\/v2\/categories?post=10672"},{"taxonomy":"post_tag","embeddable":true,"href":"https:\/\/intervius.com\/index.html\/wp-json\/wp\/v2\/tags?post=10672"}],"curies":[{"name":"wp","href":"https:\/\/api.w.org\/{rel}","templated":true}]}}