{"id":1067,"date":"2007-03-23T00:00:00","date_gmt":"2006-11-06T00:00:00","guid":{"rendered":"https:\/\/intervius.com\/index.html\/?p=1067"},"modified":"2006-11-06T00:00:00","modified_gmt":"2006-11-06T00:00:00","slug":"Jose_Manuel_Blecua1067","status":"publish","type":"post","link":"https:\/\/intervius.com\/index.html\/Jose_Manuel_Blecua1067\/","title":{"rendered":"Jos\u00e9 Manuel Blecua"},"content":{"rendered":"<p>Pregunta.- En el congreso de la Lengua llevado a cabo en la ciudad argentina de Rosario Roberto Fontanarrosa, escritor, dibujante y humorista de esa ciudad, afirmaba que las malas palabras no existen, no muerden ni pegan. \u00bfCoincidir\u00eda Ud. con \u00e9l ? O piensa por el contrario que el uso de las llamadas malas palabras en la literatura desmerece a la misma. <\/p>\n<p>Respuesta.- Yo creo que si se refiere a las malas palabras en el sentido estricto. La literatura tiene dimensines distintas de realismo puede existir un personaje con algunas de las denominadas &#8220;malas palabras&#8221;. <\/p>\n<p>P.- Don Jos\u00e9 Manuel: \u00bfno cree usted que se est\u00e1 &#8220;folklorizando&#8221; la cultura de la Lengua? Gracias y un abrazo.<\/p>\n<p>R.- No entiendo muy bien qu\u00e9 quiere decir. Como dec\u00eda un sabio lo que no es floklore es pedanter\u00eda.<\/p>\n<p>P.- Quer\u00eda preguntarle si los usos que nos han llegado a Espa\u00f1a como influencia de las telenovelas, tipo &#8220;estoy feliz&#8221; o &#8220;es por eso que&#8221; podemos considerarlos ya correctos , porque le confieso que a m\u00ed siguen son\u00e1ndome fatal. Gracias por su respuesta<\/p>\n<p>R.- Se trata de dos cuestiones distintas. Los americanismos de construcci\u00f3n sint\u00e1ctica son errores extendidos pero no se correponden dentro de la lengua. En estos usos se considera que no es una forma aceptable. Los problemas son de pureza muy distinta, Uno es de las riqueza de la lengua y el otro del uso de la lengua en determinados ambientes.<\/p>\n<p>P.- \u00bf C\u00f3mo ve el futuro de la lengua espa\u00f1ola? \u00bf Cree que el espa\u00f1ol es una lengua f\u00e1cil de aprender? \u00bf C\u00f3mo se ve en Estados Unidos que el espa\u00f1ol tenga cada vez m\u00e1s repercusi\u00f3n?<\/p>\n<p>R.- Realmente tiene un futuro eslpl\u00e9ndido por una gran dimensi\u00f3n literaria. Nuestros escritores tienen una dimensi\u00f3n universal. Veo un mundo gigantesco, sobre todo americano, que presenta posibilidades inmensas para las cuestiones econ\u00f3micas Lo fundamental para el futuro es la educaci\u00f3n. No hay lenguas f\u00e1ciles ni dif\u00edciles, depende del hablante. Es m\u00e1s f\u00e1cil que un franc\u00e9s aprenda espa\u00f1ol que un chino, es evidente. Por una oparte el \u00edndice de crecimiento de poblaci\u00f3n hispana es muy alto, esto supone no solo un peso pol\u00edtico, sino tambi\u00e9n un mercado potencial inmenso. En determinadas zonas, como Miami, los hispanos empiezan a poseer empresas poderosas dentro de la vida econ\u00f3mica de la ciudad o estado.<\/p>\n<p>P.- En catalu\u00f1a, se vive una situaci\u00f3n curiosa: un elevado porcentaje de la poblaci\u00f3n tiene como lengua propia el castellano. Sin embargo mi hijo no tendr\u00e1 la posibilidad de estudiar en su lengua. Se trata de la inmersi\u00f3n lingu\u00edstica, es decir, marginar el castellano de la cultura, a favor del catal\u00e1n, lengua minoritaria en la poblaci\u00f3n pero mayoritaria en los circulos de poder. Estando en mi pais mi hijo no podr\u00e1 aprender en castellano. \u00bfQu\u00e9 opina usted? Muchas gracias<\/p>\n<p>R.- Los datos sociolingu\u00edsticos de Catalu\u00f1a no reflejan lo que dice. El 50% habla catal\u00e1n y el otro 50% habla castellano, incluso existen m\u00e1s hablantes del castellano. El problema es que, seg\u00fan el Estatuto de Catalu\u00f1a, que est\u00e1 aprobado, la educaci\u00f3n es competencia de la Generalitat y el idioma es el Catal\u00e1n. Esto esta aprobado por Ley, no se puede opinar.<\/p>\n<p>P.- Estimado se\u00f1or Jos\u00e9 Manuel Blecua, \u00bfexiste alg\u00fan sistema por parte de la RAE para determinar cu\u00e1ndo un nuevo vocablo es aceptado, a pesar de que sea una degeneraci\u00f3n de otra palabra correcta? Vivo en Am\u00e9rica Latina y escucho una gran cantidad de palabras que en principio parecen deformaciones singulares del idioma espa\u00f1ol, y que finalmente terminan engrosando el diccionario de la RAE. Muchas gracias.<\/p>\n<p>R.- El sistema de aprobaci\u00f3n es complejo. Hay una serie de comisiones que hacen las propuestas, el Instituto de Lexicograf\u00eda estudia si refleja una forma aceptable por parte de lo que consideramos la lengua mod\u00e9lica tenemos que reconocer que existe. En el mundo hisp\u00e1nico se suele decir pendentes y en M\u00e9xico la norma culta dice tendientes. Si los grandes escritores emplean tendientes no queda m\u00e1s remedio que reconocer que hay zona donde se dice tendentes y zonas donde se dice tendientes. No existe la degeneraci\u00f3n como concepto lingu\u00edstico.<\/p>\n<p>P.- He tenido problemas con mis traducciones de literatura brasile\u00f1a, ya que las editoriales espa\u00f1olas rechazan sin miramientos la variante argentina, que es la que domino. \u00bfA qu\u00e9 atribuye esto? Es necesario destacar que el inter\u00e9s del Brasil por el espa\u00f1ol se debi\u00f3 al impulso dado por la creaci\u00f3n del Mercosur, del que formamos parte. Es una situaci\u00f3n muy enojosa, y muy triste para m\u00ed.<\/p>\n<p>R.- No se puede cambiar de gope la mentalidad de los dirigentes de las editoriales. Esto es un error por parte de las editoriales. Es entrar en un problema de la libertad empresarial.<\/p>\n<p>P.- \u00bfQu\u00e9 opina acerca del fen\u00f3meno conocido como &#8220;spanglish&#8221;? Gracias y saludos desde la Universidad de Granada.<\/p>\n<p>R.- Es conocido en la lingu\u00edstica, la relaci\u00f3n de lenguas en contacto. No tiene importancia desde el punto de vista te\u00f3rico.<\/p>\n<p>P.- \u00bfCuales son las 22 academias de la lengua espa\u00f1ola que existen?<\/p>\n<p>R.- Todos los pa\u00edses de Iberoam\u00e9rica, m\u00e1s la Academia de la Lengua Espa\u00f1ola de EEUU , mas la Academia Filipina de la Lengua Espa\u00f1ola.<\/p>\n<p>P.- \u00bfNo cree usted, que no admitir la acepcion de la palabra matrimonio referida a las parejas del mismo sexo, siendo como es su uso una realidad social existente e indiscutible, ha dejado al descubierto que la RAE, es la herramienta de transmisi\u00f3n de la ideologia de sus componentes, sin relaci\u00f3n alguna con las necesidades de la lengua y sus hablantes?<\/p>\n<p>R.- El problema es de la legislaci\u00f3n. El diccionario tiene que dar cuenta de los significados v\u00e1lidos, en todos los pa\u00edses de lengua Hispana. No se puede imponer a otros pa\u00edses que en Espa\u00f1a se pueden casar dos personas del mismo sexo. <\/p>\n<p>P.- Buenas tardes, considero el DRAE el diccionario de consulta normativo, pero no lo tengo entre mis diccionarios de uso y siempre me ha picado la curiosidad \u00bfpor qu\u00e9 el DRAE va siempre tan por detr\u00e1s de la sociedad? \u00bfpor qu\u00e9 es tan reaceo a aceptar t\u00e9rminos aceptad\u00edsimos por la sociedad? Al fin y al cabo, es la sociedad la que marca la evoluci\u00f3n del idioma. Gracias<\/p>\n<p>R.- El DRAE intenta reflejar una lengua consolidada. Durante la transici\u00f3n los coches se llamaba lecheras,porque eran blancos y los polic\u00edas maderos, porque iban de marr\u00f3n. Si estas palabras se hubieran aceptado habr\u00eda que haberlas cambiado. El diccionario tiene que esperar a que se consoliden los usos de las palabras, porque puede ocurrir que en un corto espacio de tiempo dejen de utilizarse y solo queden reflejos en la literatura.<\/p>\n<p>P.- Se\u00f1or Blecua le quer\u00eda preguntar si el diccionario de la Academia acabar\u00e1 incluyendo los reg\u00edmenes preposicionales de los verbos que tanto ayudar\u00edan a los que estudian espa\u00f1ol en el extranjero, al igual que hacen los diccionarios ingleses como Longman. <\/p>\n<p>R.- Es una buena idea, la gram\u00e1tica de la acdemia hasta 1931 contuvo estos reg\u00edmenes y la futura gram\u00e1tica tambi\u00e9n los va atener. No es despreciable pensar que un diccionario para extranjeros deber\u00eda tener el r\u00e9gimen preposicional de los verbos.<\/p>\n<p>P.- Buenas tardes Jos\u00e9 Manuel \u00bfQu\u00e9 opini\u00f3n tiene sobre la idea de ortograf\u00eda de Gabriel Garc\u00eda M\u00e1rquez? Un saludo.<\/p>\n<p>R.- Estuve en la sesi\u00f3n en la que Don Gabriel propuso su reforma ortogr\u00e1fica que luego reconsider\u00f3. La ortograf\u00eda es muy importante dentro de un sistema educaticvo , no es algo que se pueda tocar alegremente. Es algo m\u00e1s importante que una pura concepci\u00f3n gr\u00e1fica. Es verdad que el \u00e9xito de el Congreso de Zacatecas y su repercusi\u00f3n part\u00edan de las palabras de don Gabriel.<\/p>\n<p>P.- \u00bfQu\u00e9 le parece la iniciativa parlamentaria del BNG en relaci\u00f3n con las acepciones de la palabra &#8220;gallego&#8221; de tonto y tartamudo que recoge el diccionario de la RAE? Muchas gracias <\/p>\n<p>R.- No cocnozco la iniciativa, pero el diccionario lo que hace es reconocer usos existentes y no podemos cambiar la realidad lingu\u00edstica. Si en estos momentos no est\u00e1 reconocida, hay que borrarla del diccionario.<\/p>\n<p>P.- Sabiendo que la lengua castellana, dej\u00f3 paso a la espa\u00f1ola, poco despu\u00e9s de aparecer El Quijote, siguiendo una evoluci\u00f3n l\u00f3gica por la influencia iberoamericana fundamentalmente, \u00bfpor qu\u00e9 la Academia no hace ninguna aclaraci\u00f3n a la clase pol\u00edtica espa\u00f1ola, empe\u00f1ada en referirse al Castellano?<\/p>\n<p>R.- En el diccionario de la academia castellano y espa\u00f1ol son t\u00e9rminos intercambiables. Incluso el diccionario hasta 1925 se titul\u00f3 Diccionario de la Lengua Castellana. Hay zonas en la que los hablantes prefieren la denomiaci\u00f3n Castellano, como ocurre en Catalu\u00f1a.<\/p>\n<p>P.- Se\u00f1or Blecua, dos cuestiones: 1\u00aa) \u00bfCu\u00e1nto queda para disfrutar del diccionario hist\u00f3rico? 2\u00aa) \u00bfUsted cree que si a los estudiantes se les incluyesen en sus planes obras m\u00e1s atrevidas como la Carajicomedia o la Lozana Andaluza afrontar\u00edan con m\u00e1s \u00e1nimo los cl\u00e1sicos? Cosa que en general les causa mucho tedio. <\/p>\n<p>R.- El diccionario hist\u00f3rico tendr\u00e1 una gran novedad: se ir\u00e1 poninendo en Internet conforme se preparen las distintas etapas. Decir muy pronto en un trabajo lexicogr\u00e1fico pueden ser 6 o 7 a\u00f1os, pero eso es muy poco. Queremos que siempre se vaya actualizando y que se puede ver en Internert. Los cl\u00e1sicos son divertidos, la celestina es muy divertida, la tragicomedia es una obra residual dentro de nuestra literatura. Una Lozana sin notas es dif\u00edcil de entender para los alumnos.<\/p>\n<p>P.- En los medios espa\u00f1oles leo constantemente &#8220;las informaciones&#8221; en lugar de &#8220;la informaci\u00f3n&#8221; y me duelen los o\u00eddos cada vez que lo oigo. En el propio diario El Pais leo cantidad de otros galicismos de nueva incorporaci\u00f3n y que a mi juicio deterioran nuestra lengua. \u00bfQu\u00e9 se puede hacer al respecto?<\/p>\n<p>R.- Hay dos posibilidades: Pensar que los pr\u00e9stamos son cosustanciales con todas las lenguas, sino no podr\u00edamos utilizar ni chaqueta ni jam\u00f3n.Lo que ocurre es que si ya existe una voz es innecesario crear otra. Est\u00e1 muy extendido dentro de la lengua period\u00edstica.<\/p>\n<p>P.- Estimado profesor: soy una espa\u00f1ola que ense\u00f1a espa\u00f1ol en EEUU y me gustar\u00eda saber si la revisi\u00f3n de gram\u00e1tica aparecer\u00e1 en este pa\u00eds tambi\u00e9n en estos d\u00edas o tendremos que comprarlo a distancia. Muchas gracias. <\/p>\n<p>R.- Aparecer\u00e1 en todos los pa\u00edses a la vez en 2008.<\/p>\n<p>P.- Como espa\u00f1ol viviendo en el extranjero me doy cuenta de que el castellano de Espa\u00f1a es una minoria, \u00bfcree usted que acabaremos con el tiempo adoptando los modismos y estructuras gramaticales de America latina? \u00bfQu\u00e9 se podr\u00eda hacer para que los estudiantes de espa\u00f1ol fuera de nuestras fronteras aprendieran castellano y no una versi\u00f3n mexicana de nuestra lengua?<\/p>\n<p>R.- Eso es un concepto patrimonial de la la lengua espa\u00f1ola por parte de los espa\u00f1oles que no es correcta. Existen modelos de la lengua culta y uno de ellos es el de M\u00e9xico. No podemos borrar a Carlos Fuentes, a Sor Juana In\u00e9s de la Cruz de la lista de los escritores espa\u00f1oles. M\u00e9xico tiene m\u00e1s de 100 millones de hablantes. No hay un centro de la lengua espa\u00f1ola, hay muchos centros de la lengua espa\u00f1ola: Buenos Aires, Bogot\u00e1, Guatemala, Santiago de Chile&#8230; Pensar que los espa\u00f1oles somos due\u00f1os de la lengua es una visi\u00f3n provinciana, injusta y no es verdad. Carece de fundamente cient\u00edfico.<\/p>\n<p>P.- Buenas tardes Sr. Blecua. Me preocupan las llamadas &#8220;normalizaciones ling\u00fc\u00edsticas&#8221; implantadas en Espa\u00f1a desde hace mucho tiempo. No quiero parecer un reaccionario que no admite la convivencia de lenguas. Todas cumplen su funci\u00f3n de hacer entenderse a la gente. Pero las pol\u00edticas auton\u00f3micas est\u00e1n tratando muy mal (por decirlo suavemente) al espa\u00f1ol. \u00bfQu\u00e9 opina usted y qu\u00e9 cree usted que, llegado el caso, deber\u00eda hacer el Gobierno espa\u00f1ol?<\/p>\n<p>R.- Vivimos en un r\u00e9gimen constitucional, existen los estatutos de autonom\u00eda, las competencias de cada comunidad autonoma con respecto a una serie de aspectos de nuestra vida: industria, sanidad&#8230; y en el caso de la educaci\u00f3n el gobierno se reserva su estipulaci\u00f3n. Todo se desprende de la estructura constitucional de Espa\u00f1a.<\/p>\n<p>P.- \u00bfCu\u00e1l es la dimensi\u00f3n real del castellano en el mundo? <\/p>\n<p>R.- La dimensi\u00f3n social y cultural del Castellano en el mundo, por un parte es muy alta, por la cultura, la literatura, traducciones, el inter\u00e9s por los pa\u00edses de habla espa\u00f1ola desde el punto de vista comercial, porque es una poblaci\u00f3n con cientos de millones de hablantes. Tambien es hablado por personas con una renta per c\u00e1pita muy baja. Por lo tanto, no tiene ciertas dimensiones que hacen importante a una lengua. Tenemos una fortaleza grande, pero tambi\u00e9n debilidad.<\/p>\n<p>P.- \u00bfCu\u00e1l es la mayor influencia latinoamericana en la lengua espa\u00f1ola hoy?<\/p>\n<p>R.- Viene dada por el car\u00e1cter de extraordinaria riqueza de su literatura, cultura, paisajes, atractivo tur\u00edsticos. Son de naturaleza muy distinta, pero hay muchas razones, por ejemplo, en los pa\u00edses n\u00f3rdicos el atractivo de la transici\u00f3n desde el punto de vista pol\u00edtico fue muy importante y considerada un valor muy positivo. En los pa\u00edses del este, en la transici\u00f3n, uno de los modelos prestigiosos fue el modelo de la transici\u00f3n pol\u00edtica espa\u00f1ola. El turismo, la econom\u00eda la demograf\u00eda, pasando por Garc\u00eda M\u00e1rquez y los Cien A\u00f1os de Soledad.<\/p>\n","protected":false},"excerpt":{"rendered":"<p>Las 22 Academias de la Lengua tienen una cita internacional en Colombia, desde el 26 hasta el 29 de marzo. Se reparten entre Medell\u00edn y Cartagena de Indias. Esta semana sale una esperada versi\u00f3n de la Gram\u00e1tica de la lengua espa\u00f1ola con voces latinoamericanas. Las academias, que se reparten entre Europa, Am\u00e9rica y Filipinas buscan la unidad dentro de la diversidad. El profesor y secretario de la Real Academia Espa\u00f1ola (RAE) ha charlado con los lectores desde Cartagena de Indias.<\/p>\n","protected":false},"author":1,"featured_media":0,"comment_status":"open","ping_status":"open","sticky":false,"template":"","format":"standard","meta":{"footnotes":""},"categories":[],"tags":[],"class_list":["post-1067","post","type-post","status-publish","format-standard","hentry"],"_links":{"self":[{"href":"https:\/\/intervius.com\/index.html\/wp-json\/wp\/v2\/posts\/1067","targetHints":{"allow":["GET"]}}],"collection":[{"href":"https:\/\/intervius.com\/index.html\/wp-json\/wp\/v2\/posts"}],"about":[{"href":"https:\/\/intervius.com\/index.html\/wp-json\/wp\/v2\/types\/post"}],"author":[{"embeddable":true,"href":"https:\/\/intervius.com\/index.html\/wp-json\/wp\/v2\/users\/1"}],"replies":[{"embeddable":true,"href":"https:\/\/intervius.com\/index.html\/wp-json\/wp\/v2\/comments?post=1067"}],"version-history":[{"count":0,"href":"https:\/\/intervius.com\/index.html\/wp-json\/wp\/v2\/posts\/1067\/revisions"}],"wp:attachment":[{"href":"https:\/\/intervius.com\/index.html\/wp-json\/wp\/v2\/media?parent=1067"}],"wp:term":[{"taxonomy":"category","embeddable":true,"href":"https:\/\/intervius.com\/index.html\/wp-json\/wp\/v2\/categories?post=1067"},{"taxonomy":"post_tag","embeddable":true,"href":"https:\/\/intervius.com\/index.html\/wp-json\/wp\/v2\/tags?post=1067"}],"curies":[{"name":"wp","href":"https:\/\/api.w.org\/{rel}","templated":true}]}}