{"id":10625,"date":"2010-06-08T00:00:00","date_gmt":"2006-11-06T00:00:00","guid":{"rendered":"https:\/\/intervius.com\/index.html\/?p=10625"},"modified":"2006-11-06T00:00:00","modified_gmt":"2006-11-06T00:00:00","slug":"Javier_Garcia_Breva10625","status":"publish","type":"post","link":"https:\/\/intervius.com\/index.html\/Javier_Garcia_Breva10625\/","title":{"rendered":"Javier Garc\u00eda Breva"},"content":{"rendered":"<p>Pregunta.- Segun usted, cual ser\u00eda el impacto en los inversores extranjeros si Espa\u00f1a decidiese aplicar retroactividad en el sector fotovoltaico? Gracias<\/p>\n<p>Respuesta.- La retroactividad supone una medida que refleja una falta de seguridad jur\u00eddica en la pol\u00edtica energ\u00e9tica que tiene un efecto de desconfianza para todos los inversores. Hace pocas semanas ha habido reacciones de gran preocupaci\u00f3n por parte de la embajada de EE UU en el sentido de que lo mismo que ellos est\u00e1n abriendo sus mercados a las empresas espa\u00f1olas de renovables no entienden por qu\u00e9 aqu\u00ed se aplcian medidas para ahuyentar a los inversores americanos. Por otra parte, la imagen que se da de Estado tercermundista que cambia las reglas de juego sin una justificaci\u00f3n clara y sin una planificaci\u00f3n energ\u00e9tica a largo plazo dista mucho del discurso para cambiar el modelo de crecimiento econ\u00f3mico en nuestro pa\u00eds.<\/p>\n<p>P.- Me sorprende que no haya una voz com\u00fan del sector de Renovables. Para cu\u00e1ndo una campa\u00f1a de informaci\u00f3n \/ sensibilizaci\u00f3n a la sociedad? Yo les quiero, pero ustedes no se dejan querer. Ustedes tienen la voluntad y el compromiso: necesitamos que nos convezcan que es la \u00fanica alternativa socialmente responsable. S\u00f3lo se puede querer lo que se conoce! <\/p>\n<p>R.- Tiene usted toda la raz\u00f3n. El sector de las renovables ha cambiado muy r\u00e1pidamente en apenas cinco a\u00f1os y se ha convertido en un sector muy heterog\u00e9neo en el que la diversidad de tecnolog\u00edas renovables son muy diferentes entre s\u00ed y atomizado en el sentido de que esa realidad se ha reflejado en la constituci\u00f3n de distintas asociaciones por tecnolog\u00edas. As\u00ed, a medida que ha crecido el mercado de renovables en Espa\u00f1a su representaci\u00f3n asociativa se ha dispersado en iniciativas que reflejan tambi\u00e9n intereses contrapuestos. No es la misma visi\u00f3n la que tiene un fabricante que un promotor o que un instalador, y lo que es m\u00e1s problem\u00e1tico, tampoco es la misma visi\u00f3n que tienen las peque\u00f1as empresas y las grandes. Mi impresi\u00f3n es que mientras el sector est\u00e9 dividido no tendr\u00e1 la fortaleza suficiente para enfrentarse a las grandes corporaciones energ\u00e9ticas y trasladar a la sociedad espa\u00f1ola el mensaje de que es urgente un cambio en el modelo energ\u00e9tico hacia una disminuci\u00f3n de la cuota de los combustibles f\u00f3siles y un incremento de las renovables. El sector deber\u00eda de avanzar hacia una \u00fanica voz ante las Administraciones p\u00fablicas y en lo que a m\u00ed respecta siempre he intentado llevar adelante ese esfuerzo y creo que la generaci\u00f3n distribuida marcar\u00e1 no s\u00f3lo un futuro espl\u00e9ndido para las renovables sino una cohesi\u00f3n del mensaje de todas las asociaciones en una sola direcci\u00f3n.<\/p>\n<p>P.- Cree que para el favorecer el desarrollo de las energ\u00edas renovables -limpias &#8211; hay que sacar a las nucleares e hidroel\u00e9ctricas del sistema de mercado y reducir las ayudas a la Industria del carb\u00f3n? <\/p>\n<p>R.- La paradoja en estos momentos es que la reducci\u00f3n de precio de mercado de la electricidad debida a las renovables (que entran a coste cero en el sistema) no redunda a su favor sino que act\u00faa en su contra porque provoca un incremento de las primas. Esto se debe a la conformaci\u00f3n de los precios en el pool, que deber\u00eda modificarse en primer lugar para moderar los grandes beneficios de las nucleares y la gran hidr\u00e1ulica y a la vez trasladar al consumidor los beneficios econ\u00f3micos de las renovables. En el mismo sentido, se deber\u00eda considerar que echar la culpa de todos los males a las primas de las renovables como recientemente ha hecho el Ministerio de Industria y aporbar ayudas al carb\u00f3n que van a incrementar el recibo de la luz un 5% al a\u00f1o hasta 2014 tampoco parece coherente con la propia pol\u00edtica energ\u00e9tica de la UE.<\/p>\n<p>P.- En menos de un a\u00f1o han pasado de ser un &#8220;sector bandera&#8221; a un &#8220;atajo de villanos&#8221;. \u00bfC\u00f3mo es posible?<\/p>\n<p>R.- Muy sencillo: porque no hay pol\u00edtica energ\u00e9tica o lo que es lo mismo, la pol\u00edtica energ\u00e9tica de las dos \u00faltimas d\u00e9cadas en Espa\u00f1a se ha limitado a actuar sobre el reciboo de la luz que a precios constantes desde 1990 hasta 2008 se ha reducido en un 38,8%. Como consecuencia de ello y con la espectacular subida de los costes de generaci\u00f3n provocada por la subida de las materias primas energ\u00e9ticas se ha originado el conocido d\u00e9ficit de tarifa y el regulador en vez de reconocer la mala regulaci\u00f3n que ha provocado ese d\u00e9ficit ha decidido echar la culpa del mismo a las renovables cuando el coste de lso combustibles f\u00f3siles es para el consumidor espa\u00f1ol 10 veces superior al de las renovables; pero como la pol\u00edtica energ\u00e9tica no se hace a largo plazo sino simplemente con la perspectiva electoral es m\u00e1s sencillo crear el sanbenito de lo caras que son las renvables y no afrontar una verdadera planificaic\u00f3n energ\u00e9tica a medio y largo plazo.<\/p>\n<p>P.- Agradecer\u00eda su opinion sobre la producci\u00f3n de electricidad para autoconsumo a nivel dom\u00e9stico mediante un sistema de &#8220;medicion neta&#8221;, es decir la energ\u00eda excedente se vierte a la red pagando al productor-consumidor un precio marcado por el gobierno. Los nuevos contadores el\u00e9ctr\u00f3nicos homologados por la CNE ya permiten esta utilidad y no ser\u00eda necesario modificar nada en la instalaci\u00f3n siempre y cuando la potencia instalada (FV, eolica o microcogeneraci\u00f3n) fuera inferior <\/p>\n<p>R.- Dentro de las grandes expectativas de futuro de la fotovoltaica est\u00e1 el autoconsumo. Es curioso que la existencia de contadores eficientes no es de ahora pero no ha habido voluntad pol\u00edtica de obligar a su instalaci\u00f3n en todos los puntos de consumo. El autoconsumo requerir\u00eda tres condiciones como son: una modalidad retributiva, permitir puntos de conexi\u00f3n dentro de la instalaci\u00f3n el\u00e9ctrica del usuario y facilitar precisamente al usuario el cambio de su contador el\u00e9ctrico.<\/p>\n<p>P.- Cu\u00e1l es la opini\u00f3n de la asociaci\u00f3n que Ud. representa acerca de las supuestas irregularidades en el sector. Cu\u00e1l es el grado de incidencia de las mismas, y cu\u00e1l ser\u00eda el recorte que se dar\u00eda en el total de las subvenciones a las renovables si se les retirara la tarifa, como indica un borrador del que la prensa se ha hecho eco. Gracias.<\/p>\n<p>R.- APPA ha presentado al ministerio una propuesta pidiendo que se cumpla la ley y que el ministerio resuelva las actas de las inspecciones que ha llevado a efecto la Comisi\u00f3n Nacional de la Energ\u00eda y a aquellas instalaciones que no hayan cumplido los requisitos de conexi\u00f3n previstos en la regulaci\u00f3n se les retire la prima adjudicada. En este sentido, llevamos m\u00e1s de un a\u00f1o y medio en el que se han efectuado estas inspecciones sin que el minsiterio haya abierto o resuelto ning\u00fan expediente. Se han hecho distintos c\u00e1lculos del efecto que podr\u00eda tener esta medida de ahorro en el coste de las primas de la fotovoltaica, pero creo que un ejercicio de prudencia aconseja esperar a que el ministerio resuelva los expedientes a que den lugar dichas actas. Lo que no nos parece razonable es que se est\u00e9 demorando tanto tiempo esta decisi\u00f3n.<\/p>\n<p>P.- \u00bfCu\u00e1l es su opini\u00f3n respecto al coste de las primas a la energ\u00eda fotovoltaica en comparaci\u00f3n a la energ\u00eda que generan?<\/p>\n<p>R.- La fotovoltaica es una tecnolog\u00eda cara al d\u00eda de hoy. Sin embargo, lo que ya hemos comprobado es que a medida que se incrementa su mercado sus costes y sus precios descienden. As\u00ed, en los dos \u00faltimos a\u00f1os los costes de la instalaci\u00f3n se han reducido m\u00e1s de un 50% y las primas est\u00e1n descendiendo m\u00e1s de un 10% al a\u00f1o. Esto quiere decir que la fotovoltaica camina r\u00e1pidamente hacia su plena competitividad. Recientemente el propio director general de la Agencia Internacional de la Energ\u00eda, Nabuo Tanaka, manifest\u00f3 en Valencia que la fotovoltaica en Espa\u00f1a ser\u00e1 competitiva dentro de cinco a\u00f1os en todos los hogares y este es el datoq ue realmente marca el futuro de esta tecnolog\u00eda.<\/p>\n<p>P.- Cree que la creaci\u00f3n de empleo en el sector de las energ\u00edas renovables podr\u00eda compensar la desaparici\u00f3n del sector del carb\u00f3n (cuyas subvenciones nos cuestan 400 millones de euros al a\u00f1o)?<\/p>\n<p>R.- No solamente lo compensar\u00eda sino que las renovables tienen una expectativa de creaci\u00f3n de empleo muy superior a cualquier otra tecnolog\u00eda energ\u00e9tica, no s\u00f3lo el carb\u00f3n, y si se toman decisiones eficaces para integrar las renovables en la edificaci\u00f3n y el transporte, tal como se\u00f1ala la nueva directiva europea de renovables creo que estar\u00edamos ante el mayor yacimiento de empleo de la econom\u00eda espa\u00f1ola. El carb\u00f3n nos cuesta bastante m\u00e1s de 400 millones al a\u00f1o, ya que tiene asignados en los Presupuestos Generales del Estado 1000 millones m\u00e1s al a\u00f1o, 10 veces m\u00e1s que las renovables.<\/p>\n<p>P.- \u00bfCu\u00e1l es su estimaci\u00f3n acerca del porcentaje de la energ\u00eda total consumida en nuestro pa\u00eds que tendr\u00e1 su origen en las energ\u00edas renovables en el a\u00f1o 2020?<\/p>\n<p>R.- La nueva directiva de renovables obliga a un 20% de consumo final bruto de renovables en Espa\u00f1a en 2020. El avance del futuro plan de renovables que el Gobierno envi\u00f3 a Bruselas en diciembre pasado eleva el objetivo hasta el 22,7% y desde APPA pensamos que, si se aprovechan los mecanismos flexibles de la directiva y de las renovables como generaci\u00f3n distribuida, se podr\u00eda llegar a un objetivo cercano al 27%.<\/p>\n<p>P.- No cree que las gasistas est\u00e1n presionando lo inconcebible para recortar, no las primas a las renovables, sino las renovables mismas, porque de lo contrario los ciclos combinados funcionan muy por debajo de las horas\/a\u00f1o que las gasistas quieren? Cuando la CE ha vetado incluir un mecanismo de compensaci\u00f3n para la producci\u00f3n con gas, como si ha admitido para el carb\u00f3n nacional, es cuando han arreciado las durisimas campa\u00f1as contra las renovables por parte del sector del <\/p>\n<p>R.- Estamos sufriendo la ausencia de una planificaci\u00f3n energ\u00e9tica integral y el sector del gas desde el a\u00f1o 2002 libremente ha construido ciclos combinados sin tener en cuenta todas las variables del sistema energ\u00e9tico, que deber\u00edan haber estado dentro de esa planificaci\u00f3n inexistente. Como la generaci\u00f3n ha sido liberalizada se han hecho m\u00e1s centrales de gas de las necesarias y cuando, por efecto de la crisis, se ha reducido el consumo se ha creado un nuevo escenario donde sobra generaci\u00f3n y la entrada de las renovables con car\u00e1cter preferente en el sistema han dejado a los ciclos combinados con muchas menos horas de funcionamiento. L\u00f3gicamente el lobby del gas ha lanzado todas sus cr\u00edticas hacia las renovables como si fueran el \u00fanico coste del sistema, cuando los combustibles f\u00f3siles cuestan 10 veces m\u00e1s que las renovables a todos los consumidores. A su vez, en la campa\u00f1a de falsedades que el sector del gas ha lanzado contra las renovables se ha ignorado todas las externalidades positivas de las renovables para mejorar los peores ratios de nuestro sistema energ\u00e9tico, como son las importaciones de gas y de petr\u00f3leo, el exceso de emisiones de CO2 y nuestra mayor intensidad energ\u00e9tica. Lo que realmente m\u00e1s ha llamado la atenci\u00f3n es que desde el propio ministerio se haya hecho caso a estos argumentos acusando a las renovables de ser la causa de la ruina de la industria espa\u00f1ola, cuando desde el proio ministerio se est\u00e1 llevando a la industria nacional de renovables a un escenario de darwinismo empresarial.<\/p>\n<p>P.- Buenos d\u00edas D. Javier. Con cargo a los presupuestos subvencionamos hace alg\u00fan tiempo a las compa\u00f1\u00edas el\u00e9ctricas para hacer posible su competitividad en los mercados. Cuando ya son competitivas y reparten beneficios \u00bfno deber\u00edan trasladar la subvenci\u00f3n recibida para promover la energ\u00eda solar?<\/p>\n<p>R.- Exactamente las compa\u00f1\u00edas el\u00e9ctricas han recibido miles de millones de euros de los llamados Costes de Transici\u00f3n a la Competencia (CTC) e incluso han cobrado m\u00e1s de lo debido. Sin embargo, los consumidores no se han beneficiado apenas de ese proceso de adaptaci\u00f3n a la liberalizaci\u00f3n de los mercados energ\u00e9ticos. Ahora mismo hay tecnolog\u00edas convencionales que est\u00e1n teniendo beneficios extra por el m\u00e9todo de conformaci\u00f3n de los precios de la electricidad, aparte de los costes econ\u00f3micos y ambientales que no internalizan y que hacen creer a la opini\u00f3n p\u00fablica que tenemos una energ\u00eda abundante y barata que permite a las propias compa\u00f1\u00edas hacer costos\u00edsimas campa\u00f1as de publicidad regalando kilovatios. Toda esta falsa cultura ener\u00e9tica en la que vivimos en Espa\u00f1a debe modificarse con urgencia. Y una de las alternativas que habr\u00eda que estudiar es que las tecnolog\u00edas ya maduras y amortizadas que est\u00e1n obteniendo un exceso de beneficios y que s\u00f3lo se preocupan de las operaciones corportaivas (fusiones y OPAs), como la nuclear o la gran hidr\u00e1ulica, financien las tecnolog\u00edas menos maduras y ahora m\u00e1s costosas pero que est\u00e1n marcando la nueva geopol\u00edtica de la energ\u00eda que en todo el mundo se dirige hacia una mayor presencia de las renovables. <\/p>\n<p>P.- Digame por qu\u00e9 lo m\u00e0s importante para la industria PV es el contacto con los secretarios de industria de cada pais y las modificaciones en el BOE. No es esto extra\u00f1o?<\/p>\n<p>R.- No es tan extra\u00f1o cuando se considera que todas las renovables que se instalan en Espa\u00f1a y pr\u00e1cticamente en toda Europa se hacen a trav\u00e9s de la regulaci\u00f3n que hace la Administraci\u00f3n. Las dem\u00e1s tecnolog\u00edas de generaci\u00f3n est\u00e1n liberalizadas, no sujetas a regulaci\u00f3n alguna; por el contrario el renovable es un sector intervenido y cuyo desarrollo est\u00e1 sometido desde el principio hasta el final al marco regulatorio que fija en nuestro caso el Ministerio de Industria y las comunidades aut\u00f3nomas.<\/p>\n<p>P.- Por que en Espa\u00f1a los paneles solares Son Tan caros si en China un grupo de paneles para 180 watts su costo es de 350 doalres<\/p>\n<p>R.- Espa\u00f1a ha pasado de ser un pa\u00eds exportador de m\u00f3dulo a importarlos. Esto se ha debido a que a partir de una regulaci\u00f3n equivocada y que provoc\u00f3 un aluvi\u00f3n de proyectos fotovoltaicos en el a\u00f1o 2008 la oferta de m\u00f3dulos fabricados en Espa\u00f1a apenas cubr\u00eda un 25% de todo loq ue se instal\u00f3. Esto provoc\u00f3 un efecto negativo porque subieron los precios de los m\u00f3dulos y porque se importaron -de China, pero con marca alemana- en grandes cantidades. en el real decreto 661 estaban todos los ingredientes que provocaron esta burbuja fotovoltaica que ha impedido que el desarrollo de la industria fotovoltacia en Espa\u00f1a haya tenido un crecimiento sostenible y moderado como lo tuvo el de la \u00e9olica. Sin embargo, lo que tambi\u00e9n se ha demostardo es que en cuanto ha crecido el mercado y la demanda los precios han bajado significativamente. Lo malo es que los vaivenes regulatorios han perjudicado gravemente a la industria fotovoltaica espa\u00f1ola.<\/p>\n<p>P.- \u00bfNo cree que ha sido una irresponsabilidad por parte de las autoridades el dar enormes subsidios para la instalaci\u00f3n de una tecnolog\u00eda poco eficiente, en un estado prematuro de desarrollo, poco duradera, y extremadamente cara? \u00bfNo hubeira sido m\u00e1s razonable invertir en I D y desarrollar nuestra propia tecnolog\u00eda, eficiente y de bajo coste, y exportar?<\/p>\n<p>R.- Lo que ha sido un error es mantener unas primas altas sin revisiones autom\u00e1ticas, con objetivos muy cortos y plazos de ejecuci\u00f3n de 12 meses a partir de los cuales la retribuci\u00f3n era cero, tal y como marcaba el real decreto 661, que provoc\u00f3 un crecimiento desproporcionado de la fotovoltaica en 2008 para pasar en 2009 a un par\u00f3n de m\u00e1s del 90%. Esta mala regulaci\u00f3n que incluso arranca de errores del real decreto 436 no corregidos hasta cuatro a\u00f1os despu\u00e9s, es la que ha impedido un desarrollo m\u00e1s ordenado y gradual de la industria fotovoltaica nacional. En cuando al I+D, tampoco se ha tenido en cuenta que Espa\u00f1a desde 1977 ha contado con la mejor tecnolog\u00eda solar del mundo y la media de inversi\u00f3n privada en I+D del sector fotovoltaico espa\u00f1ol ha sido muy superior a la media nacional. Esto refleja que las renovables deber\u00edan de haberse contemplado tambi\u00e9n desde la visi\u00f3n de la pol\u00edtica industrial, pero parece que se ha prescindido de esa visi\u00f3n intencionadamente.<\/p>\n<p>P.- \u00bfCree que el Gobierno debe impulsar de nuevo la energ\u00eda nuclear? Usted que conoce bien las tierras de la Alcarria, \u00bfqu\u00e9 opini\u00f3n tiene del municipio de Yebra para albergar el ATC (Almac\u00e9n Temporal Centralizado?<\/p>\n<p>R.- En Espa\u00f1a ahora mismo hay un exceso de generaci\u00f3n por lo que no se necesita en absoluto incrementar la energ\u00eda nuclear; es m\u00e1s, al ser una tecnolog\u00eda de muy larga aplicaci\u00f3n no servir\u00eda para afrontar la crisis de suministro de los combustibles f\u00f3siles para la presente d\u00e9cada. Con respecto a la problem\u00e1tica del ATC es consecuencia tambi\u00e9n de una falta de planificaci\u00f3n energ\u00e9tica que no ha querido incluir este tema, que no deber\u00eda ser objeto de improvisaci\u00f3n ni de subasta p\u00fablica. Aun as\u00ed creo que el mejor sitio de almacenamiento de los residuos nucleares son las propias centrales nucleares.<\/p>\n<p>P.- \u00bfTiene pensado regresar a la pol\u00edtica de Guadalajara?<\/p>\n<p>R.- No.<\/p>\n<p>P.- Por que en el c\u00f3digo t\u00e9cnico de la edificaci\u00f3n, en pleno boom inmobiliario, no se &#8220;obligo&#8221; a poner placas fotovoltaicas en todas las casas?Quien fue el responsable? Tendr\u00edamos solucionado el tema energ\u00e9tico en Espa\u00f1a de haberse llenado Espa\u00f1a de placas ademas de edificios?<\/p>\n<p>R.- Totalmente de acuerdo, pero e Espa\u00f1a tenemos la mala costumbre de trasponer las directivas europeas con cuatro a\u00f1os de retraso y eso es lo que pas\u00f3 con la directiva de eficiencia energ\u00e9tica de edificios, que cuando se transform\u00f3 en decretos normativos hab\u00eda psado ya el momento \u00e1lgido del boom inmobiliario. Sin embargo, la responsabilidad fundamental hay que adjudic\u00e1rsela a todos los agentes (arquitectos, constructores, urbanistas, promotores&#8230;) que han ignorado la eficiencia energ\u00e9tica entre los elementos fundamentales de la edificaci\u00f3n y a la ausencia premeditada y continuada de una fiscalidad energ\u00e9tica que hubiera dado un impacto fiscal a la introducci\u00f3n del ahorro de energ\u00eda con renovables en la nueva edificaci\u00f3n.<\/p>\n<p>P.- Si yo fuera copropietario de un huerto solar (que no lo soy) \u00bfa qui\u00e9n podr\u00eda demandar por mi lucro cesante tras los continuos recortes que est\u00e1 aplicando el ministro Sebasti\u00e1n a la electricidad generada por la fotovolt\u00e1ica? De lo que me dijeron que iba a ganar a lo que estoy perdiendo media un abismo \u00bfS\u00f3lo queda aguantarse? \u00bfEl PP tiene otros criterios? <\/p>\n<p>R.- No se puede negar que en la fotovoltaica ha habido especualci\u00f3n. convertir la fotovoltaica en un producto financiero ha sido un grave error porque una instalaci\u00f3n fotovoltaica no se debe considerar nunca como una casa, sino como una instalaci\u00f3n de generaci\u00f3n el\u00e9ctrica y son dos cosas muy distintas. Esta confusi\u00f3n ha generado ofertas totalmente irreales que han ido m\u00e1s a generar m\u00e1rgenes en todas la cadena de valor sin tener en cuenta lo principal: el valor de la energ\u00eda. Las primas adjudicadas est\u00e1n bajando de acuerdo con la normativa vigente y lo \u00fanico que s\u00ed puede dar lugar a reclamaciones de todo tipo ser\u00edan las posibles medidas retroactivas que se pudieran aplicar. Pero habr\u00e1 que estar atentos a la normativa que salga a partir del mes que viene para estudiar jur\u00eddicamente esta cuesti\u00f3n. El PP en estos temas, que sepamos, no ha dicho nada. Su guerra es otra.<\/p>\n<p>P.- \u00bfCuales de las energias renovables tiene vocaci\u00f3n de futuro, por su potencial, rendimiento y rentabilidad ?<\/p>\n<p>R.- En teor\u00eda las de mayor potencial son las solares. El Sol tardar\u00e1 m\u00e1s de 7.000 millones de a\u00f1os en tragarse a la Tierra. Nadie da m\u00e1s. sin embargo, en el momento actual hay que defender un sistema diversificado de renovables porque todas las tecnolog\u00edas renovables son complementarias entre s\u00ed y eso hace que la combinaci\u00f3n de e\u00f3lica, solar, biomasa, biocarburantes&#8230;, a trav\u00e9s de la generaci\u00f3n distribuida, sean la energ\u00eda que utilicemos todos en nuestra vida diaria, porque el coste de los combustibles f\u00f3siles, tanto por su agotabilidad como por su impacto en el medio ambiente (v\u00e9ase el vertido de BP en el golfo de M\u00e9xico) son una fuente energ\u00e9tica insostenible para el futuro de la econo\u00b4m\u00eda mundial<\/p>\n","protected":false},"excerpt":{"rendered":"<p>Javier Garc\u00eda Breva, presidente de APPA Solar Fotovoltaica y ex director general del Instituto para la Diversificaci\u00f3n y Ahorro de la Energ\u00eda del Ministerio de Industria, ha respondido las preguntas de los lectores sobre las energ\u00edas renovables.<br \/>\nFOTO: SAMUEL S\u00c1NCHEZ<\/p>\n","protected":false},"author":1,"featured_media":0,"comment_status":"open","ping_status":"open","sticky":false,"template":"","format":"standard","meta":{"footnotes":""},"categories":[],"tags":[],"class_list":["post-10625","post","type-post","status-publish","format-standard","hentry"],"_links":{"self":[{"href":"https:\/\/intervius.com\/index.html\/wp-json\/wp\/v2\/posts\/10625","targetHints":{"allow":["GET"]}}],"collection":[{"href":"https:\/\/intervius.com\/index.html\/wp-json\/wp\/v2\/posts"}],"about":[{"href":"https:\/\/intervius.com\/index.html\/wp-json\/wp\/v2\/types\/post"}],"author":[{"embeddable":true,"href":"https:\/\/intervius.com\/index.html\/wp-json\/wp\/v2\/users\/1"}],"replies":[{"embeddable":true,"href":"https:\/\/intervius.com\/index.html\/wp-json\/wp\/v2\/comments?post=10625"}],"version-history":[{"count":0,"href":"https:\/\/intervius.com\/index.html\/wp-json\/wp\/v2\/posts\/10625\/revisions"}],"wp:attachment":[{"href":"https:\/\/intervius.com\/index.html\/wp-json\/wp\/v2\/media?parent=10625"}],"wp:term":[{"taxonomy":"category","embeddable":true,"href":"https:\/\/intervius.com\/index.html\/wp-json\/wp\/v2\/categories?post=10625"},{"taxonomy":"post_tag","embeddable":true,"href":"https:\/\/intervius.com\/index.html\/wp-json\/wp\/v2\/tags?post=10625"}],"curies":[{"name":"wp","href":"https:\/\/api.w.org\/{rel}","templated":true}]}}