{"id":10621,"date":"2010-06-07T00:00:00","date_gmt":"2006-11-06T00:00:00","guid":{"rendered":"https:\/\/intervius.com\/index.html\/?p=10621"},"modified":"2006-11-06T00:00:00","modified_gmt":"2006-11-06T00:00:00","slug":"Luis_Atienza10621","status":"publish","type":"post","link":"https:\/\/intervius.com\/index.html\/Luis_Atienza10621\/","title":{"rendered":"Luis Atienza"},"content":{"rendered":"<p>Pregunta.- Desde el t\u00e9rmino estricto de sostenibilidad, \u00bfes viable la producci\u00f3n e\u00f3lica basada en las subvenciones? <\/p>\n<p>Respuesta.- El sobrecoste de la energ\u00eda e\u00f3lica se compensa por su contribuci\u00f3n a la independencia energ\u00e9tica y a la lucha contra el cambio clim\u00e1tico, y adem\u00e1s es s\u00f3lo temporal porque no es previsible que los combustibles f\u00f3siles mantengan los precios actuales en las pr\u00f3ximas dos d\u00e9cadas en las que estos aerogeneradores van a estar produciendo y el coste de la tonelada de CO2 tambi\u00e9n subir\u00e1 si queremos cumplir los objetivos en materia de lucha contra el cambio clim\u00e1tico.<\/p>\n<p>P.- \u00bfCu\u00e1les son las limitaciones o dificultades que existen al plantearse ampliar la capacidad de almacenaje de energ\u00eda (bombeo, generaci\u00f3n de hidr\u00f3geno etc)?<\/p>\n<p>R.- En el caso del bombeo no hay muchos emplazamientos disponibles adicionales en la Pen\u00ednsula, y los esfuerzos se est\u00e1n dirigiendo hacia repotenciar las instalaciones existentes, con mayor capacidad de bombeo y de turbinaci\u00f3n. En Canarias s\u00ed estamos analizando instalaciones nuevas porque son imprescindibles para el desarrollo de sus energ\u00edas renovables. En los pr\u00f3ximos a\u00f1os se va a investigar mucho sobre otros sistemas de almacenamiento: bater\u00edas, sales fundidas, aire a presi\u00f3n en yacimientos geol\u00f3giocos y en el hidr\u00f3geno.<\/p>\n<p>P.- Soy de Le\u00f3n, provincia donde por cierto ni Vd. ni la empresa que preside est\u00e1n muy bien vistos. Pretenden construir una l\u00ednea de Alta Tensi\u00f3n que atravesar\u00eda la monta\u00f1a central y oriental leonesa, con 300 torretas de 70 metros de alto. \u00bf25.000 alegaciones en contra de esa l\u00ednea y una crisis que electrocuta inversiones previstas no son suficientes para replantear el proyecto?<\/p>\n<p>R.- Un sistema el\u00e9ctrico con una gran penetraci\u00f3n de renovables es muy demandante de red porque los flujos cambian extraordinariamente en su origen y destino en funci\u00f3n de las condiciones meteorol\u00f3gicas. El refuerzo de la conexi\u00f3n de la red cant\u00e1brica con la meseta es imprescindible para la seguridad de suministro en la Cornisa cant\u00e1brica y para la evacuaci\u00f3n de la generaci\u00f3n renovable en toda circunstacia. El trazado concreto lo determinar\u00e1 la autoridad ambiental a partir de los estudios y de las alegaciones presentadas. <\/p>\n<p>P.- Buenos d\u00edas. \u00bfHabr\u00eda que reconocer que los j\u00f3venes de tu partido se equivocaban al estar en contra de la energ\u00eda nuclear? <\/p>\n<p>R.- La pol\u00edtica energ\u00e9tica es Pol\u00edtica porque es la \u00fanica forma de ponderar la contribuci\u00f3n de las diferentes tecnolog\u00edas a la seguridad de suministro, la lucha ocntra el cambio clim\u00e1tico y la competitividad de la econom\u00eda. Y esa ponderaci\u00f3n no puede realizarse m\u00e1s que por los representantes de los ciudadanos, en funci\u00f3n de la mayor o menor sensibilidad de los ciudadanos hacia esos objetivos y de c\u00f3mo creen que cada una de esas tecnolog\u00edas contribuyen a alcanzarlos. Yo me he manifestado de forma reiterada a favor de alargar la vida de las centrales nucleares existentes porque una parte muy importante del coste ya est\u00e1 incurrido.<\/p>\n<p>P.- Buenos dias, Que consecuencias tendr\u00eda para Espa\u00f1a la ejecuci\u00f3n de la retroactividad?, gracias<\/p>\n<p>R.- Cualquier decisi\u00f3n en esta materia tiene que realizarse con una gran prudencia porque la estabilidad regulatoria es un activo para la confianza.<\/p>\n<p>P.- A nadie le gusta ver ni tener cerca las l\u00edneas el\u00e9ctricas. \u00bfEs necesario seguir construyendo nuevas l\u00edneas y enfadar a tantos ciudadanos?<\/p>\n<p>R.- Es cierto que la gente entiende mejor la construcci\u00f3n de la v\u00eda del AVE porque sin \u00e9l no circula la m\u00e1quina que entender la necesidad de construir la l\u00ednea el\u00e9ctrica necesaria para que ese AVE funcione, porque no somos usuarios directos de las l\u00edneas, somos usuarios del tren y el enchufe. La necesidad de l\u00edneas el\u00e9ctrcias en Espa\u00f1a s\u00f3lo se reivindicaban cuando la electricidad no era universal. Ahora la necesidad de l\u00edneas no es percibida. Somos cada vez m\u00e1s dependientes de la electricidad para todo pero es muy dif\u00edcil transmitir la complejidad de un sistema el\u00e9ctrico que necesita mantener el equilibrio instant\u00e1neo entre la oferta y la demanda en cualquier circunstancia, sea de viento, de sequ\u00eda o de lluvia. Necesitamos una redundancia en las l\u00edneas para que cualquier cosa que suceda en el sistema la electricidad nos pueda llegar por un camino alternativo.<\/p>\n<p>P.- Tenemos zonas muy buenas para las energ\u00edas renovables, pero con capacidad limitada de la red (por ejemplo, Galicia con la e\u00f3lica). Sin l\u00edneas no se pueden construir nuevos parques, pero si no hay nuevos parques REE no construye nuevas l\u00edneas. Teniendo en cuenta que las p\u00e9rdidas en la red son muy bajas, \u00bfno merecer\u00eda la pena planificar la red para permitir en el futuro la instalaci\u00f3n de nuevas centrales? <\/p>\n<p>R.- La planificaci\u00f3n de las l\u00edneas tiene que anticiparse a las necesidades porque son proyectos que tardan mucho en desarrollarse.<\/p>\n<p>P.- \u00bfQu\u00e9 est\u00e1 haciendo REE para mejorar el encaje de las renovables en el sistema el\u00e9ctrico?<\/p>\n<p>R.- Est\u00e1 feo que yo lo diga, pero REE es de forma incuestionable l\u00edder mundial entre los operadores de los sistemas el\u00e9ctricos del mundo en la integraci\u00f3n de renovables. Quiz\u00e1 nuestra contribuci\u00f3n singular m\u00e1s importante ha sido nuestro Centro de Control de Renovables, pionero en el mundo, herramienta fundamental para hacer compatibles las renovables con la estabilidad y la seguridad del sistema y que est\u00e1 siendo visitado por autoridades energ\u00e9ticas, reguladores y operadores de los sistemas el\u00e9ctricos de todo el mundo.<\/p>\n<p>P.- En estos a\u00f1os pasados se ha invertido mucho en nuevos ciclos combinados, en parques e\u00f3licos, huertos solares &#8230; de forma casi caprichosa. Ahora, los ciclos combinados se quejan de su escaso rendimiento al funcionar menos horas de las que pensaban. No deber\u00eda estar m\u00e1s regulada la instalaci\u00f3n de nueva generaci\u00f3n, de acuerdo a la previsi\u00f3n del Operador del sistema el\u00e9ctrico? <\/p>\n<p>R.- Las decisiones de instalaci\u00f3n de nueva generaci\u00f3n en Espa\u00f1a es libre, y por tanto los errores de sobreinstalaci\u00f3n son a riesgo de sus promotores. El operador del sistema tiene que asegurarse de que las decisiones de los agentes sean t\u00e9cnicamente viables, compatibles con la seguridad y estabilidad del sistema.<\/p>\n<p>P.- No le parece contradictorio subvencionar al carbon con 1000 millones al mismo tiempo que se subvenciona a las energias renovables?<\/p>\n<p>R.- Las decisiones del mix de generaci\u00f3n son decisiones de pol\u00edtica energ\u00e9tica y el papel de Red El\u00e9ctrica es ampliar los grados de libertad de las opciones de pol\u00edtica energ\u00e9tica y ejecutarla, pero no decidirla.<\/p>\n<p>P.- Buenos d\u00edas, \u00bfcree que es sostenible y beneficioso ejercer la operaci\u00f3n y el transporte de energ\u00eda en un r\u00e9gimen de monopolio?<\/p>\n<p>R.- Es una actividad que s\u00f3lo puede hacer uno y precisamente por ser un monopolio natural tiene que ser una actividad regulada. De tal forma que todas las decisiones sean neutras respecto de los agentes que compiten, sean transparentes, independientes y adem\u00e1s minimicen el coste para el consumidor. El esquema de transportista \u00fanico y operador del sistema el\u00e9ctrico \u00fanico es el que tienen todos los pa\u00edses de nuestro entorno: Francia, Inglaterra, Italia, B\u00e9lgica, Holanda, Suecia y los que no lo tienen est\u00e1n evolucionando hacia este modelo.<\/p>\n<p>P.- \u00bfCree que en un momento econ\u00f3mico como el actual el Estado, a tav\u00e9s de la sepi, deber\u00eda vender su participaci\u00f3n en Red El\u00e9ctrica? <\/p>\n<p>R.- No le voy a decir al accionista c\u00f3mo tiene que gestionar su patrimonio.<\/p>\n<p>P.- \u00bfQu\u00e9 implicaciones esperan se deriven de introducir los nuevos contadores digitales de consumo el\u00e9ctrico en los hogares?<\/p>\n<p>R.- Los contadores digitales deben contribuir a un comportamiento m\u00e1s inteligente por parte de los consumidores, respondiendo a las diferencias de precio horario de la energ\u00eda el\u00e9ctrica, y as\u00ed, adem\u00e1s de beneficiarse econ\u00f3micamente, prestar un servicio adicional al sistema, porque permite contribuir a compensar la variabilidad de la generaci\u00f3n renovable con una mayor flexibilidad de la demanda.<\/p>\n<p>P.- Soterrar lineas de alta tensi\u00f3n \u00bfes m\u00e1s caro? \u00bfperjudica m\u00e1s al medio ambiente?<\/p>\n<p>R.- S\u00ed y s\u00ed, y adem\u00e1s las aver\u00edas en las l\u00edneas soterradas tardan mucho m\u00e1s tiempo en poder ser reparadas y eso hace m\u00e1s vulnerable el suministro el\u00e9ctrico. Para muy altas tensiones es particularmente complejo, costoso y poco funcional. Hacerlo s\u00f3lo tiene sentido en los n\u00facleos urbanos, donde es inevitable.<\/p>\n<p>P.- \u00bfC\u00f3mo tiene previsto REE controlar un sistema el\u00e9ctrico de generaci\u00f3n previsiblemente constituido por cientos de miles de peque\u00f1as instalaciones fotovoltaicas sobre cubierta?, \u00bfpretenden seguir intentando sostener un sistema centralizado?, \u00bfqu\u00e9 est\u00e1n haciendo al respecto? <\/p>\n<p>R.- La generaci\u00f3n distribuida nos lleva a la necesidad de introducir masivamente tecnolog\u00edas de la informaci\u00f3n en la red de distribuci\u00f3n y en la relaci\u00f3n entre la red de distribuci\u00f3n y el consumidor\/productor. Esto es lo que se suele identificar como smart grids, que en el fondo se trata de continuar aguas abajo la introcci\u00f3n masiva de tecnolog\u00edas de la informaci\u00f3n que a nivel de la relaci\u00f3n entre la generaci\u00f3n y la red de transporte ya est\u00e1 muy avanzada. Pero de nuevo el sistema el\u00e9ctrico es \u00fanico. Siempre es necesario asegurar el equilibrio instat\u00e1neo global entre la oferta y la demanda y que todas y cada una de las instalaciones del sistema funcione dentro de sus par\u00e1metros t\u00e9cnicos. Eso es posible introduciendo masivamente tecnolog\u00edas de la informaci\u00f3n. Es posible y es uno los retos del sistema el\u00e9ctrico en las pr\u00f3ximas d\u00e9cadas.<\/p>\n<p>P.- Si el precio de la electricidad es politico,si el ciudadano paga las subvenciones de las renovables \u00bfporque no nacionalizan el oligopolio electrico?<\/p>\n<p>R.- Es bueno aporvechar los beneficios del mercado y de la competencia para los consumidores. Al mismo tiempo, la regulaci\u00f3n tiene que delimitar el terreno de juego para asegurar que el mercado funciona y que es un instrumento \u00fatil para los objetivos de la pol\u00edtica energ\u00e9tica.<\/p>\n<p>P.- \u00bfCree que se puede mantener la actual pol\u00edtica de subvenciones a la energ\u00eda fotovoltaica en la actual coyuntura econ\u00f3mica?<\/p>\n<p>R.- En Espa\u00f1a debemos aspirar a estar en la cabeza en el desarrollo tecnol\u00f3gico y en el aprovechamiento de la energ\u00eda solar, porque tenemos el mejor recurso de Europa. Ahora, el sistema de incentivos debe dise\u00f1arse y establecerse en unos niveles que aseguren que obtenemos el m\u00e1ximo retorno para la econom\u00eda, la industria y la tecnolog\u00eda espa\u00f1ola, y que el sobrecoste temporal sea compatible con nuestra competitividad.<\/p>\n<p>P.- \u00bfcu\u00e1les son las regiones espa\u00f1olas que cuentan con un sistema el\u00e9ctrico m\u00e1s precario?<\/p>\n<p>R.- Girona, que mejorar\u00e1 cuando pongamos en sevricio la l\u00ednea que estamos construyendo; la parte oriental de Andaluc\u00eda (la costa de Granada y Almer\u00eda), que se solventar\u00e1 cuando construyamos la l\u00ednea Tabernas-Benahadux, que est\u00e1 en la \u00faltima fase de tramitaci\u00f3n administrativa, y la costa levantina, por la densidad de poblaci\u00f3n y la dificultad para encontrar corredores para nuevas l\u00edneas el\u00e9ctricas. Menci\u00f3n aparte merecen los sistemas insulares y de Ceuta y Melilla, que como sistemas muy peque\u00f1os y aislados siempre son m\u00e1s d\u00e9biles. Los sistemas el\u00e9ctricos son m\u00e1s estables cuanto m\u00e1s grandes y m\u00e1s interconectados.<\/p>\n<p>P.- Buenos dias, Cuando veo los balances electricos diarios de producci\u00f3n de energia de REE, veo que uno de los epigrafes es &#8220;Regimen Especial&#8221;. No se puede poner el detalle de forma que se entienda que tipo de energia est\u00e1 detras del R\u00e9gimen especial, con mayor relevancia que la especificaci\u00f3n del lignito pardo o negro. Gracias <\/p>\n<p>R.- Estamos revisando la configuraci\u00f3n de nuestro balance el\u00e9ctrico para proporcionar una mayor desagregaci\u00f3n de la producci\u00f3n del r\u00e9gimen especial.<\/p>\n<p>P.- Si existe d\u00e9ficit tarifario, como pueden las el\u00e9ctricas repartir hasta 6 euros de dividendo por acci\u00f3n?<\/p>\n<p>R.- Por lo que conozco el dividendo de nuestra empresas el\u00e9ctricas est\u00e1 en la banda media o por debajo de sus hom\u00f3logos europeos. En el caso de Red El\u00e9ctrica estamos claramente en la banda baja, pero el dividendo forma parte del atractivo de nuestras acciones para los accionistas. Y hay que tener en cuenta que las empresas el\u00e9ctricas son muy intensivas en capital y tienen que hacer atractiva su financiaci\u00f3n.<\/p>\n<p>P.- \u00bfApostar\u00eda usted por la energ\u00eda nuclear?<\/p>\n<p>R.- Ya he dicho que yo soy partidario del alargamiento de vida de las nucleares existentes siempre que cumplan las condiciones de seguridad porque pueden contribuir a abaratar nuestros costes y a ayudar en el esfuerzo en renovables. No veo hueco para nueva generaci\u00f3n t\u00e9rmica (ya sea nuclear o convencional) que necesite funcionar 8.000 horas al a\u00f1o para conseguir su rentabilidad. La potencia t\u00e9rmica que vamos a necesitar en los pr\u00f3ximos lustros tiene que ser muy flexible para servir de colch\u00f3n de la variabilidad de nuestra renovable.<\/p>\n<p>P.- \u00bfC\u00f3mo puede afectar a Red El\u00e9ctrica, en su funci\u00f3n de Operador del Sistema, la introducci\u00f3n masiva del coche el\u00e9ctrico?<\/p>\n<p>R.- El coche el\u00e9ctrico, adem\u00e1s de suponer una mejora en la independencia energ\u00e9tica, al sustituir combustibles f\u00f3siles por un mix de generaci\u00f3n m\u00e1s aut\u00f3nomo, y de mejorar la calidad del aire y del ruido en las ciudades, aporta dos beneficios adicionales al sistema el\u00e9ctrico. Por un lado, permite aprovechar la capacidad excedentaria de la generaci\u00f3n y las redes durante much\u00edsimas horas del a\u00f1o, porque se dimensionan para la demanda m\u00e1xima en las condiciones extremas. Y por otro, puede facilitar la integraci\u00f3n de las renovables si la recarga es una recarga que se produce sobre todo por las noches, que es cuando tenemos una dificultad creciente para aporvechar toda nuestra energ\u00eda e\u00f3lica.<\/p>\n<p>P.- Buenos d\u00edas: Le escribo desde Navarra, le quer\u00eda preguntar c\u00f3mo van las negociaciones entre su compa\u00f1\u00eda, Navarra y \u00c1lava sobre la l\u00ednea de 400kV que unir\u00e1 Pamplona y Vitoria. Tambi\u00e9n le quer\u00eda preguntar por qu\u00e9 se mantiene la subestaci\u00f3n de Dicastillo ya que con l\u00edneas de menor potencia se podr\u00eda suministrar a la Merindad de Estella. Muchas gracias<\/p>\n<p>R.- Creo que estamos en condiciones de alcanzar un amplio consenso tanto en el Pa\u00eds Vasco como en Navarra sobre una soluci\u00f3n alternativa a la Vitoria-Muruarte que est\u00e1 ahora en informaci\u00f3n p\u00fablica, que resuelva todos las necesidades que se pretend\u00edan con esa l\u00ednea: robustecer el suministro a Vitoria, fortalecer la interconexi\u00f3n entre el Pa\u00eds Vasco y Navarra y reforzar la alimentaci\u00f3n y la capacidad de evacuaci\u00f3n de Tierra Estella en Dicastillo. Creo que en los pr\u00f3ximos d\u00edas podremso confirmar este consenso y si es as\u00ed retirar\u00edamos la propuesta.<\/p>\n","protected":false},"excerpt":{"rendered":"<p>Luis Atienza, presidente de Red El\u00e9ctrica de Espa\u00f1a, ha contestado las preguntas de los lectores sobre el mercado el\u00e9ctrico espa\u00f1ol y sus retos para el futuro: renovables, nuclear, coche el\u00e9ctrico&#8230;<br \/>\nFoto: Alberto Ferreras<\/p>\n","protected":false},"author":1,"featured_media":0,"comment_status":"open","ping_status":"open","sticky":false,"template":"","format":"standard","meta":{"footnotes":""},"categories":[],"tags":[],"class_list":["post-10621","post","type-post","status-publish","format-standard","hentry"],"_links":{"self":[{"href":"https:\/\/intervius.com\/index.html\/wp-json\/wp\/v2\/posts\/10621","targetHints":{"allow":["GET"]}}],"collection":[{"href":"https:\/\/intervius.com\/index.html\/wp-json\/wp\/v2\/posts"}],"about":[{"href":"https:\/\/intervius.com\/index.html\/wp-json\/wp\/v2\/types\/post"}],"author":[{"embeddable":true,"href":"https:\/\/intervius.com\/index.html\/wp-json\/wp\/v2\/users\/1"}],"replies":[{"embeddable":true,"href":"https:\/\/intervius.com\/index.html\/wp-json\/wp\/v2\/comments?post=10621"}],"version-history":[{"count":0,"href":"https:\/\/intervius.com\/index.html\/wp-json\/wp\/v2\/posts\/10621\/revisions"}],"wp:attachment":[{"href":"https:\/\/intervius.com\/index.html\/wp-json\/wp\/v2\/media?parent=10621"}],"wp:term":[{"taxonomy":"category","embeddable":true,"href":"https:\/\/intervius.com\/index.html\/wp-json\/wp\/v2\/categories?post=10621"},{"taxonomy":"post_tag","embeddable":true,"href":"https:\/\/intervius.com\/index.html\/wp-json\/wp\/v2\/tags?post=10621"}],"curies":[{"name":"wp","href":"https:\/\/api.w.org\/{rel}","templated":true}]}}