{"id":10574,"date":"2012-07-06T00:00:00","date_gmt":"2006-11-06T00:00:00","guid":{"rendered":"https:\/\/intervius.com\/index.html\/?p=10574"},"modified":"2006-11-06T00:00:00","modified_gmt":"2006-11-06T00:00:00","slug":"Neko10574","status":"publish","type":"post","link":"https:\/\/intervius.com\/index.html\/Neko10574\/","title":{"rendered":"Neko"},"content":{"rendered":"<p>Pregunta.- Hola, soy un oyente de Cadena Ser y graffitero a tiempo parcial, y me gustar\u00eda preguntarle a Neko en que lugar se dispone para \u00e9l, su obra, si dentro de graffti vandalismo, o mas enfocado hacia el arte urbano, ahora que expone en galer\u00eda. Muchas gracias. <\/p>\n<p>Respuesta.- Precisamente esta exposici\u00f3n habla de ello. De los interrogantes que plantea que el arte urbano entre en una galer\u00eda. GRAFFITI ES VANDALISMO<\/p>\n<p>P.- Neko, \u00bfno tienes miedo?<\/p>\n<p>R.- El miedo siempre est\u00e1. No es f\u00e1cil hacerse una pieza en medio de Gran V\u00eda. El pulso tiembla, pero la satisfacci\u00f3n es mayor.<\/p>\n<p>P.- \u00bfEn qu\u00e9 lugar te gustar\u00eda dejar tu firma?<\/p>\n<p>R.- ALL PLACES ALL TIME<\/p>\n<p>P.- Lo primero saludar y felicitaros por el programa. Sabiendo que el graffiti es un movimiento visceral y que nadie podr\u00eda dar una explicaci\u00f3n racional de porque lo hace&#8230; \u00bfme podr\u00eda decir alguien como Neko, que mueve a un graffitero para continuar pintando despu\u00e9s y a pesar de ser multado e investigado por pintar en la calle o en vagones?Muchas gracias y un saludo<\/p>\n<p>R.- Todo artista tiene una responsabilidad con su arte<\/p>\n<p>P.- \u00bfRealmente eres consecuente con tu forma de actuar?<\/p>\n<p>R.- No lo creo. No soy militante de ning\u00fan partido, de ning\u00fan equipo de f\u00fatbol o de ninguna religi\u00f3n. Soy un hombre que duda y una vez hasta me equivoqu\u00e9&#8230;<\/p>\n<p>P.- \u00bfCu\u00e1l ha sido el lugar m\u00e1s extra\u00f1o en el que has pintado?<\/p>\n<p>R.- En IAM Gallery<\/p>\n<p>P.- \u00bfQu\u00e9 pasa, que como no pintas nada en la vida tienes que pintar las propiedades de los dem\u00e1s? Pintamonas<\/p>\n<p>R.- Puedes ver algunas de mis obras en vandalhostel.com<\/p>\n<p>P.- Cu\u00e1les son los t\u00edpicos t\u00f3picos sobre los escritores de graffity que detestas o te hacen re\u00edr?<\/p>\n<p>R.- Te agradezco la pregunta NEKA (siempre en may\u00fasculas). Hay muchos t\u00f3picos, que de alguna forma configuran la cultura, y son ideales para ponerlos en tela de juicio. El que m\u00e1s me hace re\u00edr es cuando te dicen &#8220;\u00bfpor qu\u00e9 no pintas el sal\u00f3n de tu casa?&#8221;<\/p>\n<p>P.- Soy un chaval que est\u00e1 empezando en este mundillo, \u00bfqu\u00e9 consejos me dar\u00edas?<\/p>\n<p>R.- Como dice Sue, al\u00e9jate lo m\u00e1ximo posible del lugar cuando te hayan pegado marr\u00f3n<\/p>\n<p>P.- \u00bfEs el tuyo un arte ef\u00edmero?<\/p>\n<p>R.- nada es para siempre. Aunque me gustar\u00eda que quedase en las retinas de los que estamos aqu\u00ed&#8230;<\/p>\n<p>P.- \u00bfAlg\u00fan momento demasiado m\u00e1gico en alg\u00fan lugar? Ese lugar donde pintaste, esa firma que tanto te cost\u00f3, esa vez que te escapaste por los pelos&#8230; No s\u00e9, seguro que alguna vez se te ha quedado grabado a fuego&#8230;<\/p>\n<p>R.- Todos los extintorazos que he hecho tienen un significado especial<\/p>\n<p>P.- Creo que el graffiti es vandalismo, \u00bfme podr\u00edas intentar convencer de lo contrario?<\/p>\n<p>R.- Vandalismo Ilustrado<\/p>\n<p>P.- \u00bfPintas en la intimidad o solo en sitios p\u00fablicos? Y si pintas tambi\u00e9n solo para ti, \u00bfqu\u00e9 pintas? \u00bfTambi\u00e9n corazones? \ud83d\ude09<\/p>\n<p>R.- En estos momentos estoy trabajando con t\u00e9cnicas diferentes a la pintura. <\/p>\n<p>P.- \u00bfQui\u00e9n o qu\u00e9 te inspira?<\/p>\n<p>R.- La ciudad<\/p>\n<p>P.- \u00bfCu\u00e1ndo comenzaste con el graffiti?<\/p>\n<p>R.- Esta es una pregunta obligada<\/p>\n<p>P.- \u00bfA qu\u00e9 te gustar\u00eda dedicarte de mayor? \u00bfTe ves dejando firmas y escalando edificios con 80 a\u00f1os? Ser\u00e1s un abuelillo en forma \ud83d\ude09<\/p>\n<p>R.- No me importar\u00eda seguir ech\u00e1ndome tags con Nero D`Inferno<\/p>\n<p>P.- \u00bfEs cierto que las chicas matan el grafiti?<\/p>\n<p>R.- No s\u00e9, d\u00edmelo t\u00fa<\/p>\n<p>P.- \u00bfY nos puedes decir qu\u00e9 otras t\u00e9cnicas est\u00e1s trabajando? Es que me interesa mucho tu obra y quiero saber m\u00e1s \ud83d\ude42<\/p>\n<p>R.- Soy muy prudente con ese tipo de cosas. ya lo ver\u00e1s cuando est\u00e9 listo<\/p>\n<p>P.- \u00bfPor qu\u00e9 Neko Was Here?<\/p>\n<p>R.- No puedes estar seguro de que NEKO estuviese aqu\u00ed&#8230;<\/p>\n","protected":false},"excerpt":{"rendered":"<p>Provocador, agitador de conciencias, controvertido personaje&#8230; El escritor de graffiti, que inaugura la exposici\u00f3n One Name Army en la iam Gallery de Madrid, ha charlado en directo con los oyentes.<\/p>\n","protected":false},"author":1,"featured_media":0,"comment_status":"open","ping_status":"open","sticky":false,"template":"","format":"standard","meta":{"footnotes":""},"categories":[],"tags":[],"class_list":["post-10574","post","type-post","status-publish","format-standard","hentry"],"_links":{"self":[{"href":"https:\/\/intervius.com\/index.html\/wp-json\/wp\/v2\/posts\/10574","targetHints":{"allow":["GET"]}}],"collection":[{"href":"https:\/\/intervius.com\/index.html\/wp-json\/wp\/v2\/posts"}],"about":[{"href":"https:\/\/intervius.com\/index.html\/wp-json\/wp\/v2\/types\/post"}],"author":[{"embeddable":true,"href":"https:\/\/intervius.com\/index.html\/wp-json\/wp\/v2\/users\/1"}],"replies":[{"embeddable":true,"href":"https:\/\/intervius.com\/index.html\/wp-json\/wp\/v2\/comments?post=10574"}],"version-history":[{"count":0,"href":"https:\/\/intervius.com\/index.html\/wp-json\/wp\/v2\/posts\/10574\/revisions"}],"wp:attachment":[{"href":"https:\/\/intervius.com\/index.html\/wp-json\/wp\/v2\/media?parent=10574"}],"wp:term":[{"taxonomy":"category","embeddable":true,"href":"https:\/\/intervius.com\/index.html\/wp-json\/wp\/v2\/categories?post=10574"},{"taxonomy":"post_tag","embeddable":true,"href":"https:\/\/intervius.com\/index.html\/wp-json\/wp\/v2\/tags?post=10574"}],"curies":[{"name":"wp","href":"https:\/\/api.w.org\/{rel}","templated":true}]}}