{"id":10504,"date":"2010-06-03T00:00:00","date_gmt":"2006-11-06T00:00:00","guid":{"rendered":"https:\/\/intervius.com\/index.html\/?p=10504"},"modified":"2006-11-06T00:00:00","modified_gmt":"2006-11-06T00:00:00","slug":"Carlos_Boyero10504","status":"publish","type":"post","link":"https:\/\/intervius.com\/index.html\/Carlos_Boyero10504\/","title":{"rendered":"Carlos Boyero"},"content":{"rendered":"<p>Pregunta.- Ten\u00eda que pasar tarde o temprano: le han dado la Palma de oro a ese tailand\u00e9s inombrable. V\u00ed una pel\u00edcula suya, no s\u00e9 cu\u00e1l, y a poco estuve del suicidio y de gritar que hicieran lo mismo mis vecinos, de las ganas de gritar de aburrimiento que ten\u00eda. Ha nacido otro Godard, \u00a1qu\u00e9 bien!<\/p>\n<p>Respuesta.- Esa Palma de Oro supone la legitimaci\u00f3n acad\u00e9mica de la impostura, de la nader\u00eda con pretensiones, de la pseudol\u00edrica. Desgraciadamente, yo me he tenido que tragar todas sus pel\u00edculas (sin llegar al final en la mayor\u00eda de ellas) y tampoco recuerdo nada agradable de ellas, incluidos sus t\u00edtulos. Lo \u00fanico que deseo es que el cine de este se\u00f1or se estrene comercialmente y el p\u00fablico pueda juzgar por s\u00ed mismo lo que el jurado de Cannes y gran parte de la cr\u00edtica consideran imprescindible.<\/p>\n<p>P.- \u00bfQu\u00e9 pasa con Boyero y cia? \u00bfEs verdad que desaparece el programa? Seria una gran perdida.<\/p>\n<p>R.- La semana pasada grabamos el \u00faltimo programa. Ha durado cuatro a\u00f1os, demasiado tiempo para un programa de televisi\u00f3n. Ha sido una experiencia bonita. Trabajar con ese equipo era como encontrarte con los amigos. Y adem\u00e1s, te pagaban. <\/p>\n<p>P.- Yo siempre me he preguntado si los malos de la vida real quieren que ganen los malos en las pel\u00edculas.<\/p>\n<p>R.- Siempre est\u00e1n con los buenos y los finales felices. Los malos pierden muy pocas veces en la vida real. Pero qu\u00e9 alegr\u00eda las victorias p\u00edrricas contra ellos. <\/p>\n<p>P.- \u00bfNunca so\u00f1\u00f3 con con ser llamado monsier Boyero, vestir gabardina y sombrero, llevar pistola y ser un personaje melvilliano?<\/p>\n<p>R.- Ni siquiera sue\u00f1o con ser yo mismo. Soy demasiado bocazas para acercarme a un existencialista personaje de Jean Pierre Melville. Me sientan fatal los sombreros y seguro que si tengo una pistola en la mano acabo en mi torpeza dispar\u00e1ndome a m\u00ed mismo. Y ya sabe usted: no hay soledad m\u00e1s terrible que la del samurai, salvo tal vez la del tigre en la selva. Y ya sabe usted: hagan lo que hagan, determinados hombres est\u00e1n destinados a acabar en el c\u00edrculo rojo. Y ya sabe usted: amargos recuerdos, regresad, vosotros sois mi juventud. <\/p>\n<p>P.- \u00bfRealmente usted se cree tan inteligente o es una pose?<\/p>\n<p>R.- \u00bfUsted se cree tan simple o es una pose?<\/p>\n<p>P.- \u00bfQu\u00e9 te parece que Florentino nos haya subido los abonos un 15%? Conseguir\u00e1 que solo vayan al f\u00fatbol los que \u00e9l quiera<\/p>\n<p>R.- Como todo en la vida. Las crisis siempre son cosa de pobres. Qu\u00e9 grima me va a dar ver a Mourinho cada vez que juegue el Madrid. \u00d3jala me haga cambiar de opini\u00f3n. Y por supuesto, renovar\u00e9 mi abono. Por si acaso. <\/p>\n<p>P.- \u00bfAceptas a becarios? Estoy dispuesto a no cobrar nada s\u00f3lo parar trabajar unos meses contigo.<\/p>\n<p>R.- Le decepcionar\u00eda. Pero acostumbro a llevarme mejor con los becarios que con los fijos. Excepto con los trepas. Y tengo un olfato privilegiado. <\/p>\n<p>P.- En un futuro m\u00e1s o menos pr\u00f3ximo, \u00bfacabaremos todos igual que Valdano, siendo adoradores de Mou?<\/p>\n<p>R.- Por primera vez, mi admirado Valdano me est\u00e1 decepcionando. Nada grave. Act\u00faa como un pol\u00edtico. Qu\u00e9 conmovedor que haya desaparecido la vieja agresividad entre \u00e9l y Mourinho. El poder logra poner de acuerdo a los inconciliables. Nada que objetar por mi parte si a partir de ahora el Real Madrid juega maravillosamente, si comienza a parecerse al Barcelona. <\/p>\n<p>P.- \u00bfHas ido a hacer footing alguna vez en tu vida? \u00c9sta nunca te la hicieron&#8230;<\/p>\n<p>R.- Es usted muy gracioso. Tambi\u00e9n original. En una \u00e9poca bastante heavy alguien se empe\u00f1\u00f3 en que subiera a un monte para respirar aire puro. Me dio una lipotimia. Se me ocurren infinitas actividades menos peligrosas y salvajes que hacer footing. <\/p>\n<p>P.- Hola, pap\u00e1. Tengo tantas preguntas&#8230;Mi madre qued\u00f3 embarazada en Cannes, 1990. Jura que tu eres el culpable y adem\u00e1s la gente dice que somos igualitos. \u00bfTe acuerdas de ese a\u00f1o, o estabas demasiado borracho como para acordarte de algo?<\/p>\n<p>R.- S\u00f3lo por recordarme mi involuntaria paternidad, le voy a desheredar. Eso le ocurre por ir de listo. <\/p>\n<p>P.- Carlos, \u00bfel cine co\u00f1azo-modernillo ha existido siempre en los festivales de cine, o es una moda de reciente aparici\u00f3n? <\/p>\n<p>R.- Siempre ha existido, bajo distintos disfraces, explotando modas. Pero yo antes dispon\u00eda de m\u00e1s fuerza. Ahora me pilla agotado. Demasiado hast\u00edo, pero no s\u00e9 de qu\u00e9 otra forma podr\u00eda ganarme la vida. <\/p>\n<p>P.- Buenas tardes Sr Boyero. \u00bfFue &#8220;Terciopelo azul&#8221; la mejor interpretaci\u00f3n de la carrera de Dennis Hopper? Viendo que durante ciertos a\u00f1os usted tuvo h\u00e1bitos semejantes, \u00bfle hace reflexionar o simplemente pasa p\u00e1gina? Un abrazo y gracias.<\/p>\n<p>R.- No me gusta Terciopelo azul. No siento ning\u00fan respeto por el Hopper director ni me resulta inquietante su personalidad delante de la c\u00e1mara. Eso s\u00ed, recuerdo haber pasado una noche bastante demencial en su compa\u00f1\u00eda hace 30 a\u00f1os. Yo andaba tan colgado como \u00e9l. Probablemente por eso me result\u00f3 muy simp\u00e1tico. Revise la mitificada Easy rider. Es mediocre, y a ratos grotesca. Lo \u00fanico admirable en ella es la interpretaci\u00f3n de Jack Nicholson y la excelente banda sonora. El resto es un tripi chungo.<\/p>\n<p>P.- \u00bfCurrando un festivo? lo tarificar\u00e1s aparte supongo&#8230;<\/p>\n<p>R.- Entra en mi sueldo. Siempre he currado en festivo. A lo peor, no sabr\u00eda qu\u00e9 hacer con mi vida esos d\u00edas en los que el personal descansa. Soy as\u00ed de neur\u00f3tico. <\/p>\n<p>P.- Carlos, los grandes ya est\u00e1n mayores (Eastwood, Scorsesse, Van Morrison&#8230;) por no mencionar a los que ya no est\u00e1n, y no parece que tengan un relevo visible. \u00bfCrees que en el cine y en la m\u00fasica vamos, en general, a peor? \u00bfo hay esperanza? Un abrazo crack, sigue as\u00ed.<\/p>\n<p>R.- No encuentro a gente joven que me d\u00e9 las alegr\u00edas y las impagables sensaciones que me han regalado los cl\u00e1sicos. Pero imagino que tienen que existir. Soy muy pesimista respecto a ello. A excepci\u00f3n de las fascinantes series que ha creado HBO, mi m\u00fasica, mi cine, mi literatura, pertenecen a otra \u00e9poca. A los de siempre. <\/p>\n<p>P.- Tengo muchas ganas de ver la nueva pel\u00edcula de Gonz\u00e1lez I\u00f1\u00e1rritu tr\u00e1s sus tres obras maestras,pero despu\u00e9s de leerle a usted tr\u00e1s el festival de Cannes ya temo verla cuando se estrene. \u00bfQu\u00e9 cree que ha fallado en esta pel\u00edcula?Un saludo.<\/p>\n<p>R.- Echo de menos los guiones de Arriaga. Biutiful est\u00e1 muy complacida con la sordidez, es un onanismo demasiado retorcido. Pero le juro que la interpretaci\u00f3n de Javier Bardem merece la pena. <\/p>\n<p>P.- Hola Carlos, \u00bfsabe una cosa? creo que vive del pasado. Su amor por el cine m\u00e1s tradicional y convencional le impide disfrutar con las propuestas m\u00e1s arriesgadas. Quiz\u00e1 de ah\u00ed su opini\u00f3n sobre la ganadora de Cannes.<\/p>\n<p>R.- Siempre he tenido un radar para detectar la gilipollez. Cuando era peque\u00f1ito y ahora. Tambi\u00e9n para distinguir lo aut\u00e9ntico del simulacro. Que cada uno disfrute con lo que le pida el cuerpo. Pero le aseguro que he intentado no enga\u00f1arme jam\u00e1s a m\u00ed mismo respecto a lo que amo y lo que desprecio. Tengo un mill\u00f3n de defectos pero no soy un mentiroso. <\/p>\n<p>P.- \u00bfEs buena &#8220;Trem\u00e9&#8221; o m\u00e1s bien decepcionante?<\/p>\n<p>R.- El primer cap\u00edtulo era extraordinario, con el sello de David Simon. Pero voy a esperar a que salga la primera temporada en dvd. Es la \u00fanica forma de ver adecuadamente las series. No quiero imaginarme la que puede haber armado el doblaje al castellano de esos negros de Nueva Orleans. <\/p>\n<p>P.- \u00bfCon qui\u00e9n tendr\u00eda una cita: con Ruth Fisher o con Carmela Soprano? A m\u00ed me seducen ambas.<\/p>\n<p>R.- \u00bfUna cita para qu\u00e9? Concrete. <\/p>\n<p>P.- \u00bfApoyar\u00eda Ud. que en Espa\u00f1a se estableciera una cuota de pantalla, similar a la que existe en Francia, para las pel\u00edculas de factor\u00eda nacional? Muchas gracias<\/p>\n<p>R.- Detesto todo tipo de factor\u00edas nacionales. S\u00f3lo me gusta el buen cine. Ya s\u00e9 que el cine espa\u00f1ol pasa la vida exaltando el modelo franc\u00e9s, la forma de sacarle m\u00e1s pasta al estado. Es un tema ante el que inevitablemente me aparece una mueca de sarcasmo. <\/p>\n<p>P.- Hola Carlos, \u00bfEres consciente de que la mayor parte de la gente que te pregunta en el blog es con el objetivo de ver su pregunta publicada y comprobar as\u00ed que piensas que es una pregunta inteligente a\u00fan no concordando con ella? \u00bferes consciente de que yo estoy haciendo lo mismo, harto de que no me publiquen ninguna? um saludo<\/p>\n<p>R.- Publicado est\u00e1. De nada. <\/p>\n<p>P.- Me alucina tu paciencia a veces contestando memeces&#8230;Por eso no voy a preguntarte ninguna. Me solidarizo contigo.<\/p>\n<p>R.- Gracias por su comprensi\u00f3n. <\/p>\n<p>P.- \u00bfQu\u00e9 te parece la sentencia del Supremo condenando a Pepe Rubianes? \u00bfLo van a castigar v\u00eda g\u00fcija?<\/p>\n<p>R.- Desconozco el tema, pero suena a surrealismo. Vi un par de veces a Rubianes en el escenario. Me parec\u00eda un genio. La larga conversaci\u00f3n entre Buenafuente y \u00e9l me afianza en la vida cuando estoy en horas bajas. <\/p>\n<p>P.- \u00bfqu\u00e9 crees que les est\u00e1 pasando a directores como la Coixet, M\u00e9dem&#8230; que \u00faltimamente no hacen m\u00e1s que bodrios infumables? \u00bfqu\u00e9 opinas de la \u00faltima de M\u00e9dem?<\/p>\n<p>R.- Es usted muy piadoso utilizando el t\u00e9rmino &#8220;\u00faltimamente&#8221;. Lo m\u00ednimo exigible a Habitaci\u00f3n en Roma, con esas dos sugerentes se\u00f1oras dese\u00e1ndose tanto, era que te excitara. Pues ni eso. De Isabel Coixet me gust\u00f3 mucho Cosas que nunca te dije. Tierra, de Medem, tambi\u00e9n me removi\u00f3. No he vuelto a verlas. El resto de la obra de estos directores tan autoconvencidos de su arte me provoca alergia. Siempre he detestado la cursiler\u00eda. <\/p>\n","protected":false},"excerpt":{"rendered":"<p>Finalizado el Festival de Cannes, Carlos Boyero, uno de los m\u00e1s populares e influyentes cr\u00edticos de cine y feroz columnista de televisi\u00f3n, de cine y de la vida en general, vuelve a acudir a su cita semanal con los internautas.<br \/>\nFoto: Bernardo P\u00e9rez<br \/>\nARCHIVO DE ENTREVISTAS:<br \/>\n20 de mayo 13 de mayo<br \/>\n22 de abril- 15 de abril<br \/>\n8 de abril &#8211; 25 de marzo<br \/>\n&#8211; 18 de marzo &#8211; 11 de marzo<br \/>\n&#8211; 4 de marzo &#8211; 18 de febrero<br \/>\n&#8211; 4 de febrero &#8211; 28 de enero<br \/>\n&#8211; 21 de enero &#8211; 14 de enero<br \/>\n7 de enero &#8211; 17 de diciembre<br \/>\n10 de diciembre &#8211; 3 de diciembre<br \/>\n26 de noviembre &#8211; 19 de noviembre<br \/>\n12 de noviembre &#8211; 5 de noviembre<br \/>\n29 de octubre &#8211; 22 de octubre<br \/>\n15 de octubre &#8211; 8 de octubre<br \/>\n24 de septiembre<br \/>\n-3 de septiembre &#8211; 23 de julio<br \/>\n&#8211; 9 de julio &#8211; 2 de julio<br \/>\n25 de junio &#8211; 18 de junio<br \/>\n11 de junio &#8211; 4 de junio<br \/>\n21 de mayo 14 de mayo<br \/>\n7 de mayo &#8211; 30 de abril<br \/>\n23 de abril &#8211; 14 de abril<br \/>\n2 de abril &#8211; 26 de marzo<br \/>\n12 de marzo &#8211; 5 de marzo<br \/>\n26 de febrero &#8211; 12 de febrero<br \/>\n5 de febrero &#8211; 22 de enero<br \/>\n15 de enero &#8211; 18 de diciembre<br \/>\n11 de diciembre &#8211; 4 de diciembre<br \/>\n27 de noviembre &#8211; 20 de noviembre<br \/>\n13 de noviembre &#8211; 6 de noviembre<br \/>\n30 de octubre &#8211; 16 de octubre<br \/>\n9 de octubre &#8211; 25 de septiembre<br \/>\n18 de septiembre -04 de septiembre<br \/>\n28 de agosto &#8211; 17 de julio<br \/>\n10 de julio &#8211; 3 de julio<br \/>\n26 de junio &#8211; 19 de junio<br \/>\n12 de junio &#8211; 5 de junio<br \/>\n22 de mayo &#8211; 15 de mayo<br \/>\n8 de mayo &#8211; 24 de abril<br \/>\n17 de abril &#8211; 10 de abril<br \/>\n3 de abril &#8211; 13 de marzo<br \/>\n6 de marzo &#8211; 28 de febrero<br \/>\n14 de febrero &#8211; 08 de febrero<br \/>\n31 de enero &#8211; 24 de enero<br \/>\n17 de enero &#8211; 3 de enero<br \/>\n27 de diciembre &#8211; 20 de diciembre<br \/>\n13 de diciembre &#8211; 07 de diciembre<br \/>\n29 de noviembre &#8211; 22 de noviembre<br \/>\n15 de noviembre &#8211; 08 de noviembre<br \/>\n02 de noviembre -25 de octubre<\/p>\n<p>Carlos Boyero, en lalistaWIP.com<\/p>\n","protected":false},"author":1,"featured_media":0,"comment_status":"open","ping_status":"open","sticky":false,"template":"","format":"standard","meta":{"footnotes":""},"categories":[],"tags":[],"class_list":["post-10504","post","type-post","status-publish","format-standard","hentry"],"_links":{"self":[{"href":"https:\/\/intervius.com\/index.html\/wp-json\/wp\/v2\/posts\/10504","targetHints":{"allow":["GET"]}}],"collection":[{"href":"https:\/\/intervius.com\/index.html\/wp-json\/wp\/v2\/posts"}],"about":[{"href":"https:\/\/intervius.com\/index.html\/wp-json\/wp\/v2\/types\/post"}],"author":[{"embeddable":true,"href":"https:\/\/intervius.com\/index.html\/wp-json\/wp\/v2\/users\/1"}],"replies":[{"embeddable":true,"href":"https:\/\/intervius.com\/index.html\/wp-json\/wp\/v2\/comments?post=10504"}],"version-history":[{"count":0,"href":"https:\/\/intervius.com\/index.html\/wp-json\/wp\/v2\/posts\/10504\/revisions"}],"wp:attachment":[{"href":"https:\/\/intervius.com\/index.html\/wp-json\/wp\/v2\/media?parent=10504"}],"wp:term":[{"taxonomy":"category","embeddable":true,"href":"https:\/\/intervius.com\/index.html\/wp-json\/wp\/v2\/categories?post=10504"},{"taxonomy":"post_tag","embeddable":true,"href":"https:\/\/intervius.com\/index.html\/wp-json\/wp\/v2\/tags?post=10504"}],"curies":[{"name":"wp","href":"https:\/\/api.w.org\/{rel}","templated":true}]}}