{"id":10495,"date":"2010-05-25T00:00:00","date_gmt":"2006-11-06T00:00:00","guid":{"rendered":"https:\/\/intervius.com\/index.html\/?p=10495"},"modified":"2006-11-06T00:00:00","modified_gmt":"2006-11-06T00:00:00","slug":"Maldini10495","status":"publish","type":"post","link":"https:\/\/intervius.com\/index.html\/Maldini10495\/","title":{"rendered":"Maldini"},"content":{"rendered":"<p>Pregunta.- hola julio,que posibilidades le ves a Grecia para que pase de grupo?\u00bfcual es su mejor jugador?<\/p>\n<p>Respuesta.- Francamente no muchas. Con Argentina en su grupo y equipos como Corea del Sur (f\u00edsicamente muy preparada y agresiva) y Nigeria le va a ser muy dif\u00edcil pasar. Para m\u00ed los dos mejores son Samaras y Karagounis. <\/p>\n<p>P.- Hola, crack \u00bfqu\u00e9 crees que pasar\u00e1 con Hart despu\u00e9s de su gran a\u00f1o en el Birmingham? \u00bfCrees que Foster vale para ocupar el hueco en la porter\u00eda?<\/p>\n<p>R.- Buena temporada de Hart aunque m\u00e1s a menos. Si te refieres al Man Utd Foster cuando ha tenido que salir lo ha hecho bien, creo que es una buena soluci\u00f3n. Para la selecci\u00f3n Hart est\u00e1 claramente por delante<\/p>\n<p>P.- en este mundial no piensas que una seleccion africa como ghana podria lleguar a jugar las semifinales<\/p>\n<p>R.- Desde luego Ghana no creo. Muchos problemas atr\u00e1s y varios jugadores muy j\u00f3venes. Campeones del mundo sub-20 (Apam, Inkoom, Aywe etc) que aun necesitan m\u00e1s adaptacion. Para m\u00ed si un africano tiene opciones de llegar lejos es Costa de Marfil. <\/p>\n<p>P.- Hola crack!Me gustar\u00eda preguntar varias cosas. La primera,que piensas de Lavezzi y Z\u00e1rate?Yo los atar\u00eda para el Bar\u00e7a sin pens\u00e1rmelo mucho,la verdad es que creo que est\u00e1n muy infravalorados en el mercado,y suplir\u00edan a la perfecci\u00f3n la baja de Henry.Que opinas tu? La segunda,crees que Tour\u00e9 deber\u00eda abandonar el Bar\u00e7a?Yo creo que es muy necesario,est\u00e1 muy por encima de Busquets no crees? Y la tercera y \u00faltima,de cara al mundial,crees que va a haber un bombazo de alguna selecci\u00f3n tapada?Yo apuesto por el declive(merecido) de Brasil y las sorpresas para la mayor\u00eda de aficionados de Costa de Marfil(tiene jugadores como Kalou,Drogba,los Tour\u00e9,Ebou\u00e9,Gervinho,Kader Keita,Zokora) y Holanda,a la cual parece que nadie le tiene en consideraci\u00f3n pese a ganar 10 de 10 en la clasificaci\u00f3n.C\u00f3mo lo ves tu? Gracias por contestarme!Es un lujo poder contar con alguien con el que se pueda hablar a fondo de f\u00fatbol internacional!<\/p>\n<p>R.- Hola Ricardo. Si te parece y para tener tiempo de contestar a m\u00e1s gente te contesto a la primera. Lavezzi me gusta mucho, es r\u00e1pido, h\u00e1bil, descarado, aunque algo irregular, Muy similar a Z\u00e1rate. No creo que est\u00e9n infravalorados en el mercado, la verdad<\/p>\n<p>P.- Como ve usted a la selecci\u00f3n uruguaya en el mundial? desde ya, muchas gracias y saludos desde Uruguay<\/p>\n<p>R.- Veo una muy buena defensa, gran delanteta pero problemas en el medio. Poco juego por ah\u00ed, sobre todo en la salida de bal\u00f3n. NO va a tener m\u00e1s remedio que jugar un f\u00fatbol directo. Le faltan jugadores de banda, y eso es un problema. Conf\u00edo en Lodeiro,que juegue por detr\u00e1s de los puntas Su\u00e1rez y Forl\u00e1n<\/p>\n<p>P.- Hola crack!!me encantan tu programa, tu blog y tus entrevistas. \u00bfCrees que habr\u00eda alguna alineaci\u00f3n posible para hacer frente al barcelona (para mi Real Madrid)? La m\u00eda ser\u00eda: Casillas-Maicon-Pepe-Ramos-Bale-Xabi Alonso-J.Mart\u00ednez-Silva-Cristiano-Higuain-Benzema.Unos 90 millones de euros que no esta mal. \u00bfVes algun cambio oportuno?\u00bfCrees que con este equipo se le podria hacer frente? Un abrazo figura.<\/p>\n<p>R.- Para ganarle la liga al Barcelona (frente el Real Madrid lo ha hecho ya peleando hasta la \u00faltima jornada), hace falta m\u00e1s que jugadores. Tengo la sensaci\u00f3n de que cuanto m\u00e1s le apriete el Real Madrid m\u00e1s mejora el Barcelona. Con Villa ha dado un salto mayor. Francamente considerar\u00e9 al Barcelona favorito para la pr\u00f3xima liga. <\/p>\n<p>P.- Dejara Wenger marchar a Cesc? Arteta podria sustituirle? Es parecido el perfil de Cesc al de Silva? Un saludo Maldini!<\/p>\n<p>R.- S\u00ed creo que Wenger dejar\u00e1 marchar a Fabregas, Arteta arranca desde m\u00e1s atr\u00e1s pero ser\u00eda un buen sustituto en el Arsenal. Y Silva y Cesc son simillares, pero Fabregas abarca m\u00e1s campo, yo le considero algo mejor., <\/p>\n<p>P.- Soy periodista deportivo de Argentina, vivo en Argentina y me gustar\u00eda saber c\u00f3mo hago para conseguir la Gu\u00eda As del Mundial<\/p>\n<p>R.- Promet\u00ed en mi twitter @maldinisport decir c\u00f3mo se puede comprar la Guia AS fuera de Espa\u00f1a. Lo har\u00e9 en cuanto lo sepa<\/p>\n<p>P.- Hola crack. \u00bfEsta di Maria entre los mejores extremos del mundo? ordenamelos segun tu gusto Ribery, Robben, di Maria, Nani y Navas<\/p>\n<p>R.- Desde luego que lo est\u00e1. Dif\u00edcil me lo pones. Por momento actual Robben el mejor, luego Di Maria, Navas, Nani y Ribery,. <\/p>\n<p>P.- julio \u00bfque te parece bruno alves?un saludo makina <\/p>\n<p>R.- Un buen central, contundente con aceptable salida de bal\u00f3n y buen juego a\u00e9reo. <\/p>\n<p>P.- maldini que te parecen los medios de EEUU bradley y clark ? <\/p>\n<p>R.- Bradley es el mejor de Estados Unidos, Clark le ayuda bien, trabaja al lado suyo. Equipo duro el de EEUU, sin duda. <\/p>\n<p>P.- Qu\u00e9 te pareci\u00f3 la convocatoria de Del Bosque?? Hecho en falta a Cuellar por Marchena&#8230; <\/p>\n<p>R.- S\u00ed, Marchena es el \u00fanico jugador que chirr\u00eda un poco, pero creo que est\u00e1 por poder jugar de central o mediocentro. No creo que le veamos en el mundial de todos modos<\/p>\n<p>P.- ser\u00e1 titular el defensa chileno ponce? un saludo crack!!<\/p>\n<p>R.- Con Bielsa nunca se sabe, pero ahora mismo creo que es indiscutible ya sea en defensa de tres o de cuatro. Bielsa var\u00eda a veces en eso aunque prefiere de la tres. <\/p>\n<p>P.- \u00bfTe parece buena idea lo de fichar a Maicon teniendo a Ramos? \u00bflo prefieres (a Sergio) de lateral o de central? Saludos Julio.<\/p>\n<p>R.- S\u00ed, como lateral Maicon es muy superior y a SR le prefiero como central, <\/p>\n<p>P.- Hola Maldini! \u00bfSoldado, Colunga, Gameiro, Gignac o Aduriz?\u00bfQue dupla eleguir\u00edas?\u00bfPor qu\u00e9? gracias figura!<\/p>\n<p>R.- Soldado-Aduriz as\u00ed a simple vista. Gignac es bueno pero le considero solo un jugador de rachas, me tiene que convencer m\u00e1s. <\/p>\n<p>P.- \u00bfQu\u00e9 te parece Coentrao que aparece hoy en la portada de As? \u00bfEn qu\u00e9 mejora a Marcelo? Parece que es muy joven y estuvo cedido en Zaragoza, pero no s\u00e9 mucho m\u00e1s. \u00bfNo ser\u00eda mejor David Luiz? Saludos.<\/p>\n<p>R.- Coentrao es un jugador mucho mejor defensivamente, puede jugar lateral o mediocampo, es de esos jugadores que se lo dejan todo y que tanto gustana Mourinho. Ser\u00eda una pena que no contase con Marcelo que me parece un jugador aun muy aprovechable<\/p>\n<p>P.- Hola Maldini \u00bfcrees que Silva puede ser un jugador del gusto de Mourinho? Tengo entendido que lo quer\u00eda Pellegrini, pero desconozco si podr\u00eda ser del agrado de Mou. Yo creo que s\u00ed, pero me gustar\u00eda saber su opini\u00f3n. Saludos.<\/p>\n<p>R.- Convencido estoy de que a Mourinho le gustan los buenos jugadores y Silva lo es, aunque creo que un escal\u00f3n por debajo de Iniesta o Xavi. <\/p>\n<p>P.- \u00bfQu\u00e9 te parece el nombramiento de Blanc como nuevo seleccionador franc\u00e9s? Yo creo que si trabaja con coherencia, Francia tiene una generaci\u00f3n de jugadores a los que se le puede sacar gran partido y ser\u00eda una candidata seria para la Euro 2012 \u00bft\u00fa que crees?<\/p>\n<p>R.- Hola Nadia. S\u00ed, me encanta Blanc y lo que hizo en Burdeos. Era evidente que le ofrecer\u00edan la selecci\u00f3n en la era post Domenech. Creo que es una gran noticia para Francia. <\/p>\n<p>P.- Hola crack! Esta pregunta me qued\u00f3 sin contestar la \u00faltima vez. Por qu\u00e9 pareja de centrales apostar\u00edas para Espa\u00f1a en el mundial?<\/p>\n<p>R.- Puyol-Piqu\u00e9 que creo que ser\u00e1 la titular. <\/p>\n<p>P.- Hola maldini.Cuando sale la guia as para el mundial.que esperas de la proxima temporada del liverpool.<\/p>\n<p>R.- La Gu\u00eda AS ya la hemos cerrado, est\u00e1 en imprenta etc etc. Son casi 300 p\u00e1ginas lleva un proceso largo. Estar\u00e1 con muchos d\u00edas de antelaci\u00f3n al mundial no te preocupes<\/p>\n","protected":false},"excerpt":{"rendered":"<p>El periodista experto en f\u00fatbol internacional acude a su cita semanal con los lectores. Maldini ha charlado con los internautas sobre la actualidad del f\u00fatbol internacional. <\/p>\n<p>ARCHIVO DE ENTREVISTAS:<br \/>\n18 de mayo de 2009 &#8211; 11 de mayo de 2009 &#8211; 04 de mayo de 2009 &#8211; 20 de abril de 2009 &#8211; 13 de abril de 2009 &#8211; 06 de abril de 2009 &#8211; 23 de marzo de 2009 &#8211; 16 de marzo de 2009 &#8211; 09 de marzo de 2009 &#8211; 02 de marzo de 2009 &#8211; 23 de febrero de 2009 &#8211; 16 de febrero de 2009 &#8211; 09 de febrero de 2009 &#8211; 03 de febrero de 2009 &#8211; 26 de enero de 2009 &#8211; 19 de enero de 2009 &#8211; 12 de enero de 2009 &#8211; 05 de enero de 2009 &#8211; 22 de diciembre de 2009 &#8211; 15 de diciembre de 2009 &#8211; 9 de diciembre de 2009 &#8211; 1 de diciembre de 2009 &#8211; 3 de noviembre de 2009 &#8211; 27 de octubre de 2009 &#8211; 20 de octubre de 2009 &#8211; 13 de octubre de 2009 -29 de septiembre de 2009 &#8211; 22 de septiembre de 2009 &#8211; 15 de septiembre de 2009 &#8211; 08 de septiembre de 2009 &#8211; 01 de septiembre de 2009 &#8211; 25 de agosto del 2009 &#8211; 18 de agosto del 2009 &#8211; 11 de agosto del 2009 &#8211; 04 de agosto del 2009 &#8211; 23 de junio del 2009 &#8211; 16 de junio del 2009 &#8211; 09 de junio del del 2009 &#8211; 02 de junio del 2009 &#8211; 26 de mayo del 2009 &#8211; 19 de mayo del 2009 &#8211; 12 de mayo del 2009 &#8211; 5 de mayo del 2009 &#8211; 28 de abril del 2009 &#8211; 21 de abril del 2009 &#8211; 14 de abril del 2009 &#8211; 7 de abril del 2009 &#8211; 31 de marzo del 2009 &#8211; 10 de marzo del 2009 &#8211; 3 de marzo del 2009 &#8211; 24 de febrero del 2009 &#8211; 17 de febrero del 2009 &#8211; 11 de febrero del 2009 &#8211; 3 de febrero del 2009 &#8211; 27 de enero del 2009 &#8211; 13 de agosto del 2008 &#8211; 28 de junio del 2008 &#8211; 6 de junio del 2008 <\/p>\n<p>TWITTER DE MALDINI <\/p>\n","protected":false},"author":1,"featured_media":0,"comment_status":"open","ping_status":"open","sticky":false,"template":"","format":"standard","meta":{"footnotes":""},"categories":[],"tags":[],"class_list":["post-10495","post","type-post","status-publish","format-standard","hentry"],"_links":{"self":[{"href":"https:\/\/intervius.com\/index.html\/wp-json\/wp\/v2\/posts\/10495","targetHints":{"allow":["GET"]}}],"collection":[{"href":"https:\/\/intervius.com\/index.html\/wp-json\/wp\/v2\/posts"}],"about":[{"href":"https:\/\/intervius.com\/index.html\/wp-json\/wp\/v2\/types\/post"}],"author":[{"embeddable":true,"href":"https:\/\/intervius.com\/index.html\/wp-json\/wp\/v2\/users\/1"}],"replies":[{"embeddable":true,"href":"https:\/\/intervius.com\/index.html\/wp-json\/wp\/v2\/comments?post=10495"}],"version-history":[{"count":0,"href":"https:\/\/intervius.com\/index.html\/wp-json\/wp\/v2\/posts\/10495\/revisions"}],"wp:attachment":[{"href":"https:\/\/intervius.com\/index.html\/wp-json\/wp\/v2\/media?parent=10495"}],"wp:term":[{"taxonomy":"category","embeddable":true,"href":"https:\/\/intervius.com\/index.html\/wp-json\/wp\/v2\/categories?post=10495"},{"taxonomy":"post_tag","embeddable":true,"href":"https:\/\/intervius.com\/index.html\/wp-json\/wp\/v2\/tags?post=10495"}],"curies":[{"name":"wp","href":"https:\/\/api.w.org\/{rel}","templated":true}]}}