{"id":10491,"date":"2012-06-19T00:00:00","date_gmt":"2006-11-06T00:00:00","guid":{"rendered":"https:\/\/intervius.com\/index.html\/?p=10491"},"modified":"2006-11-06T00:00:00","modified_gmt":"2006-11-06T00:00:00","slug":"Alfredo_Relano10491","status":"publish","type":"post","link":"https:\/\/intervius.com\/index.html\/Alfredo_Relano10491\/","title":{"rendered":"Alfredo Rela\u00f1o"},"content":{"rendered":"<p>Pregunta.- Hola Alfredo. Yo creo que esta eurocopa va a ser muy cara. Tenemos mas talento que los demas pero todos nos conocen y saben com jugarnos. No opinas que a vece tenemos un juego muy previsible. y que opinas de Portugal, que parece que por fin ha encontrado un patron de juego. Si nos toca en semifinales nos puede complicar mucho creo yo.<\/p>\n<p>Respuesta.- Es verdad que nos pasa eso. Nos conocen, nos estudian, pasa el tiempo y unos y otros van sacando consecuencias delo que hacen otros frente a nosotros. Adem\u00e1s nos faltan Villa y Puyol. Y Portugal me impone. En los tres partidos han ido a m\u00e1s, a Alemania la encerraron al final como no he visto nunca. Los otros dos partidos los remontaron. Cristiano se desat\u00f3 en el tercero. Les han unido mucho las cr\u00edticas de su pa\u00eds. Me da mucho miedo esa semifinal&#8230; \u00a1si es que llegamos a ella, que a\u00fan no estamos!<\/p>\n<p>P.- Hola Alfredo \u00bfCrees que a Espa\u00f1a le falto meter una marcha mas en el partido de ayer? \u00bfCrees que Espa\u00f1a va a variar poco su once en lo que resta de campeonato? En mi opinion creo que tenemos que mover el balon mas de banda a banda para generar mas espacios, \u00bfT\u00fa que crees? Sludos y que gane Espa\u00f1a la EURO2012<\/p>\n<p>R.- Variar\u00e1 poco. Creo que ayer no estuvo bien Xavi, no estuvo lo l\u00facido que suele, pero no pienso que haya grandes cambios. Hasta ahora han contado sobre todo doce (los once de salida ayer m\u00e1s Cesc) y Navas como primer repuesto. Est\u00e1n Cazorla, Mata, Pedro&#8230; Pero no veo qui\u00e9n podr\u00eda saltar para darles entrada, salvo que renunciara Del Bsoque al doble pivote, pero eso no creo que lo haga. <\/p>\n<p>P.- Estimado Alfredo: Tras los tres partidos jugados, algunas conclusiones sobre Espa\u00f1a. 1) Torres es ?nueve?, s\u00ed, pero para jugar al contraataque, con espacios, lo que esta selecci\u00f3n no ha tenido ni tendr\u00e1 en esta Eurocopa. Es (lo ha sido siempre) torpe con el bal\u00f3n, tiene dificultades para el control, no devuelve bien una pared. 2) El tiqui.taca del centro del campo de la Roja es mucho menos efectivo que el del Bar\u00e7a, no s\u00f3lo porque le falta Messi (Silva es muy bueno pero est\u00e1 muy lejos) sino tambi\u00e9n porque falta Alves (Arbeloa est\u00e1 lej\u00edsimo). 3) Busquets y Alonso se superponen y enrarecen el juego jugando juntos. Visto lo visto, creo que Del Bosque deber\u00eda arriesgar (nbo lo har\u00e1) y llevar el modelo original hasta sus \u00faltimas consecuencias: Sergio Ramos de vuelta al lateral derecho (habr\u00e1 m\u00e1s presencia y empuje en la banda), Javi Mart\u00ednez de central, Busquets de \u00fanico medio centro, Cesc y Silva juntos con Iniesta y Xavi, Negredo o Llorente de nueve. \u00bfQu\u00e9 opina? <\/p>\n<p>R.- En lo primero estoy bastante de acuerdo. Echo en falta a Villa. En lo segundo, a medias. Claro que Messi no est\u00e1, pero hemos visto jugar muy bien a Espa\u00f1a con este modelo, aunque es muy cierto que Arbeloa da un poquito el cante. (Los equipos le dejan solo para que el bal\u00f3n tienda a ir all\u00ed y luego van a por \u00e9l para quit\u00e1rselo). En el punto tres siempre he estado de acuerdo. Es una cosa que he discutido con alguna frecuencia con Del Bosque. Lo de Sergio de dos y otro central lo he comentado esta ma\u00f1ana. Lo que pasa es que perder\u00edamos algo en el centro de la defensa y eso es un riesgo. <\/p>\n<p>P.- Hola alfredo tu crees que con esta eurocopa se merece cristiano el balon de oro un saludo para todo el as.<\/p>\n<p>R.- Cuando acabe la Eurocopa lo veremos. Ha hecho dos partidos flojos y uno buen\u00edismo. Si hace tres m\u00e1s como el \u00faltimo&#8230; \u00a1Pero no nos conviene!<\/p>\n<p>P.- hola Alfredo. \u00bfPorque se est\u00e1 criticando tanto el partido de ayer cuando en el mundial sufrimos todos los partidos y no se gano por mas de un gol de diferencia?<\/p>\n<p>R.- Creo que en ninguno pasamos tanto miedo como en el de ayer. O quiz\u00e1 es que ya lo hemos olvidado.<\/p>\n<p>P.- Hola Alfredo \u00bfCrees que la poca rotaci\u00f3n que esta teniendo Espa\u00f1a afectara en cuartos, semifinales y final? \u00bfNo es mejor jugar con un 4-2-3-1 que con un 4-3-3? Saludos<\/p>\n<p>R.- A m\u00ed como m\u00e1s me ha gustado este equipo es en su versi\u00f3n oroginal en Espa\u00f1a, con un medio centro. (Senna en la anterior Eurocopa, Busquets en el Bar\u00e7a). En cuanto a la poca rotaci\u00f3n seguramente es algo que les ocurra a los dem\u00e1s. Tampoco veo que Alemania o Portugal est\u00e9n rotando. <\/p>\n<p>P.- Hola Alfredo. Que opinas del indulto Mou-Vilanova?<\/p>\n<p>R.- Que Villar siempre hace lo que le da la gana. <\/p>\n<p>P.- Estimado Alfredo. Ayer volvimos a ver que Arbeloa, ante equipos fuertes, s\u00f3lo rinde en la fase defensiva (aunque ayer ni eso). En un equipo como Espa\u00f1a, donde se le pide al lateral llegar arriba, \u00bfno habr\u00eda que dar entrada a Juanfran, que sube de manera excelente y ha terminado la temporada con un f\u00edsico envidiable? Un placer, como siempre. <\/p>\n<p>R.- A m\u00ed me parece que Arbeloa est\u00e1 dando un poco el cante. Pero Jaunfran es, a estos niveles, un mel\u00f3n sin abrir. No s\u00e9 si Del Bosque correr\u00e1 el riesgo. Yo creo que no. <\/p>\n<p>P.- Buenas,yo personalmente creo que a espa\u00f1a le vino bien el partido de ayer porque ahora todos nos ven vulnerables y eso nos quita presion pero es que puyol no esta y se nota un monton porque arbeloa no me gusta para mi es un central,piqu\u00e9 y ramos no jugaron un partido juntos en los amistosos debido a la mala planificacion y se nota falta de compenetracion.gracias por responder<\/p>\n<p>R.- Gracias. Estoy de acuerdo. Echo de menos a Puyol yo tambi\u00e9n. Ayer vi unos desajustes que me asustaron. <\/p>\n<p>P.- Hola Alfredo. Soy de los que piensan que Espa\u00f1a gana a pesar de Del Bosque. Es un buen tipo que su mayor fuerza como entrenador es saber llevar a sus jugadores, demasiado poco para el plantel que representa. Me gustar\u00eda su sincera opini\u00f3n de Del Bosque como entrenador. Gracias<\/p>\n<p>R.- Mi opini\u00f3n sobre Del Bsoque es buena como entrenador. Siento defraudarle. Tiene unos tics de prudencia (el doble pivote, respetar las jerarqu\u00edas) que me ponen nervioso, pero le resultan. Lo que s\u00ed temo ahora es que tiene reales dudas con c\u00f3mo componer la llegada y que eso se puede arrastrar al equipo. <\/p>\n<p>P.- Estimado Alfredo, \u00bfes cierto que tanto el Bar\u00e7a como la Roja han superado a todos sus rivales en posesi\u00f3n desde&#8230; MAYO DEL 2008??? Si es as\u00ed, \u00bfhay constancia de alg\u00fan record similar? S\u00e9 que la posesi\u00f3n no marca goles, pero es incre\u00edble ganarla siempre, no?<\/p>\n<p>R.- No tengo ese dato a mano, pero creo haberlo le\u00eddo. Es posible que haya habido casos en la historia, pero cuando ese tipo de cosas no se computaban. (Estoy pensando en la Hungr\u00eda de la primera mitad de los cincuenta). Es algo extraordinario. <\/p>\n<p>P.- \u00bfQu\u00e9 opina de las palabras de Mou acerca de que Espa\u00f1a no es el Barcelona porque en la selecci\u00f3n &#8220;hay 5 jugadores del Madrid&#8221;? Hombre, \u00e9l es un enorme t\u00e9cnico, y como tal debe saber que podr\u00e1n estar 15 del Madrid, pero mientras est\u00e9n Xavi e Iniesta moviendo la cintura de la selecci\u00f3n todos pensaremos en el Barcelona (para bien y para mal, pues la Roja tambi\u00e9n acarrear los vicios del equipo cul\u00e9, como el exceso de pases horizontales). <\/p>\n<p>R.- Es natural que defienda lo suyo, no le vamos a perseguir por eso. <\/p>\n<p>P.- Respeto su opini\u00f3n de que Iniesta junto con Silva fueron los mejores jugadores de campo, pero yo creo que Iniesta s\u00f3lo la oli\u00f3 en el pase de gol (f\u00e1cil para un tipo de su categor\u00eda) y Silva andaba revolucionado y perdido (cierto que era el que m\u00e1s lo intentaba, pero sin claridad) Por mi parte considero que el mejor (Casillas mediante) en el poco tiempo que estuvo, fue Cesc de largo, que aport\u00f3 criterio y claridad y fue el verdadero art\u00edfice del gol.<\/p>\n<p>R.- Lo que me gust\u00f3 de Silva fue su primer tiempo y de Iniesta, sobre todo, su final. Me pareci\u00f3 que fue el asidero de Espa\u00f1a por su entereza en varias jugadas cuando est\u00e1bamos m\u00e1s agobiado. En lo de Casillas estoy de acuerdo, as\u00ed lo refleja el peri\u00f3dico de hoy. Y Cesc aparece como el dandy. Hay que hacer justicia a Cesc en esta Eurocopa: gol a Italia, gol a Irlanda, el pase luminoso de ayer. Ha puesto mucho para que estemos como estamos. <\/p>\n<p>P.- Hola Alfredo, el d\u00eda del primer partido de Alemania, dijiste, mas o menos, que no te habia parecido para tanto o tan favorita y que eramos mejores que ellos. Una vez acabada la fase de grupos, tengo esa sensaci\u00f3n pero con Espa\u00f1a. \u00bfLo sigues viendo igual? Yo creo que nos falta un puntito en casi todo (gol, frescura, velocidad de circulacion) para ser campeones. Un saludo.<\/p>\n<p>R.- Me pasa como a ti. Tengo alg\u00fan motivo de preocupaci\u00f3n. De Alemania lo que me asombr\u00f3 fue verla zarandeada por Portugal al final. Pero va saliendo adelante con esa eficacia indefinible tan suya. De Espa\u00f1a esperaba ayer m\u00e1s. Pas\u00e9 miedo. <\/p>\n<p>P.- Buenos d\u00edas Llevamos casi 4 a\u00f1os viendo la Espa\u00f1a de Del Bosque y mi impresion es que jugamos buenos partidos contra equipos medios, pero jugamos de forma conservadora y mala contra equipos mejores. Como puede seguir empe\u00f1ado en juntar a Xabi y Busquet? no ser\u00eda mejor dejar lo que funciona en el Bar\u00e7a, (Busquet, Xavi, Iniesta) y aprovechar para meter a Pedro o Navas arriba acompa\u00f1ando a Silva y un delantero?<\/p>\n<p>R.- A m\u00ed me gusta lo que usted dice. Siempre lo escribo. \u00a1Pero ganamos la Copa del Mundo de la otra manera! Lo hablo con alguna frecuencia con Del Bosque. \u00c9l se siente seguro con ellos dos y sostiene que Xabi juega por delante de Busquets. <\/p>\n<p>P.- Antes me dec\u00eda: &#8220;Cristiano madurar\u00e1 y dejar\u00e1 de tener esos gestos inmaduros&#8221;. Pues bien, ya tiene 27 a\u00f1os, es capit\u00e1n de su selecci\u00f3n, uno de los mejores jugadores del mundo, uno de los l\u00edderes del Real Madrid (que no es poco), uno de los mejores goleadores de la Liga, etc\u00e9tera, y sin embargo, sigue teniendo ese punto de inmadurez que parece que lo acompa\u00f1ar\u00e1 durante toda su carrera. \u00bfUsted cree que a\u00fan no le llega el momento de la maduraci\u00f3n, o el tren ya se le pas\u00f3?<\/p>\n<p>R.- \u00a1Qui\u00e9n sabe! Unos maduran a los quince (raro), otros a los 18, otros a los 23, otros a los 27, otros&#8230; Ahora le obsesiona Messi, eso est\u00e1 claro, y lo deja notar, que es lo malo. <\/p>\n<p>P.- El otro d\u00eda le\u00ed en L\u00e9quipe a un central alem\u00e1n retirado (no recuerdo su nombre) que el f\u00fatbol moderno obliga a los centrales de hoy a tener una capacidad t\u00e9cnica a la altura de la que se le exig\u00eda en los 90 a un centrocampista ofensivo. Yo soy del noventa y no lo veo claro, \u00bfusted qu\u00e9 opina?.<\/p>\n<p>R.- Yo s\u00ed lo creo. Se juega much\u00edsimo mejor el bal\u00f3n ahora que antes. Y al defensa se le pide que lo juegue bien. <\/p>\n<p>P.- Hola Alfredo, quiero con toda mi alma que Espa\u00f1a lo gane todo pero&#8230;.. cuanto m\u00e1s lo veo jugar, m\u00e1s deseo que empiece la liga, cuanto echo de menos la est\u00e9tica incisiva del Barca, la intensidad, el v\u00e9rtigo y verticalidad de mi Madrid, esos entrenadores tomando decisiones de verdad y viviendo los partidos al 200%. No s\u00e9, pero todo en la actual selecci\u00f3n me resulta soso, lento, blando y plano. Hemos convertido la virtud del toque en un vicio. Espero equivocarme pero creo que algo est\u00e1 fallando y por suerte a\u00fan hay tiempo de volver a ser lo que eramos. \u00bfC\u00f3mo lo ves t\u00fa?. Gracias.<\/p>\n<p>R.- Hombre, ayer tuvimos emoci\u00f3n, \u00bfno? Yo pas\u00e9 mucho miedo y me llev\u00e9 un alegr\u00f3 al final. Y ante Irlanda disfrutamos. Ya habr\u00e1 tiempo para ver esos partidos de Liga, pero es que en ellos el Madrid y el Bar\u00e7a se enfrentan a riveles comparativamente m\u00e1s d\u00e9biles, ante los que pueden lucir. <\/p>\n<p>P.- Leo con inter\u00e9s sus opiniones, especialmente sobre Espa\u00f1a, ya que no se deja influir por la preferencia por ning\u00fan equipo. Por eso me gustar\u00eda que dijera abiertamente (o al menos en una de sus columnas), lo mismo que en las charlas, que sobra Xabi Alonso, quien, para m\u00ed, se salva de la cr\u00edtica p\u00fablica por jugar en el Madrid, pues es tan bueno como chirr\u00eda en la actual Espa\u00f1a, adem\u00e1s de que Xavi Hern\u00e1ndez tiene que jugar de 10 (bajando mucho), hay un mediapunta o atacante menos&#8230;<\/p>\n<p>R.- Lo he dicho con frecuencia, ayer mismo lo coment\u00e9 en la SER. Yo preferir\u00eda el equipo con Bsuquets solo ah\u00ed, Xavi un poco m\u00e1s atr\u00e1s (jugar mejor) y Cesc, Pedro o Mata, que son incisivos y con capacidad de gol. Pero Del Bsoque te dir\u00eda que bueno, pero que ganaron el Mundial de la otra forma. Luis fue m\u00e1s atrevido. Jug\u00f3 con Senna en solitario. Y tambi\u00e9n gan\u00f3. <\/p>\n<p>P.- Caro Sr. Rela\u00f1o&#8230;no te parece una verguenza que los finalistas del Euro ya han sido escojidos por Platini y Villar? ayer un tal de Sr. Carballo ha salvado Alemania de la ilimination y hoy por coincidencia un arbitro Aleman ha salvado a Espa\u00f1a&#8230;no te parece el seguimeiento del Villarato, ahora en el Euro. Te pido que seas coerente con tus analisis al Villarato&#8230;<\/p>\n<p>R.- Claro que s\u00ed. Todos lo0s errores hasta ahora han sido a favor de obra. Continumanete lo digo: ah\u00ed, tan arriba, llegan los \u00e1rbitros que saben c\u00f3mo equivocarse. Tanto como decidir los finalistas no es. Los \u00e1rbitros no deciden los partidos, pero viene mejor que te echen una mano en el momento dif\u00edcil. Son como el dinero: no da la felicidad, la felicidad est\u00e1 en otras cosas, pero ayuda a alcanzarla. <\/p>\n<p>P.- Buenos d\u00edas, un gusto leer estas entrevistas y una suerte 2 d\u00edas seguidos. Mi pregunta es \u00bfEl estilo de la selecci\u00f3n es irrenunciable? \u00bfEspa\u00f1a estar\u00eda perdida si hay que buscar alternativas al tiqui-taca? A esta alturas un cambio radical en el estilo ser\u00eda poco aconsejable pero quiz\u00e1 de cara al mundial de Brasil&#8230;<\/p>\n<p>R.- Eso habr\u00e1 que plantearlo, si acaso, cuando se apague Xavi. Hasta entonces primar\u00e1 este modelo, para el que van saliendo nuevos buenos jugadores. <\/p>\n<p>P.- Hola Alfredo.\u00bfCrees que Del Bosque no estuvo acertado con los cambios que hizo,metiendo a Jesus Navas por Torres?<\/p>\n<p>R.- Sali\u00f3 bien todo al final, hasta marc\u00f3 el gol Navas, pero vi a Espa\u00f1a desmadejada por primera vez en mucho tiempo. <\/p>\n<p>P.- Hola Alfredo. \u00bfNo crees que a los medios os falta algo de autocr\u00edtica hacia esta selecci\u00f3n? El hecho de que se critique m\u00e1s no quiere decir que se apoye menos. Alonso y Busquets se estorban en el doble pivote, Xavi no est\u00e1 bien, Torres ni est\u00e1 ni se le espera (a pesar de los goles vs Irlanda), Arbeloa no aporta a la selecci\u00f3n lo que s\u00ed podr\u00eda aportar Juanfr\u00e1n. Los \u00fanicos que se salvan son Casillas, Iniesta, Silva (siempre sacrificado en los cambios, no entiendo el porqu\u00e9), y los minutos que tienen Cesc y Navas (para m\u00ed deber\u00eda ser titular). \u00bfQu\u00e9 opini\u00f3n tienes de todo esto? \u00bfCrees que Del Bosque deber\u00eda reaccionar ya? Un saludo.<\/p>\n<p>R.- Me parece que eso que dices lo est\u00e1n contando los medios, \u00bfno? \u00a1Negredo se quejaba de un linchamiento a Del Bosque!<\/p>\n<p>P.- En esta \u00e9poca dorada de la selecci\u00f3n, posiblemente el mejor jugador, el que m\u00e1s peso ha tenido en las victorias, haya sido INIESTA; pero EL M\u00c1S DECISIVO HA SIDO CASILLAS. Los momentos en que m\u00e1s cerca hemos estado de la cat\u00e1strofe, y en los que m\u00e1s complicado era evitarla, salvo intervenci\u00f3n milagrosa (penalties contra Italia, penalty contra Paraguay, mano a mano con Robben&#8230;) los ha protagonizado Casillas. Gracias.<\/p>\n<p>R.- Lo dijo ayer Bilic: son paradas de t\u00edtulo. Ya lo sabemos: tenemos al mejor portero del mundo. Una suerte m\u00e1s. Y es uno de los mejores tipos que he conocido en mi vida. <\/p>\n","protected":false},"excerpt":{"rendered":"<p>Una vez Espa\u00f1a ha pasado a cuartos de final como primera de grupo, Alfredo Rela\u00f1o ha analizado con los internautas el juego de Espa\u00f1a y sus posibilidades de reeditar el triunfo de 2008, as\u00ed como el papel que est\u00e1n desempe\u00f1ando el resto de combinados nacionales.<\/p>\n","protected":false},"author":1,"featured_media":0,"comment_status":"open","ping_status":"open","sticky":false,"template":"","format":"standard","meta":{"footnotes":""},"categories":[],"tags":[],"class_list":["post-10491","post","type-post","status-publish","format-standard","hentry"],"_links":{"self":[{"href":"https:\/\/intervius.com\/index.html\/wp-json\/wp\/v2\/posts\/10491","targetHints":{"allow":["GET"]}}],"collection":[{"href":"https:\/\/intervius.com\/index.html\/wp-json\/wp\/v2\/posts"}],"about":[{"href":"https:\/\/intervius.com\/index.html\/wp-json\/wp\/v2\/types\/post"}],"author":[{"embeddable":true,"href":"https:\/\/intervius.com\/index.html\/wp-json\/wp\/v2\/users\/1"}],"replies":[{"embeddable":true,"href":"https:\/\/intervius.com\/index.html\/wp-json\/wp\/v2\/comments?post=10491"}],"version-history":[{"count":0,"href":"https:\/\/intervius.com\/index.html\/wp-json\/wp\/v2\/posts\/10491\/revisions"}],"wp:attachment":[{"href":"https:\/\/intervius.com\/index.html\/wp-json\/wp\/v2\/media?parent=10491"}],"wp:term":[{"taxonomy":"category","embeddable":true,"href":"https:\/\/intervius.com\/index.html\/wp-json\/wp\/v2\/categories?post=10491"},{"taxonomy":"post_tag","embeddable":true,"href":"https:\/\/intervius.com\/index.html\/wp-json\/wp\/v2\/tags?post=10491"}],"curies":[{"name":"wp","href":"https:\/\/api.w.org\/{rel}","templated":true}]}}