{"id":10483,"date":"2010-05-24T00:00:00","date_gmt":"2006-11-06T00:00:00","guid":{"rendered":"https:\/\/intervius.com\/index.html\/?p=10483"},"modified":"2006-11-06T00:00:00","modified_gmt":"2006-11-06T00:00:00","slug":"Soraya_Rodriguez10483","status":"publish","type":"post","link":"https:\/\/intervius.com\/index.html\/Soraya_Rodriguez10483\/","title":{"rendered":"Soraya Rodr\u00edguez"},"content":{"rendered":"<p>Pregunta.- \u00bfPor qu\u00e9 no se act\u00faa contra la evasi\u00f3n de impuestos y\/o los para\u00edsos fiscales? De ese modo podr\u00edamos mantener el Estado de bienestar e incrementar la ayuda a los pa\u00edses necesitados.<\/p>\n<p>Respuesta.- Desde la presidencia de turno de la UE hemos colocado como una prioridad en la pol\u00edtica de desarrollo, la lucha contra la evasi\u00f3n fiscal. Hemos trabajado conjuntamente con el gobierno noruego y el parlamento europeo, para poner de manifiesto que todos los estudios que tenemos nos indican que por cada d\u00f3lar que entra de Ayuda oficial en algunos pa\u00edses en desarrollo salen entre 5 y 8 por evasi\u00f3n ilegal de capitales. Dinero que abandona las arcas p\u00fablicas necesario para hacer pol\u00edticas p\u00fablicas y erradicar la pobreza. sin embargo las actuaciones necesarias tienen que adoptarse a nivel global para que sean eficaces. No obstante hemos conseguido que la Comisi\u00f3n haya aprobado una comunicaci\u00f3n sobre evasi\u00f3n fiscal y desarrollo, algo que no exist\u00eda y por lo tanto hemos colocado este tema en todos los debates de desarrollo del consejo de la UE.<\/p>\n<p>P.- Trabajo en la GTZ (cooperaci\u00f3n alemana) y me llama la atenci\u00f3n la cantidad de diplom\u00e1ticos que tienen responsabilidades en la AECID. \u00bfPor qu\u00e9 la cooperaci\u00f3n espa\u00f1ola no est\u00e1 compuesta exclusivamente por t\u00e9cnicos? <\/p>\n<p>R.- No solamente trabajan diplom\u00e1ticos, de m\u00e1s de 1.200 personas que trabajan en la AECID, tanto en sede como en el exterior, casi la mitad son laborales, y del resto hay funcionarios que no son diplom\u00e1ticos, y vienen de otros cuerpos.<\/p>\n<p>P.- \u00bfCu\u00e1ntos cargos directivos se mantienen en AECID desde su llegada a la Secretar\u00eda de Estado? \u00bfNo deber\u00eda ser la cooperaci\u00f3n al desarrollo una materia ajena al partidismo, en la que el compromiso real fuera el motor?<\/p>\n<p>R.- La lucha contra la pobreza, es el motor y el fin del trabajo que realizamos en la pol\u00edtica de cooperaci\u00f3n. Intentamos que sea una pol\u00edtica de estado, trabajando por el consenso con el resto de partidos pol\u00edticos. En relaci\u00f3n a cambios en cargos directivos, se producen con normalidad, los que se han realizado durante mi responsabilidad como secretaria de estado, se han realizado buscando profesionales, con perfiles adecuados, y sin adscripci\u00f3n pol\u00edtica ninguna, s\u00f3lo buscando buenos profesionales, avalados por su curriculum y experiencia.<\/p>\n<p>P.- En las \u00faltimas semanas AECID es famosa porque han desalojado de su sede a casi un centenar de trabajadores bajo el pretexto de &#8220;ahorrar en alquiler&#8221;. Eliminando a esta gente de la Agencia, se resiente la &#8220;calidad de la ayuda&#8221;. \u00bfHan pensado alg\u00fan mecanismo para compensar la cualificaci\u00f3n del personal?<\/p>\n<p>R.- Es absolutamente falso que para ahorrar en alquiler se haya desalojado de la agencia a un centenar de trabajadores. Lo que se ha producido ha sido una instrucci\u00f3n de orden interno para adecuar la prestaci\u00f3n de servicios, de personal externo a la AECID, con contrato administrativo, al cumplimiento de la ley de contratos del estado, que regula su contrato. El trabajo en la agencia, no se ha visto resentido, porque todas las asistencias t\u00e9cnicas siguen trabajando. La Aecid, cuenta con una importante plantilla de trabajadores, estamos mejorando la formaci\u00f3n interna de nuestro personal, mejoraremos en el futuro la forma de contratar personal experto y especializado que necesita la cooperaci\u00f3n, a trav\u00e9s de convenios con Universidades donde existen importantes estudios de desarrollo y con fundaciones y entidades de prestigio internacional y nacional para poder contar con la colaboraci\u00f3n de sus profesionales.<\/p>\n<p>P.- \u00bfEs cierto que va a dejar la Secretar\u00eda de Estado tras la presidencia de Espa\u00f1a en la UE?<\/p>\n<p>R.- Nunca se sabe hasta cuando se va a estar ocupando un cargo p\u00fablico de confianza, yo no dedico ni un solo minuto a pensarlo, solo pienso en hacer bien y con responsabilidad mi trabajo<\/p>\n<p>P.- Ya que se va a recortar el presupuesto de ayuda al desarrollo, \u00bfqu\u00e9 medidas concretas se van a tomar para asegurar que sea m\u00e1s eficaz y de m\u00e1s calidad?<\/p>\n<p>R.- Estamos trabajando en mejorar nuestra estructura de gesti\u00f3n, sobre todo la AECID, estamos a punto de concluir nuestra programaci\u00f3n operativa, para que la programaci\u00f3n de nuestros proyectos sea m\u00e1s estrat\u00e9gicos, tambi\u00e9n estamos realizando un esfuerzo muy importante en reducir los sectores en los que trabajamos en los distintos pa\u00edses, para ganar en eficacia. En este sentido queremos que los pa\u00edses de la UE, trabajemos de forma m\u00e1s coordinada, cooperemos y no dupliquemos actuaciones o proyectos, para que se haga una idea, la Comisi\u00f3n Europea ha realizado un estudio y nos ha dicho que si mejor\u00e1ramos la coordinaci\u00f3n y pusi\u00e9ramos en marcha la cooperaci\u00f3n delegada, entre estados o entre la comisi\u00f3n y estados miembros, podr\u00edamos ahorrar al a\u00f1o entre 3.000 y 6.000 millones de euros. Tambi\u00e9n estamos mejorando la formaci\u00f3n de los trabajadores de la agencia, tanto sede y terreno y mejorando el sistema de asistencias y colaboraci\u00f3n de personal especializado y experto para determinados proyectos. Entre otras cosas<\/p>\n<p>P.- Desde que asumi\u00f3 el cargo, su departamento ha tenido una preocupaci\u00f3n obsesiva con metas cuantitativas de ayuda (alcanzar y mantener el 0,5% del PIB), pero no han avanzado en lo referido a la calidad. \u00bfQu\u00e9 van a hacer ahora que ha habido recortes? <\/p>\n<p>R.- Si por algo he estado obsesionada desde que asum\u00ed mi responsabilidad en la secretaria, ha sido por la calidad de las actuaciones y acciones que hacemos, en la pol\u00edtica de desarrollo. Sobre todo por el resultado de nuestras acciones, midiendo el resultado, por el impacto que nuestras pol\u00edticas y proyectos tienen en la poblaci\u00f3n con la que trabajamos en los pa\u00edses socios. Y por como hay apropiaci\u00f3n por los estados de los proyectos de cooperaci\u00f3n. Pienso que el \u00e9xito de nuestra pol\u00edtica, no est\u00e1 en lo que hacemos mientras estamos trabajando en un pa\u00eds, sino lo que queda como pol\u00edticas p\u00fablicas cuando nos hayamos ido. En este sentido hemos avanzado de forma clara en la selectividad y concentraci\u00f3n de nuestros proyectos, en los pa\u00edses socios, incorporando a muchos actores, a los mismos. Nos hemos comprometido con pa\u00edses de la UE y con la comisi\u00f3n a realizar cooperaci\u00f3n delegada, para no duplicar actuaciones y ganar en eficacia. En la AECID, estamos trabajando por mejorar nuestra planificaci\u00f3n a trav\u00e9s de la planificaci\u00f3n operativa, mejorando nuestras capacidades humanas, a trav\u00e9s de incrementar el n\u00famero de vacantes en nuestra RPT, y mejorando la prestaci\u00f3n de servicios por personal y especializado. Siempre he pensado, que la cantidad es importante pero lo que m\u00e1s me ha preocupado es para que, y abrir l\u00edneas de trabajo que creo pueden ser muy valiosas en estos momentos de crisis y de falta de liquidez, como la cooperaci\u00f3n reembolsable.<\/p>\n<p>P.- La cooperacion al desarrollo lleva m\u00e1s de 50 a\u00f1os aportando recursos a pa\u00edses de \u00c1frica. Creo que no hemos conseguido aumentar el bienestar general ni incentivar la democratizacion real. \u00bfNo cree que deberiamos hacer una reflexi\u00f3n sobre este aspecto? \u00bfNo cree que con los est\u00e1ndares actuales de cooperaci\u00f3n no estamos siendo todo lo eficaces que nos hemos propuesto? Saludos desde Mlg. Julio C\u00e9sar Rey<\/p>\n<p>R.- La cooperaci\u00f3n espa\u00f1ola no lleva tantos a\u00f1os en \u00c1frica, haciendo cooperaci\u00f3n al desarrollo muchos menos. Pero tiene raz\u00f3n en lo que dice porque la cooperaci\u00f3n internacional si lleva muchos a\u00f1os. La reflexi\u00f3n que propone es oportuna y necesaria. La falta de desarrollo, la pobreza extrema en la que viven millones de pobreza no es un problema de falta de recursos, sino de falta de derechos. Por lo tanto trabajar por la democracia, por el reconocimiento de derechos, tanto pol\u00edticos como sociales, y por sistemas p\u00fablicos que los protejan y garanticen, debe ser una parte fundamental de la reflexi\u00f3n que propones.<\/p>\n<p>P.- \u00bfHasta cu\u00e1ndo seguir\u00e1 Espa\u00f1a enviado ayuda a Hait\u00ed? Por favor, no nos olvidemos de ellos.<\/p>\n<p>R.- Los compromisos con Hait\u00ed, los que hemos asumido para la reconstrucci\u00f3n, no se van a disminuir por el recorte. Estamos trabajando ahora todav\u00eda con proyectos de emergencia y vamos a seguir trabajando mucho tiempo. No nos vamos a olvidar. Muchas gracias<\/p>\n<p>P.- \u00bfC\u00f3mo puede el Gobierno decir que mantiene su compromiso con la lucha contra la pobreza reduciendo la ayuda oficial al desarrollo en 800 millones de euros? \u00bfC\u00f3mo ha medido el Gobierno el impacto que este recorte va a tener en las personas que viven en la pobreza?<\/p>\n<p>R.- El gobierno socialista, ha apostado con convicci\u00f3n y compromiso pol\u00edtico por fortalecer la pol\u00edtica de cooperaci\u00f3n como una verdadera pol\u00edtica de estado, este compromiso lo ha acompa\u00f1ado, con el incremento de la ayuda, multiplicando por tres la ayuda en seis a\u00f1os de gobierno. Este compromiso se mantiene intacto y solo en el contexto de un paquete de medidas de ajuste para reducir el deficit, se produce el recorte de la AOD. Ning\u00fan proyecto bilateral que mantenemos con pa\u00edses prioritarios de la cooperaci\u00f3n espa\u00f1ola se va a ver afectado. Ni los proyectos de ayuda humanitaria ni emergencia. Haremos una disminuci\u00f3n proporcional y basada en prioridades a organismos internacionales de desarrollo a los que Espa\u00f1a hace, aportaciones voluntarias. y seguiremos defiendo y apostando por la pol\u00edtica de cooperaci\u00f3n, como una pol\u00edtica estrat\u00e9gica, en nuestra acci\u00f3n exterior.<\/p>\n","protected":false},"excerpt":{"rendered":"<p>Dentro de la serie de Sostenibilidad del Estado de Bienestar, Soraya Rodr\u00edguez, secretaria de Estado de Cooperaci\u00f3n, ha respondido a las preguntas de los lectores.<br \/>\nFoto: Alfredo Jim\u00e9nez<\/p>\n","protected":false},"author":1,"featured_media":0,"comment_status":"open","ping_status":"open","sticky":false,"template":"","format":"standard","meta":{"footnotes":""},"categories":[],"tags":[],"class_list":["post-10483","post","type-post","status-publish","format-standard","hentry"],"_links":{"self":[{"href":"https:\/\/intervius.com\/index.html\/wp-json\/wp\/v2\/posts\/10483","targetHints":{"allow":["GET"]}}],"collection":[{"href":"https:\/\/intervius.com\/index.html\/wp-json\/wp\/v2\/posts"}],"about":[{"href":"https:\/\/intervius.com\/index.html\/wp-json\/wp\/v2\/types\/post"}],"author":[{"embeddable":true,"href":"https:\/\/intervius.com\/index.html\/wp-json\/wp\/v2\/users\/1"}],"replies":[{"embeddable":true,"href":"https:\/\/intervius.com\/index.html\/wp-json\/wp\/v2\/comments?post=10483"}],"version-history":[{"count":0,"href":"https:\/\/intervius.com\/index.html\/wp-json\/wp\/v2\/posts\/10483\/revisions"}],"wp:attachment":[{"href":"https:\/\/intervius.com\/index.html\/wp-json\/wp\/v2\/media?parent=10483"}],"wp:term":[{"taxonomy":"category","embeddable":true,"href":"https:\/\/intervius.com\/index.html\/wp-json\/wp\/v2\/categories?post=10483"},{"taxonomy":"post_tag","embeddable":true,"href":"https:\/\/intervius.com\/index.html\/wp-json\/wp\/v2\/tags?post=10483"}],"curies":[{"name":"wp","href":"https:\/\/api.w.org\/{rel}","templated":true}]}}